{"id":51906,"date":"2018-06-02T15:00:19","date_gmt":"2018-06-02T18:00:19","guid":{"rendered":"https:\/\/www.blogsoestado.com\/danielmatos\/?p=51906"},"modified":"2018-06-02T15:00:19","modified_gmt":"2018-06-02T18:00:19","slug":"camara-amplia-comunicacao-com-populacao-de-sao-luis","status":"publish","type":"post","link":"https:\/\/www.blogsoestado.com\/danielmatos\/camara-amplia-comunicacao-com-populacao-de-sao-luis\/","title":{"rendered":"C\u00e2mara amplia comunica\u00e7\u00e3o com a popula\u00e7\u00e3o de S\u00e3o Lu\u00eds"},"content":{"rendered":"<h2><span style=\"color: #ff0000;\">Iniciativas t\u00eam efeito positivo e refletem na produ\u00e7\u00e3o legislativa<\/span><\/h2>\n<figure id=\"attachment_51907\" aria-describedby=\"caption-attachment-51907\" style=\"width: 448px\" class=\"wp-caption alignleft\"><img fetchpriority=\"high\" decoding=\"async\" class=\"size-full wp-image-51907\" src=\"https:\/\/www.blogsoestado.com\/danielmatos\/files\/2018\/06\/astro-satisfeito.jpg\" alt=\"\" width=\"448\" height=\"297\" \/><figcaption id=\"caption-attachment-51907\" class=\"wp-caption-text\">Astro de Ogum satisfeito com as a\u00e7\u00f5es implementadas por sua gest\u00e3o na C\u00e2mara Municipal<\/figcaption><\/figure>\n<p>O presidente da C\u00e2mara Municipal de S\u00e3o Lu\u00eds, vereador Astro de Ogum (PR), se emocionou diante de seus colegas de bancada ao fazer uma esp\u00e9cie de balan\u00e7o dos \u00faltimos meses, quando lan\u00e7ou uma s\u00e9rie de novidades que visam aproximar o cidad\u00e3o do dia a dia do trabalho legislativo, possibilitando mais transpar\u00eancia, informa\u00e7\u00e3o e maior participa\u00e7\u00e3o da sociedade nos debates da cidade.<\/p>\n<p>Uma dessas novidades foi o lan\u00e7amento do &#8220;Boletim C\u00e2mara News&#8221;, programa com inser\u00e7\u00f5es de 60 segundos que, de forma resumida e did\u00e1tica, apresenta as principais not\u00edcias sobre o legislativo municipal, nos intervalos comerciais da programa\u00e7\u00e3o das r\u00e1dios Jovem Pan, Mais FM, 92.3 FM e Mirante FM, com previs\u00e3o de alcan\u00e7ar cerca de 6 milh\u00f5es de ouvintes no estado.<\/p>\n<p>A iniciativa agradou os vereadores e rendeu elogios ao chefe do legislativo. Emocionado, Astro de Ogum agradeceu o apoio dos colegas no esfor\u00e7o em melhorar a gest\u00e3o da Casa. &#8220;A C\u00e2mara vem cumprindo seu papel n\u00e3o apenas na agenda de projetos importantes para a capital maranhense, mas principalmente no foco de investimentos em canais para o cidad\u00e3o manifestar sua opini\u00e3o e participar do processo legislativo. A nossa gest\u00e3o tem tido esse cuidado de gerar resultados e se aproximar cada vez mais da sociedade ludovicense&#8221;, observou.<\/p>\n<p><strong>TRANSPAR\u00caNCIA &#8211;<\/strong> Os boletins exibidos durante o dia trar\u00e3o not\u00edcias que v\u00e3o colocar a popula\u00e7\u00e3o ludovicense ciente das a\u00e7\u00f5es dos parlamentares, al\u00e9m de curiosidades sobre as a\u00e7\u00f5es que s\u00e3o de responsabilidade do parlamentar, com uma linguagem sucinta e objetiva. A veicula\u00e7\u00e3o, com 10 inser\u00e7\u00f5es de 60 segundos cada, s\u00f3 foi poss\u00edvel gra\u00e7as \u00e0 amplia\u00e7\u00e3o de uma parceria j\u00e1 estabelecida entre C\u00e2mara e a Jovem Pan, 92.3 FM, Mirante FM e Mais FM.<\/p>\n<p>O objetivo principal da parceria \u00e9 incrementar a divulga\u00e7\u00e3o das atividades desenvolvidas pelos vereadores, ampliando a transpar\u00eancia do Legislativo e o aproximando mais dos cidad\u00e3os ludovicenses. A coopera\u00e7\u00e3o complementa o trabalho de divulga\u00e7\u00e3o do Parlamento que j\u00e1 \u00e9 feito pela R\u00e1dio Educadora AM 560 KHz.<\/p>\n<p><strong>MARCA DA GEST\u00c3O &#8211;<\/strong> Com a chegada de Astro de Ogum ao comando da presid\u00eancia da C\u00e2mara, o trabalho dos vereadores come\u00e7ou a chegar em cada resid\u00eancia do eleitorado ludovicense e maranhense tamb\u00e9m.<\/p>\n<p>O programa C\u00e2mara em Destaque veiculado de segunda \u00e0 sexta-feira das 10h \u00e0s 13h na R\u00e1dio Educadora AM 560 KHz, com apresenta\u00e7\u00e3o dos radialistas M\u00e1rio Carvalho, Adriana Nogueira e Ademar Monteiro, deu oportunidade para os 31 parlamentares mostrar seus trabalhos e suas lutas em prol da popula\u00e7\u00e3o sem sair de casa.<\/p>\n<p>De acordo com Astro de Ogum, todas essas a\u00e7\u00f5es na \u00e1rea de comunica\u00e7\u00e3o est\u00e3o fazendo amplificar aquela que \u00e9 a marca de sua gest\u00e3o desde o in\u00edcio: refor\u00e7o ao di\u00e1logo aberto, sincero e, permitindo \u00e0 popula\u00e7\u00e3o participar cada vez mais das discuss\u00f5es da Casa.<\/p>\n<p>&#8220;Essas a\u00e7\u00f5es idealizadas em nossa gest\u00e3o est\u00e3o sendo aprovadas por todos os parlamentares, que hoje podem falar de seus projetos para o mundo atrav\u00e9s do r\u00e1dio, sem contar que o eleitor acompanha todos os debates ao vivo atrav\u00e9s de seu r\u00e1dio. Essa tem sido a nossa marca: di\u00e1logo aberto e sincero em prol da popula\u00e7\u00e3o&#8221;, declarou.<\/p>\n<p><strong>MAIS NOVIDADES &#8211;<\/strong> Al\u00e9m das transmiss\u00f5es, ao vivo, das sess\u00f5es da Casa por meio da Educadora e dos boletins informativos veiculados em outras quatro emissoras de r\u00e1dio, o chefe do legislativo ludovicense garantiu que mais novidades ser\u00e3o apresentadas at\u00e9 o m\u00eas de dezembro, quando encerra sua gest\u00e3o.<\/p>\n<p>\u201cPor enquanto s\u00f3 posso dizer que ser\u00e1 mais uma novidade onde o cidad\u00e3o comum poder\u00e1 acompanhar os trabalhos dos vereadores de qualquer local onde possa acessar a internet, agilizando a propaga\u00e7\u00e3o de medidas legislativas e dando conhecimento p\u00fablico \u00e0s atua\u00e7\u00f5es de cada um dos 31 parlamentares com assento na Casa\u201d, revelou.<\/p>\n<p><strong>INTERA\u00c7\u00c3O COM A SOCIEDADE &#8211;<\/strong> Outra novidade \u00e9 a plataforma digital Opine Cidad\u00e3o, por meio do \u201cSugira Temas\u201d no novo site institucional (camara.slz.br), que permitir\u00e1 a qualquer pessoa se manifestar em rela\u00e7\u00e3o aos processos em tramita\u00e7\u00e3o na Casa. O novo sistema busca ampliar a participa\u00e7\u00e3o popular no debate das mat\u00e9rias apreciadas pelo parlamento.<\/p>\n<p>Segundo a diretora de comunica\u00e7\u00e3o, Itamargareth Lima, a plataforma digital \u00e9 mais uma a\u00e7\u00e3o em prol da transpar\u00eancia e intera\u00e7\u00e3o popular nos assuntos discutidos pelos parlamentares e auxiliar o debate de projetos em tramita\u00e7\u00e3o na casa.<\/p>\n<p>&#8220;A atual Mesa Diretora tem procurado ampliar as a\u00e7\u00f5es de transpar\u00eancia. Hav\u00edamos proposto a cria\u00e7\u00e3o de uma plataforma que permitisse \u00e0s pessoas participarem do debate parlamentar. O Opine Cidad\u00e3o, por meio do \u201cSugira Temas\u201d no novo site institucional, vai cumprir essa fun\u00e7\u00e3o, oferecendo a oportunidade para que cada pessoa possa manifestar sua posi\u00e7\u00e3o em rela\u00e7\u00e3o a algum projeto, dizendo se concorda ou n\u00e3o e compartilhando sua opini\u00e3o em suas redes sociais &#8220;, disse Itamargareth.<\/p>\n<p><strong>C\u00c2MARA EM MOVIMENTO &#8211;<\/strong> Outra importante iniciativa que vai aproximar a C\u00e2mara do cidad\u00e3o \u00e9 o programa C\u00e2mara em Movimento, iniciativa que a Casa pretende colocar em pratica com a aquisi\u00e7\u00e3o de um \u00f4nibus que ser\u00e1 denominado de &#8220;Expresso da Cidadania&#8221;. O projeto compreende a realiza\u00e7\u00e3o de sess\u00f5es legislativas itinerantes e tem\u00e1ticas nas diversas regi\u00f5es administrativas de S\u00e3o Lu\u00eds, com o objetivo de ampliar o alcance e a efetividade dos mandatos parlamentares e criar oportunidades para aproxima\u00e7\u00e3o entre a C\u00e2mara e a realidade vivida pela popula\u00e7\u00e3o.<\/p>\n<p>Ap\u00f3s cada edi\u00e7\u00e3o do programa, uma equipe t\u00e9cnica acompanha os pleitos, durante aproximadamente seis meses, para verificar os desdobramentos das prioridades destacadas pela comunidade. A meta m\u00ednima a ser alcan\u00e7ada, segundo as estimativas, \u00e9 de 60% das solicita\u00e7\u00f5es.<\/p>\n<p><strong>REFLEXO NA PRODU\u00c7\u00c3O &#8211;<\/strong> Todas essas iniciativas de participa\u00e7\u00e3o popular j\u00e1 reverberam no aumento da produ\u00e7\u00e3o legislativa atingindo, com isso, o seu prop\u00f3sito. Um exemplo disso \u00e9 o projeto de lei, de autoria do vereador Marcial Lima (PRTB), que visa instituir o &#8220;Dia Municipal da L\u00edngua Francesa&#8221;, para lembrar um pouco da cultura francesa em nossa cidade. De acordo com o parlamentar, a iniciativa foi uma sugest\u00e3o do professor Nascimento de Moraes, ouvinte ass\u00edduo do Programa C\u00e2mara em Destaque.<\/p>\n<p>Al\u00e9m de Marcial Lima, vereadores C\u00e9zar Bombeiro, Honorato Fernandes, Josu\u00e9 Pinheiro, Ricardo Diniz, Pedro Lucas e S\u00e1 Marques j\u00e1 apresentaram proposi\u00e7\u00f5es na Casa para atender sugest\u00e3o e pedidos de moradores alcan\u00e7ados por um dos canais de participa\u00e7\u00e3o popular.<\/p>\n","protected":false},"excerpt":{"rendered":"<p>Iniciativas t\u00eam efeito positivo e refletem na produ\u00e7\u00e3o legislativa O presidente da C\u00e2mara Municipal de S\u00e3o Lu\u00eds, vereador Astro de [&hellip;]<\/p>\n","protected":false},"author":0,"featured_media":0,"comment_status":"open","ping_status":"open","sticky":false,"template":"","format":"standard","meta":{"site-sidebar-layout":"default","site-content-layout":"","ast-site-content-layout":"default","site-content-style":"default","site-sidebar-style":"default","ast-global-header-display":"","ast-banner-title-visibility":"","ast-main-header-display":"","ast-hfb-above-header-display":"","ast-hfb-below-header-display":"","ast-hfb-mobile-header-display":"","site-post-title":"","ast-breadcrumbs-content":"","ast-featured-img":"","footer-sml-layout":"","ast-disable-related-posts":"","theme-transparent-header-meta":"","adv-header-id-meta":"","stick-header-meta":"","header-above-stick-meta":"","header-main-stick-meta":"","header-below-stick-meta":"","astra-migrate-meta-layouts":"default","ast-page-background-enabled":"default","ast-page-background-meta":{"desktop":{"background-color":"var(--ast-global-color-5)","background-image":"","background-repeat":"repeat","background-position":"center center","background-size":"auto","background-attachment":"scroll","background-type":"","background-media":"","overlay-type":"","overlay-color":"","overlay-opacity":"","overlay-gradient":""},"tablet":{"background-color":"","background-image":"","background-repeat":"repeat","background-position":"center center","background-size":"auto","background-attachment":"scroll","background-type":"","background-media":"","overlay-type":"","overlay-color":"","overlay-opacity":"","overlay-gradient":""},"mobile":{"background-color":"","background-image":"","background-repeat":"repeat","background-position":"center center","background-size":"auto","background-attachment":"scroll","background-type":"","background-media":"","overlay-type":"","overlay-color":"","overlay-opacity":"","overlay-gradient":""}},"ast-content-background-meta":{"desktop":{"background-color":"var(--ast-global-color-4)","background-image":"","background-repeat":"repeat","background-position":"center center","background-size":"auto","background-attachment":"scroll","background-type":"","background-media":"","overlay-type":"","overlay-color":"","overlay-opacity":"","overlay-gradient":""},"tablet":{"background-color":"var(--ast-global-color-4)","background-image":"","background-repeat":"repeat","background-position":"center center","background-size":"auto","background-attachment":"scroll","background-type":"","background-media":"","overlay-type":"","overlay-color":"","overlay-opacity":"","overlay-gradient":""},"mobile":{"background-color":"var(--ast-global-color-4)","background-image":"","background-repeat":"repeat","background-position":"center center","background-size":"auto","background-attachment":"scroll","background-type":"","background-media":"","overlay-type":"","overlay-color":"","overlay-opacity":"","overlay-gradient":""}},"footnotes":""},"categories":[1],"tags":[],"class_list":["post-51906","post","type-post","status-publish","format-standard","hentry","category-sem-categoria"],"yoast_head":"<!-- This site is optimized with the Yoast SEO plugin v26.6 - https:\/\/yoast.com\/wordpress\/plugins\/seo\/ -->\n<title>C\u00e2mara amplia comunica\u00e7\u00e3o com a popula\u00e7\u00e3o de S\u00e3o Lu\u00eds - Daniel Matos<\/title>\n<meta name=\"robots\" content=\"index, follow, max-snippet:-1, max-image-preview:large, max-video-preview:-1\" \/>\n<link rel=\"canonical\" href=\"https:\/\/www.blogsoestado.com\/danielmatos\/camara-amplia-comunicacao-com-populacao-de-sao-luis\/\" \/>\n<meta property=\"og:locale\" content=\"pt_BR\" \/>\n<meta property=\"og:type\" content=\"article\" \/>\n<meta property=\"og:title\" content=\"C\u00e2mara amplia comunica\u00e7\u00e3o com a popula\u00e7\u00e3o de S\u00e3o Lu\u00eds - Daniel Matos\" \/>\n<meta property=\"og:description\" content=\"Iniciativas t\u00eam efeito positivo e refletem na produ\u00e7\u00e3o legislativa O presidente da C\u00e2mara Municipal de S\u00e3o Lu\u00eds, vereador Astro de [&hellip;]\" \/>\n<meta property=\"og:url\" content=\"https:\/\/www.blogsoestado.com\/danielmatos\/camara-amplia-comunicacao-com-populacao-de-sao-luis\/\" \/>\n<meta property=\"og:site_name\" content=\"Daniel Matos\" \/>\n<meta property=\"article:published_time\" content=\"2018-06-02T18:00:19+00:00\" \/>\n<meta property=\"og:image\" content=\"https:\/\/www.blogsoestado.com\/danielmatos\/files\/2018\/06\/astro-satisfeito.jpg\" \/>\n<meta name=\"twitter:card\" content=\"summary_large_image\" \/>\n<meta name=\"twitter:label1\" content=\"Est. tempo de leitura\" \/>\n\t<meta name=\"twitter:data1\" content=\"6 minutos\" \/>\n<script type=\"application\/ld+json\" class=\"yoast-schema-graph\">{\"@context\":\"https:\/\/schema.org\",\"@graph\":[{\"@type\":\"WebPage\",\"@id\":\"https:\/\/www.blogsoestado.com\/danielmatos\/camara-amplia-comunicacao-com-populacao-de-sao-luis\/\",\"url\":\"https:\/\/www.blogsoestado.com\/danielmatos\/camara-amplia-comunicacao-com-populacao-de-sao-luis\/\",\"name\":\"C\u00e2mara amplia comunica\u00e7\u00e3o com a popula\u00e7\u00e3o de S\u00e3o Lu\u00eds - Daniel Matos\",\"isPartOf\":{\"@id\":\"https:\/\/www.blogsoestado.com\/danielmatos\/#website\"},\"primaryImageOfPage\":{\"@id\":\"https:\/\/www.blogsoestado.com\/danielmatos\/camara-amplia-comunicacao-com-populacao-de-sao-luis\/#primaryimage\"},\"image\":{\"@id\":\"https:\/\/www.blogsoestado.com\/danielmatos\/camara-amplia-comunicacao-com-populacao-de-sao-luis\/#primaryimage\"},\"thumbnailUrl\":\"https:\/\/www.blogsoestado.com\/danielmatos\/files\/2018\/06\/astro-satisfeito.jpg\",\"datePublished\":\"2018-06-02T18:00:19+00:00\",\"author\":{\"@id\":\"\"},\"breadcrumb\":{\"@id\":\"https:\/\/www.blogsoestado.com\/danielmatos\/camara-amplia-comunicacao-com-populacao-de-sao-luis\/#breadcrumb\"},\"inLanguage\":\"pt-BR\",\"potentialAction\":[{\"@type\":\"ReadAction\",\"target\":[\"https:\/\/www.blogsoestado.com\/danielmatos\/camara-amplia-comunicacao-com-populacao-de-sao-luis\/\"]}]},{\"@type\":\"ImageObject\",\"inLanguage\":\"pt-BR\",\"@id\":\"https:\/\/www.blogsoestado.com\/danielmatos\/camara-amplia-comunicacao-com-populacao-de-sao-luis\/#primaryimage\",\"url\":\"https:\/\/www.blogsoestado.com\/danielmatos\/files\/2018\/06\/astro-satisfeito.jpg\",\"contentUrl\":\"https:\/\/www.blogsoestado.com\/danielmatos\/files\/2018\/06\/astro-satisfeito.jpg\"},{\"@type\":\"BreadcrumbList\",\"@id\":\"https:\/\/www.blogsoestado.com\/danielmatos\/camara-amplia-comunicacao-com-populacao-de-sao-luis\/#breadcrumb\",\"itemListElement\":[{\"@type\":\"ListItem\",\"position\":1,\"name\":\"In\u00edcio\",\"item\":\"https:\/\/www.blogsoestado.com\/danielmatos\/\"},{\"@type\":\"ListItem\",\"position\":2,\"name\":\"C\u00e2mara amplia comunica\u00e7\u00e3o com a popula\u00e7\u00e3o de S\u00e3o Lu\u00eds\"}]},{\"@type\":\"WebSite\",\"@id\":\"https:\/\/www.blogsoestado.com\/danielmatos\/#website\",\"url\":\"https:\/\/www.blogsoestado.com\/danielmatos\/\",\"name\":\"Daniel Matos\",\"description\":\"\",\"potentialAction\":[{\"@type\":\"SearchAction\",\"target\":{\"@type\":\"EntryPoint\",\"urlTemplate\":\"https:\/\/www.blogsoestado.com\/danielmatos\/?s={search_term_string}\"},\"query-input\":{\"@type\":\"PropertyValueSpecification\",\"valueRequired\":true,\"valueName\":\"search_term_string\"}}],\"inLanguage\":\"pt-BR\"}]}<\/script>\n<!-- \/ Yoast SEO plugin. -->","yoast_head_json":{"title":"C\u00e2mara amplia comunica\u00e7\u00e3o com a popula\u00e7\u00e3o de S\u00e3o Lu\u00eds - Daniel Matos","robots":{"index":"index","follow":"follow","max-snippet":"max-snippet:-1","max-image-preview":"max-image-preview:large","max-video-preview":"max-video-preview:-1"},"canonical":"https:\/\/www.blogsoestado.com\/danielmatos\/camara-amplia-comunicacao-com-populacao-de-sao-luis\/","og_locale":"pt_BR","og_type":"article","og_title":"C\u00e2mara amplia comunica\u00e7\u00e3o com a popula\u00e7\u00e3o de S\u00e3o Lu\u00eds - Daniel Matos","og_description":"Iniciativas t\u00eam efeito positivo e refletem na produ\u00e7\u00e3o legislativa O presidente da C\u00e2mara Municipal de S\u00e3o Lu\u00eds, vereador Astro de [&hellip;]","og_url":"https:\/\/www.blogsoestado.com\/danielmatos\/camara-amplia-comunicacao-com-populacao-de-sao-luis\/","og_site_name":"Daniel Matos","article_published_time":"2018-06-02T18:00:19+00:00","og_image":[{"url":"https:\/\/www.blogsoestado.com\/danielmatos\/files\/2018\/06\/astro-satisfeito.jpg","type":"","width":"","height":""}],"twitter_card":"summary_large_image","twitter_misc":{"Est. tempo de leitura":"6 minutos"},"schema":{"@context":"https:\/\/schema.org","@graph":[{"@type":"WebPage","@id":"https:\/\/www.blogsoestado.com\/danielmatos\/camara-amplia-comunicacao-com-populacao-de-sao-luis\/","url":"https:\/\/www.blogsoestado.com\/danielmatos\/camara-amplia-comunicacao-com-populacao-de-sao-luis\/","name":"C\u00e2mara amplia comunica\u00e7\u00e3o com a popula\u00e7\u00e3o de S\u00e3o Lu\u00eds - Daniel Matos","isPartOf":{"@id":"https:\/\/www.blogsoestado.com\/danielmatos\/#website"},"primaryImageOfPage":{"@id":"https:\/\/www.blogsoestado.com\/danielmatos\/camara-amplia-comunicacao-com-populacao-de-sao-luis\/#primaryimage"},"image":{"@id":"https:\/\/www.blogsoestado.com\/danielmatos\/camara-amplia-comunicacao-com-populacao-de-sao-luis\/#primaryimage"},"thumbnailUrl":"https:\/\/www.blogsoestado.com\/danielmatos\/files\/2018\/06\/astro-satisfeito.jpg","datePublished":"2018-06-02T18:00:19+00:00","author":{"@id":""},"breadcrumb":{"@id":"https:\/\/www.blogsoestado.com\/danielmatos\/camara-amplia-comunicacao-com-populacao-de-sao-luis\/#breadcrumb"},"inLanguage":"pt-BR","potentialAction":[{"@type":"ReadAction","target":["https:\/\/www.blogsoestado.com\/danielmatos\/camara-amplia-comunicacao-com-populacao-de-sao-luis\/"]}]},{"@type":"ImageObject","inLanguage":"pt-BR","@id":"https:\/\/www.blogsoestado.com\/danielmatos\/camara-amplia-comunicacao-com-populacao-de-sao-luis\/#primaryimage","url":"https:\/\/www.blogsoestado.com\/danielmatos\/files\/2018\/06\/astro-satisfeito.jpg","contentUrl":"https:\/\/www.blogsoestado.com\/danielmatos\/files\/2018\/06\/astro-satisfeito.jpg"},{"@type":"BreadcrumbList","@id":"https:\/\/www.blogsoestado.com\/danielmatos\/camara-amplia-comunicacao-com-populacao-de-sao-luis\/#breadcrumb","itemListElement":[{"@type":"ListItem","position":1,"name":"In\u00edcio","item":"https:\/\/www.blogsoestado.com\/danielmatos\/"},{"@type":"ListItem","position":2,"name":"C\u00e2mara amplia comunica\u00e7\u00e3o com a popula\u00e7\u00e3o de S\u00e3o Lu\u00eds"}]},{"@type":"WebSite","@id":"https:\/\/www.blogsoestado.com\/danielmatos\/#website","url":"https:\/\/www.blogsoestado.com\/danielmatos\/","name":"Daniel Matos","description":"","potentialAction":[{"@type":"SearchAction","target":{"@type":"EntryPoint","urlTemplate":"https:\/\/www.blogsoestado.com\/danielmatos\/?s={search_term_string}"},"query-input":{"@type":"PropertyValueSpecification","valueRequired":true,"valueName":"search_term_string"}}],"inLanguage":"pt-BR"}]}},"jetpack_featured_media_url":"","_links":{"self":[{"href":"https:\/\/www.blogsoestado.com\/danielmatos\/wp-json\/wp\/v2\/posts\/51906","targetHints":{"allow":["GET"]}}],"collection":[{"href":"https:\/\/www.blogsoestado.com\/danielmatos\/wp-json\/wp\/v2\/posts"}],"about":[{"href":"https:\/\/www.blogsoestado.com\/danielmatos\/wp-json\/wp\/v2\/types\/post"}],"replies":[{"embeddable":true,"href":"https:\/\/www.blogsoestado.com\/danielmatos\/wp-json\/wp\/v2\/comments?post=51906"}],"version-history":[{"count":0,"href":"https:\/\/www.blogsoestado.com\/danielmatos\/wp-json\/wp\/v2\/posts\/51906\/revisions"}],"wp:attachment":[{"href":"https:\/\/www.blogsoestado.com\/danielmatos\/wp-json\/wp\/v2\/media?parent=51906"}],"wp:term":[{"taxonomy":"category","embeddable":true,"href":"https:\/\/www.blogsoestado.com\/danielmatos\/wp-json\/wp\/v2\/categories?post=51906"},{"taxonomy":"post_tag","embeddable":true,"href":"https:\/\/www.blogsoestado.com\/danielmatos\/wp-json\/wp\/v2\/tags?post=51906"}],"curies":[{"name":"wp","href":"https:\/\/api.w.org\/{rel}","templated":true}]}}