{"id":51916,"date":"2018-06-02T15:00:05","date_gmt":"2018-06-02T18:00:05","guid":{"rendered":"https:\/\/www.blogsoestado.com\/danielmatos\/?p=51916"},"modified":"2018-06-02T15:00:05","modified_gmt":"2018-06-02T18:00:05","slug":"fusao-de-cores-e-ritmos-abre-temporada-junina-no-arraial-pertinho-de-voce-na-cohama","status":"publish","type":"post","link":"https:\/\/www.blogsoestado.com\/danielmatos\/fusao-de-cores-e-ritmos-abre-temporada-junina-no-arraial-pertinho-de-voce-na-cohama\/","title":{"rendered":"Fus\u00e3o de cores e ritmos abre temporada junina no arraial &#8220;Pertinho de Voc\u00ea&#8221;, na Cohama"},"content":{"rendered":"<figure id=\"attachment_51918\" aria-describedby=\"caption-attachment-51918\" style=\"width: 300px\" class=\"wp-caption alignright\"><img fetchpriority=\"high\" decoding=\"async\" class=\"size-medium wp-image-51918\" src=\"https:\/\/www.blogsoestado.com\/danielmatos\/files\/2018\/06\/Astro-de-Ogum-d\u00e1-boas-vindas-ao-publico-na-abertura-do-Arraial-Pertinho-de-Voc\u00ea.-300x199.jpg\" alt=\"\" width=\"300\" height=\"199\" \/><figcaption id=\"caption-attachment-51918\" class=\"wp-caption-text\">Astro de Ogum agradeceu ao p\u00fablico que prestigiou abertura do arraial &#8220;Pertinho de Voc\u00ea&#8221;<\/figcaption><\/figure>\n<p>Uma\u00a0\u00a0verdadeira simbiose de cores, rimos e alegria marcou, na noite desta sexta-feira (1), a abertura da temporada junina no arraial \u201cPertinho de Voc\u00ea\u201d, localizado ao lado da casa de sohws Batuque Brasil, na Cohama.<\/p>\n<p class=\"m_4324499939923458957gmail-m2301943797684302043yiv0945909023msonormal\">Sob o comando do presidente da C\u00e2mara Municipal de S\u00e3o Luis, Astro de Ogum o arraial estreou em seu terceiro ano atraindo milhares de pessoas e diversas autoridades, a exemplo do presidente do Tribunal de Justi\u00e7a do Maranh\u00e3o, desembargador Jos\u00e9 Joaquim Figueiredo dos Anjos, o secret\u00e1rio municipal de Cultura, Marlon Bot\u00e3o e o ex-secret\u00e1rio de Comunica\u00e7\u00e3o e Articula\u00e7\u00e3o Pol\u00edtica, M\u00e1rcio Jerry, al\u00e9m de outras destacadas figuras.<\/p>\n<p class=\"m_4324499939923458957gmail-m2301943797684302043yiv0945909023msonormal\">Com port\u00f5es abertos ao p\u00fablico, as depend\u00eancias do \u201cPertinho de Voc\u00ea\u201d ficaram completamente lotadas, com pessoas oriundas de todas as regi\u00f5es da cidade e aglutinando integrantes de todos os segmentos sociais. O advogado Felipe Almeida Castro, por exemplo, que reside no Cohafuma, afirmou que\u00a0\u00a0\u00a0\u00a0\u201cesse \u00e9 o melhor arraial de S\u00e3o Luis, tanto pela qualidade dos shows, como pela seguran\u00e7a\u201d\u00a0\u00a0\u00a0\u00a0.<\/p>\n<p class=\"m_4324499939923458957gmail-m2301943797684302043yiv0945909023msonormal\">Enquanto isso, a dona-de-casa Maria Isabel Mesquita que reside no Maracan\u00e3, afirmou que esteve na o passado no arraial pela primeira vez, acompanhando o Boi do Maracan\u00e3 e que, pelo ambiente, jamais deixar\u00e1 de frequentar o local.<\/p>\n<p class=\"m_4324499939923458957gmail-m2301943797684302043yiv0945909023msonormal\">\u201cGostei muito desse arraial. \u00c9 muito seguro e nos d\u00e1 prazer est\u00e1 aqui\u201d, assegurou, afirmando que estava com os filhos e dois sobrinhos, que tamb\u00e9m gostaram muito do\u00a0\u00a0arraial \u201cPertinho de Voc\u00ea\u201d.<\/p>\n<figure id=\"attachment_51919\" aria-describedby=\"caption-attachment-51919\" style=\"width: 300px\" class=\"wp-caption alignleft\"><img decoding=\"async\" class=\"size-medium wp-image-51919\" src=\"https:\/\/www.blogsoestado.com\/danielmatos\/files\/2018\/06\/S\u00f4nia-Barros-Eliane-Bezerra-Astro-e-Itamargareth-Correa-Lima.-300x199.jpg\" alt=\"\" width=\"300\" height=\"199\" \/><figcaption id=\"caption-attachment-51919\" class=\"wp-caption-text\">Astro de Ogum com S\u00f4nia Barros, Eliana Bezerra e Itamargarethe Correa Lima<\/figcaption><\/figure>\n<p class=\"m_4324499939923458957gmail-m2301943797684302043yiv0945909023msonormal\">Josuel Ferreira, aut\u00f4nomo que reside no Anjo da Guarda, tamb\u00e9m destacou o arraial, afirmando que frequenta as festas naquele terreiro desde o seu primeiro ano. \u201cAqui \u00e9 um local excelente at\u00e9 pela facilidade de transporte, por uma seguran\u00e7a refor\u00e7ada e pelos grandes shows.\u00a0\u00a0Antes gostava muito da Vila Palmeira, mas gosto\u00a0\u00a0agora mais \u00e9 daqui. O vereador Astro de Ogum \u00e9 um craque na organiza\u00e7\u00e3o cultural\u201d, salientou.<\/p>\n<p class=\"m_4324499939923458957gmail-m2301943797684302043yiv0945909023msonormal\"><b>SHOWS<\/b><\/p>\n<p class=\"m_4324499939923458957gmail-m2301943797684302043yiv0945909023msonormal\"><b>\u00a0<\/b>A grande multid\u00e3o que compareceu ao \u201cPertinho de Voc\u00ea\u201d foi embalada pelos grandes sucessos da banda Lim\u00e3o com Mel e teve ainda a apresenta\u00e7\u00e3o do cantor C\u00e9sar Martins e outras atra\u00e7\u00f5es. O arraial estar\u00e1 em funcionamento at\u00e9 o pr\u00f3ximo dia primeiro de julho.<\/p>\n<p class=\"m_4324499939923458957gmail-m2301943797684302043yiv0945909023msonormal\">\u00c9 cria\u00e7\u00e3o e coordena\u00e7\u00e3o do vereador Astro de Ogum, com apoio cultural do Governo do Estado e Prefeitura de S\u00e3o Luis. Outra atra\u00e7\u00e3o \u00e0 parte s\u00e3o as barracas que comercializam bebidas e comidas t\u00edpicas.<\/p>\n<p class=\"m_4324499939923458957gmail-m2301943797684302043yiv0945909023msonormal\">Para o empres\u00e1rio Jonas de Sousa Oliver, natural de Sergipe e em tr\u00e2nsito por S\u00e3o Luis, o arraial foi uma das coisas mais interessantes que observou em S\u00e3o Luis, por conta das atra\u00e7\u00f5es e da culin\u00e1ria.<\/p>\n<figure id=\"attachment_51920\" aria-describedby=\"caption-attachment-51920\" style=\"width: 300px\" class=\"wp-caption alignright\"><img decoding=\"async\" class=\"size-medium wp-image-51920\" src=\"https:\/\/www.blogsoestado.com\/danielmatos\/files\/2018\/06\/Um-grande-p\u00fablico-delira-com-as-atra\u00e7\u00f5es-apresentadas-no-palco-do-arraial-Pertinho-de-Voc\u00ea.-300x199.jpg\" alt=\"\" width=\"300\" height=\"199\" \/><figcaption id=\"caption-attachment-51920\" class=\"wp-caption-text\">P\u00fablico numeroso vibrou com as atra\u00e7\u00f5es que se apresentaram na noite de estreia do arraial<\/figcaption><\/figure>\n<p class=\"m_4324499939923458957gmail-m2301943797684302043yiv0945909023msonormal\">\u201cEstou em S\u00e3o Luis pela segunda vez e vim aqui no arraial a convite de um amigo. Gostei muito do ambiente, muito agrad\u00e1vel e me deliciei com o peixe \u2013pedra\u00a0\u00a0frito com\u00a0\u00a0arroz de cux\u00e1. Uma del\u00edcia. Vou passar uns 10 dias aqui na capital do Maranh\u00e3o e garanto que voltarei aqui mais vezes\u201d, afirmou.<\/p>\n<p class=\"m_4324499939923458957gmail-m2301943797684302043yiv0945909023msonormal\">Conforme o vereador Astro de Ogum, o \u201cPertinho de Voc\u00ea\u201d, pelo p\u00fablico que recebeu em sua estreia, com certeza ser\u00e1 um grande sucesso nessa temporada junina, a exemplo dos dois anos passados.<\/p>\n<p class=\"m_4324499939923458957gmail-m2301943797684302043yiv0945909023msonormal\">\u201cAqui nunca foi registrado um incidente sequer. A seguran\u00e7a \u00e9 total, os shows s\u00e3o de alta qualidade, e sempre trazemos todo tipo de brincadeira junina, como os bumba- boi dos mais variados sotaques, dan\u00e7a portuguesa, coco, dan\u00e7a sertaneja e tudo o que diz respeito ao S\u00e3o Jo\u00e3o. Voc\u00ea pode ver a\u00ed essa grande multid\u00e3o, com alegria estampada no rosto, por saber que aqui pode curtir um S\u00e3o Jo\u00e3o na maior tranquilidade, livre da viol\u00eancia\u201d, assegurou o dirigente do Legislativo Ludovicense.<\/p>\n<p>Confira as atra\u00e7\u00f5es da noite deste s\u00e1bado (02\/06):<\/p>\n<p><img loading=\"lazy\" decoding=\"async\" class=\"aligncenter wp-image-51917\" src=\"https:\/\/www.blogsoestado.com\/danielmatos\/files\/2018\/06\/IMG-20180602-WA0035.jpg\" alt=\"\" width=\"620\" height=\"798\" \/><\/p>\n","protected":false},"excerpt":{"rendered":"<p>Uma\u00a0\u00a0verdadeira simbiose de cores, rimos e alegria marcou, na noite desta sexta-feira (1), a abertura da temporada junina no arraial [&hellip;]<\/p>\n","protected":false},"author":0,"featured_media":0,"comment_status":"open","ping_status":"open","sticky":false,"template":"","format":"standard","meta":{"site-sidebar-layout":"default","site-content-layout":"","ast-site-content-layout":"default","site-content-style":"default","site-sidebar-style":"default","ast-global-header-display":"","ast-banner-title-visibility":"","ast-main-header-display":"","ast-hfb-above-header-display":"","ast-hfb-below-header-display":"","ast-hfb-mobile-header-display":"","site-post-title":"","ast-breadcrumbs-content":"","ast-featured-img":"","footer-sml-layout":"","ast-disable-related-posts":"","theme-transparent-header-meta":"","adv-header-id-meta":"","stick-header-meta":"","header-above-stick-meta":"","header-main-stick-meta":"","header-below-stick-meta":"","astra-migrate-meta-layouts":"default","ast-page-background-enabled":"default","ast-page-background-meta":{"desktop":{"background-color":"var(--ast-global-color-5)","background-image":"","background-repeat":"repeat","background-position":"center center","background-size":"auto","background-attachment":"scroll","background-type":"","background-media":"","overlay-type":"","overlay-color":"","overlay-opacity":"","overlay-gradient":""},"tablet":{"background-color":"","background-image":"","background-repeat":"repeat","background-position":"center center","background-size":"auto","background-attachment":"scroll","background-type":"","background-media":"","overlay-type":"","overlay-color":"","overlay-opacity":"","overlay-gradient":""},"mobile":{"background-color":"","background-image":"","background-repeat":"repeat","background-position":"center center","background-size":"auto","background-attachment":"scroll","background-type":"","background-media":"","overlay-type":"","overlay-color":"","overlay-opacity":"","overlay-gradient":""}},"ast-content-background-meta":{"desktop":{"background-color":"var(--ast-global-color-4)","background-image":"","background-repeat":"repeat","background-position":"center center","background-size":"auto","background-attachment":"scroll","background-type":"","background-media":"","overlay-type":"","overlay-color":"","overlay-opacity":"","overlay-gradient":""},"tablet":{"background-color":"var(--ast-global-color-4)","background-image":"","background-repeat":"repeat","background-position":"center center","background-size":"auto","background-attachment":"scroll","background-type":"","background-media":"","overlay-type":"","overlay-color":"","overlay-opacity":"","overlay-gradient":""},"mobile":{"background-color":"var(--ast-global-color-4)","background-image":"","background-repeat":"repeat","background-position":"center center","background-size":"auto","background-attachment":"scroll","background-type":"","background-media":"","overlay-type":"","overlay-color":"","overlay-opacity":"","overlay-gradient":""}},"footnotes":""},"categories":[1],"tags":[],"class_list":["post-51916","post","type-post","status-publish","format-standard","hentry","category-sem-categoria"],"yoast_head":"<!-- This site is optimized with the Yoast SEO plugin v26.6 - https:\/\/yoast.com\/wordpress\/plugins\/seo\/ -->\n<title>Fus\u00e3o de cores e ritmos abre temporada junina no arraial &quot;Pertinho de Voc\u00ea&quot;, na Cohama - Daniel Matos<\/title>\n<meta name=\"robots\" content=\"index, follow, max-snippet:-1, max-image-preview:large, max-video-preview:-1\" \/>\n<link rel=\"canonical\" href=\"https:\/\/www.blogsoestado.com\/danielmatos\/fusao-de-cores-e-ritmos-abre-temporada-junina-no-arraial-pertinho-de-voce-na-cohama\/\" \/>\n<meta property=\"og:locale\" content=\"pt_BR\" \/>\n<meta property=\"og:type\" content=\"article\" \/>\n<meta property=\"og:title\" content=\"Fus\u00e3o de cores e ritmos abre temporada junina no arraial &quot;Pertinho de Voc\u00ea&quot;, na Cohama - Daniel Matos\" \/>\n<meta property=\"og:description\" content=\"Uma\u00a0\u00a0verdadeira simbiose de cores, rimos e alegria marcou, na noite desta sexta-feira (1), a abertura da temporada junina no arraial [&hellip;]\" \/>\n<meta property=\"og:url\" content=\"https:\/\/www.blogsoestado.com\/danielmatos\/fusao-de-cores-e-ritmos-abre-temporada-junina-no-arraial-pertinho-de-voce-na-cohama\/\" \/>\n<meta property=\"og:site_name\" content=\"Daniel Matos\" \/>\n<meta property=\"article:published_time\" content=\"2018-06-02T18:00:05+00:00\" \/>\n<meta property=\"og:image\" content=\"https:\/\/www.blogsoestado.com\/danielmatos\/files\/2018\/06\/IMG-20180602-WA0035.jpg\" \/>\n<meta name=\"twitter:card\" content=\"summary_large_image\" \/>\n<meta name=\"twitter:label1\" content=\"Est. tempo de leitura\" \/>\n\t<meta name=\"twitter:data1\" content=\"4 minutos\" \/>\n<script type=\"application\/ld+json\" class=\"yoast-schema-graph\">{\"@context\":\"https:\/\/schema.org\",\"@graph\":[{\"@type\":\"WebPage\",\"@id\":\"https:\/\/www.blogsoestado.com\/danielmatos\/fusao-de-cores-e-ritmos-abre-temporada-junina-no-arraial-pertinho-de-voce-na-cohama\/\",\"url\":\"https:\/\/www.blogsoestado.com\/danielmatos\/fusao-de-cores-e-ritmos-abre-temporada-junina-no-arraial-pertinho-de-voce-na-cohama\/\",\"name\":\"Fus\u00e3o de cores e ritmos abre temporada junina no arraial \\\"Pertinho de Voc\u00ea\\\", na Cohama - Daniel Matos\",\"isPartOf\":{\"@id\":\"https:\/\/www.blogsoestado.com\/danielmatos\/#website\"},\"primaryImageOfPage\":{\"@id\":\"https:\/\/www.blogsoestado.com\/danielmatos\/fusao-de-cores-e-ritmos-abre-temporada-junina-no-arraial-pertinho-de-voce-na-cohama\/#primaryimage\"},\"image\":{\"@id\":\"https:\/\/www.blogsoestado.com\/danielmatos\/fusao-de-cores-e-ritmos-abre-temporada-junina-no-arraial-pertinho-de-voce-na-cohama\/#primaryimage\"},\"thumbnailUrl\":\"https:\/\/www.blogsoestado.com\/danielmatos\/files\/2018\/06\/IMG-20180602-WA0035.jpg\",\"datePublished\":\"2018-06-02T18:00:05+00:00\",\"author\":{\"@id\":\"\"},\"breadcrumb\":{\"@id\":\"https:\/\/www.blogsoestado.com\/danielmatos\/fusao-de-cores-e-ritmos-abre-temporada-junina-no-arraial-pertinho-de-voce-na-cohama\/#breadcrumb\"},\"inLanguage\":\"pt-BR\",\"potentialAction\":[{\"@type\":\"ReadAction\",\"target\":[\"https:\/\/www.blogsoestado.com\/danielmatos\/fusao-de-cores-e-ritmos-abre-temporada-junina-no-arraial-pertinho-de-voce-na-cohama\/\"]}]},{\"@type\":\"ImageObject\",\"inLanguage\":\"pt-BR\",\"@id\":\"https:\/\/www.blogsoestado.com\/danielmatos\/fusao-de-cores-e-ritmos-abre-temporada-junina-no-arraial-pertinho-de-voce-na-cohama\/#primaryimage\",\"url\":\"https:\/\/www.blogsoestado.com\/danielmatos\/files\/2018\/06\/IMG-20180602-WA0035.jpg\",\"contentUrl\":\"https:\/\/www.blogsoestado.com\/danielmatos\/files\/2018\/06\/IMG-20180602-WA0035.jpg\"},{\"@type\":\"BreadcrumbList\",\"@id\":\"https:\/\/www.blogsoestado.com\/danielmatos\/fusao-de-cores-e-ritmos-abre-temporada-junina-no-arraial-pertinho-de-voce-na-cohama\/#breadcrumb\",\"itemListElement\":[{\"@type\":\"ListItem\",\"position\":1,\"name\":\"In\u00edcio\",\"item\":\"https:\/\/www.blogsoestado.com\/danielmatos\/\"},{\"@type\":\"ListItem\",\"position\":2,\"name\":\"Fus\u00e3o de cores e ritmos abre temporada junina no arraial &#8220;Pertinho de Voc\u00ea&#8221;, na Cohama\"}]},{\"@type\":\"WebSite\",\"@id\":\"https:\/\/www.blogsoestado.com\/danielmatos\/#website\",\"url\":\"https:\/\/www.blogsoestado.com\/danielmatos\/\",\"name\":\"Daniel Matos\",\"description\":\"\",\"potentialAction\":[{\"@type\":\"SearchAction\",\"target\":{\"@type\":\"EntryPoint\",\"urlTemplate\":\"https:\/\/www.blogsoestado.com\/danielmatos\/?s={search_term_string}\"},\"query-input\":{\"@type\":\"PropertyValueSpecification\",\"valueRequired\":true,\"valueName\":\"search_term_string\"}}],\"inLanguage\":\"pt-BR\"}]}<\/script>\n<!-- \/ Yoast SEO plugin. -->","yoast_head_json":{"title":"Fus\u00e3o de cores e ritmos abre temporada junina no arraial \"Pertinho de Voc\u00ea\", na Cohama - Daniel Matos","robots":{"index":"index","follow":"follow","max-snippet":"max-snippet:-1","max-image-preview":"max-image-preview:large","max-video-preview":"max-video-preview:-1"},"canonical":"https:\/\/www.blogsoestado.com\/danielmatos\/fusao-de-cores-e-ritmos-abre-temporada-junina-no-arraial-pertinho-de-voce-na-cohama\/","og_locale":"pt_BR","og_type":"article","og_title":"Fus\u00e3o de cores e ritmos abre temporada junina no arraial \"Pertinho de Voc\u00ea\", na Cohama - Daniel Matos","og_description":"Uma\u00a0\u00a0verdadeira simbiose de cores, rimos e alegria marcou, na noite desta sexta-feira (1), a abertura da temporada junina no arraial [&hellip;]","og_url":"https:\/\/www.blogsoestado.com\/danielmatos\/fusao-de-cores-e-ritmos-abre-temporada-junina-no-arraial-pertinho-de-voce-na-cohama\/","og_site_name":"Daniel Matos","article_published_time":"2018-06-02T18:00:05+00:00","og_image":[{"url":"https:\/\/www.blogsoestado.com\/danielmatos\/files\/2018\/06\/IMG-20180602-WA0035.jpg","type":"","width":"","height":""}],"twitter_card":"summary_large_image","twitter_misc":{"Est. tempo de leitura":"4 minutos"},"schema":{"@context":"https:\/\/schema.org","@graph":[{"@type":"WebPage","@id":"https:\/\/www.blogsoestado.com\/danielmatos\/fusao-de-cores-e-ritmos-abre-temporada-junina-no-arraial-pertinho-de-voce-na-cohama\/","url":"https:\/\/www.blogsoestado.com\/danielmatos\/fusao-de-cores-e-ritmos-abre-temporada-junina-no-arraial-pertinho-de-voce-na-cohama\/","name":"Fus\u00e3o de cores e ritmos abre temporada junina no arraial \"Pertinho de Voc\u00ea\", na Cohama - Daniel Matos","isPartOf":{"@id":"https:\/\/www.blogsoestado.com\/danielmatos\/#website"},"primaryImageOfPage":{"@id":"https:\/\/www.blogsoestado.com\/danielmatos\/fusao-de-cores-e-ritmos-abre-temporada-junina-no-arraial-pertinho-de-voce-na-cohama\/#primaryimage"},"image":{"@id":"https:\/\/www.blogsoestado.com\/danielmatos\/fusao-de-cores-e-ritmos-abre-temporada-junina-no-arraial-pertinho-de-voce-na-cohama\/#primaryimage"},"thumbnailUrl":"https:\/\/www.blogsoestado.com\/danielmatos\/files\/2018\/06\/IMG-20180602-WA0035.jpg","datePublished":"2018-06-02T18:00:05+00:00","author":{"@id":""},"breadcrumb":{"@id":"https:\/\/www.blogsoestado.com\/danielmatos\/fusao-de-cores-e-ritmos-abre-temporada-junina-no-arraial-pertinho-de-voce-na-cohama\/#breadcrumb"},"inLanguage":"pt-BR","potentialAction":[{"@type":"ReadAction","target":["https:\/\/www.blogsoestado.com\/danielmatos\/fusao-de-cores-e-ritmos-abre-temporada-junina-no-arraial-pertinho-de-voce-na-cohama\/"]}]},{"@type":"ImageObject","inLanguage":"pt-BR","@id":"https:\/\/www.blogsoestado.com\/danielmatos\/fusao-de-cores-e-ritmos-abre-temporada-junina-no-arraial-pertinho-de-voce-na-cohama\/#primaryimage","url":"https:\/\/www.blogsoestado.com\/danielmatos\/files\/2018\/06\/IMG-20180602-WA0035.jpg","contentUrl":"https:\/\/www.blogsoestado.com\/danielmatos\/files\/2018\/06\/IMG-20180602-WA0035.jpg"},{"@type":"BreadcrumbList","@id":"https:\/\/www.blogsoestado.com\/danielmatos\/fusao-de-cores-e-ritmos-abre-temporada-junina-no-arraial-pertinho-de-voce-na-cohama\/#breadcrumb","itemListElement":[{"@type":"ListItem","position":1,"name":"In\u00edcio","item":"https:\/\/www.blogsoestado.com\/danielmatos\/"},{"@type":"ListItem","position":2,"name":"Fus\u00e3o de cores e ritmos abre temporada junina no arraial &#8220;Pertinho de Voc\u00ea&#8221;, na Cohama"}]},{"@type":"WebSite","@id":"https:\/\/www.blogsoestado.com\/danielmatos\/#website","url":"https:\/\/www.blogsoestado.com\/danielmatos\/","name":"Daniel Matos","description":"","potentialAction":[{"@type":"SearchAction","target":{"@type":"EntryPoint","urlTemplate":"https:\/\/www.blogsoestado.com\/danielmatos\/?s={search_term_string}"},"query-input":{"@type":"PropertyValueSpecification","valueRequired":true,"valueName":"search_term_string"}}],"inLanguage":"pt-BR"}]}},"jetpack_featured_media_url":"","_links":{"self":[{"href":"https:\/\/www.blogsoestado.com\/danielmatos\/wp-json\/wp\/v2\/posts\/51916","targetHints":{"allow":["GET"]}}],"collection":[{"href":"https:\/\/www.blogsoestado.com\/danielmatos\/wp-json\/wp\/v2\/posts"}],"about":[{"href":"https:\/\/www.blogsoestado.com\/danielmatos\/wp-json\/wp\/v2\/types\/post"}],"replies":[{"embeddable":true,"href":"https:\/\/www.blogsoestado.com\/danielmatos\/wp-json\/wp\/v2\/comments?post=51916"}],"version-history":[{"count":0,"href":"https:\/\/www.blogsoestado.com\/danielmatos\/wp-json\/wp\/v2\/posts\/51916\/revisions"}],"wp:attachment":[{"href":"https:\/\/www.blogsoestado.com\/danielmatos\/wp-json\/wp\/v2\/media?parent=51916"}],"wp:term":[{"taxonomy":"category","embeddable":true,"href":"https:\/\/www.blogsoestado.com\/danielmatos\/wp-json\/wp\/v2\/categories?post=51916"},{"taxonomy":"post_tag","embeddable":true,"href":"https:\/\/www.blogsoestado.com\/danielmatos\/wp-json\/wp\/v2\/tags?post=51916"}],"curies":[{"name":"wp","href":"https:\/\/api.w.org\/{rel}","templated":true}]}}