{"id":51934,"date":"2018-06-04T13:58:43","date_gmt":"2018-06-04T16:58:43","guid":{"rendered":"https:\/\/www.blogsoestado.com\/danielmatos\/?p=51934"},"modified":"2018-06-04T13:58:43","modified_gmt":"2018-06-04T16:58:43","slug":"osmar-filho-acompanha-comeco-de-obra-em-avenida-no-sao-francisco","status":"publish","type":"post","link":"https:\/\/www.blogsoestado.com\/danielmatos\/osmar-filho-acompanha-comeco-de-obra-em-avenida-no-sao-francisco\/","title":{"rendered":"Osmar Filho acompanha come\u00e7o de obra em avenida no S\u00e3o Franscisco"},"content":{"rendered":"<h2><span style=\"color: #ff0000;\">O trabalho \u00e9 resultado de debate em audi\u00eancia e solicita\u00e7\u00e3o do parlamentar<\/span><\/h2>\n<figure id=\"attachment_51935\" aria-describedby=\"caption-attachment-51935\" style=\"width: 630px\" class=\"wp-caption aligncenter\"><img fetchpriority=\"high\" decoding=\"async\" class=\"wp-image-51935\" src=\"https:\/\/www.blogsoestado.com\/danielmatos\/files\/2018\/06\/osmar-obra.jpg\" alt=\"\" width=\"630\" height=\"513\" \/><figcaption id=\"caption-attachment-51935\" class=\"wp-caption-text\">Vereador Osmar Filho, acompanhado do colega Pedro Lucas Fernandes, visitou a obra de urbaniza\u00e7\u00e3o da Avenida Ferreira Gullar<\/figcaption><\/figure>\n<p>O vereador Osmar Filho (PDT) acompanhou,\u00a0na manh\u00e3 do \u00faltimo s\u00e1bado (02), o come\u00e7o dos servi\u00e7os de urbaniza\u00e7\u00e3o da Avenida Ferreira Gullar, no bairro do S\u00e3o Francisco.<\/p>\n<p>Osmar, esteve acompanhado do vereador Pedro Lucas Fernandes (PTB), que na \u00e9poca da solicita\u00e7\u00e3o era o presidente da Ag\u00eancia Executiva Metropolitana, atualmente a respons\u00e1vel pela execu\u00e7\u00e3o do projeto.<\/p>\n<p>A visita contou com a presen\u00e7a do Engenheiro, Banhos Neto, do Subprefeito, F\u00e1bio Henrique e do Presidente do IMPUR, Lu\u00eds Carlos Borralho.<\/p>\n<p>O trabalho \u00e9 fruto de audi\u00eancia p\u00fablica realizada com a comunidade. E conta com a parceria do Governo do Estado e da Prefeitura de S\u00e3o Lu\u00eds.<\/p>\n","protected":false},"excerpt":{"rendered":"<p>O trabalho \u00e9 resultado de debate em audi\u00eancia e solicita\u00e7\u00e3o do parlamentar O vereador Osmar Filho (PDT) acompanhou,\u00a0na manh\u00e3 do [&hellip;]<\/p>\n","protected":false},"author":0,"featured_media":0,"comment_status":"open","ping_status":"open","sticky":false,"template":"","format":"standard","meta":{"site-sidebar-layout":"default","site-content-layout":"","ast-site-content-layout":"default","site-content-style":"default","site-sidebar-style":"default","ast-global-header-display":"","ast-banner-title-visibility":"","ast-main-header-display":"","ast-hfb-above-header-display":"","ast-hfb-below-header-display":"","ast-hfb-mobile-header-display":"","site-post-title":"","ast-breadcrumbs-content":"","ast-featured-img":"","footer-sml-layout":"","ast-disable-related-posts":"","theme-transparent-header-meta":"","adv-header-id-meta":"","stick-header-meta":"","header-above-stick-meta":"","header-main-stick-meta":"","header-below-stick-meta":"","astra-migrate-meta-layouts":"default","ast-page-background-enabled":"default","ast-page-background-meta":{"desktop":{"background-color":"var(--ast-global-color-5)","background-image":"","background-repeat":"repeat","background-position":"center center","background-size":"auto","background-attachment":"scroll","background-type":"","background-media":"","overlay-type":"","overlay-color":"","overlay-opacity":"","overlay-gradient":""},"tablet":{"background-color":"","background-image":"","background-repeat":"repeat","background-position":"center center","background-size":"auto","background-attachment":"scroll","background-type":"","background-media":"","overlay-type":"","overlay-color":"","overlay-opacity":"","overlay-gradient":""},"mobile":{"background-color":"","background-image":"","background-repeat":"repeat","background-position":"center center","background-size":"auto","background-attachment":"scroll","background-type":"","background-media":"","overlay-type":"","overlay-color":"","overlay-opacity":"","overlay-gradient":""}},"ast-content-background-meta":{"desktop":{"background-color":"var(--ast-global-color-4)","background-image":"","background-repeat":"repeat","background-position":"center center","background-size":"auto","background-attachment":"scroll","background-type":"","background-media":"","overlay-type":"","overlay-color":"","overlay-opacity":"","overlay-gradient":""},"tablet":{"background-color":"var(--ast-global-color-4)","background-image":"","background-repeat":"repeat","background-position":"center center","background-size":"auto","background-attachment":"scroll","background-type":"","background-media":"","overlay-type":"","overlay-color":"","overlay-opacity":"","overlay-gradient":""},"mobile":{"background-color":"var(--ast-global-color-4)","background-image":"","background-repeat":"repeat","background-position":"center center","background-size":"auto","background-attachment":"scroll","background-type":"","background-media":"","overlay-type":"","overlay-color":"","overlay-opacity":"","overlay-gradient":""}},"footnotes":""},"categories":[1],"tags":[],"class_list":["post-51934","post","type-post","status-publish","format-standard","hentry","category-sem-categoria"],"yoast_head":"<!-- This site is optimized with the Yoast SEO plugin v26.6 - https:\/\/yoast.com\/wordpress\/plugins\/seo\/ -->\n<title>Osmar Filho acompanha come\u00e7o de obra em avenida no S\u00e3o Franscisco - Daniel Matos<\/title>\n<meta name=\"robots\" content=\"index, follow, max-snippet:-1, max-image-preview:large, max-video-preview:-1\" \/>\n<link rel=\"canonical\" href=\"https:\/\/www.blogsoestado.com\/danielmatos\/osmar-filho-acompanha-comeco-de-obra-em-avenida-no-sao-francisco\/\" \/>\n<meta property=\"og:locale\" content=\"pt_BR\" \/>\n<meta property=\"og:type\" content=\"article\" \/>\n<meta property=\"og:title\" content=\"Osmar Filho acompanha come\u00e7o de obra em avenida no S\u00e3o Franscisco - Daniel Matos\" \/>\n<meta property=\"og:description\" content=\"O trabalho \u00e9 resultado de debate em audi\u00eancia e solicita\u00e7\u00e3o do parlamentar O vereador Osmar Filho (PDT) acompanhou,\u00a0na manh\u00e3 do [&hellip;]\" \/>\n<meta property=\"og:url\" content=\"https:\/\/www.blogsoestado.com\/danielmatos\/osmar-filho-acompanha-comeco-de-obra-em-avenida-no-sao-francisco\/\" \/>\n<meta property=\"og:site_name\" content=\"Daniel Matos\" \/>\n<meta property=\"article:published_time\" content=\"2018-06-04T16:58:43+00:00\" \/>\n<meta property=\"og:image\" content=\"https:\/\/www.blogsoestado.com\/danielmatos\/files\/2018\/06\/osmar-obra.jpg\" \/>\n<meta name=\"twitter:card\" content=\"summary_large_image\" \/>\n<meta name=\"twitter:label1\" content=\"Est. tempo de leitura\" \/>\n\t<meta name=\"twitter:data1\" content=\"1 minuto\" \/>\n<script type=\"application\/ld+json\" class=\"yoast-schema-graph\">{\"@context\":\"https:\/\/schema.org\",\"@graph\":[{\"@type\":\"WebPage\",\"@id\":\"https:\/\/www.blogsoestado.com\/danielmatos\/osmar-filho-acompanha-comeco-de-obra-em-avenida-no-sao-francisco\/\",\"url\":\"https:\/\/www.blogsoestado.com\/danielmatos\/osmar-filho-acompanha-comeco-de-obra-em-avenida-no-sao-francisco\/\",\"name\":\"Osmar Filho acompanha come\u00e7o de obra em avenida no S\u00e3o Franscisco - Daniel Matos\",\"isPartOf\":{\"@id\":\"https:\/\/www.blogsoestado.com\/danielmatos\/#website\"},\"primaryImageOfPage\":{\"@id\":\"https:\/\/www.blogsoestado.com\/danielmatos\/osmar-filho-acompanha-comeco-de-obra-em-avenida-no-sao-francisco\/#primaryimage\"},\"image\":{\"@id\":\"https:\/\/www.blogsoestado.com\/danielmatos\/osmar-filho-acompanha-comeco-de-obra-em-avenida-no-sao-francisco\/#primaryimage\"},\"thumbnailUrl\":\"https:\/\/www.blogsoestado.com\/danielmatos\/files\/2018\/06\/osmar-obra.jpg\",\"datePublished\":\"2018-06-04T16:58:43+00:00\",\"author\":{\"@id\":\"\"},\"breadcrumb\":{\"@id\":\"https:\/\/www.blogsoestado.com\/danielmatos\/osmar-filho-acompanha-comeco-de-obra-em-avenida-no-sao-francisco\/#breadcrumb\"},\"inLanguage\":\"pt-BR\",\"potentialAction\":[{\"@type\":\"ReadAction\",\"target\":[\"https:\/\/www.blogsoestado.com\/danielmatos\/osmar-filho-acompanha-comeco-de-obra-em-avenida-no-sao-francisco\/\"]}]},{\"@type\":\"ImageObject\",\"inLanguage\":\"pt-BR\",\"@id\":\"https:\/\/www.blogsoestado.com\/danielmatos\/osmar-filho-acompanha-comeco-de-obra-em-avenida-no-sao-francisco\/#primaryimage\",\"url\":\"https:\/\/www.blogsoestado.com\/danielmatos\/files\/2018\/06\/osmar-obra.jpg\",\"contentUrl\":\"https:\/\/www.blogsoestado.com\/danielmatos\/files\/2018\/06\/osmar-obra.jpg\"},{\"@type\":\"BreadcrumbList\",\"@id\":\"https:\/\/www.blogsoestado.com\/danielmatos\/osmar-filho-acompanha-comeco-de-obra-em-avenida-no-sao-francisco\/#breadcrumb\",\"itemListElement\":[{\"@type\":\"ListItem\",\"position\":1,\"name\":\"In\u00edcio\",\"item\":\"https:\/\/www.blogsoestado.com\/danielmatos\/\"},{\"@type\":\"ListItem\",\"position\":2,\"name\":\"Osmar Filho acompanha come\u00e7o de obra em avenida no S\u00e3o Franscisco\"}]},{\"@type\":\"WebSite\",\"@id\":\"https:\/\/www.blogsoestado.com\/danielmatos\/#website\",\"url\":\"https:\/\/www.blogsoestado.com\/danielmatos\/\",\"name\":\"Daniel Matos\",\"description\":\"\",\"potentialAction\":[{\"@type\":\"SearchAction\",\"target\":{\"@type\":\"EntryPoint\",\"urlTemplate\":\"https:\/\/www.blogsoestado.com\/danielmatos\/?s={search_term_string}\"},\"query-input\":{\"@type\":\"PropertyValueSpecification\",\"valueRequired\":true,\"valueName\":\"search_term_string\"}}],\"inLanguage\":\"pt-BR\"}]}<\/script>\n<!-- \/ Yoast SEO plugin. -->","yoast_head_json":{"title":"Osmar Filho acompanha come\u00e7o de obra em avenida no S\u00e3o Franscisco - Daniel Matos","robots":{"index":"index","follow":"follow","max-snippet":"max-snippet:-1","max-image-preview":"max-image-preview:large","max-video-preview":"max-video-preview:-1"},"canonical":"https:\/\/www.blogsoestado.com\/danielmatos\/osmar-filho-acompanha-comeco-de-obra-em-avenida-no-sao-francisco\/","og_locale":"pt_BR","og_type":"article","og_title":"Osmar Filho acompanha come\u00e7o de obra em avenida no S\u00e3o Franscisco - Daniel Matos","og_description":"O trabalho \u00e9 resultado de debate em audi\u00eancia e solicita\u00e7\u00e3o do parlamentar O vereador Osmar Filho (PDT) acompanhou,\u00a0na manh\u00e3 do [&hellip;]","og_url":"https:\/\/www.blogsoestado.com\/danielmatos\/osmar-filho-acompanha-comeco-de-obra-em-avenida-no-sao-francisco\/","og_site_name":"Daniel Matos","article_published_time":"2018-06-04T16:58:43+00:00","og_image":[{"url":"https:\/\/www.blogsoestado.com\/danielmatos\/files\/2018\/06\/osmar-obra.jpg","type":"","width":"","height":""}],"twitter_card":"summary_large_image","twitter_misc":{"Est. tempo de leitura":"1 minuto"},"schema":{"@context":"https:\/\/schema.org","@graph":[{"@type":"WebPage","@id":"https:\/\/www.blogsoestado.com\/danielmatos\/osmar-filho-acompanha-comeco-de-obra-em-avenida-no-sao-francisco\/","url":"https:\/\/www.blogsoestado.com\/danielmatos\/osmar-filho-acompanha-comeco-de-obra-em-avenida-no-sao-francisco\/","name":"Osmar Filho acompanha come\u00e7o de obra em avenida no S\u00e3o Franscisco - Daniel Matos","isPartOf":{"@id":"https:\/\/www.blogsoestado.com\/danielmatos\/#website"},"primaryImageOfPage":{"@id":"https:\/\/www.blogsoestado.com\/danielmatos\/osmar-filho-acompanha-comeco-de-obra-em-avenida-no-sao-francisco\/#primaryimage"},"image":{"@id":"https:\/\/www.blogsoestado.com\/danielmatos\/osmar-filho-acompanha-comeco-de-obra-em-avenida-no-sao-francisco\/#primaryimage"},"thumbnailUrl":"https:\/\/www.blogsoestado.com\/danielmatos\/files\/2018\/06\/osmar-obra.jpg","datePublished":"2018-06-04T16:58:43+00:00","author":{"@id":""},"breadcrumb":{"@id":"https:\/\/www.blogsoestado.com\/danielmatos\/osmar-filho-acompanha-comeco-de-obra-em-avenida-no-sao-francisco\/#breadcrumb"},"inLanguage":"pt-BR","potentialAction":[{"@type":"ReadAction","target":["https:\/\/www.blogsoestado.com\/danielmatos\/osmar-filho-acompanha-comeco-de-obra-em-avenida-no-sao-francisco\/"]}]},{"@type":"ImageObject","inLanguage":"pt-BR","@id":"https:\/\/www.blogsoestado.com\/danielmatos\/osmar-filho-acompanha-comeco-de-obra-em-avenida-no-sao-francisco\/#primaryimage","url":"https:\/\/www.blogsoestado.com\/danielmatos\/files\/2018\/06\/osmar-obra.jpg","contentUrl":"https:\/\/www.blogsoestado.com\/danielmatos\/files\/2018\/06\/osmar-obra.jpg"},{"@type":"BreadcrumbList","@id":"https:\/\/www.blogsoestado.com\/danielmatos\/osmar-filho-acompanha-comeco-de-obra-em-avenida-no-sao-francisco\/#breadcrumb","itemListElement":[{"@type":"ListItem","position":1,"name":"In\u00edcio","item":"https:\/\/www.blogsoestado.com\/danielmatos\/"},{"@type":"ListItem","position":2,"name":"Osmar Filho acompanha come\u00e7o de obra em avenida no S\u00e3o Franscisco"}]},{"@type":"WebSite","@id":"https:\/\/www.blogsoestado.com\/danielmatos\/#website","url":"https:\/\/www.blogsoestado.com\/danielmatos\/","name":"Daniel Matos","description":"","potentialAction":[{"@type":"SearchAction","target":{"@type":"EntryPoint","urlTemplate":"https:\/\/www.blogsoestado.com\/danielmatos\/?s={search_term_string}"},"query-input":{"@type":"PropertyValueSpecification","valueRequired":true,"valueName":"search_term_string"}}],"inLanguage":"pt-BR"}]}},"jetpack_featured_media_url":"","_links":{"self":[{"href":"https:\/\/www.blogsoestado.com\/danielmatos\/wp-json\/wp\/v2\/posts\/51934","targetHints":{"allow":["GET"]}}],"collection":[{"href":"https:\/\/www.blogsoestado.com\/danielmatos\/wp-json\/wp\/v2\/posts"}],"about":[{"href":"https:\/\/www.blogsoestado.com\/danielmatos\/wp-json\/wp\/v2\/types\/post"}],"replies":[{"embeddable":true,"href":"https:\/\/www.blogsoestado.com\/danielmatos\/wp-json\/wp\/v2\/comments?post=51934"}],"version-history":[{"count":0,"href":"https:\/\/www.blogsoestado.com\/danielmatos\/wp-json\/wp\/v2\/posts\/51934\/revisions"}],"wp:attachment":[{"href":"https:\/\/www.blogsoestado.com\/danielmatos\/wp-json\/wp\/v2\/media?parent=51934"}],"wp:term":[{"taxonomy":"category","embeddable":true,"href":"https:\/\/www.blogsoestado.com\/danielmatos\/wp-json\/wp\/v2\/categories?post=51934"},{"taxonomy":"post_tag","embeddable":true,"href":"https:\/\/www.blogsoestado.com\/danielmatos\/wp-json\/wp\/v2\/tags?post=51934"}],"curies":[{"name":"wp","href":"https:\/\/api.w.org\/{rel}","templated":true}]}}