{"id":51940,"date":"2018-06-04T14:38:03","date_gmt":"2018-06-04T17:38:03","guid":{"rendered":"https:\/\/www.blogsoestado.com\/danielmatos\/?p=51940"},"modified":"2018-06-04T14:38:03","modified_gmt":"2018-06-04T17:38:03","slug":"wellington-reafirma-luta-para-que-governo-flavio-dino-reduza-aliquota-do-icms-de-combustiveis","status":"publish","type":"post","link":"https:\/\/www.blogsoestado.com\/danielmatos\/wellington-reafirma-luta-para-que-governo-flavio-dino-reduza-aliquota-do-icms-de-combustiveis\/","title":{"rendered":"Wellington reafirma luta para que governo Fl\u00e1vio Dino reduza al\u00edquota do ICMS de combust\u00edveis"},"content":{"rendered":"<p><img fetchpriority=\"high\" decoding=\"async\" class=\"aligncenter wp-image-51941\" src=\"https:\/\/www.blogsoestado.com\/danielmatos\/files\/2018\/06\/w-icms-luta.jpg\" alt=\"\" width=\"650\" height=\"650\" \/><\/p>\n<p>O deputado estadual Wellington do Curso voltou a cobrar uma a\u00e7\u00e3o por parte do governador Fl\u00e1vio Dino. Ao fazer refer\u00eancia ao gesto do Governo Federal que fez uma redu\u00e7\u00e3o na aliquota da Cide, PIS\/Confins para tentar baixar o pre\u00e7o nas bombas, Wellington ressaltou que o Governo do Estado tamb\u00e9m precisa fazer sua parte, j\u00e1 que tamb\u00e9m h\u00e1 o ICMS, que incide diretamente no pre\u00e7o do combust\u00edvel, e cabe ao Estado reduzir as al\u00edquotas do imposto.<\/p>\n<p>De acordo com dados da Fecombust\u00edveis \u2013 MA, atualmente, no Maranh\u00e3o, R$ 1,09 do pre\u00e7o da gasolina \u00e9 devido ao ICMS, imposto estadual, que corresponde a 26% do valor final na bomba (posto de combust\u00edvel); no diesel, corresponde a 17% de ICMS e o valor destinado ao estado \u00e9 de R$ 0,601; e, ainda, de R$ 0,905 no pre\u00e7o do etanol.<\/p>\n<p>\u201cO pre\u00e7o dos combust\u00edveis resulta de impostos federais e impostos estaduais. O Governo Federal j\u00e1 zerou a Cide, com isso baixou somente o pre\u00e7o do diesel em 0,46 centavos. Atualmente, 26% do valor da gasolina, por exemplo, no Maranh\u00e3o, \u00e9 devido a imposto estadual e 17% no diesel. Eu continuo na luta para que o Governador do Estado fa\u00e7a a sua parte e reduza o ICMS no Maranh\u00e3o, assim como ele j\u00e1 fez em 2016, para ajudar aliados pol\u00edticos, reduzindo a al\u00edquota do diesel de 17% para 2%. Se Fl\u00e1vio Dino j\u00e1 baixou o imposto para ajudar aliados pol\u00edticos em 2016, agora lutamos para que ele possa reduzir o ICMS dos combust\u00edveis no Maranh\u00e3o, mas, dessa vez, para ajudar a popula\u00e7\u00e3o\u201d, afirmou o deputado Wellington.<\/p>\n","protected":false},"excerpt":{"rendered":"<p>O deputado estadual Wellington do Curso voltou a cobrar uma a\u00e7\u00e3o por parte do governador Fl\u00e1vio Dino. Ao fazer refer\u00eancia [&hellip;]<\/p>\n","protected":false},"author":0,"featured_media":0,"comment_status":"open","ping_status":"open","sticky":false,"template":"","format":"standard","meta":{"site-sidebar-layout":"default","site-content-layout":"","ast-site-content-layout":"default","site-content-style":"default","site-sidebar-style":"default","ast-global-header-display":"","ast-banner-title-visibility":"","ast-main-header-display":"","ast-hfb-above-header-display":"","ast-hfb-below-header-display":"","ast-hfb-mobile-header-display":"","site-post-title":"","ast-breadcrumbs-content":"","ast-featured-img":"","footer-sml-layout":"","ast-disable-related-posts":"","theme-transparent-header-meta":"","adv-header-id-meta":"","stick-header-meta":"","header-above-stick-meta":"","header-main-stick-meta":"","header-below-stick-meta":"","astra-migrate-meta-layouts":"default","ast-page-background-enabled":"default","ast-page-background-meta":{"desktop":{"background-color":"var(--ast-global-color-5)","background-image":"","background-repeat":"repeat","background-position":"center center","background-size":"auto","background-attachment":"scroll","background-type":"","background-media":"","overlay-type":"","overlay-color":"","overlay-opacity":"","overlay-gradient":""},"tablet":{"background-color":"","background-image":"","background-repeat":"repeat","background-position":"center center","background-size":"auto","background-attachment":"scroll","background-type":"","background-media":"","overlay-type":"","overlay-color":"","overlay-opacity":"","overlay-gradient":""},"mobile":{"background-color":"","background-image":"","background-repeat":"repeat","background-position":"center center","background-size":"auto","background-attachment":"scroll","background-type":"","background-media":"","overlay-type":"","overlay-color":"","overlay-opacity":"","overlay-gradient":""}},"ast-content-background-meta":{"desktop":{"background-color":"var(--ast-global-color-4)","background-image":"","background-repeat":"repeat","background-position":"center center","background-size":"auto","background-attachment":"scroll","background-type":"","background-media":"","overlay-type":"","overlay-color":"","overlay-opacity":"","overlay-gradient":""},"tablet":{"background-color":"var(--ast-global-color-4)","background-image":"","background-repeat":"repeat","background-position":"center center","background-size":"auto","background-attachment":"scroll","background-type":"","background-media":"","overlay-type":"","overlay-color":"","overlay-opacity":"","overlay-gradient":""},"mobile":{"background-color":"var(--ast-global-color-4)","background-image":"","background-repeat":"repeat","background-position":"center center","background-size":"auto","background-attachment":"scroll","background-type":"","background-media":"","overlay-type":"","overlay-color":"","overlay-opacity":"","overlay-gradient":""}},"footnotes":""},"categories":[1],"tags":[],"class_list":["post-51940","post","type-post","status-publish","format-standard","hentry","category-sem-categoria"],"yoast_head":"<!-- This site is optimized with the Yoast SEO plugin v26.6 - https:\/\/yoast.com\/wordpress\/plugins\/seo\/ -->\n<title>Wellington reafirma luta para que governo Fl\u00e1vio Dino reduza al\u00edquota do ICMS de combust\u00edveis - Daniel Matos<\/title>\n<meta name=\"robots\" content=\"index, follow, max-snippet:-1, max-image-preview:large, max-video-preview:-1\" \/>\n<link rel=\"canonical\" href=\"https:\/\/www.blogsoestado.com\/danielmatos\/wellington-reafirma-luta-para-que-governo-flavio-dino-reduza-aliquota-do-icms-de-combustiveis\/\" \/>\n<meta property=\"og:locale\" content=\"pt_BR\" \/>\n<meta property=\"og:type\" content=\"article\" \/>\n<meta property=\"og:title\" content=\"Wellington reafirma luta para que governo Fl\u00e1vio Dino reduza al\u00edquota do ICMS de combust\u00edveis - Daniel Matos\" \/>\n<meta property=\"og:description\" content=\"O deputado estadual Wellington do Curso voltou a cobrar uma a\u00e7\u00e3o por parte do governador Fl\u00e1vio Dino. Ao fazer refer\u00eancia [&hellip;]\" \/>\n<meta property=\"og:url\" content=\"https:\/\/www.blogsoestado.com\/danielmatos\/wellington-reafirma-luta-para-que-governo-flavio-dino-reduza-aliquota-do-icms-de-combustiveis\/\" \/>\n<meta property=\"og:site_name\" content=\"Daniel Matos\" \/>\n<meta property=\"article:published_time\" content=\"2018-06-04T17:38:03+00:00\" \/>\n<meta property=\"og:image\" content=\"https:\/\/www.blogsoestado.com\/danielmatos\/files\/2018\/06\/w-icms-luta.jpg\" \/>\n<meta name=\"twitter:card\" content=\"summary_large_image\" \/>\n<meta name=\"twitter:label1\" content=\"Est. tempo de leitura\" \/>\n\t<meta name=\"twitter:data1\" content=\"1 minuto\" \/>\n<script type=\"application\/ld+json\" class=\"yoast-schema-graph\">{\"@context\":\"https:\/\/schema.org\",\"@graph\":[{\"@type\":\"WebPage\",\"@id\":\"https:\/\/www.blogsoestado.com\/danielmatos\/wellington-reafirma-luta-para-que-governo-flavio-dino-reduza-aliquota-do-icms-de-combustiveis\/\",\"url\":\"https:\/\/www.blogsoestado.com\/danielmatos\/wellington-reafirma-luta-para-que-governo-flavio-dino-reduza-aliquota-do-icms-de-combustiveis\/\",\"name\":\"Wellington reafirma luta para que governo Fl\u00e1vio Dino reduza al\u00edquota do ICMS de combust\u00edveis - Daniel Matos\",\"isPartOf\":{\"@id\":\"https:\/\/www.blogsoestado.com\/danielmatos\/#website\"},\"primaryImageOfPage\":{\"@id\":\"https:\/\/www.blogsoestado.com\/danielmatos\/wellington-reafirma-luta-para-que-governo-flavio-dino-reduza-aliquota-do-icms-de-combustiveis\/#primaryimage\"},\"image\":{\"@id\":\"https:\/\/www.blogsoestado.com\/danielmatos\/wellington-reafirma-luta-para-que-governo-flavio-dino-reduza-aliquota-do-icms-de-combustiveis\/#primaryimage\"},\"thumbnailUrl\":\"https:\/\/www.blogsoestado.com\/danielmatos\/files\/2018\/06\/w-icms-luta.jpg\",\"datePublished\":\"2018-06-04T17:38:03+00:00\",\"author\":{\"@id\":\"\"},\"breadcrumb\":{\"@id\":\"https:\/\/www.blogsoestado.com\/danielmatos\/wellington-reafirma-luta-para-que-governo-flavio-dino-reduza-aliquota-do-icms-de-combustiveis\/#breadcrumb\"},\"inLanguage\":\"pt-BR\",\"potentialAction\":[{\"@type\":\"ReadAction\",\"target\":[\"https:\/\/www.blogsoestado.com\/danielmatos\/wellington-reafirma-luta-para-que-governo-flavio-dino-reduza-aliquota-do-icms-de-combustiveis\/\"]}]},{\"@type\":\"ImageObject\",\"inLanguage\":\"pt-BR\",\"@id\":\"https:\/\/www.blogsoestado.com\/danielmatos\/wellington-reafirma-luta-para-que-governo-flavio-dino-reduza-aliquota-do-icms-de-combustiveis\/#primaryimage\",\"url\":\"https:\/\/www.blogsoestado.com\/danielmatos\/files\/2018\/06\/w-icms-luta.jpg\",\"contentUrl\":\"https:\/\/www.blogsoestado.com\/danielmatos\/files\/2018\/06\/w-icms-luta.jpg\"},{\"@type\":\"BreadcrumbList\",\"@id\":\"https:\/\/www.blogsoestado.com\/danielmatos\/wellington-reafirma-luta-para-que-governo-flavio-dino-reduza-aliquota-do-icms-de-combustiveis\/#breadcrumb\",\"itemListElement\":[{\"@type\":\"ListItem\",\"position\":1,\"name\":\"In\u00edcio\",\"item\":\"https:\/\/www.blogsoestado.com\/danielmatos\/\"},{\"@type\":\"ListItem\",\"position\":2,\"name\":\"Wellington reafirma luta para que governo Fl\u00e1vio Dino reduza al\u00edquota do ICMS de combust\u00edveis\"}]},{\"@type\":\"WebSite\",\"@id\":\"https:\/\/www.blogsoestado.com\/danielmatos\/#website\",\"url\":\"https:\/\/www.blogsoestado.com\/danielmatos\/\",\"name\":\"Daniel Matos\",\"description\":\"\",\"potentialAction\":[{\"@type\":\"SearchAction\",\"target\":{\"@type\":\"EntryPoint\",\"urlTemplate\":\"https:\/\/www.blogsoestado.com\/danielmatos\/?s={search_term_string}\"},\"query-input\":{\"@type\":\"PropertyValueSpecification\",\"valueRequired\":true,\"valueName\":\"search_term_string\"}}],\"inLanguage\":\"pt-BR\"}]}<\/script>\n<!-- \/ Yoast SEO plugin. -->","yoast_head_json":{"title":"Wellington reafirma luta para que governo Fl\u00e1vio Dino reduza al\u00edquota do ICMS de combust\u00edveis - Daniel Matos","robots":{"index":"index","follow":"follow","max-snippet":"max-snippet:-1","max-image-preview":"max-image-preview:large","max-video-preview":"max-video-preview:-1"},"canonical":"https:\/\/www.blogsoestado.com\/danielmatos\/wellington-reafirma-luta-para-que-governo-flavio-dino-reduza-aliquota-do-icms-de-combustiveis\/","og_locale":"pt_BR","og_type":"article","og_title":"Wellington reafirma luta para que governo Fl\u00e1vio Dino reduza al\u00edquota do ICMS de combust\u00edveis - Daniel Matos","og_description":"O deputado estadual Wellington do Curso voltou a cobrar uma a\u00e7\u00e3o por parte do governador Fl\u00e1vio Dino. Ao fazer refer\u00eancia [&hellip;]","og_url":"https:\/\/www.blogsoestado.com\/danielmatos\/wellington-reafirma-luta-para-que-governo-flavio-dino-reduza-aliquota-do-icms-de-combustiveis\/","og_site_name":"Daniel Matos","article_published_time":"2018-06-04T17:38:03+00:00","og_image":[{"url":"https:\/\/www.blogsoestado.com\/danielmatos\/files\/2018\/06\/w-icms-luta.jpg","type":"","width":"","height":""}],"twitter_card":"summary_large_image","twitter_misc":{"Est. tempo de leitura":"1 minuto"},"schema":{"@context":"https:\/\/schema.org","@graph":[{"@type":"WebPage","@id":"https:\/\/www.blogsoestado.com\/danielmatos\/wellington-reafirma-luta-para-que-governo-flavio-dino-reduza-aliquota-do-icms-de-combustiveis\/","url":"https:\/\/www.blogsoestado.com\/danielmatos\/wellington-reafirma-luta-para-que-governo-flavio-dino-reduza-aliquota-do-icms-de-combustiveis\/","name":"Wellington reafirma luta para que governo Fl\u00e1vio Dino reduza al\u00edquota do ICMS de combust\u00edveis - Daniel Matos","isPartOf":{"@id":"https:\/\/www.blogsoestado.com\/danielmatos\/#website"},"primaryImageOfPage":{"@id":"https:\/\/www.blogsoestado.com\/danielmatos\/wellington-reafirma-luta-para-que-governo-flavio-dino-reduza-aliquota-do-icms-de-combustiveis\/#primaryimage"},"image":{"@id":"https:\/\/www.blogsoestado.com\/danielmatos\/wellington-reafirma-luta-para-que-governo-flavio-dino-reduza-aliquota-do-icms-de-combustiveis\/#primaryimage"},"thumbnailUrl":"https:\/\/www.blogsoestado.com\/danielmatos\/files\/2018\/06\/w-icms-luta.jpg","datePublished":"2018-06-04T17:38:03+00:00","author":{"@id":""},"breadcrumb":{"@id":"https:\/\/www.blogsoestado.com\/danielmatos\/wellington-reafirma-luta-para-que-governo-flavio-dino-reduza-aliquota-do-icms-de-combustiveis\/#breadcrumb"},"inLanguage":"pt-BR","potentialAction":[{"@type":"ReadAction","target":["https:\/\/www.blogsoestado.com\/danielmatos\/wellington-reafirma-luta-para-que-governo-flavio-dino-reduza-aliquota-do-icms-de-combustiveis\/"]}]},{"@type":"ImageObject","inLanguage":"pt-BR","@id":"https:\/\/www.blogsoestado.com\/danielmatos\/wellington-reafirma-luta-para-que-governo-flavio-dino-reduza-aliquota-do-icms-de-combustiveis\/#primaryimage","url":"https:\/\/www.blogsoestado.com\/danielmatos\/files\/2018\/06\/w-icms-luta.jpg","contentUrl":"https:\/\/www.blogsoestado.com\/danielmatos\/files\/2018\/06\/w-icms-luta.jpg"},{"@type":"BreadcrumbList","@id":"https:\/\/www.blogsoestado.com\/danielmatos\/wellington-reafirma-luta-para-que-governo-flavio-dino-reduza-aliquota-do-icms-de-combustiveis\/#breadcrumb","itemListElement":[{"@type":"ListItem","position":1,"name":"In\u00edcio","item":"https:\/\/www.blogsoestado.com\/danielmatos\/"},{"@type":"ListItem","position":2,"name":"Wellington reafirma luta para que governo Fl\u00e1vio Dino reduza al\u00edquota do ICMS de combust\u00edveis"}]},{"@type":"WebSite","@id":"https:\/\/www.blogsoestado.com\/danielmatos\/#website","url":"https:\/\/www.blogsoestado.com\/danielmatos\/","name":"Daniel Matos","description":"","potentialAction":[{"@type":"SearchAction","target":{"@type":"EntryPoint","urlTemplate":"https:\/\/www.blogsoestado.com\/danielmatos\/?s={search_term_string}"},"query-input":{"@type":"PropertyValueSpecification","valueRequired":true,"valueName":"search_term_string"}}],"inLanguage":"pt-BR"}]}},"jetpack_featured_media_url":"","_links":{"self":[{"href":"https:\/\/www.blogsoestado.com\/danielmatos\/wp-json\/wp\/v2\/posts\/51940","targetHints":{"allow":["GET"]}}],"collection":[{"href":"https:\/\/www.blogsoestado.com\/danielmatos\/wp-json\/wp\/v2\/posts"}],"about":[{"href":"https:\/\/www.blogsoestado.com\/danielmatos\/wp-json\/wp\/v2\/types\/post"}],"replies":[{"embeddable":true,"href":"https:\/\/www.blogsoestado.com\/danielmatos\/wp-json\/wp\/v2\/comments?post=51940"}],"version-history":[{"count":0,"href":"https:\/\/www.blogsoestado.com\/danielmatos\/wp-json\/wp\/v2\/posts\/51940\/revisions"}],"wp:attachment":[{"href":"https:\/\/www.blogsoestado.com\/danielmatos\/wp-json\/wp\/v2\/media?parent=51940"}],"wp:term":[{"taxonomy":"category","embeddable":true,"href":"https:\/\/www.blogsoestado.com\/danielmatos\/wp-json\/wp\/v2\/categories?post=51940"},{"taxonomy":"post_tag","embeddable":true,"href":"https:\/\/www.blogsoestado.com\/danielmatos\/wp-json\/wp\/v2\/tags?post=51940"}],"curies":[{"name":"wp","href":"https:\/\/api.w.org\/{rel}","templated":true}]}}