{"id":51972,"date":"2018-06-05T12:20:41","date_gmt":"2018-06-05T15:20:41","guid":{"rendered":"https:\/\/www.blogsoestado.com\/danielmatos\/?p=51972"},"modified":"2018-06-05T12:20:41","modified_gmt":"2018-06-05T15:20:41","slug":"peritoro-lider-da-oposicao-na-camara-quer-derrubar-veto-do-prefeito-a-projeto-que-beneficia-educacao","status":"publish","type":"post","link":"https:\/\/www.blogsoestado.com\/danielmatos\/peritoro-lider-da-oposicao-na-camara-quer-derrubar-veto-do-prefeito-a-projeto-que-beneficia-educacao\/","title":{"rendered":"Peritor\u00f3: l\u00edder da oposi\u00e7\u00e3o na C\u00e2mara quer derrubar veto do prefeito a projeto que beneficia educa\u00e7\u00e3o"},"content":{"rendered":"<figure id=\"attachment_51973\" aria-describedby=\"caption-attachment-51973\" style=\"width: 230px\" class=\"wp-caption alignleft\"><img fetchpriority=\"high\" decoding=\"async\" class=\"wp-image-51973\" src=\"https:\/\/www.blogsoestado.com\/danielmatos\/files\/2018\/06\/veto-peritoro3.jpg\" alt=\"\" width=\"230\" height=\"409\" \/><figcaption id=\"caption-attachment-51973\" class=\"wp-caption-text\">O vereador Clemilson Viana promete lutar para derrubar o veto<\/figcaption><\/figure>\n<p>O vereador Clemilson Viana, l\u00edder da oposi\u00e7\u00e3o na C\u00e2mara Municipal de Peritor\u00f3, anunciou que se empenhar\u00e1 para derrubar o veto do prefeito Jozias Lima Oliveira, o Padre Jozias, ao projeto de sua autoria que cria a Lei dos Precat\u00f3rios do Fundef, aprovado pelo Legislativo. Clemilson disse que considera o veto imoral porque o prefeito, ao constatar que a C\u00e2mara aprovaria a proposi\u00e7\u00e3o, contrariando seu desejo, enviou mensagem aos professores garantindo que concederia os direitos da categoria, mas n\u00e3o cumpriu a promessa.<\/p>\n<p>Segundo o l\u00edder da oposi\u00e7\u00e3o, Padre Jozias encaminhou mensagem aos professores, por meio do l\u00edder do governo, vereador Constantino, no dia da vota\u00e7\u00e3o do referido projeto, na sess\u00e3o ocorrida em 8 de maio deste ano, afirmando que concederia os direitos dos professores. &#8220;Agora, ele d\u00e1 esse duro golpe nos educadores&#8221;, lamentou.<\/p>\n<p>O Projeto de Lei n\u00b0 002\/2018, que regulamenta a aplica\u00e7\u00e3o dos precat\u00f3rios do FUNDEF no munic\u00edpio de Peritor\u00f3, de autoria do l\u00edder da oposi\u00e7\u00e3o, vereador Clemilson Viana, foi amplamente discutido, apreciado e aprovado pela categoria dos professores em assembleias do Sindicato dos Servidores P\u00fablicos Municipais (SINDSERPE).<\/p>\n<p><strong>Acompanhamento<\/strong><\/p>\n<p>O representante do parlamento municipal lembra que a categoria tamb\u00e9m acompanhou em peso a aprecia\u00e7\u00e3o e a vota\u00e7\u00e3o do projeto na C\u00e2mara de Vereadores. &#8220;Depois de muita luta, articula\u00e7\u00e3o e press\u00e3o, a categoria dos professores conseguiu aprovar, no plen\u00e1rio do Poder Legislativo, o referido projeto, por nove\u00a0 nove votos a favor e uma absten\u00e7\u00e3o&#8221;, relatou o l\u00edder oposicionista. &#8220;Com isso, Peritor\u00f3 tornou-se um dos primeiros ou talvez o primeiro munic\u00edpio a conseguir aprovar, na C\u00e2mara de Vereadores, uma lei que estabelece normas, garantias e obrigatoriedade ao Poder Executivo municipal para que os precat\u00f3rios do FUNDEF sejam aplicados 100% na Educa\u00e7\u00e3o: 40% para o desenvolvimento do ensino fundamental e 60% para a valoriza\u00e7\u00e3o do Magist\u00e9rio&#8221;, explicou.<\/p>\n<figure id=\"attachment_51974\" aria-describedby=\"caption-attachment-51974\" style=\"width: 650px\" class=\"wp-caption aligncenter\"><img decoding=\"async\" class=\"wp-image-51974\" src=\"https:\/\/www.blogsoestado.com\/danielmatos\/files\/2018\/06\/veto-peritoro4.jpg\" alt=\"\" width=\"650\" height=\"488\" \/><figcaption id=\"caption-attachment-51974\" class=\"wp-caption-text\">Clemilson Viana manifestou apoio aos professores na sess\u00e3o em que o projeto de lei, de sua autoria, foi aprovado<\/figcaption><\/figure>\n<p>Sobre o veto \u00e0 lei, Clemilson Viana, autor da referido projeto de lei, alertou sobre o rito que se seguiria ap\u00f3s a aprova\u00e7\u00e3o da mensagem em plen\u00e1rio, ou seja, \u00e0 san\u00e7\u00e3o ou ao veto pelo prefeito. Segundo o l\u00edder da oposi\u00e7\u00e3o, era previs\u00edvel a atitude do chefe do Executivo municipal. &#8220;Eu sabia que o prefeito vetaria o projeto, pois tem trabalhado duramente contra os professores de Peritor\u00f3&#8221;, denunciou, convocando a categoria para se preparar para lutar pela derrubada do veto.<\/p>\n<figure id=\"attachment_51975\" aria-describedby=\"caption-attachment-51975\" style=\"width: 650px\" class=\"wp-caption aligncenter\"><img decoding=\"async\" class=\"wp-image-51975\" src=\"https:\/\/www.blogsoestado.com\/danielmatos\/files\/2018\/06\/veto-peritoro.jpg\" alt=\"\" width=\"650\" height=\"488\" \/><figcaption id=\"caption-attachment-51975\" class=\"wp-caption-text\">Professores participaram de discuss\u00f5es que antecederam vota\u00e7\u00e3o do projeto<\/figcaption><\/figure>\n<p>Na sess\u00e3o em que foi aprovado o projeto de lei, todos os vereadores prometeram aos professores que se o prefeito vetasse, a C\u00e2mara cassaria o veto. A categoria tem oito dias para articular e mobilizar seus companheiros de luta, conversar com os vereadores e dar press\u00e3o pela derrubada do veto, o que poder\u00e1 ocorrer na sess\u00e3o do dia 12 de junho de 2018.<\/p>\n<p>Abaixo, c\u00f3pias do projeto de lei aprovado e do veto do prefeito:<\/p>\n<p><img loading=\"lazy\" decoding=\"async\" class=\"aligncenter size-full wp-image-51976\" src=\"https:\/\/www.blogsoestado.com\/danielmatos\/files\/2018\/06\/veto-peritoro5.jpg\" alt=\"\" width=\"572\" height=\"939\" \/><\/p>\n<p><img loading=\"lazy\" decoding=\"async\" class=\"aligncenter wp-image-51977\" src=\"https:\/\/www.blogsoestado.com\/danielmatos\/files\/2018\/06\/veto-peritoro6.jpg\" alt=\"\" width=\"572\" height=\"763\" \/><\/p>\n<p><img loading=\"lazy\" decoding=\"async\" class=\"aligncenter wp-image-51978\" src=\"https:\/\/www.blogsoestado.com\/danielmatos\/files\/2018\/06\/veto-peritoro7.jpg\" alt=\"\" width=\"572\" height=\"623\" \/><\/p>\n","protected":false},"excerpt":{"rendered":"<p>O vereador Clemilson Viana, l\u00edder da oposi\u00e7\u00e3o na C\u00e2mara Municipal de Peritor\u00f3, anunciou que se empenhar\u00e1 para derrubar o veto [&hellip;]<\/p>\n","protected":false},"author":0,"featured_media":0,"comment_status":"open","ping_status":"open","sticky":false,"template":"","format":"standard","meta":{"site-sidebar-layout":"default","site-content-layout":"","ast-site-content-layout":"default","site-content-style":"default","site-sidebar-style":"default","ast-global-header-display":"","ast-banner-title-visibility":"","ast-main-header-display":"","ast-hfb-above-header-display":"","ast-hfb-below-header-display":"","ast-hfb-mobile-header-display":"","site-post-title":"","ast-breadcrumbs-content":"","ast-featured-img":"","footer-sml-layout":"","ast-disable-related-posts":"","theme-transparent-header-meta":"","adv-header-id-meta":"","stick-header-meta":"","header-above-stick-meta":"","header-main-stick-meta":"","header-below-stick-meta":"","astra-migrate-meta-layouts":"default","ast-page-background-enabled":"default","ast-page-background-meta":{"desktop":{"background-color":"var(--ast-global-color-5)","background-image":"","background-repeat":"repeat","background-position":"center center","background-size":"auto","background-attachment":"scroll","background-type":"","background-media":"","overlay-type":"","overlay-color":"","overlay-opacity":"","overlay-gradient":""},"tablet":{"background-color":"","background-image":"","background-repeat":"repeat","background-position":"center center","background-size":"auto","background-attachment":"scroll","background-type":"","background-media":"","overlay-type":"","overlay-color":"","overlay-opacity":"","overlay-gradient":""},"mobile":{"background-color":"","background-image":"","background-repeat":"repeat","background-position":"center center","background-size":"auto","background-attachment":"scroll","background-type":"","background-media":"","overlay-type":"","overlay-color":"","overlay-opacity":"","overlay-gradient":""}},"ast-content-background-meta":{"desktop":{"background-color":"var(--ast-global-color-4)","background-image":"","background-repeat":"repeat","background-position":"center center","background-size":"auto","background-attachment":"scroll","background-type":"","background-media":"","overlay-type":"","overlay-color":"","overlay-opacity":"","overlay-gradient":""},"tablet":{"background-color":"var(--ast-global-color-4)","background-image":"","background-repeat":"repeat","background-position":"center center","background-size":"auto","background-attachment":"scroll","background-type":"","background-media":"","overlay-type":"","overlay-color":"","overlay-opacity":"","overlay-gradient":""},"mobile":{"background-color":"var(--ast-global-color-4)","background-image":"","background-repeat":"repeat","background-position":"center center","background-size":"auto","background-attachment":"scroll","background-type":"","background-media":"","overlay-type":"","overlay-color":"","overlay-opacity":"","overlay-gradient":""}},"footnotes":""},"categories":[1],"tags":[],"class_list":["post-51972","post","type-post","status-publish","format-standard","hentry","category-sem-categoria"],"yoast_head":"<!-- This site is optimized with the Yoast SEO plugin v26.6 - https:\/\/yoast.com\/wordpress\/plugins\/seo\/ -->\n<title>Peritor\u00f3: l\u00edder da oposi\u00e7\u00e3o na C\u00e2mara quer derrubar veto do prefeito a projeto que beneficia educa\u00e7\u00e3o - Daniel Matos<\/title>\n<meta name=\"robots\" content=\"index, follow, max-snippet:-1, max-image-preview:large, max-video-preview:-1\" \/>\n<link rel=\"canonical\" href=\"https:\/\/www.blogsoestado.com\/danielmatos\/peritoro-lider-da-oposicao-na-camara-quer-derrubar-veto-do-prefeito-a-projeto-que-beneficia-educacao\/\" \/>\n<meta property=\"og:locale\" content=\"pt_BR\" \/>\n<meta property=\"og:type\" content=\"article\" \/>\n<meta property=\"og:title\" content=\"Peritor\u00f3: l\u00edder da oposi\u00e7\u00e3o na C\u00e2mara quer derrubar veto do prefeito a projeto que beneficia educa\u00e7\u00e3o - Daniel Matos\" \/>\n<meta property=\"og:description\" content=\"O vereador Clemilson Viana, l\u00edder da oposi\u00e7\u00e3o na C\u00e2mara Municipal de Peritor\u00f3, anunciou que se empenhar\u00e1 para derrubar o veto [&hellip;]\" \/>\n<meta property=\"og:url\" content=\"https:\/\/www.blogsoestado.com\/danielmatos\/peritoro-lider-da-oposicao-na-camara-quer-derrubar-veto-do-prefeito-a-projeto-que-beneficia-educacao\/\" \/>\n<meta property=\"og:site_name\" content=\"Daniel Matos\" \/>\n<meta property=\"article:published_time\" content=\"2018-06-05T15:20:41+00:00\" \/>\n<meta property=\"og:image\" content=\"https:\/\/www.blogsoestado.com\/danielmatos\/files\/2018\/06\/veto-peritoro3.jpg\" \/>\n<meta name=\"twitter:card\" content=\"summary_large_image\" \/>\n<meta name=\"twitter:label1\" content=\"Est. tempo de leitura\" \/>\n\t<meta name=\"twitter:data1\" content=\"3 minutos\" \/>\n<script type=\"application\/ld+json\" class=\"yoast-schema-graph\">{\"@context\":\"https:\/\/schema.org\",\"@graph\":[{\"@type\":\"WebPage\",\"@id\":\"https:\/\/www.blogsoestado.com\/danielmatos\/peritoro-lider-da-oposicao-na-camara-quer-derrubar-veto-do-prefeito-a-projeto-que-beneficia-educacao\/\",\"url\":\"https:\/\/www.blogsoestado.com\/danielmatos\/peritoro-lider-da-oposicao-na-camara-quer-derrubar-veto-do-prefeito-a-projeto-que-beneficia-educacao\/\",\"name\":\"Peritor\u00f3: l\u00edder da oposi\u00e7\u00e3o na C\u00e2mara quer derrubar veto do prefeito a projeto que beneficia educa\u00e7\u00e3o - Daniel Matos\",\"isPartOf\":{\"@id\":\"https:\/\/www.blogsoestado.com\/danielmatos\/#website\"},\"primaryImageOfPage\":{\"@id\":\"https:\/\/www.blogsoestado.com\/danielmatos\/peritoro-lider-da-oposicao-na-camara-quer-derrubar-veto-do-prefeito-a-projeto-que-beneficia-educacao\/#primaryimage\"},\"image\":{\"@id\":\"https:\/\/www.blogsoestado.com\/danielmatos\/peritoro-lider-da-oposicao-na-camara-quer-derrubar-veto-do-prefeito-a-projeto-que-beneficia-educacao\/#primaryimage\"},\"thumbnailUrl\":\"https:\/\/www.blogsoestado.com\/danielmatos\/files\/2018\/06\/veto-peritoro3.jpg\",\"datePublished\":\"2018-06-05T15:20:41+00:00\",\"author\":{\"@id\":\"\"},\"breadcrumb\":{\"@id\":\"https:\/\/www.blogsoestado.com\/danielmatos\/peritoro-lider-da-oposicao-na-camara-quer-derrubar-veto-do-prefeito-a-projeto-que-beneficia-educacao\/#breadcrumb\"},\"inLanguage\":\"pt-BR\",\"potentialAction\":[{\"@type\":\"ReadAction\",\"target\":[\"https:\/\/www.blogsoestado.com\/danielmatos\/peritoro-lider-da-oposicao-na-camara-quer-derrubar-veto-do-prefeito-a-projeto-que-beneficia-educacao\/\"]}]},{\"@type\":\"ImageObject\",\"inLanguage\":\"pt-BR\",\"@id\":\"https:\/\/www.blogsoestado.com\/danielmatos\/peritoro-lider-da-oposicao-na-camara-quer-derrubar-veto-do-prefeito-a-projeto-que-beneficia-educacao\/#primaryimage\",\"url\":\"https:\/\/www.blogsoestado.com\/danielmatos\/files\/2018\/06\/veto-peritoro3.jpg\",\"contentUrl\":\"https:\/\/www.blogsoestado.com\/danielmatos\/files\/2018\/06\/veto-peritoro3.jpg\"},{\"@type\":\"BreadcrumbList\",\"@id\":\"https:\/\/www.blogsoestado.com\/danielmatos\/peritoro-lider-da-oposicao-na-camara-quer-derrubar-veto-do-prefeito-a-projeto-que-beneficia-educacao\/#breadcrumb\",\"itemListElement\":[{\"@type\":\"ListItem\",\"position\":1,\"name\":\"In\u00edcio\",\"item\":\"https:\/\/www.blogsoestado.com\/danielmatos\/\"},{\"@type\":\"ListItem\",\"position\":2,\"name\":\"Peritor\u00f3: l\u00edder da oposi\u00e7\u00e3o na C\u00e2mara quer derrubar veto do prefeito a projeto que beneficia educa\u00e7\u00e3o\"}]},{\"@type\":\"WebSite\",\"@id\":\"https:\/\/www.blogsoestado.com\/danielmatos\/#website\",\"url\":\"https:\/\/www.blogsoestado.com\/danielmatos\/\",\"name\":\"Daniel Matos\",\"description\":\"\",\"potentialAction\":[{\"@type\":\"SearchAction\",\"target\":{\"@type\":\"EntryPoint\",\"urlTemplate\":\"https:\/\/www.blogsoestado.com\/danielmatos\/?s={search_term_string}\"},\"query-input\":{\"@type\":\"PropertyValueSpecification\",\"valueRequired\":true,\"valueName\":\"search_term_string\"}}],\"inLanguage\":\"pt-BR\"}]}<\/script>\n<!-- \/ Yoast SEO plugin. -->","yoast_head_json":{"title":"Peritor\u00f3: l\u00edder da oposi\u00e7\u00e3o na C\u00e2mara quer derrubar veto do prefeito a projeto que beneficia educa\u00e7\u00e3o - Daniel Matos","robots":{"index":"index","follow":"follow","max-snippet":"max-snippet:-1","max-image-preview":"max-image-preview:large","max-video-preview":"max-video-preview:-1"},"canonical":"https:\/\/www.blogsoestado.com\/danielmatos\/peritoro-lider-da-oposicao-na-camara-quer-derrubar-veto-do-prefeito-a-projeto-que-beneficia-educacao\/","og_locale":"pt_BR","og_type":"article","og_title":"Peritor\u00f3: l\u00edder da oposi\u00e7\u00e3o na C\u00e2mara quer derrubar veto do prefeito a projeto que beneficia educa\u00e7\u00e3o - Daniel Matos","og_description":"O vereador Clemilson Viana, l\u00edder da oposi\u00e7\u00e3o na C\u00e2mara Municipal de Peritor\u00f3, anunciou que se empenhar\u00e1 para derrubar o veto [&hellip;]","og_url":"https:\/\/www.blogsoestado.com\/danielmatos\/peritoro-lider-da-oposicao-na-camara-quer-derrubar-veto-do-prefeito-a-projeto-que-beneficia-educacao\/","og_site_name":"Daniel Matos","article_published_time":"2018-06-05T15:20:41+00:00","og_image":[{"url":"https:\/\/www.blogsoestado.com\/danielmatos\/files\/2018\/06\/veto-peritoro3.jpg","type":"","width":"","height":""}],"twitter_card":"summary_large_image","twitter_misc":{"Est. tempo de leitura":"3 minutos"},"schema":{"@context":"https:\/\/schema.org","@graph":[{"@type":"WebPage","@id":"https:\/\/www.blogsoestado.com\/danielmatos\/peritoro-lider-da-oposicao-na-camara-quer-derrubar-veto-do-prefeito-a-projeto-que-beneficia-educacao\/","url":"https:\/\/www.blogsoestado.com\/danielmatos\/peritoro-lider-da-oposicao-na-camara-quer-derrubar-veto-do-prefeito-a-projeto-que-beneficia-educacao\/","name":"Peritor\u00f3: l\u00edder da oposi\u00e7\u00e3o na C\u00e2mara quer derrubar veto do prefeito a projeto que beneficia educa\u00e7\u00e3o - Daniel Matos","isPartOf":{"@id":"https:\/\/www.blogsoestado.com\/danielmatos\/#website"},"primaryImageOfPage":{"@id":"https:\/\/www.blogsoestado.com\/danielmatos\/peritoro-lider-da-oposicao-na-camara-quer-derrubar-veto-do-prefeito-a-projeto-que-beneficia-educacao\/#primaryimage"},"image":{"@id":"https:\/\/www.blogsoestado.com\/danielmatos\/peritoro-lider-da-oposicao-na-camara-quer-derrubar-veto-do-prefeito-a-projeto-que-beneficia-educacao\/#primaryimage"},"thumbnailUrl":"https:\/\/www.blogsoestado.com\/danielmatos\/files\/2018\/06\/veto-peritoro3.jpg","datePublished":"2018-06-05T15:20:41+00:00","author":{"@id":""},"breadcrumb":{"@id":"https:\/\/www.blogsoestado.com\/danielmatos\/peritoro-lider-da-oposicao-na-camara-quer-derrubar-veto-do-prefeito-a-projeto-que-beneficia-educacao\/#breadcrumb"},"inLanguage":"pt-BR","potentialAction":[{"@type":"ReadAction","target":["https:\/\/www.blogsoestado.com\/danielmatos\/peritoro-lider-da-oposicao-na-camara-quer-derrubar-veto-do-prefeito-a-projeto-que-beneficia-educacao\/"]}]},{"@type":"ImageObject","inLanguage":"pt-BR","@id":"https:\/\/www.blogsoestado.com\/danielmatos\/peritoro-lider-da-oposicao-na-camara-quer-derrubar-veto-do-prefeito-a-projeto-que-beneficia-educacao\/#primaryimage","url":"https:\/\/www.blogsoestado.com\/danielmatos\/files\/2018\/06\/veto-peritoro3.jpg","contentUrl":"https:\/\/www.blogsoestado.com\/danielmatos\/files\/2018\/06\/veto-peritoro3.jpg"},{"@type":"BreadcrumbList","@id":"https:\/\/www.blogsoestado.com\/danielmatos\/peritoro-lider-da-oposicao-na-camara-quer-derrubar-veto-do-prefeito-a-projeto-que-beneficia-educacao\/#breadcrumb","itemListElement":[{"@type":"ListItem","position":1,"name":"In\u00edcio","item":"https:\/\/www.blogsoestado.com\/danielmatos\/"},{"@type":"ListItem","position":2,"name":"Peritor\u00f3: l\u00edder da oposi\u00e7\u00e3o na C\u00e2mara quer derrubar veto do prefeito a projeto que beneficia educa\u00e7\u00e3o"}]},{"@type":"WebSite","@id":"https:\/\/www.blogsoestado.com\/danielmatos\/#website","url":"https:\/\/www.blogsoestado.com\/danielmatos\/","name":"Daniel Matos","description":"","potentialAction":[{"@type":"SearchAction","target":{"@type":"EntryPoint","urlTemplate":"https:\/\/www.blogsoestado.com\/danielmatos\/?s={search_term_string}"},"query-input":{"@type":"PropertyValueSpecification","valueRequired":true,"valueName":"search_term_string"}}],"inLanguage":"pt-BR"}]}},"jetpack_featured_media_url":"","_links":{"self":[{"href":"https:\/\/www.blogsoestado.com\/danielmatos\/wp-json\/wp\/v2\/posts\/51972","targetHints":{"allow":["GET"]}}],"collection":[{"href":"https:\/\/www.blogsoestado.com\/danielmatos\/wp-json\/wp\/v2\/posts"}],"about":[{"href":"https:\/\/www.blogsoestado.com\/danielmatos\/wp-json\/wp\/v2\/types\/post"}],"replies":[{"embeddable":true,"href":"https:\/\/www.blogsoestado.com\/danielmatos\/wp-json\/wp\/v2\/comments?post=51972"}],"version-history":[{"count":0,"href":"https:\/\/www.blogsoestado.com\/danielmatos\/wp-json\/wp\/v2\/posts\/51972\/revisions"}],"wp:attachment":[{"href":"https:\/\/www.blogsoestado.com\/danielmatos\/wp-json\/wp\/v2\/media?parent=51972"}],"wp:term":[{"taxonomy":"category","embeddable":true,"href":"https:\/\/www.blogsoestado.com\/danielmatos\/wp-json\/wp\/v2\/categories?post=51972"},{"taxonomy":"post_tag","embeddable":true,"href":"https:\/\/www.blogsoestado.com\/danielmatos\/wp-json\/wp\/v2\/tags?post=51972"}],"curies":[{"name":"wp","href":"https:\/\/api.w.org\/{rel}","templated":true}]}}