{"id":51981,"date":"2018-06-05T15:04:14","date_gmt":"2018-06-05T18:04:14","guid":{"rendered":"https:\/\/www.blogsoestado.com\/danielmatos\/?p=51981"},"modified":"2018-06-05T15:04:14","modified_gmt":"2018-06-05T18:04:14","slug":"marcial-lima-quer-discutir-aproveitamento-de-mao-de-obra-local-em-audiencia-na-camara","status":"publish","type":"post","link":"https:\/\/www.blogsoestado.com\/danielmatos\/marcial-lima-quer-discutir-aproveitamento-de-mao-de-obra-local-em-audiencia-na-camara\/","title":{"rendered":"Marcial Lima quer discutir aproveitamento de m\u00e3o de obra local em audi\u00eancia na C\u00e2mara"},"content":{"rendered":"<figure id=\"attachment_51982\" aria-describedby=\"caption-attachment-51982\" style=\"width: 420px\" class=\"wp-caption alignright\"><img fetchpriority=\"high\" decoding=\"async\" class=\"wp-image-51982\" src=\"https:\/\/www.blogsoestado.com\/danielmatos\/files\/2018\/06\/marcial-aproveitamento.jpg\" alt=\"\" width=\"420\" height=\"279\" \/><figcaption id=\"caption-attachment-51982\" class=\"wp-caption-text\">Marcial Lima defende destina\u00e7\u00e3o de vagas em empreendimentos a moradores de S\u00e3o Lu\u00eds<\/figcaption><\/figure>\n<p>Por meio de um requerimento apresentado no plen\u00e1rio da C\u00e2mara Municipal de S\u00e3o Lu\u00eds, o vereador Marcial Lima (PRTB) est\u00e1 propondo uma audi\u00eancia p\u00fablica, com objetivo de promover um amplo debate sobre o aproveitamento da m\u00e3o de obra local em empreendimentos, notadamente os que se instalam na capital maranhense.<\/p>\n<p>O evento inicialmente pretende \u201cdiscutir a situa\u00e7\u00e3o da comunidade da \u00e1rea Itaqui-Bacanga, sobre projeto de gera\u00e7\u00e3o de trabalho e renda nas comunidades\u201d, enfatiza Marcial Lima na sua proposta. A iniciativa, segundo ele, surgiu a partir de sugest\u00e3o apresentada pelo MACAIB (Movimento Comunit\u00e1rio da \u00c1rea Itaqui Bacanga).<\/p>\n<p>Marcial Lima espera aprofundar a discuss\u00e3o sobre o tema \u201cde aproveitamento da m\u00e3o de obra de S\u00e3o Lu\u00eds, j\u00e1 que alguns empreendimentos que aqui se instalam n\u00e3o est\u00e3o oferecendo oportunidade para os nossos t\u00e9cnicos, para a nossa m\u00e3o de obra\u201d. Sem demonstrar algum tipo de fobia, o parlamentar do PRTB uns chegam a alegar a especializa\u00e7\u00e3o, \u201ce n\u00e3o sei se \u00e9 isso mesmo, pois com toda tecnologia que dispomos, chegou a duvidar desse argumento\u201d, acentua o vereador.<\/p>\n<p>Para participar da audi\u00eancia p\u00fablica, Marcial Lima j\u00e1 tem como sugest\u00e3o para convidados lideran\u00e7as comunit\u00e1rias, Procuradoria Geral da Justi\u00e7a, Minist\u00e9rio P\u00fablico do Trabalho 16\u00aa Regi\u00e3o, Minist\u00e9rio P\u00fablico Estadual, representantes da Prefeitura de S\u00e3o Lu\u00eds, Secretaria de Estado da Ind\u00fastria e Com\u00e9rcio, Central de Movimento Sindical, Sindicato das Ind\u00fastrias da Constru\u00e7\u00e3o Civil, Promotoria Especializada dos Direitos do Cidad\u00e3o, Sociedade dos Direitos Humanos,, Secretaria de Planejamento, SINE, OAB, FIEMA, FECOM\u00c9RCIO, CDL, universidades e outros organismos ligados a quest\u00e3o.<\/p>\n","protected":false},"excerpt":{"rendered":"<p>Por meio de um requerimento apresentado no plen\u00e1rio da C\u00e2mara Municipal de S\u00e3o Lu\u00eds, o vereador Marcial Lima (PRTB) est\u00e1 [&hellip;]<\/p>\n","protected":false},"author":0,"featured_media":0,"comment_status":"open","ping_status":"open","sticky":false,"template":"","format":"standard","meta":{"site-sidebar-layout":"default","site-content-layout":"","ast-site-content-layout":"default","site-content-style":"default","site-sidebar-style":"default","ast-global-header-display":"","ast-banner-title-visibility":"","ast-main-header-display":"","ast-hfb-above-header-display":"","ast-hfb-below-header-display":"","ast-hfb-mobile-header-display":"","site-post-title":"","ast-breadcrumbs-content":"","ast-featured-img":"","footer-sml-layout":"","ast-disable-related-posts":"","theme-transparent-header-meta":"","adv-header-id-meta":"","stick-header-meta":"","header-above-stick-meta":"","header-main-stick-meta":"","header-below-stick-meta":"","astra-migrate-meta-layouts":"default","ast-page-background-enabled":"default","ast-page-background-meta":{"desktop":{"background-color":"var(--ast-global-color-5)","background-image":"","background-repeat":"repeat","background-position":"center center","background-size":"auto","background-attachment":"scroll","background-type":"","background-media":"","overlay-type":"","overlay-color":"","overlay-opacity":"","overlay-gradient":""},"tablet":{"background-color":"","background-image":"","background-repeat":"repeat","background-position":"center center","background-size":"auto","background-attachment":"scroll","background-type":"","background-media":"","overlay-type":"","overlay-color":"","overlay-opacity":"","overlay-gradient":""},"mobile":{"background-color":"","background-image":"","background-repeat":"repeat","background-position":"center center","background-size":"auto","background-attachment":"scroll","background-type":"","background-media":"","overlay-type":"","overlay-color":"","overlay-opacity":"","overlay-gradient":""}},"ast-content-background-meta":{"desktop":{"background-color":"var(--ast-global-color-4)","background-image":"","background-repeat":"repeat","background-position":"center center","background-size":"auto","background-attachment":"scroll","background-type":"","background-media":"","overlay-type":"","overlay-color":"","overlay-opacity":"","overlay-gradient":""},"tablet":{"background-color":"var(--ast-global-color-4)","background-image":"","background-repeat":"repeat","background-position":"center center","background-size":"auto","background-attachment":"scroll","background-type":"","background-media":"","overlay-type":"","overlay-color":"","overlay-opacity":"","overlay-gradient":""},"mobile":{"background-color":"var(--ast-global-color-4)","background-image":"","background-repeat":"repeat","background-position":"center center","background-size":"auto","background-attachment":"scroll","background-type":"","background-media":"","overlay-type":"","overlay-color":"","overlay-opacity":"","overlay-gradient":""}},"footnotes":""},"categories":[1],"tags":[],"class_list":["post-51981","post","type-post","status-publish","format-standard","hentry","category-sem-categoria"],"yoast_head":"<!-- This site is optimized with the Yoast SEO plugin v26.6 - https:\/\/yoast.com\/wordpress\/plugins\/seo\/ -->\n<title>Marcial Lima quer discutir aproveitamento de m\u00e3o de obra local em audi\u00eancia na C\u00e2mara - Daniel Matos<\/title>\n<meta name=\"robots\" content=\"index, follow, max-snippet:-1, max-image-preview:large, max-video-preview:-1\" \/>\n<link rel=\"canonical\" href=\"https:\/\/www.blogsoestado.com\/danielmatos\/marcial-lima-quer-discutir-aproveitamento-de-mao-de-obra-local-em-audiencia-na-camara\/\" \/>\n<meta property=\"og:locale\" content=\"pt_BR\" \/>\n<meta property=\"og:type\" content=\"article\" \/>\n<meta property=\"og:title\" content=\"Marcial Lima quer discutir aproveitamento de m\u00e3o de obra local em audi\u00eancia na C\u00e2mara - Daniel Matos\" \/>\n<meta property=\"og:description\" content=\"Por meio de um requerimento apresentado no plen\u00e1rio da C\u00e2mara Municipal de S\u00e3o Lu\u00eds, o vereador Marcial Lima (PRTB) est\u00e1 [&hellip;]\" \/>\n<meta property=\"og:url\" content=\"https:\/\/www.blogsoestado.com\/danielmatos\/marcial-lima-quer-discutir-aproveitamento-de-mao-de-obra-local-em-audiencia-na-camara\/\" \/>\n<meta property=\"og:site_name\" content=\"Daniel Matos\" \/>\n<meta property=\"article:published_time\" content=\"2018-06-05T18:04:14+00:00\" \/>\n<meta property=\"og:image\" content=\"https:\/\/www.blogsoestado.com\/danielmatos\/files\/2018\/06\/marcial-aproveitamento.jpg\" \/>\n<meta name=\"twitter:card\" content=\"summary_large_image\" \/>\n<meta name=\"twitter:label1\" content=\"Est. tempo de leitura\" \/>\n\t<meta name=\"twitter:data1\" content=\"2 minutos\" \/>\n<script type=\"application\/ld+json\" class=\"yoast-schema-graph\">{\"@context\":\"https:\/\/schema.org\",\"@graph\":[{\"@type\":\"WebPage\",\"@id\":\"https:\/\/www.blogsoestado.com\/danielmatos\/marcial-lima-quer-discutir-aproveitamento-de-mao-de-obra-local-em-audiencia-na-camara\/\",\"url\":\"https:\/\/www.blogsoestado.com\/danielmatos\/marcial-lima-quer-discutir-aproveitamento-de-mao-de-obra-local-em-audiencia-na-camara\/\",\"name\":\"Marcial Lima quer discutir aproveitamento de m\u00e3o de obra local em audi\u00eancia na C\u00e2mara - Daniel Matos\",\"isPartOf\":{\"@id\":\"https:\/\/www.blogsoestado.com\/danielmatos\/#website\"},\"primaryImageOfPage\":{\"@id\":\"https:\/\/www.blogsoestado.com\/danielmatos\/marcial-lima-quer-discutir-aproveitamento-de-mao-de-obra-local-em-audiencia-na-camara\/#primaryimage\"},\"image\":{\"@id\":\"https:\/\/www.blogsoestado.com\/danielmatos\/marcial-lima-quer-discutir-aproveitamento-de-mao-de-obra-local-em-audiencia-na-camara\/#primaryimage\"},\"thumbnailUrl\":\"https:\/\/www.blogsoestado.com\/danielmatos\/files\/2018\/06\/marcial-aproveitamento.jpg\",\"datePublished\":\"2018-06-05T18:04:14+00:00\",\"author\":{\"@id\":\"\"},\"breadcrumb\":{\"@id\":\"https:\/\/www.blogsoestado.com\/danielmatos\/marcial-lima-quer-discutir-aproveitamento-de-mao-de-obra-local-em-audiencia-na-camara\/#breadcrumb\"},\"inLanguage\":\"pt-BR\",\"potentialAction\":[{\"@type\":\"ReadAction\",\"target\":[\"https:\/\/www.blogsoestado.com\/danielmatos\/marcial-lima-quer-discutir-aproveitamento-de-mao-de-obra-local-em-audiencia-na-camara\/\"]}]},{\"@type\":\"ImageObject\",\"inLanguage\":\"pt-BR\",\"@id\":\"https:\/\/www.blogsoestado.com\/danielmatos\/marcial-lima-quer-discutir-aproveitamento-de-mao-de-obra-local-em-audiencia-na-camara\/#primaryimage\",\"url\":\"https:\/\/www.blogsoestado.com\/danielmatos\/files\/2018\/06\/marcial-aproveitamento.jpg\",\"contentUrl\":\"https:\/\/www.blogsoestado.com\/danielmatos\/files\/2018\/06\/marcial-aproveitamento.jpg\"},{\"@type\":\"BreadcrumbList\",\"@id\":\"https:\/\/www.blogsoestado.com\/danielmatos\/marcial-lima-quer-discutir-aproveitamento-de-mao-de-obra-local-em-audiencia-na-camara\/#breadcrumb\",\"itemListElement\":[{\"@type\":\"ListItem\",\"position\":1,\"name\":\"In\u00edcio\",\"item\":\"https:\/\/www.blogsoestado.com\/danielmatos\/\"},{\"@type\":\"ListItem\",\"position\":2,\"name\":\"Marcial Lima quer discutir aproveitamento de m\u00e3o de obra local em audi\u00eancia na C\u00e2mara\"}]},{\"@type\":\"WebSite\",\"@id\":\"https:\/\/www.blogsoestado.com\/danielmatos\/#website\",\"url\":\"https:\/\/www.blogsoestado.com\/danielmatos\/\",\"name\":\"Daniel Matos\",\"description\":\"\",\"potentialAction\":[{\"@type\":\"SearchAction\",\"target\":{\"@type\":\"EntryPoint\",\"urlTemplate\":\"https:\/\/www.blogsoestado.com\/danielmatos\/?s={search_term_string}\"},\"query-input\":{\"@type\":\"PropertyValueSpecification\",\"valueRequired\":true,\"valueName\":\"search_term_string\"}}],\"inLanguage\":\"pt-BR\"}]}<\/script>\n<!-- \/ Yoast SEO plugin. -->","yoast_head_json":{"title":"Marcial Lima quer discutir aproveitamento de m\u00e3o de obra local em audi\u00eancia na C\u00e2mara - Daniel Matos","robots":{"index":"index","follow":"follow","max-snippet":"max-snippet:-1","max-image-preview":"max-image-preview:large","max-video-preview":"max-video-preview:-1"},"canonical":"https:\/\/www.blogsoestado.com\/danielmatos\/marcial-lima-quer-discutir-aproveitamento-de-mao-de-obra-local-em-audiencia-na-camara\/","og_locale":"pt_BR","og_type":"article","og_title":"Marcial Lima quer discutir aproveitamento de m\u00e3o de obra local em audi\u00eancia na C\u00e2mara - Daniel Matos","og_description":"Por meio de um requerimento apresentado no plen\u00e1rio da C\u00e2mara Municipal de S\u00e3o Lu\u00eds, o vereador Marcial Lima (PRTB) est\u00e1 [&hellip;]","og_url":"https:\/\/www.blogsoestado.com\/danielmatos\/marcial-lima-quer-discutir-aproveitamento-de-mao-de-obra-local-em-audiencia-na-camara\/","og_site_name":"Daniel Matos","article_published_time":"2018-06-05T18:04:14+00:00","og_image":[{"url":"https:\/\/www.blogsoestado.com\/danielmatos\/files\/2018\/06\/marcial-aproveitamento.jpg","type":"","width":"","height":""}],"twitter_card":"summary_large_image","twitter_misc":{"Est. tempo de leitura":"2 minutos"},"schema":{"@context":"https:\/\/schema.org","@graph":[{"@type":"WebPage","@id":"https:\/\/www.blogsoestado.com\/danielmatos\/marcial-lima-quer-discutir-aproveitamento-de-mao-de-obra-local-em-audiencia-na-camara\/","url":"https:\/\/www.blogsoestado.com\/danielmatos\/marcial-lima-quer-discutir-aproveitamento-de-mao-de-obra-local-em-audiencia-na-camara\/","name":"Marcial Lima quer discutir aproveitamento de m\u00e3o de obra local em audi\u00eancia na C\u00e2mara - Daniel Matos","isPartOf":{"@id":"https:\/\/www.blogsoestado.com\/danielmatos\/#website"},"primaryImageOfPage":{"@id":"https:\/\/www.blogsoestado.com\/danielmatos\/marcial-lima-quer-discutir-aproveitamento-de-mao-de-obra-local-em-audiencia-na-camara\/#primaryimage"},"image":{"@id":"https:\/\/www.blogsoestado.com\/danielmatos\/marcial-lima-quer-discutir-aproveitamento-de-mao-de-obra-local-em-audiencia-na-camara\/#primaryimage"},"thumbnailUrl":"https:\/\/www.blogsoestado.com\/danielmatos\/files\/2018\/06\/marcial-aproveitamento.jpg","datePublished":"2018-06-05T18:04:14+00:00","author":{"@id":""},"breadcrumb":{"@id":"https:\/\/www.blogsoestado.com\/danielmatos\/marcial-lima-quer-discutir-aproveitamento-de-mao-de-obra-local-em-audiencia-na-camara\/#breadcrumb"},"inLanguage":"pt-BR","potentialAction":[{"@type":"ReadAction","target":["https:\/\/www.blogsoestado.com\/danielmatos\/marcial-lima-quer-discutir-aproveitamento-de-mao-de-obra-local-em-audiencia-na-camara\/"]}]},{"@type":"ImageObject","inLanguage":"pt-BR","@id":"https:\/\/www.blogsoestado.com\/danielmatos\/marcial-lima-quer-discutir-aproveitamento-de-mao-de-obra-local-em-audiencia-na-camara\/#primaryimage","url":"https:\/\/www.blogsoestado.com\/danielmatos\/files\/2018\/06\/marcial-aproveitamento.jpg","contentUrl":"https:\/\/www.blogsoestado.com\/danielmatos\/files\/2018\/06\/marcial-aproveitamento.jpg"},{"@type":"BreadcrumbList","@id":"https:\/\/www.blogsoestado.com\/danielmatos\/marcial-lima-quer-discutir-aproveitamento-de-mao-de-obra-local-em-audiencia-na-camara\/#breadcrumb","itemListElement":[{"@type":"ListItem","position":1,"name":"In\u00edcio","item":"https:\/\/www.blogsoestado.com\/danielmatos\/"},{"@type":"ListItem","position":2,"name":"Marcial Lima quer discutir aproveitamento de m\u00e3o de obra local em audi\u00eancia na C\u00e2mara"}]},{"@type":"WebSite","@id":"https:\/\/www.blogsoestado.com\/danielmatos\/#website","url":"https:\/\/www.blogsoestado.com\/danielmatos\/","name":"Daniel Matos","description":"","potentialAction":[{"@type":"SearchAction","target":{"@type":"EntryPoint","urlTemplate":"https:\/\/www.blogsoestado.com\/danielmatos\/?s={search_term_string}"},"query-input":{"@type":"PropertyValueSpecification","valueRequired":true,"valueName":"search_term_string"}}],"inLanguage":"pt-BR"}]}},"jetpack_featured_media_url":"","_links":{"self":[{"href":"https:\/\/www.blogsoestado.com\/danielmatos\/wp-json\/wp\/v2\/posts\/51981","targetHints":{"allow":["GET"]}}],"collection":[{"href":"https:\/\/www.blogsoestado.com\/danielmatos\/wp-json\/wp\/v2\/posts"}],"about":[{"href":"https:\/\/www.blogsoestado.com\/danielmatos\/wp-json\/wp\/v2\/types\/post"}],"replies":[{"embeddable":true,"href":"https:\/\/www.blogsoestado.com\/danielmatos\/wp-json\/wp\/v2\/comments?post=51981"}],"version-history":[{"count":0,"href":"https:\/\/www.blogsoestado.com\/danielmatos\/wp-json\/wp\/v2\/posts\/51981\/revisions"}],"wp:attachment":[{"href":"https:\/\/www.blogsoestado.com\/danielmatos\/wp-json\/wp\/v2\/media?parent=51981"}],"wp:term":[{"taxonomy":"category","embeddable":true,"href":"https:\/\/www.blogsoestado.com\/danielmatos\/wp-json\/wp\/v2\/categories?post=51981"},{"taxonomy":"post_tag","embeddable":true,"href":"https:\/\/www.blogsoestado.com\/danielmatos\/wp-json\/wp\/v2\/tags?post=51981"}],"curies":[{"name":"wp","href":"https:\/\/api.w.org\/{rel}","templated":true}]}}