{"id":51985,"date":"2018-06-05T16:17:15","date_gmt":"2018-06-05T19:17:15","guid":{"rendered":"https:\/\/www.blogsoestado.com\/danielmatos\/?p=51985"},"modified":"2018-06-05T16:17:15","modified_gmt":"2018-06-05T19:17:15","slug":"sucesso-da-festa-do-primeiro-centenario-do-bairro-liberdade-continua-repercutindo-em-sao-luis","status":"publish","type":"post","link":"https:\/\/www.blogsoestado.com\/danielmatos\/sucesso-da-festa-do-primeiro-centenario-do-bairro-liberdade-continua-repercutindo-em-sao-luis\/","title":{"rendered":"Sucesso da festa do primeiro centen\u00e1rio do bairro Liberdade continua repercutindo em S\u00e3o Lu\u00eds"},"content":{"rendered":"<figure id=\"attachment_51986\" aria-describedby=\"caption-attachment-51986\" style=\"width: 670px\" class=\"wp-caption aligncenter\"><img fetchpriority=\"high\" decoding=\"async\" class=\"wp-image-51986\" src=\"https:\/\/www.blogsoestado.com\/danielmatos\/files\/2018\/06\/liberdade100dois.jpg\" alt=\"\" width=\"670\" height=\"441\" \/><figcaption id=\"caption-attachment-51986\" class=\"wp-caption-text\">Vereador C\u00e9zar Bombeiro em diferentes momentos da festa, ao lado do deputado Eduardo Braide, do l\u00edder sindical Cleinaldo Lopes e recebendo o abra\u00e7o da comunidade<\/figcaption><\/figure>\n<p>Apesar das in\u00fameras tentativas para impedir a realiza\u00e7\u00e3o da festa do 1\u00ba Centen\u00e1rio do Bairro da Liberdade, a determina\u00e7\u00e3o e compromisso do vereador C\u00e9zar Bombeiro e dos v\u00e1rios segmentos comunit\u00e1rios transformaram um sonho em liberdade, superando todas as expectativas. Quando o povo quer e luta por anseios, todas as adversidades criadas, inclusive com objetivos de destrui\u00e7\u00e3o, s\u00e3o vencidas e a comunidade se sobrep\u00f5e, diz a pedagoga Jos\u00e9lia Costa, expressiva l\u00edder comunit\u00e1ria da Liberdade.<\/p>\n<p>A verdade \u00e9 que as comunidades do bairro da Liberdade entenderam que as articula\u00e7\u00f5es para impedir a realiza\u00e7\u00e3o da festa, n\u00e3o foi apenas ao vereador C\u00e9zar Bombeiro, mas aos cidad\u00e3os e cidad\u00e3s, que poderiam ser privados de um direito digno e leg\u00edtimo, da\u00ed a resposta com a participa\u00e7\u00e3o massiva com a vit\u00f3ria espelhada em cada rosto e nas importantes apresenta\u00e7\u00f5es do rico folcl\u00f3rico de todo o rinc\u00e3o da Liberdade, em suas expressivas manifesta\u00e7\u00f5es potencializadas com alegria e sentimento de orgulho, afirma a l\u00edder Jos\u00e9lia Costa.<\/p>\n<p>O vereador C\u00e9zar Bombeiro, depois do consagrado sucesso da festa do 1\u00ba Centen\u00e1rio do Bairro da Liberdade, disse que a importante vit\u00f3ria \u00e9 de todos os segmentos comunit\u00e1rios, que al\u00e9m de terem contribu\u00eddo para a organiza\u00e7\u00e3o, participaram com as suas fam\u00edlias os dias de consagra\u00e7\u00e3o. N\u00e3o se pode desrespeitar e tentar mexer com os brios das pessoas pobres e humildes, uma vez que elas t\u00eam sentimentos, dignidade e sabem dar respostas aos que tentam transform\u00e1-las em massa de manobra, afirmou o vereador do PSD.<\/p>\n<p>A programa\u00e7\u00e3o cultural do evento, fruto da comiss\u00e3o de organiza\u00e7\u00e3o. teve uma participa\u00e7\u00e3o bem acentuada dos grupos culturais das comunidades da Liberdade. Quanto aos batalh\u00f5es pesados do bumba-boi por l\u00e1 passaram os inquestion\u00e1veis Boi Novilho Branco, Boi de Leonardo e o Boi da Maioba, que gravou na festa o seu mais novo dvd. O certo dentro do contexto, \u00e9 que a organiza\u00e7\u00e3o comunit\u00e1ria precedida de compromisso, seriedade e transpar\u00eancia se transformaram em conquistas com a multiplica\u00e7\u00e3o de vit\u00f3rias, que est\u00e3o apenas iniciando.<\/p>\n<p>A participa\u00e7\u00e3o dos deputados estaduais Eduardo Braide e Welington do Curso, do deputado federal Hildo Rocha e do vereador Garcez, al\u00e9m de expressivas lideran\u00e7as sindicais e comunit\u00e1rias como Cleinaldo Bil Lopes, foram importantes para abrilhantar o maior acontecimento do ano no Bairro da Liberdade.<\/p>\n","protected":false},"excerpt":{"rendered":"<p>Apesar das in\u00fameras tentativas para impedir a realiza\u00e7\u00e3o da festa do 1\u00ba Centen\u00e1rio do Bairro da Liberdade, a determina\u00e7\u00e3o e [&hellip;]<\/p>\n","protected":false},"author":0,"featured_media":0,"comment_status":"open","ping_status":"open","sticky":false,"template":"","format":"standard","meta":{"site-sidebar-layout":"default","site-content-layout":"","ast-site-content-layout":"default","site-content-style":"default","site-sidebar-style":"default","ast-global-header-display":"","ast-banner-title-visibility":"","ast-main-header-display":"","ast-hfb-above-header-display":"","ast-hfb-below-header-display":"","ast-hfb-mobile-header-display":"","site-post-title":"","ast-breadcrumbs-content":"","ast-featured-img":"","footer-sml-layout":"","ast-disable-related-posts":"","theme-transparent-header-meta":"","adv-header-id-meta":"","stick-header-meta":"","header-above-stick-meta":"","header-main-stick-meta":"","header-below-stick-meta":"","astra-migrate-meta-layouts":"default","ast-page-background-enabled":"default","ast-page-background-meta":{"desktop":{"background-color":"var(--ast-global-color-5)","background-image":"","background-repeat":"repeat","background-position":"center center","background-size":"auto","background-attachment":"scroll","background-type":"","background-media":"","overlay-type":"","overlay-color":"","overlay-opacity":"","overlay-gradient":""},"tablet":{"background-color":"","background-image":"","background-repeat":"repeat","background-position":"center center","background-size":"auto","background-attachment":"scroll","background-type":"","background-media":"","overlay-type":"","overlay-color":"","overlay-opacity":"","overlay-gradient":""},"mobile":{"background-color":"","background-image":"","background-repeat":"repeat","background-position":"center center","background-size":"auto","background-attachment":"scroll","background-type":"","background-media":"","overlay-type":"","overlay-color":"","overlay-opacity":"","overlay-gradient":""}},"ast-content-background-meta":{"desktop":{"background-color":"var(--ast-global-color-4)","background-image":"","background-repeat":"repeat","background-position":"center center","background-size":"auto","background-attachment":"scroll","background-type":"","background-media":"","overlay-type":"","overlay-color":"","overlay-opacity":"","overlay-gradient":""},"tablet":{"background-color":"var(--ast-global-color-4)","background-image":"","background-repeat":"repeat","background-position":"center center","background-size":"auto","background-attachment":"scroll","background-type":"","background-media":"","overlay-type":"","overlay-color":"","overlay-opacity":"","overlay-gradient":""},"mobile":{"background-color":"var(--ast-global-color-4)","background-image":"","background-repeat":"repeat","background-position":"center center","background-size":"auto","background-attachment":"scroll","background-type":"","background-media":"","overlay-type":"","overlay-color":"","overlay-opacity":"","overlay-gradient":""}},"footnotes":""},"categories":[1],"tags":[],"class_list":["post-51985","post","type-post","status-publish","format-standard","hentry","category-sem-categoria"],"yoast_head":"<!-- This site is optimized with the Yoast SEO plugin v26.6 - https:\/\/yoast.com\/wordpress\/plugins\/seo\/ -->\n<title>Sucesso da festa do primeiro centen\u00e1rio do bairro Liberdade continua repercutindo em S\u00e3o Lu\u00eds - Daniel Matos<\/title>\n<meta name=\"robots\" content=\"index, follow, max-snippet:-1, max-image-preview:large, max-video-preview:-1\" \/>\n<link rel=\"canonical\" href=\"https:\/\/www.blogsoestado.com\/danielmatos\/sucesso-da-festa-do-primeiro-centenario-do-bairro-liberdade-continua-repercutindo-em-sao-luis\/\" \/>\n<meta property=\"og:locale\" content=\"pt_BR\" \/>\n<meta property=\"og:type\" content=\"article\" \/>\n<meta property=\"og:title\" content=\"Sucesso da festa do primeiro centen\u00e1rio do bairro Liberdade continua repercutindo em S\u00e3o Lu\u00eds - Daniel Matos\" \/>\n<meta property=\"og:description\" content=\"Apesar das in\u00fameras tentativas para impedir a realiza\u00e7\u00e3o da festa do 1\u00ba Centen\u00e1rio do Bairro da Liberdade, a determina\u00e7\u00e3o e [&hellip;]\" \/>\n<meta property=\"og:url\" content=\"https:\/\/www.blogsoestado.com\/danielmatos\/sucesso-da-festa-do-primeiro-centenario-do-bairro-liberdade-continua-repercutindo-em-sao-luis\/\" \/>\n<meta property=\"og:site_name\" content=\"Daniel Matos\" \/>\n<meta property=\"article:published_time\" content=\"2018-06-05T19:17:15+00:00\" \/>\n<meta property=\"og:image\" content=\"https:\/\/www.blogsoestado.com\/danielmatos\/files\/2018\/06\/liberdade100dois.jpg\" \/>\n<meta name=\"twitter:card\" content=\"summary_large_image\" \/>\n<meta name=\"twitter:label1\" content=\"Est. tempo de leitura\" \/>\n\t<meta name=\"twitter:data1\" content=\"2 minutos\" \/>\n<script type=\"application\/ld+json\" class=\"yoast-schema-graph\">{\"@context\":\"https:\/\/schema.org\",\"@graph\":[{\"@type\":\"WebPage\",\"@id\":\"https:\/\/www.blogsoestado.com\/danielmatos\/sucesso-da-festa-do-primeiro-centenario-do-bairro-liberdade-continua-repercutindo-em-sao-luis\/\",\"url\":\"https:\/\/www.blogsoestado.com\/danielmatos\/sucesso-da-festa-do-primeiro-centenario-do-bairro-liberdade-continua-repercutindo-em-sao-luis\/\",\"name\":\"Sucesso da festa do primeiro centen\u00e1rio do bairro Liberdade continua repercutindo em S\u00e3o Lu\u00eds - Daniel Matos\",\"isPartOf\":{\"@id\":\"https:\/\/www.blogsoestado.com\/danielmatos\/#website\"},\"primaryImageOfPage\":{\"@id\":\"https:\/\/www.blogsoestado.com\/danielmatos\/sucesso-da-festa-do-primeiro-centenario-do-bairro-liberdade-continua-repercutindo-em-sao-luis\/#primaryimage\"},\"image\":{\"@id\":\"https:\/\/www.blogsoestado.com\/danielmatos\/sucesso-da-festa-do-primeiro-centenario-do-bairro-liberdade-continua-repercutindo-em-sao-luis\/#primaryimage\"},\"thumbnailUrl\":\"https:\/\/www.blogsoestado.com\/danielmatos\/files\/2018\/06\/liberdade100dois.jpg\",\"datePublished\":\"2018-06-05T19:17:15+00:00\",\"author\":{\"@id\":\"\"},\"breadcrumb\":{\"@id\":\"https:\/\/www.blogsoestado.com\/danielmatos\/sucesso-da-festa-do-primeiro-centenario-do-bairro-liberdade-continua-repercutindo-em-sao-luis\/#breadcrumb\"},\"inLanguage\":\"pt-BR\",\"potentialAction\":[{\"@type\":\"ReadAction\",\"target\":[\"https:\/\/www.blogsoestado.com\/danielmatos\/sucesso-da-festa-do-primeiro-centenario-do-bairro-liberdade-continua-repercutindo-em-sao-luis\/\"]}]},{\"@type\":\"ImageObject\",\"inLanguage\":\"pt-BR\",\"@id\":\"https:\/\/www.blogsoestado.com\/danielmatos\/sucesso-da-festa-do-primeiro-centenario-do-bairro-liberdade-continua-repercutindo-em-sao-luis\/#primaryimage\",\"url\":\"https:\/\/www.blogsoestado.com\/danielmatos\/files\/2018\/06\/liberdade100dois.jpg\",\"contentUrl\":\"https:\/\/www.blogsoestado.com\/danielmatos\/files\/2018\/06\/liberdade100dois.jpg\"},{\"@type\":\"BreadcrumbList\",\"@id\":\"https:\/\/www.blogsoestado.com\/danielmatos\/sucesso-da-festa-do-primeiro-centenario-do-bairro-liberdade-continua-repercutindo-em-sao-luis\/#breadcrumb\",\"itemListElement\":[{\"@type\":\"ListItem\",\"position\":1,\"name\":\"In\u00edcio\",\"item\":\"https:\/\/www.blogsoestado.com\/danielmatos\/\"},{\"@type\":\"ListItem\",\"position\":2,\"name\":\"Sucesso da festa do primeiro centen\u00e1rio do bairro Liberdade continua repercutindo em S\u00e3o Lu\u00eds\"}]},{\"@type\":\"WebSite\",\"@id\":\"https:\/\/www.blogsoestado.com\/danielmatos\/#website\",\"url\":\"https:\/\/www.blogsoestado.com\/danielmatos\/\",\"name\":\"Daniel Matos\",\"description\":\"\",\"potentialAction\":[{\"@type\":\"SearchAction\",\"target\":{\"@type\":\"EntryPoint\",\"urlTemplate\":\"https:\/\/www.blogsoestado.com\/danielmatos\/?s={search_term_string}\"},\"query-input\":{\"@type\":\"PropertyValueSpecification\",\"valueRequired\":true,\"valueName\":\"search_term_string\"}}],\"inLanguage\":\"pt-BR\"}]}<\/script>\n<!-- \/ Yoast SEO plugin. -->","yoast_head_json":{"title":"Sucesso da festa do primeiro centen\u00e1rio do bairro Liberdade continua repercutindo em S\u00e3o Lu\u00eds - Daniel Matos","robots":{"index":"index","follow":"follow","max-snippet":"max-snippet:-1","max-image-preview":"max-image-preview:large","max-video-preview":"max-video-preview:-1"},"canonical":"https:\/\/www.blogsoestado.com\/danielmatos\/sucesso-da-festa-do-primeiro-centenario-do-bairro-liberdade-continua-repercutindo-em-sao-luis\/","og_locale":"pt_BR","og_type":"article","og_title":"Sucesso da festa do primeiro centen\u00e1rio do bairro Liberdade continua repercutindo em S\u00e3o Lu\u00eds - Daniel Matos","og_description":"Apesar das in\u00fameras tentativas para impedir a realiza\u00e7\u00e3o da festa do 1\u00ba Centen\u00e1rio do Bairro da Liberdade, a determina\u00e7\u00e3o e [&hellip;]","og_url":"https:\/\/www.blogsoestado.com\/danielmatos\/sucesso-da-festa-do-primeiro-centenario-do-bairro-liberdade-continua-repercutindo-em-sao-luis\/","og_site_name":"Daniel Matos","article_published_time":"2018-06-05T19:17:15+00:00","og_image":[{"url":"https:\/\/www.blogsoestado.com\/danielmatos\/files\/2018\/06\/liberdade100dois.jpg","type":"","width":"","height":""}],"twitter_card":"summary_large_image","twitter_misc":{"Est. tempo de leitura":"2 minutos"},"schema":{"@context":"https:\/\/schema.org","@graph":[{"@type":"WebPage","@id":"https:\/\/www.blogsoestado.com\/danielmatos\/sucesso-da-festa-do-primeiro-centenario-do-bairro-liberdade-continua-repercutindo-em-sao-luis\/","url":"https:\/\/www.blogsoestado.com\/danielmatos\/sucesso-da-festa-do-primeiro-centenario-do-bairro-liberdade-continua-repercutindo-em-sao-luis\/","name":"Sucesso da festa do primeiro centen\u00e1rio do bairro Liberdade continua repercutindo em S\u00e3o Lu\u00eds - Daniel Matos","isPartOf":{"@id":"https:\/\/www.blogsoestado.com\/danielmatos\/#website"},"primaryImageOfPage":{"@id":"https:\/\/www.blogsoestado.com\/danielmatos\/sucesso-da-festa-do-primeiro-centenario-do-bairro-liberdade-continua-repercutindo-em-sao-luis\/#primaryimage"},"image":{"@id":"https:\/\/www.blogsoestado.com\/danielmatos\/sucesso-da-festa-do-primeiro-centenario-do-bairro-liberdade-continua-repercutindo-em-sao-luis\/#primaryimage"},"thumbnailUrl":"https:\/\/www.blogsoestado.com\/danielmatos\/files\/2018\/06\/liberdade100dois.jpg","datePublished":"2018-06-05T19:17:15+00:00","author":{"@id":""},"breadcrumb":{"@id":"https:\/\/www.blogsoestado.com\/danielmatos\/sucesso-da-festa-do-primeiro-centenario-do-bairro-liberdade-continua-repercutindo-em-sao-luis\/#breadcrumb"},"inLanguage":"pt-BR","potentialAction":[{"@type":"ReadAction","target":["https:\/\/www.blogsoestado.com\/danielmatos\/sucesso-da-festa-do-primeiro-centenario-do-bairro-liberdade-continua-repercutindo-em-sao-luis\/"]}]},{"@type":"ImageObject","inLanguage":"pt-BR","@id":"https:\/\/www.blogsoestado.com\/danielmatos\/sucesso-da-festa-do-primeiro-centenario-do-bairro-liberdade-continua-repercutindo-em-sao-luis\/#primaryimage","url":"https:\/\/www.blogsoestado.com\/danielmatos\/files\/2018\/06\/liberdade100dois.jpg","contentUrl":"https:\/\/www.blogsoestado.com\/danielmatos\/files\/2018\/06\/liberdade100dois.jpg"},{"@type":"BreadcrumbList","@id":"https:\/\/www.blogsoestado.com\/danielmatos\/sucesso-da-festa-do-primeiro-centenario-do-bairro-liberdade-continua-repercutindo-em-sao-luis\/#breadcrumb","itemListElement":[{"@type":"ListItem","position":1,"name":"In\u00edcio","item":"https:\/\/www.blogsoestado.com\/danielmatos\/"},{"@type":"ListItem","position":2,"name":"Sucesso da festa do primeiro centen\u00e1rio do bairro Liberdade continua repercutindo em S\u00e3o Lu\u00eds"}]},{"@type":"WebSite","@id":"https:\/\/www.blogsoestado.com\/danielmatos\/#website","url":"https:\/\/www.blogsoestado.com\/danielmatos\/","name":"Daniel Matos","description":"","potentialAction":[{"@type":"SearchAction","target":{"@type":"EntryPoint","urlTemplate":"https:\/\/www.blogsoestado.com\/danielmatos\/?s={search_term_string}"},"query-input":{"@type":"PropertyValueSpecification","valueRequired":true,"valueName":"search_term_string"}}],"inLanguage":"pt-BR"}]}},"jetpack_featured_media_url":"","_links":{"self":[{"href":"https:\/\/www.blogsoestado.com\/danielmatos\/wp-json\/wp\/v2\/posts\/51985","targetHints":{"allow":["GET"]}}],"collection":[{"href":"https:\/\/www.blogsoestado.com\/danielmatos\/wp-json\/wp\/v2\/posts"}],"about":[{"href":"https:\/\/www.blogsoestado.com\/danielmatos\/wp-json\/wp\/v2\/types\/post"}],"replies":[{"embeddable":true,"href":"https:\/\/www.blogsoestado.com\/danielmatos\/wp-json\/wp\/v2\/comments?post=51985"}],"version-history":[{"count":0,"href":"https:\/\/www.blogsoestado.com\/danielmatos\/wp-json\/wp\/v2\/posts\/51985\/revisions"}],"wp:attachment":[{"href":"https:\/\/www.blogsoestado.com\/danielmatos\/wp-json\/wp\/v2\/media?parent=51985"}],"wp:term":[{"taxonomy":"category","embeddable":true,"href":"https:\/\/www.blogsoestado.com\/danielmatos\/wp-json\/wp\/v2\/categories?post=51985"},{"taxonomy":"post_tag","embeddable":true,"href":"https:\/\/www.blogsoestado.com\/danielmatos\/wp-json\/wp\/v2\/tags?post=51985"}],"curies":[{"name":"wp","href":"https:\/\/api.w.org\/{rel}","templated":true}]}}