{"id":51993,"date":"2018-06-05T19:15:47","date_gmt":"2018-06-05T22:15:47","guid":{"rendered":"https:\/\/www.blogsoestado.com\/danielmatos\/?p=51993"},"modified":"2018-06-05T19:15:47","modified_gmt":"2018-06-05T22:15:47","slug":"procurador-bruno-tome-participa-do-ii-encontro-nordeste-de-advocacia-publica-em-petrolina-e-juazeiro","status":"publish","type":"post","link":"https:\/\/www.blogsoestado.com\/danielmatos\/procurador-bruno-tome-participa-do-ii-encontro-nordeste-de-advocacia-publica-em-petrolina-e-juazeiro\/","title":{"rendered":"Procurador Bruno Tom\u00e9 participa do II Encontro Nordeste de Advocacia P\u00fablica, em Petrolina e Juazeiro"},"content":{"rendered":"<figure id=\"attachment_51994\" aria-describedby=\"caption-attachment-51994\" style=\"width: 650px\" class=\"wp-caption aligncenter\"><img fetchpriority=\"high\" decoding=\"async\" class=\"wp-image-51994\" src=\"https:\/\/www.blogsoestado.com\/danielmatos\/files\/2018\/06\/Bruno-Tom\u00e9-1024x768.jpg\" alt=\"\" width=\"650\" height=\"488\" \/><figcaption id=\"caption-attachment-51994\" class=\"wp-caption-text\">O procurador Bruno Tom\u00e9 Fonseca, que integra a Comiss\u00e3o Cient\u00edfica do evento, proferir\u00e1 palestra durante o painel-sarau \u201cDireito e Arte\u201d, quando abordar\u00e1 a rela\u00e7\u00e3o entre direito e cinema<\/figcaption><\/figure>\n<p>O Maranh\u00e3o marcar\u00e1 presen\u00e7a no II Encontro Nordeste de Advocacia P\u00fablica, em andamento at\u00e9 6 de junho, em Petrolina (PE) e Juazeiro (BA), com a presen\u00e7a de procuradores de v\u00e1rios estados do Brasil.<\/p>\n<p>O procurador Bruno Tom\u00e9 Fonseca, que integra a Comiss\u00e3o Cient\u00edfica do evento, proferir\u00e1 palestra durante o painel-sarau \u201cDireito e Arte\u201d, quando abordar\u00e1 a rela\u00e7\u00e3o entre direito e cinema.<\/p>\n<p>O encontro \u00e9 destinado a procuradores, advogados, estudantes e profissionais do meio jur\u00eddico e visa trazer para debate temas atuais e de grande import\u00e2ncia para a advocacia p\u00fablica.<\/p>\n","protected":false},"excerpt":{"rendered":"<p>O Maranh\u00e3o marcar\u00e1 presen\u00e7a no II Encontro Nordeste de Advocacia P\u00fablica, em andamento at\u00e9 6 de junho, em Petrolina (PE) [&hellip;]<\/p>\n","protected":false},"author":0,"featured_media":0,"comment_status":"open","ping_status":"open","sticky":false,"template":"","format":"standard","meta":{"site-sidebar-layout":"default","site-content-layout":"","ast-site-content-layout":"default","site-content-style":"default","site-sidebar-style":"default","ast-global-header-display":"","ast-banner-title-visibility":"","ast-main-header-display":"","ast-hfb-above-header-display":"","ast-hfb-below-header-display":"","ast-hfb-mobile-header-display":"","site-post-title":"","ast-breadcrumbs-content":"","ast-featured-img":"","footer-sml-layout":"","ast-disable-related-posts":"","theme-transparent-header-meta":"","adv-header-id-meta":"","stick-header-meta":"","header-above-stick-meta":"","header-main-stick-meta":"","header-below-stick-meta":"","astra-migrate-meta-layouts":"default","ast-page-background-enabled":"default","ast-page-background-meta":{"desktop":{"background-color":"var(--ast-global-color-5)","background-image":"","background-repeat":"repeat","background-position":"center center","background-size":"auto","background-attachment":"scroll","background-type":"","background-media":"","overlay-type":"","overlay-color":"","overlay-opacity":"","overlay-gradient":""},"tablet":{"background-color":"","background-image":"","background-repeat":"repeat","background-position":"center center","background-size":"auto","background-attachment":"scroll","background-type":"","background-media":"","overlay-type":"","overlay-color":"","overlay-opacity":"","overlay-gradient":""},"mobile":{"background-color":"","background-image":"","background-repeat":"repeat","background-position":"center center","background-size":"auto","background-attachment":"scroll","background-type":"","background-media":"","overlay-type":"","overlay-color":"","overlay-opacity":"","overlay-gradient":""}},"ast-content-background-meta":{"desktop":{"background-color":"var(--ast-global-color-4)","background-image":"","background-repeat":"repeat","background-position":"center center","background-size":"auto","background-attachment":"scroll","background-type":"","background-media":"","overlay-type":"","overlay-color":"","overlay-opacity":"","overlay-gradient":""},"tablet":{"background-color":"var(--ast-global-color-4)","background-image":"","background-repeat":"repeat","background-position":"center center","background-size":"auto","background-attachment":"scroll","background-type":"","background-media":"","overlay-type":"","overlay-color":"","overlay-opacity":"","overlay-gradient":""},"mobile":{"background-color":"var(--ast-global-color-4)","background-image":"","background-repeat":"repeat","background-position":"center center","background-size":"auto","background-attachment":"scroll","background-type":"","background-media":"","overlay-type":"","overlay-color":"","overlay-opacity":"","overlay-gradient":""}},"footnotes":""},"categories":[1],"tags":[],"class_list":["post-51993","post","type-post","status-publish","format-standard","hentry","category-sem-categoria"],"yoast_head":"<!-- This site is optimized with the Yoast SEO plugin v26.6 - https:\/\/yoast.com\/wordpress\/plugins\/seo\/ -->\n<title>Procurador Bruno Tom\u00e9 participa do II Encontro Nordeste de Advocacia P\u00fablica, em Petrolina e Juazeiro - Daniel Matos<\/title>\n<meta name=\"robots\" content=\"index, follow, max-snippet:-1, max-image-preview:large, max-video-preview:-1\" \/>\n<link rel=\"canonical\" href=\"https:\/\/www.blogsoestado.com\/danielmatos\/procurador-bruno-tome-participa-do-ii-encontro-nordeste-de-advocacia-publica-em-petrolina-e-juazeiro\/\" \/>\n<meta property=\"og:locale\" content=\"pt_BR\" \/>\n<meta property=\"og:type\" content=\"article\" \/>\n<meta property=\"og:title\" content=\"Procurador Bruno Tom\u00e9 participa do II Encontro Nordeste de Advocacia P\u00fablica, em Petrolina e Juazeiro - Daniel Matos\" \/>\n<meta property=\"og:description\" content=\"O Maranh\u00e3o marcar\u00e1 presen\u00e7a no II Encontro Nordeste de Advocacia P\u00fablica, em andamento at\u00e9 6 de junho, em Petrolina (PE) [&hellip;]\" \/>\n<meta property=\"og:url\" content=\"https:\/\/www.blogsoestado.com\/danielmatos\/procurador-bruno-tome-participa-do-ii-encontro-nordeste-de-advocacia-publica-em-petrolina-e-juazeiro\/\" \/>\n<meta property=\"og:site_name\" content=\"Daniel Matos\" \/>\n<meta property=\"article:published_time\" content=\"2018-06-05T22:15:47+00:00\" \/>\n<meta name=\"twitter:card\" content=\"summary_large_image\" \/>\n<meta name=\"twitter:label1\" content=\"Est. tempo de leitura\" \/>\n\t<meta name=\"twitter:data1\" content=\"1 minuto\" \/>\n<script type=\"application\/ld+json\" class=\"yoast-schema-graph\">{\"@context\":\"https:\/\/schema.org\",\"@graph\":[{\"@type\":\"WebPage\",\"@id\":\"https:\/\/www.blogsoestado.com\/danielmatos\/procurador-bruno-tome-participa-do-ii-encontro-nordeste-de-advocacia-publica-em-petrolina-e-juazeiro\/\",\"url\":\"https:\/\/www.blogsoestado.com\/danielmatos\/procurador-bruno-tome-participa-do-ii-encontro-nordeste-de-advocacia-publica-em-petrolina-e-juazeiro\/\",\"name\":\"Procurador Bruno Tom\u00e9 participa do II Encontro Nordeste de Advocacia P\u00fablica, em Petrolina e Juazeiro - Daniel Matos\",\"isPartOf\":{\"@id\":\"https:\/\/www.blogsoestado.com\/danielmatos\/#website\"},\"datePublished\":\"2018-06-05T22:15:47+00:00\",\"author\":{\"@id\":\"\"},\"breadcrumb\":{\"@id\":\"https:\/\/www.blogsoestado.com\/danielmatos\/procurador-bruno-tome-participa-do-ii-encontro-nordeste-de-advocacia-publica-em-petrolina-e-juazeiro\/#breadcrumb\"},\"inLanguage\":\"pt-BR\",\"potentialAction\":[{\"@type\":\"ReadAction\",\"target\":[\"https:\/\/www.blogsoestado.com\/danielmatos\/procurador-bruno-tome-participa-do-ii-encontro-nordeste-de-advocacia-publica-em-petrolina-e-juazeiro\/\"]}]},{\"@type\":\"BreadcrumbList\",\"@id\":\"https:\/\/www.blogsoestado.com\/danielmatos\/procurador-bruno-tome-participa-do-ii-encontro-nordeste-de-advocacia-publica-em-petrolina-e-juazeiro\/#breadcrumb\",\"itemListElement\":[{\"@type\":\"ListItem\",\"position\":1,\"name\":\"In\u00edcio\",\"item\":\"https:\/\/www.blogsoestado.com\/danielmatos\/\"},{\"@type\":\"ListItem\",\"position\":2,\"name\":\"Procurador Bruno Tom\u00e9 participa do II Encontro Nordeste de Advocacia P\u00fablica, em Petrolina e Juazeiro\"}]},{\"@type\":\"WebSite\",\"@id\":\"https:\/\/www.blogsoestado.com\/danielmatos\/#website\",\"url\":\"https:\/\/www.blogsoestado.com\/danielmatos\/\",\"name\":\"Daniel Matos\",\"description\":\"\",\"potentialAction\":[{\"@type\":\"SearchAction\",\"target\":{\"@type\":\"EntryPoint\",\"urlTemplate\":\"https:\/\/www.blogsoestado.com\/danielmatos\/?s={search_term_string}\"},\"query-input\":{\"@type\":\"PropertyValueSpecification\",\"valueRequired\":true,\"valueName\":\"search_term_string\"}}],\"inLanguage\":\"pt-BR\"}]}<\/script>\n<!-- \/ Yoast SEO plugin. -->","yoast_head_json":{"title":"Procurador Bruno Tom\u00e9 participa do II Encontro Nordeste de Advocacia P\u00fablica, em Petrolina e Juazeiro - Daniel Matos","robots":{"index":"index","follow":"follow","max-snippet":"max-snippet:-1","max-image-preview":"max-image-preview:large","max-video-preview":"max-video-preview:-1"},"canonical":"https:\/\/www.blogsoestado.com\/danielmatos\/procurador-bruno-tome-participa-do-ii-encontro-nordeste-de-advocacia-publica-em-petrolina-e-juazeiro\/","og_locale":"pt_BR","og_type":"article","og_title":"Procurador Bruno Tom\u00e9 participa do II Encontro Nordeste de Advocacia P\u00fablica, em Petrolina e Juazeiro - Daniel Matos","og_description":"O Maranh\u00e3o marcar\u00e1 presen\u00e7a no II Encontro Nordeste de Advocacia P\u00fablica, em andamento at\u00e9 6 de junho, em Petrolina (PE) [&hellip;]","og_url":"https:\/\/www.blogsoestado.com\/danielmatos\/procurador-bruno-tome-participa-do-ii-encontro-nordeste-de-advocacia-publica-em-petrolina-e-juazeiro\/","og_site_name":"Daniel Matos","article_published_time":"2018-06-05T22:15:47+00:00","twitter_card":"summary_large_image","twitter_misc":{"Est. tempo de leitura":"1 minuto"},"schema":{"@context":"https:\/\/schema.org","@graph":[{"@type":"WebPage","@id":"https:\/\/www.blogsoestado.com\/danielmatos\/procurador-bruno-tome-participa-do-ii-encontro-nordeste-de-advocacia-publica-em-petrolina-e-juazeiro\/","url":"https:\/\/www.blogsoestado.com\/danielmatos\/procurador-bruno-tome-participa-do-ii-encontro-nordeste-de-advocacia-publica-em-petrolina-e-juazeiro\/","name":"Procurador Bruno Tom\u00e9 participa do II Encontro Nordeste de Advocacia P\u00fablica, em Petrolina e Juazeiro - Daniel Matos","isPartOf":{"@id":"https:\/\/www.blogsoestado.com\/danielmatos\/#website"},"datePublished":"2018-06-05T22:15:47+00:00","author":{"@id":""},"breadcrumb":{"@id":"https:\/\/www.blogsoestado.com\/danielmatos\/procurador-bruno-tome-participa-do-ii-encontro-nordeste-de-advocacia-publica-em-petrolina-e-juazeiro\/#breadcrumb"},"inLanguage":"pt-BR","potentialAction":[{"@type":"ReadAction","target":["https:\/\/www.blogsoestado.com\/danielmatos\/procurador-bruno-tome-participa-do-ii-encontro-nordeste-de-advocacia-publica-em-petrolina-e-juazeiro\/"]}]},{"@type":"BreadcrumbList","@id":"https:\/\/www.blogsoestado.com\/danielmatos\/procurador-bruno-tome-participa-do-ii-encontro-nordeste-de-advocacia-publica-em-petrolina-e-juazeiro\/#breadcrumb","itemListElement":[{"@type":"ListItem","position":1,"name":"In\u00edcio","item":"https:\/\/www.blogsoestado.com\/danielmatos\/"},{"@type":"ListItem","position":2,"name":"Procurador Bruno Tom\u00e9 participa do II Encontro Nordeste de Advocacia P\u00fablica, em Petrolina e Juazeiro"}]},{"@type":"WebSite","@id":"https:\/\/www.blogsoestado.com\/danielmatos\/#website","url":"https:\/\/www.blogsoestado.com\/danielmatos\/","name":"Daniel Matos","description":"","potentialAction":[{"@type":"SearchAction","target":{"@type":"EntryPoint","urlTemplate":"https:\/\/www.blogsoestado.com\/danielmatos\/?s={search_term_string}"},"query-input":{"@type":"PropertyValueSpecification","valueRequired":true,"valueName":"search_term_string"}}],"inLanguage":"pt-BR"}]}},"jetpack_featured_media_url":"","_links":{"self":[{"href":"https:\/\/www.blogsoestado.com\/danielmatos\/wp-json\/wp\/v2\/posts\/51993","targetHints":{"allow":["GET"]}}],"collection":[{"href":"https:\/\/www.blogsoestado.com\/danielmatos\/wp-json\/wp\/v2\/posts"}],"about":[{"href":"https:\/\/www.blogsoestado.com\/danielmatos\/wp-json\/wp\/v2\/types\/post"}],"replies":[{"embeddable":true,"href":"https:\/\/www.blogsoestado.com\/danielmatos\/wp-json\/wp\/v2\/comments?post=51993"}],"version-history":[{"count":0,"href":"https:\/\/www.blogsoestado.com\/danielmatos\/wp-json\/wp\/v2\/posts\/51993\/revisions"}],"wp:attachment":[{"href":"https:\/\/www.blogsoestado.com\/danielmatos\/wp-json\/wp\/v2\/media?parent=51993"}],"wp:term":[{"taxonomy":"category","embeddable":true,"href":"https:\/\/www.blogsoestado.com\/danielmatos\/wp-json\/wp\/v2\/categories?post=51993"},{"taxonomy":"post_tag","embeddable":true,"href":"https:\/\/www.blogsoestado.com\/danielmatos\/wp-json\/wp\/v2\/tags?post=51993"}],"curies":[{"name":"wp","href":"https:\/\/api.w.org\/{rel}","templated":true}]}}