{"id":51997,"date":"2018-06-05T18:15:50","date_gmt":"2018-06-05T21:15:50","guid":{"rendered":"https:\/\/www.blogsoestado.com\/danielmatos\/?p=51997"},"modified":"2018-06-05T18:15:50","modified_gmt":"2018-06-05T21:15:50","slug":"deputado-wellington-se-reune-com-representantes-de-manifestacoes-culturais-do-maranhao","status":"publish","type":"post","link":"https:\/\/www.blogsoestado.com\/danielmatos\/deputado-wellington-se-reune-com-representantes-de-manifestacoes-culturais-do-maranhao\/","title":{"rendered":"Deputado Wellington se re\u00fane com representantes de manifesta\u00e7\u00f5es culturais do Maranh\u00e3o"},"content":{"rendered":"<figure id=\"attachment_51998\" aria-describedby=\"caption-attachment-51998\" style=\"width: 700px\" class=\"wp-caption aligncenter\"><img fetchpriority=\"high\" decoding=\"async\" class=\"wp-image-51998\" src=\"https:\/\/www.blogsoestado.com\/danielmatos\/files\/2018\/06\/w-cultura-1024x768.jpg\" alt=\"\" width=\"700\" height=\"525\" \/><figcaption id=\"caption-attachment-51998\" class=\"wp-caption-text\">Wellington solicitou que Fl\u00e1vio Dino liberasse os R$100.000,00 que o parlamentar destinou \u00e0 cultura local<\/figcaption><\/figure>\n<p>O deputado estadual Wellington do Curso (PSDB) se reuniu, na Assembleia Legislativa do Maranh\u00e3o, na manh\u00e3 desta ter\u00e7a-feira (05), com representantes de diversas manifesta\u00e7\u00f5es culturais do estado. Entre as reivindica\u00e7\u00f5es dos maranhenses, h\u00e1 a insatisfa\u00e7\u00e3o quanto \u00e0 exclus\u00e3o da programa\u00e7\u00e3o cultural do S\u00e3o Jo\u00e3o de 2018. Ocorre que, ao inv\u00e9s de dar espa\u00e7o aos artistas maranhenses como Betto Pereira e Carlinhos Veloz, al\u00e9m de outras manifesta\u00e7\u00f5es como dan\u00e7a portuguesa e cacuri\u00e1, o governador Fl\u00e1vio Dino decidiu convocar cantores como Agnaldo Tim\u00f3teo para as festas de S\u00e3o Jo\u00e3o. Nada contra, mas \u00e9 um ritmo que n\u00e3o tem nada a ver com festas juninas.<\/p>\n<p>Sem demonstrar qualquer respeito pela cultura e artistas maranhenses, o governador Fl\u00e1vio Dino deixou de fora 120 grupos ou mais de manifesta\u00e7\u00f5es culturais locais.<\/p>\n<p>\u201cAo nos reunirmos com os representantes das diversas manifesta\u00e7\u00f5es culturais, o que percebemos \u00e9 a insatisfa\u00e7\u00e3o e decep\u00e7\u00e3o dos maranhenses. Alguns questionamentos ficam aqui. A popula\u00e7\u00e3o quer saber. Primeiro: por que n\u00e3o deram prioridade para os nossos artistas maranhenses? Artistas que tem a cara do nosso, que s\u00e3o parte do nosso povo? E as manifesta\u00e7\u00f5es culturais? Deixaram de fora 120 grupos ou mais, a exemplo da dan\u00e7a boiadeiro Cavalo de A\u00e7o; dan\u00e7a boiadeiro Forasteiros Country; dan\u00e7a portuguesa; cacuri\u00e1 Caninho; quadrilha, entre outros. Fl\u00e1vio Dino, respeite os artistas maranhenses! Valorize a nossa cultura. Valorize o nosso povo\u201d, disse Wellington.<\/p>\n<p>Ainda ao se pronunciar, o deputado Wellington solicitou que Fl\u00e1vio Dino libere os R$100.000,00 que o parlamentar destinou \u00e0 cultura local.<\/p>\n<p>\u201cFiz a destina\u00e7\u00e3o das emendas parlamentares atendendo a solicita\u00e7\u00e3o de representantes de manifesta\u00e7\u00f5es culturais. Governador, libere os recursos. Isso n\u00e3o \u00e9 favor. \u00c9 obriga\u00e7\u00e3o\u201d, afirmou o deputado Wellington.<\/p>\n","protected":false},"excerpt":{"rendered":"<p>O deputado estadual Wellington do Curso (PSDB) se reuniu, na Assembleia Legislativa do Maranh\u00e3o, na manh\u00e3 desta ter\u00e7a-feira (05), com [&hellip;]<\/p>\n","protected":false},"author":0,"featured_media":0,"comment_status":"open","ping_status":"open","sticky":false,"template":"","format":"standard","meta":{"site-sidebar-layout":"default","site-content-layout":"","ast-site-content-layout":"default","site-content-style":"default","site-sidebar-style":"default","ast-global-header-display":"","ast-banner-title-visibility":"","ast-main-header-display":"","ast-hfb-above-header-display":"","ast-hfb-below-header-display":"","ast-hfb-mobile-header-display":"","site-post-title":"","ast-breadcrumbs-content":"","ast-featured-img":"","footer-sml-layout":"","ast-disable-related-posts":"","theme-transparent-header-meta":"","adv-header-id-meta":"","stick-header-meta":"","header-above-stick-meta":"","header-main-stick-meta":"","header-below-stick-meta":"","astra-migrate-meta-layouts":"default","ast-page-background-enabled":"default","ast-page-background-meta":{"desktop":{"background-color":"var(--ast-global-color-5)","background-image":"","background-repeat":"repeat","background-position":"center center","background-size":"auto","background-attachment":"scroll","background-type":"","background-media":"","overlay-type":"","overlay-color":"","overlay-opacity":"","overlay-gradient":""},"tablet":{"background-color":"","background-image":"","background-repeat":"repeat","background-position":"center center","background-size":"auto","background-attachment":"scroll","background-type":"","background-media":"","overlay-type":"","overlay-color":"","overlay-opacity":"","overlay-gradient":""},"mobile":{"background-color":"","background-image":"","background-repeat":"repeat","background-position":"center center","background-size":"auto","background-attachment":"scroll","background-type":"","background-media":"","overlay-type":"","overlay-color":"","overlay-opacity":"","overlay-gradient":""}},"ast-content-background-meta":{"desktop":{"background-color":"var(--ast-global-color-4)","background-image":"","background-repeat":"repeat","background-position":"center center","background-size":"auto","background-attachment":"scroll","background-type":"","background-media":"","overlay-type":"","overlay-color":"","overlay-opacity":"","overlay-gradient":""},"tablet":{"background-color":"var(--ast-global-color-4)","background-image":"","background-repeat":"repeat","background-position":"center center","background-size":"auto","background-attachment":"scroll","background-type":"","background-media":"","overlay-type":"","overlay-color":"","overlay-opacity":"","overlay-gradient":""},"mobile":{"background-color":"var(--ast-global-color-4)","background-image":"","background-repeat":"repeat","background-position":"center center","background-size":"auto","background-attachment":"scroll","background-type":"","background-media":"","overlay-type":"","overlay-color":"","overlay-opacity":"","overlay-gradient":""}},"footnotes":""},"categories":[1],"tags":[],"class_list":["post-51997","post","type-post","status-publish","format-standard","hentry","category-sem-categoria"],"yoast_head":"<!-- This site is optimized with the Yoast SEO plugin v26.6 - https:\/\/yoast.com\/wordpress\/plugins\/seo\/ -->\n<title>Deputado Wellington se re\u00fane com representantes de manifesta\u00e7\u00f5es culturais do Maranh\u00e3o - Daniel Matos<\/title>\n<meta name=\"robots\" content=\"index, follow, max-snippet:-1, max-image-preview:large, max-video-preview:-1\" \/>\n<link rel=\"canonical\" href=\"https:\/\/www.blogsoestado.com\/danielmatos\/deputado-wellington-se-reune-com-representantes-de-manifestacoes-culturais-do-maranhao\/\" \/>\n<meta property=\"og:locale\" content=\"pt_BR\" \/>\n<meta property=\"og:type\" content=\"article\" \/>\n<meta property=\"og:title\" content=\"Deputado Wellington se re\u00fane com representantes de manifesta\u00e7\u00f5es culturais do Maranh\u00e3o - Daniel Matos\" \/>\n<meta property=\"og:description\" content=\"O deputado estadual Wellington do Curso (PSDB) se reuniu, na Assembleia Legislativa do Maranh\u00e3o, na manh\u00e3 desta ter\u00e7a-feira (05), com [&hellip;]\" \/>\n<meta property=\"og:url\" content=\"https:\/\/www.blogsoestado.com\/danielmatos\/deputado-wellington-se-reune-com-representantes-de-manifestacoes-culturais-do-maranhao\/\" \/>\n<meta property=\"og:site_name\" content=\"Daniel Matos\" \/>\n<meta property=\"article:published_time\" content=\"2018-06-05T21:15:50+00:00\" \/>\n<meta property=\"og:image\" content=\"https:\/\/www.blogsoestado.com\/danielmatos\/files\/2018\/06\/w-cultura-1024x768.jpg\" \/>\n<meta name=\"twitter:card\" content=\"summary_large_image\" \/>\n<meta name=\"twitter:label1\" content=\"Est. tempo de leitura\" \/>\n\t<meta name=\"twitter:data1\" content=\"2 minutos\" \/>\n<script type=\"application\/ld+json\" class=\"yoast-schema-graph\">{\"@context\":\"https:\/\/schema.org\",\"@graph\":[{\"@type\":\"WebPage\",\"@id\":\"https:\/\/www.blogsoestado.com\/danielmatos\/deputado-wellington-se-reune-com-representantes-de-manifestacoes-culturais-do-maranhao\/\",\"url\":\"https:\/\/www.blogsoestado.com\/danielmatos\/deputado-wellington-se-reune-com-representantes-de-manifestacoes-culturais-do-maranhao\/\",\"name\":\"Deputado Wellington se re\u00fane com representantes de manifesta\u00e7\u00f5es culturais do Maranh\u00e3o - Daniel Matos\",\"isPartOf\":{\"@id\":\"https:\/\/www.blogsoestado.com\/danielmatos\/#website\"},\"primaryImageOfPage\":{\"@id\":\"https:\/\/www.blogsoestado.com\/danielmatos\/deputado-wellington-se-reune-com-representantes-de-manifestacoes-culturais-do-maranhao\/#primaryimage\"},\"image\":{\"@id\":\"https:\/\/www.blogsoestado.com\/danielmatos\/deputado-wellington-se-reune-com-representantes-de-manifestacoes-culturais-do-maranhao\/#primaryimage\"},\"thumbnailUrl\":\"https:\/\/www.blogsoestado.com\/danielmatos\/files\/2018\/06\/w-cultura-1024x768.jpg\",\"datePublished\":\"2018-06-05T21:15:50+00:00\",\"author\":{\"@id\":\"\"},\"breadcrumb\":{\"@id\":\"https:\/\/www.blogsoestado.com\/danielmatos\/deputado-wellington-se-reune-com-representantes-de-manifestacoes-culturais-do-maranhao\/#breadcrumb\"},\"inLanguage\":\"pt-BR\",\"potentialAction\":[{\"@type\":\"ReadAction\",\"target\":[\"https:\/\/www.blogsoestado.com\/danielmatos\/deputado-wellington-se-reune-com-representantes-de-manifestacoes-culturais-do-maranhao\/\"]}]},{\"@type\":\"ImageObject\",\"inLanguage\":\"pt-BR\",\"@id\":\"https:\/\/www.blogsoestado.com\/danielmatos\/deputado-wellington-se-reune-com-representantes-de-manifestacoes-culturais-do-maranhao\/#primaryimage\",\"url\":\"https:\/\/www.blogsoestado.com\/danielmatos\/files\/2018\/06\/w-cultura-1024x768.jpg\",\"contentUrl\":\"https:\/\/www.blogsoestado.com\/danielmatos\/files\/2018\/06\/w-cultura-1024x768.jpg\"},{\"@type\":\"BreadcrumbList\",\"@id\":\"https:\/\/www.blogsoestado.com\/danielmatos\/deputado-wellington-se-reune-com-representantes-de-manifestacoes-culturais-do-maranhao\/#breadcrumb\",\"itemListElement\":[{\"@type\":\"ListItem\",\"position\":1,\"name\":\"In\u00edcio\",\"item\":\"https:\/\/www.blogsoestado.com\/danielmatos\/\"},{\"@type\":\"ListItem\",\"position\":2,\"name\":\"Deputado Wellington se re\u00fane com representantes de manifesta\u00e7\u00f5es culturais do Maranh\u00e3o\"}]},{\"@type\":\"WebSite\",\"@id\":\"https:\/\/www.blogsoestado.com\/danielmatos\/#website\",\"url\":\"https:\/\/www.blogsoestado.com\/danielmatos\/\",\"name\":\"Daniel Matos\",\"description\":\"\",\"potentialAction\":[{\"@type\":\"SearchAction\",\"target\":{\"@type\":\"EntryPoint\",\"urlTemplate\":\"https:\/\/www.blogsoestado.com\/danielmatos\/?s={search_term_string}\"},\"query-input\":{\"@type\":\"PropertyValueSpecification\",\"valueRequired\":true,\"valueName\":\"search_term_string\"}}],\"inLanguage\":\"pt-BR\"}]}<\/script>\n<!-- \/ Yoast SEO plugin. -->","yoast_head_json":{"title":"Deputado Wellington se re\u00fane com representantes de manifesta\u00e7\u00f5es culturais do Maranh\u00e3o - Daniel Matos","robots":{"index":"index","follow":"follow","max-snippet":"max-snippet:-1","max-image-preview":"max-image-preview:large","max-video-preview":"max-video-preview:-1"},"canonical":"https:\/\/www.blogsoestado.com\/danielmatos\/deputado-wellington-se-reune-com-representantes-de-manifestacoes-culturais-do-maranhao\/","og_locale":"pt_BR","og_type":"article","og_title":"Deputado Wellington se re\u00fane com representantes de manifesta\u00e7\u00f5es culturais do Maranh\u00e3o - Daniel Matos","og_description":"O deputado estadual Wellington do Curso (PSDB) se reuniu, na Assembleia Legislativa do Maranh\u00e3o, na manh\u00e3 desta ter\u00e7a-feira (05), com [&hellip;]","og_url":"https:\/\/www.blogsoestado.com\/danielmatos\/deputado-wellington-se-reune-com-representantes-de-manifestacoes-culturais-do-maranhao\/","og_site_name":"Daniel Matos","article_published_time":"2018-06-05T21:15:50+00:00","og_image":[{"url":"https:\/\/www.blogsoestado.com\/danielmatos\/files\/2018\/06\/w-cultura-1024x768.jpg","type":"","width":"","height":""}],"twitter_card":"summary_large_image","twitter_misc":{"Est. tempo de leitura":"2 minutos"},"schema":{"@context":"https:\/\/schema.org","@graph":[{"@type":"WebPage","@id":"https:\/\/www.blogsoestado.com\/danielmatos\/deputado-wellington-se-reune-com-representantes-de-manifestacoes-culturais-do-maranhao\/","url":"https:\/\/www.blogsoestado.com\/danielmatos\/deputado-wellington-se-reune-com-representantes-de-manifestacoes-culturais-do-maranhao\/","name":"Deputado Wellington se re\u00fane com representantes de manifesta\u00e7\u00f5es culturais do Maranh\u00e3o - Daniel Matos","isPartOf":{"@id":"https:\/\/www.blogsoestado.com\/danielmatos\/#website"},"primaryImageOfPage":{"@id":"https:\/\/www.blogsoestado.com\/danielmatos\/deputado-wellington-se-reune-com-representantes-de-manifestacoes-culturais-do-maranhao\/#primaryimage"},"image":{"@id":"https:\/\/www.blogsoestado.com\/danielmatos\/deputado-wellington-se-reune-com-representantes-de-manifestacoes-culturais-do-maranhao\/#primaryimage"},"thumbnailUrl":"https:\/\/www.blogsoestado.com\/danielmatos\/files\/2018\/06\/w-cultura-1024x768.jpg","datePublished":"2018-06-05T21:15:50+00:00","author":{"@id":""},"breadcrumb":{"@id":"https:\/\/www.blogsoestado.com\/danielmatos\/deputado-wellington-se-reune-com-representantes-de-manifestacoes-culturais-do-maranhao\/#breadcrumb"},"inLanguage":"pt-BR","potentialAction":[{"@type":"ReadAction","target":["https:\/\/www.blogsoestado.com\/danielmatos\/deputado-wellington-se-reune-com-representantes-de-manifestacoes-culturais-do-maranhao\/"]}]},{"@type":"ImageObject","inLanguage":"pt-BR","@id":"https:\/\/www.blogsoestado.com\/danielmatos\/deputado-wellington-se-reune-com-representantes-de-manifestacoes-culturais-do-maranhao\/#primaryimage","url":"https:\/\/www.blogsoestado.com\/danielmatos\/files\/2018\/06\/w-cultura-1024x768.jpg","contentUrl":"https:\/\/www.blogsoestado.com\/danielmatos\/files\/2018\/06\/w-cultura-1024x768.jpg"},{"@type":"BreadcrumbList","@id":"https:\/\/www.blogsoestado.com\/danielmatos\/deputado-wellington-se-reune-com-representantes-de-manifestacoes-culturais-do-maranhao\/#breadcrumb","itemListElement":[{"@type":"ListItem","position":1,"name":"In\u00edcio","item":"https:\/\/www.blogsoestado.com\/danielmatos\/"},{"@type":"ListItem","position":2,"name":"Deputado Wellington se re\u00fane com representantes de manifesta\u00e7\u00f5es culturais do Maranh\u00e3o"}]},{"@type":"WebSite","@id":"https:\/\/www.blogsoestado.com\/danielmatos\/#website","url":"https:\/\/www.blogsoestado.com\/danielmatos\/","name":"Daniel Matos","description":"","potentialAction":[{"@type":"SearchAction","target":{"@type":"EntryPoint","urlTemplate":"https:\/\/www.blogsoestado.com\/danielmatos\/?s={search_term_string}"},"query-input":{"@type":"PropertyValueSpecification","valueRequired":true,"valueName":"search_term_string"}}],"inLanguage":"pt-BR"}]}},"jetpack_featured_media_url":"","_links":{"self":[{"href":"https:\/\/www.blogsoestado.com\/danielmatos\/wp-json\/wp\/v2\/posts\/51997","targetHints":{"allow":["GET"]}}],"collection":[{"href":"https:\/\/www.blogsoestado.com\/danielmatos\/wp-json\/wp\/v2\/posts"}],"about":[{"href":"https:\/\/www.blogsoestado.com\/danielmatos\/wp-json\/wp\/v2\/types\/post"}],"replies":[{"embeddable":true,"href":"https:\/\/www.blogsoestado.com\/danielmatos\/wp-json\/wp\/v2\/comments?post=51997"}],"version-history":[{"count":0,"href":"https:\/\/www.blogsoestado.com\/danielmatos\/wp-json\/wp\/v2\/posts\/51997\/revisions"}],"wp:attachment":[{"href":"https:\/\/www.blogsoestado.com\/danielmatos\/wp-json\/wp\/v2\/media?parent=51997"}],"wp:term":[{"taxonomy":"category","embeddable":true,"href":"https:\/\/www.blogsoestado.com\/danielmatos\/wp-json\/wp\/v2\/categories?post=51997"},{"taxonomy":"post_tag","embeddable":true,"href":"https:\/\/www.blogsoestado.com\/danielmatos\/wp-json\/wp\/v2\/tags?post=51997"}],"curies":[{"name":"wp","href":"https:\/\/api.w.org\/{rel}","templated":true}]}}