{"id":52006,"date":"2018-06-05T21:00:58","date_gmt":"2018-06-06T00:00:58","guid":{"rendered":"https:\/\/www.blogsoestado.com\/danielmatos\/?p=52006"},"modified":"2018-06-05T21:00:58","modified_gmt":"2018-06-06T00:00:58","slug":"humberto-de-campos-recebe-etapa-do-campeonato-maranhense-de-jiu-jitsu","status":"publish","type":"post","link":"https:\/\/www.blogsoestado.com\/danielmatos\/humberto-de-campos-recebe-etapa-do-campeonato-maranhense-de-jiu-jitsu\/","title":{"rendered":"Humberto de Campos recebe etapa do Campeonato Maranhense de Jiu Jitsu"},"content":{"rendered":"<figure id=\"attachment_52007\" aria-describedby=\"caption-attachment-52007\" style=\"width: 650px\" class=\"wp-caption aligncenter\"><img fetchpriority=\"high\" decoding=\"async\" class=\"wp-image-52007\" src=\"https:\/\/www.blogsoestado.com\/danielmatos\/files\/2018\/06\/jiu-jitsu-1024x768.jpg\" alt=\"\" width=\"650\" height=\"488\" \/><figcaption id=\"caption-attachment-52007\" class=\"wp-caption-text\">Competi\u00e7\u00e3o organizada pela Federa\u00e7\u00e3o Maranhense de Jiu Jitsu reuniu mais de 300 atletas<\/figcaption><\/figure>\n<p>Lutar com dedica\u00e7\u00e3o e bravura. \u00c9 assim que fazem os atletas de Jiu Jitsu, arte marcial genuinamente brasileira. E foi um verdadeiro show de talento e determina\u00e7\u00e3o que os humbertuenses assistiram no \u00faltimo domingo, 3, durante a realiza\u00e7\u00e3o de mais uma etapa do Circuito Cidades, do Campeonato Maranhense de Jiu Jitsu 2018.<\/p>\n<p>Organizada pela Federa\u00e7\u00e3o de Jiu Jitsu do Maranh\u00e3o (FJJ-MARANH\u00c3O), a competi\u00e7\u00e3o reuniu cerca de 300 atletas de diversas cidades do Maranh\u00e3o, entre elas, A\u00e7ail\u00e2ndia, S\u00e3o Lu\u00eds, Ros\u00e1rio, Barreirinhas, Buriticupu,Urbano Santos, S\u00e3o Bento e Esperantin\u00f3polis. Al\u00e9m disso, tamb\u00e9m vieram atletas de Teresina (PI) para participar do campeonato.<\/p>\n<p>Ao todo, a competi\u00e7\u00e3o contou com mais de 400 combates, distribu\u00eddos em 105 categorias de faixa, idade e peso. Tanto os atletas quanto a organiza\u00e7\u00e3o ficaram empolgados com a realiza\u00e7\u00e3o da etapa em Humberto de Campos, que recebeu a todos com muito carinho e hospitalidade. A Prefeitura de Humberto de Campos, que tem \u00e0 frente o Prefeito Z\u00e9 Ribamar Fons\u00eaca, deu apoio fundamental \u00e0 Federa\u00e7\u00e3o.<\/p>\n<p>Agora, depois do sucesso que foi a etapa, a Federa\u00e7\u00e3o de Jiu Jitsu do Maranh\u00e3o quer incluir permanentemente a cidade de Humberto de Campos no circuito do Ranking Estadual.<\/p>\n<p><strong>CAMPE\u00d5ES<\/strong><\/p>\n<figure id=\"attachment_52008\" aria-describedby=\"caption-attachment-52008\" style=\"width: 650px\" class=\"wp-caption aligncenter\"><img decoding=\"async\" class=\"wp-image-52008\" src=\"https:\/\/www.blogsoestado.com\/danielmatos\/files\/2018\/06\/jiu-jitsu2-861x1024.jpg\" alt=\"\" width=\"650\" height=\"773\" \/><figcaption id=\"caption-attachment-52008\" class=\"wp-caption-text\">Campe\u00f5es da etapa de Humberto de Campos exibem trof\u00e9us no p\u00f3dio<\/figcaption><\/figure>\n<p>Os campe\u00f5es da categoria ABSOLUTO foram agraciados com belas medalhas, al\u00e9m de terem recebido premia\u00e7\u00e3o em dinheiro. Foram eles: Rildo Paiva, Jo\u00e3o Victor, Raul Pires, Joab Pereira, Kau\u00e3 Marciel, Anthony Cristofer ,Gabriel Angelim, Milena Nascimento, Nathalia Mendes, Camilly Silva e Erick Silva.<\/p>\n<p>Entre as 15 equipes participantes, as 5 Melhores foram: Zenith BJJ ,GUIGO JJ ,P. S Resgatando Vidas, Carlos Cutrim BJJ e Doj\u00f4 James Adler.<\/p>\n<p><strong>VISITA<\/strong><\/p>\n<figure id=\"attachment_52010\" aria-describedby=\"caption-attachment-52010\" style=\"width: 650px\" class=\"wp-caption aligncenter\"><img decoding=\"async\" class=\"wp-image-52010\" src=\"https:\/\/www.blogsoestado.com\/danielmatos\/files\/2018\/06\/jiu-jitsu3-1024x985.jpg\" alt=\"\" width=\"650\" height=\"625\" \/><figcaption id=\"caption-attachment-52010\" class=\"wp-caption-text\">Atletas premiados com o prefeito de Humberto de Campos, Z\u00e9 Ribamar Fonseca<\/figcaption><\/figure>\n<p>Um dia depois de terem recebido os pr\u00eamios, os campe\u00f5es da etapa humbertuense fizeram uma visita de cortesia ao Prefeito Z\u00e9 Ribamar, em agradecimento pelo apoio e pelo suporte, concedido por meio da Secretaria Municipal de Esporte e Lazer, que tem \u00e0 frente do Secret\u00e1rio Municipal Pedro Esp\u00edndola.<\/p>\n<p>Foi uma festa linda do esporte, que s\u00f3 demonstra a sua import\u00e2ncia na forma\u00e7\u00e3o dos jovens. Parab\u00e9ns a todos os atletas!<\/p>\n","protected":false},"excerpt":{"rendered":"<p>Lutar com dedica\u00e7\u00e3o e bravura. \u00c9 assim que fazem os atletas de Jiu Jitsu, arte marcial genuinamente brasileira. E foi [&hellip;]<\/p>\n","protected":false},"author":0,"featured_media":0,"comment_status":"open","ping_status":"open","sticky":false,"template":"","format":"standard","meta":{"site-sidebar-layout":"default","site-content-layout":"","ast-site-content-layout":"default","site-content-style":"default","site-sidebar-style":"default","ast-global-header-display":"","ast-banner-title-visibility":"","ast-main-header-display":"","ast-hfb-above-header-display":"","ast-hfb-below-header-display":"","ast-hfb-mobile-header-display":"","site-post-title":"","ast-breadcrumbs-content":"","ast-featured-img":"","footer-sml-layout":"","ast-disable-related-posts":"","theme-transparent-header-meta":"","adv-header-id-meta":"","stick-header-meta":"","header-above-stick-meta":"","header-main-stick-meta":"","header-below-stick-meta":"","astra-migrate-meta-layouts":"default","ast-page-background-enabled":"default","ast-page-background-meta":{"desktop":{"background-color":"var(--ast-global-color-5)","background-image":"","background-repeat":"repeat","background-position":"center center","background-size":"auto","background-attachment":"scroll","background-type":"","background-media":"","overlay-type":"","overlay-color":"","overlay-opacity":"","overlay-gradient":""},"tablet":{"background-color":"","background-image":"","background-repeat":"repeat","background-position":"center center","background-size":"auto","background-attachment":"scroll","background-type":"","background-media":"","overlay-type":"","overlay-color":"","overlay-opacity":"","overlay-gradient":""},"mobile":{"background-color":"","background-image":"","background-repeat":"repeat","background-position":"center center","background-size":"auto","background-attachment":"scroll","background-type":"","background-media":"","overlay-type":"","overlay-color":"","overlay-opacity":"","overlay-gradient":""}},"ast-content-background-meta":{"desktop":{"background-color":"var(--ast-global-color-4)","background-image":"","background-repeat":"repeat","background-position":"center center","background-size":"auto","background-attachment":"scroll","background-type":"","background-media":"","overlay-type":"","overlay-color":"","overlay-opacity":"","overlay-gradient":""},"tablet":{"background-color":"var(--ast-global-color-4)","background-image":"","background-repeat":"repeat","background-position":"center center","background-size":"auto","background-attachment":"scroll","background-type":"","background-media":"","overlay-type":"","overlay-color":"","overlay-opacity":"","overlay-gradient":""},"mobile":{"background-color":"var(--ast-global-color-4)","background-image":"","background-repeat":"repeat","background-position":"center center","background-size":"auto","background-attachment":"scroll","background-type":"","background-media":"","overlay-type":"","overlay-color":"","overlay-opacity":"","overlay-gradient":""}},"footnotes":""},"categories":[1],"tags":[],"class_list":["post-52006","post","type-post","status-publish","format-standard","hentry","category-sem-categoria"],"yoast_head":"<!-- This site is optimized with the Yoast SEO plugin v26.6 - https:\/\/yoast.com\/wordpress\/plugins\/seo\/ -->\n<title>Humberto de Campos recebe etapa do Campeonato Maranhense de Jiu Jitsu - Daniel Matos<\/title>\n<meta name=\"robots\" content=\"index, follow, max-snippet:-1, max-image-preview:large, max-video-preview:-1\" \/>\n<link rel=\"canonical\" href=\"https:\/\/www.blogsoestado.com\/danielmatos\/humberto-de-campos-recebe-etapa-do-campeonato-maranhense-de-jiu-jitsu\/\" \/>\n<meta property=\"og:locale\" content=\"pt_BR\" \/>\n<meta property=\"og:type\" content=\"article\" \/>\n<meta property=\"og:title\" content=\"Humberto de Campos recebe etapa do Campeonato Maranhense de Jiu Jitsu - Daniel Matos\" \/>\n<meta property=\"og:description\" content=\"Lutar com dedica\u00e7\u00e3o e bravura. \u00c9 assim que fazem os atletas de Jiu Jitsu, arte marcial genuinamente brasileira. E foi [&hellip;]\" \/>\n<meta property=\"og:url\" content=\"https:\/\/www.blogsoestado.com\/danielmatos\/humberto-de-campos-recebe-etapa-do-campeonato-maranhense-de-jiu-jitsu\/\" \/>\n<meta property=\"og:site_name\" content=\"Daniel Matos\" \/>\n<meta property=\"article:published_time\" content=\"2018-06-06T00:00:58+00:00\" \/>\n<meta property=\"og:image\" content=\"https:\/\/www.blogsoestado.com\/danielmatos\/files\/2018\/06\/jiu-jitsu-1024x768.jpg\" \/>\n<meta name=\"twitter:card\" content=\"summary_large_image\" \/>\n<meta name=\"twitter:label1\" content=\"Est. tempo de leitura\" \/>\n\t<meta name=\"twitter:data1\" content=\"2 minutos\" \/>\n<script type=\"application\/ld+json\" class=\"yoast-schema-graph\">{\"@context\":\"https:\/\/schema.org\",\"@graph\":[{\"@type\":\"WebPage\",\"@id\":\"https:\/\/www.blogsoestado.com\/danielmatos\/humberto-de-campos-recebe-etapa-do-campeonato-maranhense-de-jiu-jitsu\/\",\"url\":\"https:\/\/www.blogsoestado.com\/danielmatos\/humberto-de-campos-recebe-etapa-do-campeonato-maranhense-de-jiu-jitsu\/\",\"name\":\"Humberto de Campos recebe etapa do Campeonato Maranhense de Jiu Jitsu - Daniel Matos\",\"isPartOf\":{\"@id\":\"https:\/\/www.blogsoestado.com\/danielmatos\/#website\"},\"primaryImageOfPage\":{\"@id\":\"https:\/\/www.blogsoestado.com\/danielmatos\/humberto-de-campos-recebe-etapa-do-campeonato-maranhense-de-jiu-jitsu\/#primaryimage\"},\"image\":{\"@id\":\"https:\/\/www.blogsoestado.com\/danielmatos\/humberto-de-campos-recebe-etapa-do-campeonato-maranhense-de-jiu-jitsu\/#primaryimage\"},\"thumbnailUrl\":\"https:\/\/www.blogsoestado.com\/danielmatos\/files\/2018\/06\/jiu-jitsu-1024x768.jpg\",\"datePublished\":\"2018-06-06T00:00:58+00:00\",\"author\":{\"@id\":\"\"},\"breadcrumb\":{\"@id\":\"https:\/\/www.blogsoestado.com\/danielmatos\/humberto-de-campos-recebe-etapa-do-campeonato-maranhense-de-jiu-jitsu\/#breadcrumb\"},\"inLanguage\":\"pt-BR\",\"potentialAction\":[{\"@type\":\"ReadAction\",\"target\":[\"https:\/\/www.blogsoestado.com\/danielmatos\/humberto-de-campos-recebe-etapa-do-campeonato-maranhense-de-jiu-jitsu\/\"]}]},{\"@type\":\"ImageObject\",\"inLanguage\":\"pt-BR\",\"@id\":\"https:\/\/www.blogsoestado.com\/danielmatos\/humberto-de-campos-recebe-etapa-do-campeonato-maranhense-de-jiu-jitsu\/#primaryimage\",\"url\":\"https:\/\/www.blogsoestado.com\/danielmatos\/files\/2018\/06\/jiu-jitsu-1024x768.jpg\",\"contentUrl\":\"https:\/\/www.blogsoestado.com\/danielmatos\/files\/2018\/06\/jiu-jitsu-1024x768.jpg\"},{\"@type\":\"BreadcrumbList\",\"@id\":\"https:\/\/www.blogsoestado.com\/danielmatos\/humberto-de-campos-recebe-etapa-do-campeonato-maranhense-de-jiu-jitsu\/#breadcrumb\",\"itemListElement\":[{\"@type\":\"ListItem\",\"position\":1,\"name\":\"In\u00edcio\",\"item\":\"https:\/\/www.blogsoestado.com\/danielmatos\/\"},{\"@type\":\"ListItem\",\"position\":2,\"name\":\"Humberto de Campos recebe etapa do Campeonato Maranhense de Jiu Jitsu\"}]},{\"@type\":\"WebSite\",\"@id\":\"https:\/\/www.blogsoestado.com\/danielmatos\/#website\",\"url\":\"https:\/\/www.blogsoestado.com\/danielmatos\/\",\"name\":\"Daniel Matos\",\"description\":\"\",\"potentialAction\":[{\"@type\":\"SearchAction\",\"target\":{\"@type\":\"EntryPoint\",\"urlTemplate\":\"https:\/\/www.blogsoestado.com\/danielmatos\/?s={search_term_string}\"},\"query-input\":{\"@type\":\"PropertyValueSpecification\",\"valueRequired\":true,\"valueName\":\"search_term_string\"}}],\"inLanguage\":\"pt-BR\"}]}<\/script>\n<!-- \/ Yoast SEO plugin. -->","yoast_head_json":{"title":"Humberto de Campos recebe etapa do Campeonato Maranhense de Jiu Jitsu - Daniel Matos","robots":{"index":"index","follow":"follow","max-snippet":"max-snippet:-1","max-image-preview":"max-image-preview:large","max-video-preview":"max-video-preview:-1"},"canonical":"https:\/\/www.blogsoestado.com\/danielmatos\/humberto-de-campos-recebe-etapa-do-campeonato-maranhense-de-jiu-jitsu\/","og_locale":"pt_BR","og_type":"article","og_title":"Humberto de Campos recebe etapa do Campeonato Maranhense de Jiu Jitsu - Daniel Matos","og_description":"Lutar com dedica\u00e7\u00e3o e bravura. \u00c9 assim que fazem os atletas de Jiu Jitsu, arte marcial genuinamente brasileira. E foi [&hellip;]","og_url":"https:\/\/www.blogsoestado.com\/danielmatos\/humberto-de-campos-recebe-etapa-do-campeonato-maranhense-de-jiu-jitsu\/","og_site_name":"Daniel Matos","article_published_time":"2018-06-06T00:00:58+00:00","og_image":[{"url":"https:\/\/www.blogsoestado.com\/danielmatos\/files\/2018\/06\/jiu-jitsu-1024x768.jpg","type":"","width":"","height":""}],"twitter_card":"summary_large_image","twitter_misc":{"Est. tempo de leitura":"2 minutos"},"schema":{"@context":"https:\/\/schema.org","@graph":[{"@type":"WebPage","@id":"https:\/\/www.blogsoestado.com\/danielmatos\/humberto-de-campos-recebe-etapa-do-campeonato-maranhense-de-jiu-jitsu\/","url":"https:\/\/www.blogsoestado.com\/danielmatos\/humberto-de-campos-recebe-etapa-do-campeonato-maranhense-de-jiu-jitsu\/","name":"Humberto de Campos recebe etapa do Campeonato Maranhense de Jiu Jitsu - Daniel Matos","isPartOf":{"@id":"https:\/\/www.blogsoestado.com\/danielmatos\/#website"},"primaryImageOfPage":{"@id":"https:\/\/www.blogsoestado.com\/danielmatos\/humberto-de-campos-recebe-etapa-do-campeonato-maranhense-de-jiu-jitsu\/#primaryimage"},"image":{"@id":"https:\/\/www.blogsoestado.com\/danielmatos\/humberto-de-campos-recebe-etapa-do-campeonato-maranhense-de-jiu-jitsu\/#primaryimage"},"thumbnailUrl":"https:\/\/www.blogsoestado.com\/danielmatos\/files\/2018\/06\/jiu-jitsu-1024x768.jpg","datePublished":"2018-06-06T00:00:58+00:00","author":{"@id":""},"breadcrumb":{"@id":"https:\/\/www.blogsoestado.com\/danielmatos\/humberto-de-campos-recebe-etapa-do-campeonato-maranhense-de-jiu-jitsu\/#breadcrumb"},"inLanguage":"pt-BR","potentialAction":[{"@type":"ReadAction","target":["https:\/\/www.blogsoestado.com\/danielmatos\/humberto-de-campos-recebe-etapa-do-campeonato-maranhense-de-jiu-jitsu\/"]}]},{"@type":"ImageObject","inLanguage":"pt-BR","@id":"https:\/\/www.blogsoestado.com\/danielmatos\/humberto-de-campos-recebe-etapa-do-campeonato-maranhense-de-jiu-jitsu\/#primaryimage","url":"https:\/\/www.blogsoestado.com\/danielmatos\/files\/2018\/06\/jiu-jitsu-1024x768.jpg","contentUrl":"https:\/\/www.blogsoestado.com\/danielmatos\/files\/2018\/06\/jiu-jitsu-1024x768.jpg"},{"@type":"BreadcrumbList","@id":"https:\/\/www.blogsoestado.com\/danielmatos\/humberto-de-campos-recebe-etapa-do-campeonato-maranhense-de-jiu-jitsu\/#breadcrumb","itemListElement":[{"@type":"ListItem","position":1,"name":"In\u00edcio","item":"https:\/\/www.blogsoestado.com\/danielmatos\/"},{"@type":"ListItem","position":2,"name":"Humberto de Campos recebe etapa do Campeonato Maranhense de Jiu Jitsu"}]},{"@type":"WebSite","@id":"https:\/\/www.blogsoestado.com\/danielmatos\/#website","url":"https:\/\/www.blogsoestado.com\/danielmatos\/","name":"Daniel Matos","description":"","potentialAction":[{"@type":"SearchAction","target":{"@type":"EntryPoint","urlTemplate":"https:\/\/www.blogsoestado.com\/danielmatos\/?s={search_term_string}"},"query-input":{"@type":"PropertyValueSpecification","valueRequired":true,"valueName":"search_term_string"}}],"inLanguage":"pt-BR"}]}},"jetpack_featured_media_url":"","_links":{"self":[{"href":"https:\/\/www.blogsoestado.com\/danielmatos\/wp-json\/wp\/v2\/posts\/52006","targetHints":{"allow":["GET"]}}],"collection":[{"href":"https:\/\/www.blogsoestado.com\/danielmatos\/wp-json\/wp\/v2\/posts"}],"about":[{"href":"https:\/\/www.blogsoestado.com\/danielmatos\/wp-json\/wp\/v2\/types\/post"}],"replies":[{"embeddable":true,"href":"https:\/\/www.blogsoestado.com\/danielmatos\/wp-json\/wp\/v2\/comments?post=52006"}],"version-history":[{"count":0,"href":"https:\/\/www.blogsoestado.com\/danielmatos\/wp-json\/wp\/v2\/posts\/52006\/revisions"}],"wp:attachment":[{"href":"https:\/\/www.blogsoestado.com\/danielmatos\/wp-json\/wp\/v2\/media?parent=52006"}],"wp:term":[{"taxonomy":"category","embeddable":true,"href":"https:\/\/www.blogsoestado.com\/danielmatos\/wp-json\/wp\/v2\/categories?post=52006"},{"taxonomy":"post_tag","embeddable":true,"href":"https:\/\/www.blogsoestado.com\/danielmatos\/wp-json\/wp\/v2\/tags?post=52006"}],"curies":[{"name":"wp","href":"https:\/\/api.w.org\/{rel}","templated":true}]}}