{"id":52020,"date":"2018-06-06T10:29:08","date_gmt":"2018-06-06T13:29:08","guid":{"rendered":"https:\/\/www.blogsoestado.com\/danielmatos\/?p=52020"},"modified":"2018-06-06T10:29:08","modified_gmt":"2018-06-06T13:29:08","slug":"deputado-max-barros-defende-revisao-do-plano-diretor-de-sao-luis","status":"publish","type":"post","link":"https:\/\/www.blogsoestado.com\/danielmatos\/deputado-max-barros-defende-revisao-do-plano-diretor-de-sao-luis\/","title":{"rendered":"Deputado Max Barros defende revis\u00e3o do Plano Diretor de S\u00e3o Lu\u00eds"},"content":{"rendered":"<figure id=\"attachment_52021\" aria-describedby=\"caption-attachment-52021\" style=\"width: 460px\" class=\"wp-caption alignright\"><img fetchpriority=\"high\" decoding=\"async\" class=\"wp-image-52021\" src=\"https:\/\/www.blogsoestado.com\/danielmatos\/files\/2018\/06\/max-plano-diretor-1024x678.jpg\" alt=\"\" width=\"460\" height=\"305\" \/><figcaption id=\"caption-attachment-52021\" class=\"wp-caption-text\">Max Barros lembrou que desde a concep\u00e7\u00e3o do seu tra\u00e7ado, no s\u00e9culo XVII, S\u00e3o Lu\u00eds foi crescendo, ao longo de 300 anos, sem nenhum c\u00f3digo, sem nenhuma lei<\/figcaption><\/figure>\n<p>O deputado Max Barros (PMB) defendeu, na sess\u00e3o desta ter\u00e7a-feira (5), a revis\u00e3o do Plano Diretor do Munic\u00edpio de S\u00e3o Lu\u00eds. Ele frisou que se trata de um tema fundamental para o planejamento e o desenvolvimento da capital maranhense.<\/p>\n<p>\u201cO Jornal Pequeno, na edi\u00e7\u00e3o comemorativa de seus 67 anos de funda\u00e7\u00e3o, transcorridos na semana passada, abordou com destaque este assunto, que \u00e9 um tema muito importante e que promove o planejamento e crescimento de uma cidade de maneira ordenada, sustent\u00e1vel, preservando o meio ambiente e valorizando o cidad\u00e3o e a pessoa humana em geral\u201d, salientou.<\/p>\n<p>Max Barros lembrou que o tra\u00e7ado urban\u00edstico de S\u00e3o Lu\u00eds foi concebido pelo engenheiro Francisco Frias Mesquita, no s\u00e9culo XVII. Desde ent\u00e3o, segundo o deputado, a cidade foi crescendo, ao longo de 300 anos, sem nenhum c\u00f3digo, sem nenhuma lei, apenas com o tra\u00e7ado urban\u00edstico que fora concebido por Frias Mesquita.<\/p>\n<p>Somente em 1936, o engenheiro Otac\u00edlio Saboia fez o primeiro Plano Diretor de S\u00e3o Lu\u00eds. Em 1938, dois anos depois, veio o segundo plano na \u00e9poca em que Pedro Neiva de Santana era prefeito de S\u00e3o Lu\u00eds.<\/p>\n<p>\u201cNaquela \u00e9poca, n\u00e3o existia a Ponte Jos\u00e9 Sarney ligando o Centro Hist\u00f3rico com a Cidade Nova, nem a Zona Sul. que seria a zona industrial, tal seja, a \u00e1rea Itaqui-Bacanga. Havia, sim, uma zona residencial ao longo do Caminho Grande, que \u00e9 a Avenida Get\u00falio Vargas, crescendo no sentido do Monte Castelo, Filipinho, at\u00e9 chegar ao Anil\u201d, detalhou o parlamentar.<\/p>\n<p>Ele frisou que, depois, em 1975, foi elaborado um outro plano e, a partir de 1988, todos os planos diretores passaram a levar em considera\u00e7\u00e3o a fun\u00e7\u00e3o social do solo e houve outros planos diretores, sendo que o \u00faltimo foi feito em 2006, o qual j\u00e1 previa a revis\u00e3o, dez anos depois.<\/p>\n<p>\u201cPortanto, a C\u00e2mara Municipal j\u00e1 deveria ter feito a revis\u00e3o do Plano Diretor, em 2016, mas n\u00e3o est\u00e1 cumprindo o que previu a legisla\u00e7\u00e3o. Ent\u00e3o, este \u00e9 o momento de valorizar o Centro Hist\u00f3rico de S\u00e3o Lu\u00eds, que \u00e9 uma preciosidade, um selo para o turismo do Maranh\u00e3o. L\u00e1 tem toda a infraestrutura el\u00e9trica, hidr\u00e1ulica, sanit\u00e1ria, saneamento, ilumina\u00e7\u00e3o e hoje est\u00e1 se acabando\u201d.<\/p>\n<p><strong>Atratividade econ\u00f4mica<\/strong><\/p>\n<p>Max Barros afirmou que uma solu\u00e7\u00e3o \u00e9 valorizar no Plano Diretor todo o entorno do Centro Hist\u00f3rico, para que tenha atratividade econ\u00f4mica. Outra quest\u00e3o de fundamental import\u00e2ncia, segundo o deputado, \u00e9 a ambiental, a preserva\u00e7\u00e3o das bacias hidrogr\u00e1ficas que existem na ilha de S\u00e3o Lu\u00eds, para que sejam preservadas as nascentes desses rios e tamb\u00e9m as matas ciliares.<\/p>\n<p>Max Barros disse ainda que h\u00e1 necessidade de flexibilizar o Plano Diretor para que se permita o crescimento vertical da cidade, de maneira que caia o valor dos terrenos e as pessoas fiquem mais pr\u00f3ximas do seu local de trabalho.<\/p>\n<p>\u201cAproveito, ent\u00e3o, para fazer aqui esse chamamento, solicitando aos senhores vereadores que fa\u00e7am a revis\u00e3o do Plano Diretor e levem em considera\u00e7\u00e3o a quest\u00e3o do Centro Hist\u00f3rico, da preserva\u00e7\u00e3o ambiental e do crescimento urbano de maneira vertical, de maneira que as pessoas n\u00e3o tenham que morar longe do seu local de trabalho, do com\u00e9rcio e das \u00e1reas de servi\u00e7os\u201d, ressaltou.<\/p>\n","protected":false},"excerpt":{"rendered":"<p>O deputado Max Barros (PMB) defendeu, na sess\u00e3o desta ter\u00e7a-feira (5), a revis\u00e3o do Plano Diretor do Munic\u00edpio de S\u00e3o [&hellip;]<\/p>\n","protected":false},"author":0,"featured_media":0,"comment_status":"open","ping_status":"open","sticky":false,"template":"","format":"standard","meta":{"site-sidebar-layout":"default","site-content-layout":"","ast-site-content-layout":"default","site-content-style":"default","site-sidebar-style":"default","ast-global-header-display":"","ast-banner-title-visibility":"","ast-main-header-display":"","ast-hfb-above-header-display":"","ast-hfb-below-header-display":"","ast-hfb-mobile-header-display":"","site-post-title":"","ast-breadcrumbs-content":"","ast-featured-img":"","footer-sml-layout":"","ast-disable-related-posts":"","theme-transparent-header-meta":"","adv-header-id-meta":"","stick-header-meta":"","header-above-stick-meta":"","header-main-stick-meta":"","header-below-stick-meta":"","astra-migrate-meta-layouts":"default","ast-page-background-enabled":"default","ast-page-background-meta":{"desktop":{"background-color":"var(--ast-global-color-5)","background-image":"","background-repeat":"repeat","background-position":"center center","background-size":"auto","background-attachment":"scroll","background-type":"","background-media":"","overlay-type":"","overlay-color":"","overlay-opacity":"","overlay-gradient":""},"tablet":{"background-color":"","background-image":"","background-repeat":"repeat","background-position":"center center","background-size":"auto","background-attachment":"scroll","background-type":"","background-media":"","overlay-type":"","overlay-color":"","overlay-opacity":"","overlay-gradient":""},"mobile":{"background-color":"","background-image":"","background-repeat":"repeat","background-position":"center center","background-size":"auto","background-attachment":"scroll","background-type":"","background-media":"","overlay-type":"","overlay-color":"","overlay-opacity":"","overlay-gradient":""}},"ast-content-background-meta":{"desktop":{"background-color":"var(--ast-global-color-4)","background-image":"","background-repeat":"repeat","background-position":"center center","background-size":"auto","background-attachment":"scroll","background-type":"","background-media":"","overlay-type":"","overlay-color":"","overlay-opacity":"","overlay-gradient":""},"tablet":{"background-color":"var(--ast-global-color-4)","background-image":"","background-repeat":"repeat","background-position":"center center","background-size":"auto","background-attachment":"scroll","background-type":"","background-media":"","overlay-type":"","overlay-color":"","overlay-opacity":"","overlay-gradient":""},"mobile":{"background-color":"var(--ast-global-color-4)","background-image":"","background-repeat":"repeat","background-position":"center center","background-size":"auto","background-attachment":"scroll","background-type":"","background-media":"","overlay-type":"","overlay-color":"","overlay-opacity":"","overlay-gradient":""}},"footnotes":""},"categories":[1],"tags":[],"class_list":["post-52020","post","type-post","status-publish","format-standard","hentry","category-sem-categoria"],"yoast_head":"<!-- This site is optimized with the Yoast SEO plugin v26.6 - https:\/\/yoast.com\/wordpress\/plugins\/seo\/ -->\n<title>Deputado Max Barros defende revis\u00e3o do Plano Diretor de S\u00e3o Lu\u00eds - Daniel Matos<\/title>\n<meta name=\"robots\" content=\"index, follow, max-snippet:-1, max-image-preview:large, max-video-preview:-1\" \/>\n<link rel=\"canonical\" href=\"https:\/\/www.blogsoestado.com\/danielmatos\/deputado-max-barros-defende-revisao-do-plano-diretor-de-sao-luis\/\" \/>\n<meta property=\"og:locale\" content=\"pt_BR\" \/>\n<meta property=\"og:type\" content=\"article\" \/>\n<meta property=\"og:title\" content=\"Deputado Max Barros defende revis\u00e3o do Plano Diretor de S\u00e3o Lu\u00eds - Daniel Matos\" \/>\n<meta property=\"og:description\" content=\"O deputado Max Barros (PMB) defendeu, na sess\u00e3o desta ter\u00e7a-feira (5), a revis\u00e3o do Plano Diretor do Munic\u00edpio de S\u00e3o [&hellip;]\" \/>\n<meta property=\"og:url\" content=\"https:\/\/www.blogsoestado.com\/danielmatos\/deputado-max-barros-defende-revisao-do-plano-diretor-de-sao-luis\/\" \/>\n<meta property=\"og:site_name\" content=\"Daniel Matos\" \/>\n<meta property=\"article:published_time\" content=\"2018-06-06T13:29:08+00:00\" \/>\n<meta property=\"og:image\" content=\"https:\/\/www.blogsoestado.com\/danielmatos\/files\/2018\/06\/max-plano-diretor-1024x678.jpg\" \/>\n<meta name=\"twitter:card\" content=\"summary_large_image\" \/>\n<meta name=\"twitter:label1\" content=\"Est. tempo de leitura\" \/>\n\t<meta name=\"twitter:data1\" content=\"3 minutos\" \/>\n<script type=\"application\/ld+json\" class=\"yoast-schema-graph\">{\"@context\":\"https:\/\/schema.org\",\"@graph\":[{\"@type\":\"WebPage\",\"@id\":\"https:\/\/www.blogsoestado.com\/danielmatos\/deputado-max-barros-defende-revisao-do-plano-diretor-de-sao-luis\/\",\"url\":\"https:\/\/www.blogsoestado.com\/danielmatos\/deputado-max-barros-defende-revisao-do-plano-diretor-de-sao-luis\/\",\"name\":\"Deputado Max Barros defende revis\u00e3o do Plano Diretor de S\u00e3o Lu\u00eds - Daniel Matos\",\"isPartOf\":{\"@id\":\"https:\/\/www.blogsoestado.com\/danielmatos\/#website\"},\"primaryImageOfPage\":{\"@id\":\"https:\/\/www.blogsoestado.com\/danielmatos\/deputado-max-barros-defende-revisao-do-plano-diretor-de-sao-luis\/#primaryimage\"},\"image\":{\"@id\":\"https:\/\/www.blogsoestado.com\/danielmatos\/deputado-max-barros-defende-revisao-do-plano-diretor-de-sao-luis\/#primaryimage\"},\"thumbnailUrl\":\"https:\/\/www.blogsoestado.com\/danielmatos\/files\/2018\/06\/max-plano-diretor-1024x678.jpg\",\"datePublished\":\"2018-06-06T13:29:08+00:00\",\"author\":{\"@id\":\"\"},\"breadcrumb\":{\"@id\":\"https:\/\/www.blogsoestado.com\/danielmatos\/deputado-max-barros-defende-revisao-do-plano-diretor-de-sao-luis\/#breadcrumb\"},\"inLanguage\":\"pt-BR\",\"potentialAction\":[{\"@type\":\"ReadAction\",\"target\":[\"https:\/\/www.blogsoestado.com\/danielmatos\/deputado-max-barros-defende-revisao-do-plano-diretor-de-sao-luis\/\"]}]},{\"@type\":\"ImageObject\",\"inLanguage\":\"pt-BR\",\"@id\":\"https:\/\/www.blogsoestado.com\/danielmatos\/deputado-max-barros-defende-revisao-do-plano-diretor-de-sao-luis\/#primaryimage\",\"url\":\"https:\/\/www.blogsoestado.com\/danielmatos\/files\/2018\/06\/max-plano-diretor-1024x678.jpg\",\"contentUrl\":\"https:\/\/www.blogsoestado.com\/danielmatos\/files\/2018\/06\/max-plano-diretor-1024x678.jpg\"},{\"@type\":\"BreadcrumbList\",\"@id\":\"https:\/\/www.blogsoestado.com\/danielmatos\/deputado-max-barros-defende-revisao-do-plano-diretor-de-sao-luis\/#breadcrumb\",\"itemListElement\":[{\"@type\":\"ListItem\",\"position\":1,\"name\":\"In\u00edcio\",\"item\":\"https:\/\/www.blogsoestado.com\/danielmatos\/\"},{\"@type\":\"ListItem\",\"position\":2,\"name\":\"Deputado Max Barros defende revis\u00e3o do Plano Diretor de S\u00e3o Lu\u00eds\"}]},{\"@type\":\"WebSite\",\"@id\":\"https:\/\/www.blogsoestado.com\/danielmatos\/#website\",\"url\":\"https:\/\/www.blogsoestado.com\/danielmatos\/\",\"name\":\"Daniel Matos\",\"description\":\"\",\"potentialAction\":[{\"@type\":\"SearchAction\",\"target\":{\"@type\":\"EntryPoint\",\"urlTemplate\":\"https:\/\/www.blogsoestado.com\/danielmatos\/?s={search_term_string}\"},\"query-input\":{\"@type\":\"PropertyValueSpecification\",\"valueRequired\":true,\"valueName\":\"search_term_string\"}}],\"inLanguage\":\"pt-BR\"}]}<\/script>\n<!-- \/ Yoast SEO plugin. -->","yoast_head_json":{"title":"Deputado Max Barros defende revis\u00e3o do Plano Diretor de S\u00e3o Lu\u00eds - Daniel Matos","robots":{"index":"index","follow":"follow","max-snippet":"max-snippet:-1","max-image-preview":"max-image-preview:large","max-video-preview":"max-video-preview:-1"},"canonical":"https:\/\/www.blogsoestado.com\/danielmatos\/deputado-max-barros-defende-revisao-do-plano-diretor-de-sao-luis\/","og_locale":"pt_BR","og_type":"article","og_title":"Deputado Max Barros defende revis\u00e3o do Plano Diretor de S\u00e3o Lu\u00eds - Daniel Matos","og_description":"O deputado Max Barros (PMB) defendeu, na sess\u00e3o desta ter\u00e7a-feira (5), a revis\u00e3o do Plano Diretor do Munic\u00edpio de S\u00e3o [&hellip;]","og_url":"https:\/\/www.blogsoestado.com\/danielmatos\/deputado-max-barros-defende-revisao-do-plano-diretor-de-sao-luis\/","og_site_name":"Daniel Matos","article_published_time":"2018-06-06T13:29:08+00:00","og_image":[{"url":"https:\/\/www.blogsoestado.com\/danielmatos\/files\/2018\/06\/max-plano-diretor-1024x678.jpg","type":"","width":"","height":""}],"twitter_card":"summary_large_image","twitter_misc":{"Est. tempo de leitura":"3 minutos"},"schema":{"@context":"https:\/\/schema.org","@graph":[{"@type":"WebPage","@id":"https:\/\/www.blogsoestado.com\/danielmatos\/deputado-max-barros-defende-revisao-do-plano-diretor-de-sao-luis\/","url":"https:\/\/www.blogsoestado.com\/danielmatos\/deputado-max-barros-defende-revisao-do-plano-diretor-de-sao-luis\/","name":"Deputado Max Barros defende revis\u00e3o do Plano Diretor de S\u00e3o Lu\u00eds - Daniel Matos","isPartOf":{"@id":"https:\/\/www.blogsoestado.com\/danielmatos\/#website"},"primaryImageOfPage":{"@id":"https:\/\/www.blogsoestado.com\/danielmatos\/deputado-max-barros-defende-revisao-do-plano-diretor-de-sao-luis\/#primaryimage"},"image":{"@id":"https:\/\/www.blogsoestado.com\/danielmatos\/deputado-max-barros-defende-revisao-do-plano-diretor-de-sao-luis\/#primaryimage"},"thumbnailUrl":"https:\/\/www.blogsoestado.com\/danielmatos\/files\/2018\/06\/max-plano-diretor-1024x678.jpg","datePublished":"2018-06-06T13:29:08+00:00","author":{"@id":""},"breadcrumb":{"@id":"https:\/\/www.blogsoestado.com\/danielmatos\/deputado-max-barros-defende-revisao-do-plano-diretor-de-sao-luis\/#breadcrumb"},"inLanguage":"pt-BR","potentialAction":[{"@type":"ReadAction","target":["https:\/\/www.blogsoestado.com\/danielmatos\/deputado-max-barros-defende-revisao-do-plano-diretor-de-sao-luis\/"]}]},{"@type":"ImageObject","inLanguage":"pt-BR","@id":"https:\/\/www.blogsoestado.com\/danielmatos\/deputado-max-barros-defende-revisao-do-plano-diretor-de-sao-luis\/#primaryimage","url":"https:\/\/www.blogsoestado.com\/danielmatos\/files\/2018\/06\/max-plano-diretor-1024x678.jpg","contentUrl":"https:\/\/www.blogsoestado.com\/danielmatos\/files\/2018\/06\/max-plano-diretor-1024x678.jpg"},{"@type":"BreadcrumbList","@id":"https:\/\/www.blogsoestado.com\/danielmatos\/deputado-max-barros-defende-revisao-do-plano-diretor-de-sao-luis\/#breadcrumb","itemListElement":[{"@type":"ListItem","position":1,"name":"In\u00edcio","item":"https:\/\/www.blogsoestado.com\/danielmatos\/"},{"@type":"ListItem","position":2,"name":"Deputado Max Barros defende revis\u00e3o do Plano Diretor de S\u00e3o Lu\u00eds"}]},{"@type":"WebSite","@id":"https:\/\/www.blogsoestado.com\/danielmatos\/#website","url":"https:\/\/www.blogsoestado.com\/danielmatos\/","name":"Daniel Matos","description":"","potentialAction":[{"@type":"SearchAction","target":{"@type":"EntryPoint","urlTemplate":"https:\/\/www.blogsoestado.com\/danielmatos\/?s={search_term_string}"},"query-input":{"@type":"PropertyValueSpecification","valueRequired":true,"valueName":"search_term_string"}}],"inLanguage":"pt-BR"}]}},"jetpack_featured_media_url":"","_links":{"self":[{"href":"https:\/\/www.blogsoestado.com\/danielmatos\/wp-json\/wp\/v2\/posts\/52020","targetHints":{"allow":["GET"]}}],"collection":[{"href":"https:\/\/www.blogsoestado.com\/danielmatos\/wp-json\/wp\/v2\/posts"}],"about":[{"href":"https:\/\/www.blogsoestado.com\/danielmatos\/wp-json\/wp\/v2\/types\/post"}],"replies":[{"embeddable":true,"href":"https:\/\/www.blogsoestado.com\/danielmatos\/wp-json\/wp\/v2\/comments?post=52020"}],"version-history":[{"count":0,"href":"https:\/\/www.blogsoestado.com\/danielmatos\/wp-json\/wp\/v2\/posts\/52020\/revisions"}],"wp:attachment":[{"href":"https:\/\/www.blogsoestado.com\/danielmatos\/wp-json\/wp\/v2\/media?parent=52020"}],"wp:term":[{"taxonomy":"category","embeddable":true,"href":"https:\/\/www.blogsoestado.com\/danielmatos\/wp-json\/wp\/v2\/categories?post=52020"},{"taxonomy":"post_tag","embeddable":true,"href":"https:\/\/www.blogsoestado.com\/danielmatos\/wp-json\/wp\/v2\/tags?post=52020"}],"curies":[{"name":"wp","href":"https:\/\/api.w.org\/{rel}","templated":true}]}}