{"id":52023,"date":"2018-06-06T13:15:14","date_gmt":"2018-06-06T16:15:14","guid":{"rendered":"https:\/\/www.blogsoestado.com\/danielmatos\/?p=52023"},"modified":"2018-06-06T13:15:14","modified_gmt":"2018-06-06T16:15:14","slug":"deputado-ze-inacio-volta-cobrar-abertura-de-cpi-no-caso-cyrela","status":"publish","type":"post","link":"https:\/\/www.blogsoestado.com\/danielmatos\/deputado-ze-inacio-volta-cobrar-abertura-de-cpi-no-caso-cyrela\/","title":{"rendered":"Deputado Z\u00e9 In\u00e1cio volta a cobrar abertura de CPI no caso Cyrela"},"content":{"rendered":"<figure id=\"attachment_52024\" aria-describedby=\"caption-attachment-52024\" style=\"width: 450px\" class=\"wp-caption alignleft\"><img fetchpriority=\"high\" decoding=\"async\" class=\"wp-image-52024\" src=\"https:\/\/www.blogsoestado.com\/danielmatos\/files\/2018\/06\/ze-cyrela-1024x683.jpg\" alt=\"\" width=\"450\" height=\"300\" \/><figcaption id=\"caption-attachment-52024\" class=\"wp-caption-text\">Z\u00e9 In\u00e1cio pediu \u00e0 Mesa Diretora da AL que se pronunciasse com celeridade sobre o pedido de cria\u00e7\u00e3o da CPI<\/figcaption><\/figure>\n<p>O deputado Z\u00e9 In\u00e1cio (PT) voltou a cobrar, na sess\u00e3o plen\u00e1ria desta ter\u00e7a-feira (5), a instala\u00e7\u00e3o da Comiss\u00e3o Parlamentar de Inqu\u00e9rito (CPI), que investigar\u00e1 as den\u00fancias de irregularidades nos im\u00f3veis constru\u00eddos pela empresa Cyrella no Maranh\u00e3o.<\/p>\n<p>\u201cJ\u00e1 se passaram mais de 30 dias e a Mesa ainda n\u00e3o se pronunciou. Acredito que o presidente Othelino Neto vai se manifestar a respeito deste Requerimento. N\u00f3s somos cobrados n\u00e3o s\u00f3 por alguns parlamentares, como tamb\u00e9m pela sociedade. H\u00e1 moradores que t\u00eam nos cobrado porque consideram importante a CPI da Cyrela. Eu queria que, com brevidade, a Mesa pudesse se pronunciar\u201d.<\/p>\n<p>O requerimento j\u00e1 aprovado pela Casa Legislativa conta com a assinatura de 21 parlamentares, dentre eles: Roberto Costa (PMDB), Edson Ara\u00fajo (PSB), Rog\u00e9rio Cafeteira (PSB), Eduardo Braide (PMN), Vinicius Louro (PR), F\u00e1bio Braga (SD), L\u00e9o Cunha (PSC), Marco Aur\u00e9lio (PCdoB), Cabo Campos (DEM), S\u00e9rgio Vieira (PEN), Junior Verde (PRB), Francisca Primo (PCdoB), Paulo Neto (PSDC), Val\u00e9ria Macedo (PDT), Fernando Furtado (PcdoB), Andrea Murad (PMDB), Sousa Neto (PROS) e Raimundo Cutrim (PCdoB). Al\u00e9m dos deputados Welligton do Curso (PP) e Bira do Pindar\u00e9 (PSB) que tamb\u00e9m se manifestaram e reiteraram o pedido do deputado Z\u00e9 In\u00e1cio para que a CPI tenha in\u00edcio o quanto antes.<\/p>\n<p>Composta por cinco parlamentares, a CPI possui o prazo de 120 dias para apurar as responsabilidades e irregularidades dos empreendimentos nos condom\u00ednios Jardim Toscana e Jardim Provence, no bairro Altos do Calhau, Vit\u00f3ria, no bairro Forquilha, e Pleno Residencial, no bairro Jaracati, que apresentaram vazamento de g\u00e1s, irregularidades no sistema el\u00e9trico, hidr\u00e1ulico, revestimento cer\u00e2mico e infiltra\u00e7\u00f5es.<\/p>\n","protected":false},"excerpt":{"rendered":"<p>O deputado Z\u00e9 In\u00e1cio (PT) voltou a cobrar, na sess\u00e3o plen\u00e1ria desta ter\u00e7a-feira (5), a instala\u00e7\u00e3o da Comiss\u00e3o Parlamentar de [&hellip;]<\/p>\n","protected":false},"author":0,"featured_media":0,"comment_status":"open","ping_status":"open","sticky":false,"template":"","format":"standard","meta":{"site-sidebar-layout":"default","site-content-layout":"","ast-site-content-layout":"default","site-content-style":"default","site-sidebar-style":"default","ast-global-header-display":"","ast-banner-title-visibility":"","ast-main-header-display":"","ast-hfb-above-header-display":"","ast-hfb-below-header-display":"","ast-hfb-mobile-header-display":"","site-post-title":"","ast-breadcrumbs-content":"","ast-featured-img":"","footer-sml-layout":"","ast-disable-related-posts":"","theme-transparent-header-meta":"","adv-header-id-meta":"","stick-header-meta":"","header-above-stick-meta":"","header-main-stick-meta":"","header-below-stick-meta":"","astra-migrate-meta-layouts":"default","ast-page-background-enabled":"default","ast-page-background-meta":{"desktop":{"background-color":"var(--ast-global-color-5)","background-image":"","background-repeat":"repeat","background-position":"center center","background-size":"auto","background-attachment":"scroll","background-type":"","background-media":"","overlay-type":"","overlay-color":"","overlay-opacity":"","overlay-gradient":""},"tablet":{"background-color":"","background-image":"","background-repeat":"repeat","background-position":"center center","background-size":"auto","background-attachment":"scroll","background-type":"","background-media":"","overlay-type":"","overlay-color":"","overlay-opacity":"","overlay-gradient":""},"mobile":{"background-color":"","background-image":"","background-repeat":"repeat","background-position":"center center","background-size":"auto","background-attachment":"scroll","background-type":"","background-media":"","overlay-type":"","overlay-color":"","overlay-opacity":"","overlay-gradient":""}},"ast-content-background-meta":{"desktop":{"background-color":"var(--ast-global-color-4)","background-image":"","background-repeat":"repeat","background-position":"center center","background-size":"auto","background-attachment":"scroll","background-type":"","background-media":"","overlay-type":"","overlay-color":"","overlay-opacity":"","overlay-gradient":""},"tablet":{"background-color":"var(--ast-global-color-4)","background-image":"","background-repeat":"repeat","background-position":"center center","background-size":"auto","background-attachment":"scroll","background-type":"","background-media":"","overlay-type":"","overlay-color":"","overlay-opacity":"","overlay-gradient":""},"mobile":{"background-color":"var(--ast-global-color-4)","background-image":"","background-repeat":"repeat","background-position":"center center","background-size":"auto","background-attachment":"scroll","background-type":"","background-media":"","overlay-type":"","overlay-color":"","overlay-opacity":"","overlay-gradient":""}},"footnotes":""},"categories":[1],"tags":[],"class_list":["post-52023","post","type-post","status-publish","format-standard","hentry","category-sem-categoria"],"yoast_head":"<!-- This site is optimized with the Yoast SEO plugin v26.6 - https:\/\/yoast.com\/wordpress\/plugins\/seo\/ -->\n<title>Deputado Z\u00e9 In\u00e1cio volta a cobrar abertura de CPI no caso Cyrela - Daniel Matos<\/title>\n<meta name=\"robots\" content=\"index, follow, max-snippet:-1, max-image-preview:large, max-video-preview:-1\" \/>\n<link rel=\"canonical\" href=\"https:\/\/www.blogsoestado.com\/danielmatos\/deputado-ze-inacio-volta-cobrar-abertura-de-cpi-no-caso-cyrela\/\" \/>\n<meta property=\"og:locale\" content=\"pt_BR\" \/>\n<meta property=\"og:type\" content=\"article\" \/>\n<meta property=\"og:title\" content=\"Deputado Z\u00e9 In\u00e1cio volta a cobrar abertura de CPI no caso Cyrela - Daniel Matos\" \/>\n<meta property=\"og:description\" content=\"O deputado Z\u00e9 In\u00e1cio (PT) voltou a cobrar, na sess\u00e3o plen\u00e1ria desta ter\u00e7a-feira (5), a instala\u00e7\u00e3o da Comiss\u00e3o Parlamentar de [&hellip;]\" \/>\n<meta property=\"og:url\" content=\"https:\/\/www.blogsoestado.com\/danielmatos\/deputado-ze-inacio-volta-cobrar-abertura-de-cpi-no-caso-cyrela\/\" \/>\n<meta property=\"og:site_name\" content=\"Daniel Matos\" \/>\n<meta property=\"article:published_time\" content=\"2018-06-06T16:15:14+00:00\" \/>\n<meta property=\"og:image\" content=\"https:\/\/www.blogsoestado.com\/danielmatos\/files\/2018\/06\/ze-cyrela-1024x683.jpg\" \/>\n<meta name=\"twitter:card\" content=\"summary_large_image\" \/>\n<meta name=\"twitter:label1\" content=\"Est. tempo de leitura\" \/>\n\t<meta name=\"twitter:data1\" content=\"2 minutos\" \/>\n<script type=\"application\/ld+json\" class=\"yoast-schema-graph\">{\"@context\":\"https:\/\/schema.org\",\"@graph\":[{\"@type\":\"WebPage\",\"@id\":\"https:\/\/www.blogsoestado.com\/danielmatos\/deputado-ze-inacio-volta-cobrar-abertura-de-cpi-no-caso-cyrela\/\",\"url\":\"https:\/\/www.blogsoestado.com\/danielmatos\/deputado-ze-inacio-volta-cobrar-abertura-de-cpi-no-caso-cyrela\/\",\"name\":\"Deputado Z\u00e9 In\u00e1cio volta a cobrar abertura de CPI no caso Cyrela - Daniel Matos\",\"isPartOf\":{\"@id\":\"https:\/\/www.blogsoestado.com\/danielmatos\/#website\"},\"primaryImageOfPage\":{\"@id\":\"https:\/\/www.blogsoestado.com\/danielmatos\/deputado-ze-inacio-volta-cobrar-abertura-de-cpi-no-caso-cyrela\/#primaryimage\"},\"image\":{\"@id\":\"https:\/\/www.blogsoestado.com\/danielmatos\/deputado-ze-inacio-volta-cobrar-abertura-de-cpi-no-caso-cyrela\/#primaryimage\"},\"thumbnailUrl\":\"https:\/\/www.blogsoestado.com\/danielmatos\/files\/2018\/06\/ze-cyrela-1024x683.jpg\",\"datePublished\":\"2018-06-06T16:15:14+00:00\",\"author\":{\"@id\":\"\"},\"breadcrumb\":{\"@id\":\"https:\/\/www.blogsoestado.com\/danielmatos\/deputado-ze-inacio-volta-cobrar-abertura-de-cpi-no-caso-cyrela\/#breadcrumb\"},\"inLanguage\":\"pt-BR\",\"potentialAction\":[{\"@type\":\"ReadAction\",\"target\":[\"https:\/\/www.blogsoestado.com\/danielmatos\/deputado-ze-inacio-volta-cobrar-abertura-de-cpi-no-caso-cyrela\/\"]}]},{\"@type\":\"ImageObject\",\"inLanguage\":\"pt-BR\",\"@id\":\"https:\/\/www.blogsoestado.com\/danielmatos\/deputado-ze-inacio-volta-cobrar-abertura-de-cpi-no-caso-cyrela\/#primaryimage\",\"url\":\"https:\/\/www.blogsoestado.com\/danielmatos\/files\/2018\/06\/ze-cyrela-1024x683.jpg\",\"contentUrl\":\"https:\/\/www.blogsoestado.com\/danielmatos\/files\/2018\/06\/ze-cyrela-1024x683.jpg\"},{\"@type\":\"BreadcrumbList\",\"@id\":\"https:\/\/www.blogsoestado.com\/danielmatos\/deputado-ze-inacio-volta-cobrar-abertura-de-cpi-no-caso-cyrela\/#breadcrumb\",\"itemListElement\":[{\"@type\":\"ListItem\",\"position\":1,\"name\":\"In\u00edcio\",\"item\":\"https:\/\/www.blogsoestado.com\/danielmatos\/\"},{\"@type\":\"ListItem\",\"position\":2,\"name\":\"Deputado Z\u00e9 In\u00e1cio volta a cobrar abertura de CPI no caso Cyrela\"}]},{\"@type\":\"WebSite\",\"@id\":\"https:\/\/www.blogsoestado.com\/danielmatos\/#website\",\"url\":\"https:\/\/www.blogsoestado.com\/danielmatos\/\",\"name\":\"Daniel Matos\",\"description\":\"\",\"potentialAction\":[{\"@type\":\"SearchAction\",\"target\":{\"@type\":\"EntryPoint\",\"urlTemplate\":\"https:\/\/www.blogsoestado.com\/danielmatos\/?s={search_term_string}\"},\"query-input\":{\"@type\":\"PropertyValueSpecification\",\"valueRequired\":true,\"valueName\":\"search_term_string\"}}],\"inLanguage\":\"pt-BR\"}]}<\/script>\n<!-- \/ Yoast SEO plugin. -->","yoast_head_json":{"title":"Deputado Z\u00e9 In\u00e1cio volta a cobrar abertura de CPI no caso Cyrela - Daniel Matos","robots":{"index":"index","follow":"follow","max-snippet":"max-snippet:-1","max-image-preview":"max-image-preview:large","max-video-preview":"max-video-preview:-1"},"canonical":"https:\/\/www.blogsoestado.com\/danielmatos\/deputado-ze-inacio-volta-cobrar-abertura-de-cpi-no-caso-cyrela\/","og_locale":"pt_BR","og_type":"article","og_title":"Deputado Z\u00e9 In\u00e1cio volta a cobrar abertura de CPI no caso Cyrela - Daniel Matos","og_description":"O deputado Z\u00e9 In\u00e1cio (PT) voltou a cobrar, na sess\u00e3o plen\u00e1ria desta ter\u00e7a-feira (5), a instala\u00e7\u00e3o da Comiss\u00e3o Parlamentar de [&hellip;]","og_url":"https:\/\/www.blogsoestado.com\/danielmatos\/deputado-ze-inacio-volta-cobrar-abertura-de-cpi-no-caso-cyrela\/","og_site_name":"Daniel Matos","article_published_time":"2018-06-06T16:15:14+00:00","og_image":[{"url":"https:\/\/www.blogsoestado.com\/danielmatos\/files\/2018\/06\/ze-cyrela-1024x683.jpg","type":"","width":"","height":""}],"twitter_card":"summary_large_image","twitter_misc":{"Est. tempo de leitura":"2 minutos"},"schema":{"@context":"https:\/\/schema.org","@graph":[{"@type":"WebPage","@id":"https:\/\/www.blogsoestado.com\/danielmatos\/deputado-ze-inacio-volta-cobrar-abertura-de-cpi-no-caso-cyrela\/","url":"https:\/\/www.blogsoestado.com\/danielmatos\/deputado-ze-inacio-volta-cobrar-abertura-de-cpi-no-caso-cyrela\/","name":"Deputado Z\u00e9 In\u00e1cio volta a cobrar abertura de CPI no caso Cyrela - Daniel Matos","isPartOf":{"@id":"https:\/\/www.blogsoestado.com\/danielmatos\/#website"},"primaryImageOfPage":{"@id":"https:\/\/www.blogsoestado.com\/danielmatos\/deputado-ze-inacio-volta-cobrar-abertura-de-cpi-no-caso-cyrela\/#primaryimage"},"image":{"@id":"https:\/\/www.blogsoestado.com\/danielmatos\/deputado-ze-inacio-volta-cobrar-abertura-de-cpi-no-caso-cyrela\/#primaryimage"},"thumbnailUrl":"https:\/\/www.blogsoestado.com\/danielmatos\/files\/2018\/06\/ze-cyrela-1024x683.jpg","datePublished":"2018-06-06T16:15:14+00:00","author":{"@id":""},"breadcrumb":{"@id":"https:\/\/www.blogsoestado.com\/danielmatos\/deputado-ze-inacio-volta-cobrar-abertura-de-cpi-no-caso-cyrela\/#breadcrumb"},"inLanguage":"pt-BR","potentialAction":[{"@type":"ReadAction","target":["https:\/\/www.blogsoestado.com\/danielmatos\/deputado-ze-inacio-volta-cobrar-abertura-de-cpi-no-caso-cyrela\/"]}]},{"@type":"ImageObject","inLanguage":"pt-BR","@id":"https:\/\/www.blogsoestado.com\/danielmatos\/deputado-ze-inacio-volta-cobrar-abertura-de-cpi-no-caso-cyrela\/#primaryimage","url":"https:\/\/www.blogsoestado.com\/danielmatos\/files\/2018\/06\/ze-cyrela-1024x683.jpg","contentUrl":"https:\/\/www.blogsoestado.com\/danielmatos\/files\/2018\/06\/ze-cyrela-1024x683.jpg"},{"@type":"BreadcrumbList","@id":"https:\/\/www.blogsoestado.com\/danielmatos\/deputado-ze-inacio-volta-cobrar-abertura-de-cpi-no-caso-cyrela\/#breadcrumb","itemListElement":[{"@type":"ListItem","position":1,"name":"In\u00edcio","item":"https:\/\/www.blogsoestado.com\/danielmatos\/"},{"@type":"ListItem","position":2,"name":"Deputado Z\u00e9 In\u00e1cio volta a cobrar abertura de CPI no caso Cyrela"}]},{"@type":"WebSite","@id":"https:\/\/www.blogsoestado.com\/danielmatos\/#website","url":"https:\/\/www.blogsoestado.com\/danielmatos\/","name":"Daniel Matos","description":"","potentialAction":[{"@type":"SearchAction","target":{"@type":"EntryPoint","urlTemplate":"https:\/\/www.blogsoestado.com\/danielmatos\/?s={search_term_string}"},"query-input":{"@type":"PropertyValueSpecification","valueRequired":true,"valueName":"search_term_string"}}],"inLanguage":"pt-BR"}]}},"jetpack_featured_media_url":"","_links":{"self":[{"href":"https:\/\/www.blogsoestado.com\/danielmatos\/wp-json\/wp\/v2\/posts\/52023","targetHints":{"allow":["GET"]}}],"collection":[{"href":"https:\/\/www.blogsoestado.com\/danielmatos\/wp-json\/wp\/v2\/posts"}],"about":[{"href":"https:\/\/www.blogsoestado.com\/danielmatos\/wp-json\/wp\/v2\/types\/post"}],"replies":[{"embeddable":true,"href":"https:\/\/www.blogsoestado.com\/danielmatos\/wp-json\/wp\/v2\/comments?post=52023"}],"version-history":[{"count":0,"href":"https:\/\/www.blogsoestado.com\/danielmatos\/wp-json\/wp\/v2\/posts\/52023\/revisions"}],"wp:attachment":[{"href":"https:\/\/www.blogsoestado.com\/danielmatos\/wp-json\/wp\/v2\/media?parent=52023"}],"wp:term":[{"taxonomy":"category","embeddable":true,"href":"https:\/\/www.blogsoestado.com\/danielmatos\/wp-json\/wp\/v2\/categories?post=52023"},{"taxonomy":"post_tag","embeddable":true,"href":"https:\/\/www.blogsoestado.com\/danielmatos\/wp-json\/wp\/v2\/tags?post=52023"}],"curies":[{"name":"wp","href":"https:\/\/api.w.org\/{rel}","templated":true}]}}