{"id":52050,"date":"2018-06-07T10:04:57","date_gmt":"2018-06-07T13:04:57","guid":{"rendered":"https:\/\/www.blogsoestado.com\/danielmatos\/?p=52050"},"modified":"2018-06-07T10:04:57","modified_gmt":"2018-06-07T13:04:57","slug":"jovem-assassinada-por-policial-suicida-era-servidora-do-detran","status":"publish","type":"post","link":"https:\/\/www.blogsoestado.com\/danielmatos\/jovem-assassinada-por-policial-suicida-era-servidora-do-detran\/","title":{"rendered":"Jovem assassinada por policial suicida era servidora do Detran"},"content":{"rendered":"<figure id=\"attachment_52051\" aria-describedby=\"caption-attachment-52051\" style=\"width: 420px\" class=\"wp-caption alignright\"><img fetchpriority=\"high\" decoding=\"async\" class=\"wp-image-52051\" src=\"https:\/\/www.blogsoestado.com\/danielmatos\/files\/2018\/06\/vitima-detran.jpg\" alt=\"\" width=\"420\" height=\"420\" \/><figcaption id=\"caption-attachment-52051\" class=\"wp-caption-text\">Marcele Cardoso: mais uma v\u00edtima de feminic\u00eddio em S\u00e3o Lu\u00eds<\/figcaption><\/figure>\n<p>A jovem Marcele Cardoso da Silva, de 24 anos, assassinada ontem (6), \u00e0 noite, dentro de uma resid\u00eancia, na Cohab, pelo sargento da Pol\u00edcia Militar Marcus Vin\u00edcius Gomes Costa, 43 anos, que se suicidou logo em seguida, era servidora do Departamento Estadual de Tr\u00e2nsito (Detran). Em mensagem emocionada, em seu perfil no Facebook, a diretora-geral do \u00f3rg\u00e3o, Larissa Abdalla Britto, lamentou a trag\u00e9dia que vitimou a mulher.<\/p>\n<p>&#8220;Verdadeiramente abalada por esta perda!!! Fam\u00edlia Detran inconsol\u00e1vel. Que Deus a receba em sua luz, amor e paz, Marcele. Sua falta ser\u00e1 grande: pelo companheirismo, pela disposi\u00e7\u00e3o, pelo sorriso sempre largo!!! Nosso apoio incondicional \u00e0 fam\u00edlia e, em especial, \u00e0 Duda (possivelmente, a filha da v\u00edtima)&#8221;, escreveu Larissa.<\/p>\n<p>Chefe da Divis\u00e3o de Transportes do Detran, Marcele era muito querida pelos colegas de trabalho, como comprovam os coment\u00e1rios que se seguiram \u00e0s condol\u00eancias da diretora-geral.<\/p>\n<p>Marcele mantinha uma relacionamento amoroso com o sargento Marcus Vin\u00edcius, que h\u00e1 cerca de tr\u00eas meses estava separado da ex-esposa, com quem tem um filho. Na noite dessa quarta-feira, a jovem foi \u00e0 casa da m\u00e3e do militar, onde ele estava morando ap\u00f3s a separa\u00e7\u00e3o, e onde ocorreu a trag\u00e9dia.<\/p>\n<p>O feminic\u00eddio e o suic\u00eddio aconteceram em um dos quartos do im\u00f3vel. Os barulhos dos tiros foram ouvidos por outras pessoas que estavam na casa, mas todas pensaram que fossem bombinhas juninas. Pela manh\u00e3, veio a surpresa macabra: dois corpos ensanguentados sobre a cama.<\/p>\n","protected":false},"excerpt":{"rendered":"<p>A jovem Marcele Cardoso da Silva, de 24 anos, assassinada ontem (6), \u00e0 noite, dentro de uma resid\u00eancia, na Cohab, [&hellip;]<\/p>\n","protected":false},"author":0,"featured_media":0,"comment_status":"open","ping_status":"open","sticky":false,"template":"","format":"standard","meta":{"site-sidebar-layout":"default","site-content-layout":"","ast-site-content-layout":"default","site-content-style":"default","site-sidebar-style":"default","ast-global-header-display":"","ast-banner-title-visibility":"","ast-main-header-display":"","ast-hfb-above-header-display":"","ast-hfb-below-header-display":"","ast-hfb-mobile-header-display":"","site-post-title":"","ast-breadcrumbs-content":"","ast-featured-img":"","footer-sml-layout":"","ast-disable-related-posts":"","theme-transparent-header-meta":"","adv-header-id-meta":"","stick-header-meta":"","header-above-stick-meta":"","header-main-stick-meta":"","header-below-stick-meta":"","astra-migrate-meta-layouts":"default","ast-page-background-enabled":"default","ast-page-background-meta":{"desktop":{"background-color":"var(--ast-global-color-5)","background-image":"","background-repeat":"repeat","background-position":"center center","background-size":"auto","background-attachment":"scroll","background-type":"","background-media":"","overlay-type":"","overlay-color":"","overlay-opacity":"","overlay-gradient":""},"tablet":{"background-color":"","background-image":"","background-repeat":"repeat","background-position":"center center","background-size":"auto","background-attachment":"scroll","background-type":"","background-media":"","overlay-type":"","overlay-color":"","overlay-opacity":"","overlay-gradient":""},"mobile":{"background-color":"","background-image":"","background-repeat":"repeat","background-position":"center center","background-size":"auto","background-attachment":"scroll","background-type":"","background-media":"","overlay-type":"","overlay-color":"","overlay-opacity":"","overlay-gradient":""}},"ast-content-background-meta":{"desktop":{"background-color":"var(--ast-global-color-4)","background-image":"","background-repeat":"repeat","background-position":"center center","background-size":"auto","background-attachment":"scroll","background-type":"","background-media":"","overlay-type":"","overlay-color":"","overlay-opacity":"","overlay-gradient":""},"tablet":{"background-color":"var(--ast-global-color-4)","background-image":"","background-repeat":"repeat","background-position":"center center","background-size":"auto","background-attachment":"scroll","background-type":"","background-media":"","overlay-type":"","overlay-color":"","overlay-opacity":"","overlay-gradient":""},"mobile":{"background-color":"var(--ast-global-color-4)","background-image":"","background-repeat":"repeat","background-position":"center center","background-size":"auto","background-attachment":"scroll","background-type":"","background-media":"","overlay-type":"","overlay-color":"","overlay-opacity":"","overlay-gradient":""}},"footnotes":""},"categories":[1],"tags":[],"class_list":["post-52050","post","type-post","status-publish","format-standard","hentry","category-sem-categoria"],"yoast_head":"<!-- This site is optimized with the Yoast SEO plugin v26.6 - https:\/\/yoast.com\/wordpress\/plugins\/seo\/ -->\n<title>Jovem assassinada por policial suicida era servidora do Detran - Daniel Matos<\/title>\n<meta name=\"robots\" content=\"index, follow, max-snippet:-1, max-image-preview:large, max-video-preview:-1\" \/>\n<link rel=\"canonical\" href=\"https:\/\/www.blogsoestado.com\/danielmatos\/jovem-assassinada-por-policial-suicida-era-servidora-do-detran\/\" \/>\n<meta property=\"og:locale\" content=\"pt_BR\" \/>\n<meta property=\"og:type\" content=\"article\" \/>\n<meta property=\"og:title\" content=\"Jovem assassinada por policial suicida era servidora do Detran - Daniel Matos\" \/>\n<meta property=\"og:description\" content=\"A jovem Marcele Cardoso da Silva, de 24 anos, assassinada ontem (6), \u00e0 noite, dentro de uma resid\u00eancia, na Cohab, [&hellip;]\" \/>\n<meta property=\"og:url\" content=\"https:\/\/www.blogsoestado.com\/danielmatos\/jovem-assassinada-por-policial-suicida-era-servidora-do-detran\/\" \/>\n<meta property=\"og:site_name\" content=\"Daniel Matos\" \/>\n<meta property=\"article:published_time\" content=\"2018-06-07T13:04:57+00:00\" \/>\n<meta property=\"og:image\" content=\"https:\/\/www.blogsoestado.com\/danielmatos\/files\/2018\/06\/vitima-detran.jpg\" \/>\n<meta name=\"twitter:card\" content=\"summary_large_image\" \/>\n<meta name=\"twitter:label1\" content=\"Est. tempo de leitura\" \/>\n\t<meta name=\"twitter:data1\" content=\"1 minuto\" \/>\n<script type=\"application\/ld+json\" class=\"yoast-schema-graph\">{\"@context\":\"https:\/\/schema.org\",\"@graph\":[{\"@type\":\"WebPage\",\"@id\":\"https:\/\/www.blogsoestado.com\/danielmatos\/jovem-assassinada-por-policial-suicida-era-servidora-do-detran\/\",\"url\":\"https:\/\/www.blogsoestado.com\/danielmatos\/jovem-assassinada-por-policial-suicida-era-servidora-do-detran\/\",\"name\":\"Jovem assassinada por policial suicida era servidora do Detran - Daniel Matos\",\"isPartOf\":{\"@id\":\"https:\/\/www.blogsoestado.com\/danielmatos\/#website\"},\"primaryImageOfPage\":{\"@id\":\"https:\/\/www.blogsoestado.com\/danielmatos\/jovem-assassinada-por-policial-suicida-era-servidora-do-detran\/#primaryimage\"},\"image\":{\"@id\":\"https:\/\/www.blogsoestado.com\/danielmatos\/jovem-assassinada-por-policial-suicida-era-servidora-do-detran\/#primaryimage\"},\"thumbnailUrl\":\"https:\/\/www.blogsoestado.com\/danielmatos\/files\/2018\/06\/vitima-detran.jpg\",\"datePublished\":\"2018-06-07T13:04:57+00:00\",\"author\":{\"@id\":\"\"},\"breadcrumb\":{\"@id\":\"https:\/\/www.blogsoestado.com\/danielmatos\/jovem-assassinada-por-policial-suicida-era-servidora-do-detran\/#breadcrumb\"},\"inLanguage\":\"pt-BR\",\"potentialAction\":[{\"@type\":\"ReadAction\",\"target\":[\"https:\/\/www.blogsoestado.com\/danielmatos\/jovem-assassinada-por-policial-suicida-era-servidora-do-detran\/\"]}]},{\"@type\":\"ImageObject\",\"inLanguage\":\"pt-BR\",\"@id\":\"https:\/\/www.blogsoestado.com\/danielmatos\/jovem-assassinada-por-policial-suicida-era-servidora-do-detran\/#primaryimage\",\"url\":\"https:\/\/www.blogsoestado.com\/danielmatos\/files\/2018\/06\/vitima-detran.jpg\",\"contentUrl\":\"https:\/\/www.blogsoestado.com\/danielmatos\/files\/2018\/06\/vitima-detran.jpg\"},{\"@type\":\"BreadcrumbList\",\"@id\":\"https:\/\/www.blogsoestado.com\/danielmatos\/jovem-assassinada-por-policial-suicida-era-servidora-do-detran\/#breadcrumb\",\"itemListElement\":[{\"@type\":\"ListItem\",\"position\":1,\"name\":\"In\u00edcio\",\"item\":\"https:\/\/www.blogsoestado.com\/danielmatos\/\"},{\"@type\":\"ListItem\",\"position\":2,\"name\":\"Jovem assassinada por policial suicida era servidora do Detran\"}]},{\"@type\":\"WebSite\",\"@id\":\"https:\/\/www.blogsoestado.com\/danielmatos\/#website\",\"url\":\"https:\/\/www.blogsoestado.com\/danielmatos\/\",\"name\":\"Daniel Matos\",\"description\":\"\",\"potentialAction\":[{\"@type\":\"SearchAction\",\"target\":{\"@type\":\"EntryPoint\",\"urlTemplate\":\"https:\/\/www.blogsoestado.com\/danielmatos\/?s={search_term_string}\"},\"query-input\":{\"@type\":\"PropertyValueSpecification\",\"valueRequired\":true,\"valueName\":\"search_term_string\"}}],\"inLanguage\":\"pt-BR\"}]}<\/script>\n<!-- \/ Yoast SEO plugin. -->","yoast_head_json":{"title":"Jovem assassinada por policial suicida era servidora do Detran - Daniel Matos","robots":{"index":"index","follow":"follow","max-snippet":"max-snippet:-1","max-image-preview":"max-image-preview:large","max-video-preview":"max-video-preview:-1"},"canonical":"https:\/\/www.blogsoestado.com\/danielmatos\/jovem-assassinada-por-policial-suicida-era-servidora-do-detran\/","og_locale":"pt_BR","og_type":"article","og_title":"Jovem assassinada por policial suicida era servidora do Detran - Daniel Matos","og_description":"A jovem Marcele Cardoso da Silva, de 24 anos, assassinada ontem (6), \u00e0 noite, dentro de uma resid\u00eancia, na Cohab, [&hellip;]","og_url":"https:\/\/www.blogsoestado.com\/danielmatos\/jovem-assassinada-por-policial-suicida-era-servidora-do-detran\/","og_site_name":"Daniel Matos","article_published_time":"2018-06-07T13:04:57+00:00","og_image":[{"url":"https:\/\/www.blogsoestado.com\/danielmatos\/files\/2018\/06\/vitima-detran.jpg","type":"","width":"","height":""}],"twitter_card":"summary_large_image","twitter_misc":{"Est. tempo de leitura":"1 minuto"},"schema":{"@context":"https:\/\/schema.org","@graph":[{"@type":"WebPage","@id":"https:\/\/www.blogsoestado.com\/danielmatos\/jovem-assassinada-por-policial-suicida-era-servidora-do-detran\/","url":"https:\/\/www.blogsoestado.com\/danielmatos\/jovem-assassinada-por-policial-suicida-era-servidora-do-detran\/","name":"Jovem assassinada por policial suicida era servidora do Detran - Daniel Matos","isPartOf":{"@id":"https:\/\/www.blogsoestado.com\/danielmatos\/#website"},"primaryImageOfPage":{"@id":"https:\/\/www.blogsoestado.com\/danielmatos\/jovem-assassinada-por-policial-suicida-era-servidora-do-detran\/#primaryimage"},"image":{"@id":"https:\/\/www.blogsoestado.com\/danielmatos\/jovem-assassinada-por-policial-suicida-era-servidora-do-detran\/#primaryimage"},"thumbnailUrl":"https:\/\/www.blogsoestado.com\/danielmatos\/files\/2018\/06\/vitima-detran.jpg","datePublished":"2018-06-07T13:04:57+00:00","author":{"@id":""},"breadcrumb":{"@id":"https:\/\/www.blogsoestado.com\/danielmatos\/jovem-assassinada-por-policial-suicida-era-servidora-do-detran\/#breadcrumb"},"inLanguage":"pt-BR","potentialAction":[{"@type":"ReadAction","target":["https:\/\/www.blogsoestado.com\/danielmatos\/jovem-assassinada-por-policial-suicida-era-servidora-do-detran\/"]}]},{"@type":"ImageObject","inLanguage":"pt-BR","@id":"https:\/\/www.blogsoestado.com\/danielmatos\/jovem-assassinada-por-policial-suicida-era-servidora-do-detran\/#primaryimage","url":"https:\/\/www.blogsoestado.com\/danielmatos\/files\/2018\/06\/vitima-detran.jpg","contentUrl":"https:\/\/www.blogsoestado.com\/danielmatos\/files\/2018\/06\/vitima-detran.jpg"},{"@type":"BreadcrumbList","@id":"https:\/\/www.blogsoestado.com\/danielmatos\/jovem-assassinada-por-policial-suicida-era-servidora-do-detran\/#breadcrumb","itemListElement":[{"@type":"ListItem","position":1,"name":"In\u00edcio","item":"https:\/\/www.blogsoestado.com\/danielmatos\/"},{"@type":"ListItem","position":2,"name":"Jovem assassinada por policial suicida era servidora do Detran"}]},{"@type":"WebSite","@id":"https:\/\/www.blogsoestado.com\/danielmatos\/#website","url":"https:\/\/www.blogsoestado.com\/danielmatos\/","name":"Daniel Matos","description":"","potentialAction":[{"@type":"SearchAction","target":{"@type":"EntryPoint","urlTemplate":"https:\/\/www.blogsoestado.com\/danielmatos\/?s={search_term_string}"},"query-input":{"@type":"PropertyValueSpecification","valueRequired":true,"valueName":"search_term_string"}}],"inLanguage":"pt-BR"}]}},"jetpack_featured_media_url":"","_links":{"self":[{"href":"https:\/\/www.blogsoestado.com\/danielmatos\/wp-json\/wp\/v2\/posts\/52050","targetHints":{"allow":["GET"]}}],"collection":[{"href":"https:\/\/www.blogsoestado.com\/danielmatos\/wp-json\/wp\/v2\/posts"}],"about":[{"href":"https:\/\/www.blogsoestado.com\/danielmatos\/wp-json\/wp\/v2\/types\/post"}],"replies":[{"embeddable":true,"href":"https:\/\/www.blogsoestado.com\/danielmatos\/wp-json\/wp\/v2\/comments?post=52050"}],"version-history":[{"count":0,"href":"https:\/\/www.blogsoestado.com\/danielmatos\/wp-json\/wp\/v2\/posts\/52050\/revisions"}],"wp:attachment":[{"href":"https:\/\/www.blogsoestado.com\/danielmatos\/wp-json\/wp\/v2\/media?parent=52050"}],"wp:term":[{"taxonomy":"category","embeddable":true,"href":"https:\/\/www.blogsoestado.com\/danielmatos\/wp-json\/wp\/v2\/categories?post=52050"},{"taxonomy":"post_tag","embeddable":true,"href":"https:\/\/www.blogsoestado.com\/danielmatos\/wp-json\/wp\/v2\/tags?post=52050"}],"curies":[{"name":"wp","href":"https:\/\/api.w.org\/{rel}","templated":true}]}}