{"id":52058,"date":"2018-06-07T11:46:46","date_gmt":"2018-06-07T14:46:46","guid":{"rendered":"https:\/\/www.blogsoestado.com\/danielmatos\/?p=52058"},"modified":"2018-06-07T11:46:46","modified_gmt":"2018-06-07T14:46:46","slug":"mpf-ma-denuncia-envolvidos-em-crime-que-resultou-na-morte-de-delegado-da-pf","status":"publish","type":"post","link":"https:\/\/www.blogsoestado.com\/danielmatos\/mpf-ma-denuncia-envolvidos-em-crime-que-resultou-na-morte-de-delegado-da-pf\/","title":{"rendered":"MPF\/MA denuncia envolvidos em crime que resultou na morte de delegado da PF"},"content":{"rendered":"<h2><span style=\"color: #ff0000;\">A a\u00e7\u00e3o criminosa ocorreu na casa de praia da fam\u00edlia de David Farias de Arag\u00e3o, que foi morto<\/span><\/h2>\n<figure id=\"attachment_51040\" aria-describedby=\"caption-attachment-51040\" style=\"width: 325px\" class=\"wp-caption alignright\"><img fetchpriority=\"high\" decoding=\"async\" class=\"size-full wp-image-51040\" src=\"https:\/\/www.blogsoestado.com\/danielmatos\/files\/2018\/05\/dpf-aragao.jpg\" alt=\"\" width=\"325\" height=\"304\" \/><figcaption id=\"caption-attachment-51040\" class=\"wp-caption-text\">Delegado Davi Arag\u00e3o foi morto em assalto em pleno anivers\u00e1rio da filha. no Ara\u00e7agi<\/figcaption><\/figure>\n<p>O Minist\u00e9rio P\u00fablico Federal no Maranh\u00e3o (MPF\/MA) denunciou Davi Costa Martins, Wanderson de Morais Baldez e Bruno Souza Goulart, pelos crimes ocorridos em 05 de maio de 2018, na casa de praia, localizada no Ara\u00e7agy, que culminou na morte do delegado de Pol\u00edcia Federal David Farias de Arag\u00e3o.<\/p>\n<p>Os denunciados Davi Costa Martins e Wanderson de Morais Baldez, acompanhados de um menor de idade, invadiram a casa de praia \u00e0s 23h40min do dia 05 de maio, data em que a fam\u00edlia estava reunida para a comemora\u00e7\u00e3o do anivers\u00e1rio de cinco anos da filha mais velha do delegado David Farias. Quem estava no local foi rendido e, mediante grave amea\u00e7a e viol\u00eancia, tiveram seus pertences subtra\u00eddos. A a\u00e7\u00e3o, que durou cerca de seis minutos, resultou na morte do delegado, com tiros efetuados com sua pr\u00f3pria arma, pelo acusado Davi Costa Martins.<\/p>\n<p>De acordo com a den\u00fancia, a pistola de uso funcional utilizada no crime era patrim\u00f4nio da Pol\u00edcia Federal e foi entregue a Bruno de Souza Goulart que, segundo os autos, n\u00e3o apenas recebeu a arma, mas tinha plena ci\u00eancia da participa\u00e7\u00e3o dos envolvidos no crime de roubo, na a\u00e7\u00e3o previamente organizada, em que ele agia como facilitador nas negocia\u00e7\u00f5es de venda dos produtos roubados.<\/p>\n<p>A partir disso, o MPF\/MA requer que Davi Costa Martins e Wanderson de Morais Baldez respondam pelos crimes de associa\u00e7\u00e3o criminosa majorada pela participa\u00e7\u00e3o de adolescente, corrup\u00e7\u00e3o de menores majorada pela pr\u00e1tica de crime hediondo, roubo majorado pelo concurso de pessoas, tentativa de latroc\u00ednio e latroc\u00ednio consumado. Bruno Souza Goulart deve responder pelos crimes de associa\u00e7\u00e3o criminosa majorada pela participa\u00e7\u00e3o de adolescente, corrup\u00e7\u00e3o de menores majorada pela pr\u00e1tica de crime hediondo, recepta\u00e7\u00e3o e posse de arma de fogo.<\/p>\n<p><strong>Fonte:<\/strong> Minist\u00e9rio P\u00fablico Federal<\/p>\n","protected":false},"excerpt":{"rendered":"<p>A a\u00e7\u00e3o criminosa ocorreu na casa de praia da fam\u00edlia de David Farias de Arag\u00e3o, que foi morto O Minist\u00e9rio [&hellip;]<\/p>\n","protected":false},"author":0,"featured_media":0,"comment_status":"open","ping_status":"open","sticky":false,"template":"","format":"standard","meta":{"site-sidebar-layout":"default","site-content-layout":"","ast-site-content-layout":"default","site-content-style":"default","site-sidebar-style":"default","ast-global-header-display":"","ast-banner-title-visibility":"","ast-main-header-display":"","ast-hfb-above-header-display":"","ast-hfb-below-header-display":"","ast-hfb-mobile-header-display":"","site-post-title":"","ast-breadcrumbs-content":"","ast-featured-img":"","footer-sml-layout":"","ast-disable-related-posts":"","theme-transparent-header-meta":"","adv-header-id-meta":"","stick-header-meta":"","header-above-stick-meta":"","header-main-stick-meta":"","header-below-stick-meta":"","astra-migrate-meta-layouts":"default","ast-page-background-enabled":"default","ast-page-background-meta":{"desktop":{"background-color":"var(--ast-global-color-5)","background-image":"","background-repeat":"repeat","background-position":"center center","background-size":"auto","background-attachment":"scroll","background-type":"","background-media":"","overlay-type":"","overlay-color":"","overlay-opacity":"","overlay-gradient":""},"tablet":{"background-color":"","background-image":"","background-repeat":"repeat","background-position":"center center","background-size":"auto","background-attachment":"scroll","background-type":"","background-media":"","overlay-type":"","overlay-color":"","overlay-opacity":"","overlay-gradient":""},"mobile":{"background-color":"","background-image":"","background-repeat":"repeat","background-position":"center center","background-size":"auto","background-attachment":"scroll","background-type":"","background-media":"","overlay-type":"","overlay-color":"","overlay-opacity":"","overlay-gradient":""}},"ast-content-background-meta":{"desktop":{"background-color":"var(--ast-global-color-4)","background-image":"","background-repeat":"repeat","background-position":"center center","background-size":"auto","background-attachment":"scroll","background-type":"","background-media":"","overlay-type":"","overlay-color":"","overlay-opacity":"","overlay-gradient":""},"tablet":{"background-color":"var(--ast-global-color-4)","background-image":"","background-repeat":"repeat","background-position":"center center","background-size":"auto","background-attachment":"scroll","background-type":"","background-media":"","overlay-type":"","overlay-color":"","overlay-opacity":"","overlay-gradient":""},"mobile":{"background-color":"var(--ast-global-color-4)","background-image":"","background-repeat":"repeat","background-position":"center center","background-size":"auto","background-attachment":"scroll","background-type":"","background-media":"","overlay-type":"","overlay-color":"","overlay-opacity":"","overlay-gradient":""}},"footnotes":""},"categories":[1],"tags":[],"class_list":["post-52058","post","type-post","status-publish","format-standard","hentry","category-sem-categoria"],"yoast_head":"<!-- This site is optimized with the Yoast SEO plugin v26.6 - https:\/\/yoast.com\/wordpress\/plugins\/seo\/ -->\n<title>MPF\/MA denuncia envolvidos em crime que resultou na morte de delegado da PF - Daniel Matos<\/title>\n<meta name=\"robots\" content=\"index, follow, max-snippet:-1, max-image-preview:large, max-video-preview:-1\" \/>\n<link rel=\"canonical\" href=\"https:\/\/www.blogsoestado.com\/danielmatos\/mpf-ma-denuncia-envolvidos-em-crime-que-resultou-na-morte-de-delegado-da-pf\/\" \/>\n<meta property=\"og:locale\" content=\"pt_BR\" \/>\n<meta property=\"og:type\" content=\"article\" \/>\n<meta property=\"og:title\" content=\"MPF\/MA denuncia envolvidos em crime que resultou na morte de delegado da PF - Daniel Matos\" \/>\n<meta property=\"og:description\" content=\"A a\u00e7\u00e3o criminosa ocorreu na casa de praia da fam\u00edlia de David Farias de Arag\u00e3o, que foi morto O Minist\u00e9rio [&hellip;]\" \/>\n<meta property=\"og:url\" content=\"https:\/\/www.blogsoestado.com\/danielmatos\/mpf-ma-denuncia-envolvidos-em-crime-que-resultou-na-morte-de-delegado-da-pf\/\" \/>\n<meta property=\"og:site_name\" content=\"Daniel Matos\" \/>\n<meta property=\"article:published_time\" content=\"2018-06-07T14:46:46+00:00\" \/>\n<meta property=\"og:image\" content=\"https:\/\/www.blogsoestado.com\/danielmatos\/files\/2018\/05\/dpf-aragao.jpg\" \/>\n<meta name=\"twitter:card\" content=\"summary_large_image\" \/>\n<meta name=\"twitter:label1\" content=\"Est. tempo de leitura\" \/>\n\t<meta name=\"twitter:data1\" content=\"2 minutos\" \/>\n<script type=\"application\/ld+json\" class=\"yoast-schema-graph\">{\"@context\":\"https:\/\/schema.org\",\"@graph\":[{\"@type\":\"WebPage\",\"@id\":\"https:\/\/www.blogsoestado.com\/danielmatos\/mpf-ma-denuncia-envolvidos-em-crime-que-resultou-na-morte-de-delegado-da-pf\/\",\"url\":\"https:\/\/www.blogsoestado.com\/danielmatos\/mpf-ma-denuncia-envolvidos-em-crime-que-resultou-na-morte-de-delegado-da-pf\/\",\"name\":\"MPF\/MA denuncia envolvidos em crime que resultou na morte de delegado da PF - Daniel Matos\",\"isPartOf\":{\"@id\":\"https:\/\/www.blogsoestado.com\/danielmatos\/#website\"},\"primaryImageOfPage\":{\"@id\":\"https:\/\/www.blogsoestado.com\/danielmatos\/mpf-ma-denuncia-envolvidos-em-crime-que-resultou-na-morte-de-delegado-da-pf\/#primaryimage\"},\"image\":{\"@id\":\"https:\/\/www.blogsoestado.com\/danielmatos\/mpf-ma-denuncia-envolvidos-em-crime-que-resultou-na-morte-de-delegado-da-pf\/#primaryimage\"},\"thumbnailUrl\":\"https:\/\/www.blogsoestado.com\/danielmatos\/files\/2018\/05\/dpf-aragao.jpg\",\"datePublished\":\"2018-06-07T14:46:46+00:00\",\"author\":{\"@id\":\"\"},\"breadcrumb\":{\"@id\":\"https:\/\/www.blogsoestado.com\/danielmatos\/mpf-ma-denuncia-envolvidos-em-crime-que-resultou-na-morte-de-delegado-da-pf\/#breadcrumb\"},\"inLanguage\":\"pt-BR\",\"potentialAction\":[{\"@type\":\"ReadAction\",\"target\":[\"https:\/\/www.blogsoestado.com\/danielmatos\/mpf-ma-denuncia-envolvidos-em-crime-que-resultou-na-morte-de-delegado-da-pf\/\"]}]},{\"@type\":\"ImageObject\",\"inLanguage\":\"pt-BR\",\"@id\":\"https:\/\/www.blogsoestado.com\/danielmatos\/mpf-ma-denuncia-envolvidos-em-crime-que-resultou-na-morte-de-delegado-da-pf\/#primaryimage\",\"url\":\"https:\/\/www.blogsoestado.com\/danielmatos\/files\/2018\/05\/dpf-aragao.jpg\",\"contentUrl\":\"https:\/\/www.blogsoestado.com\/danielmatos\/files\/2018\/05\/dpf-aragao.jpg\"},{\"@type\":\"BreadcrumbList\",\"@id\":\"https:\/\/www.blogsoestado.com\/danielmatos\/mpf-ma-denuncia-envolvidos-em-crime-que-resultou-na-morte-de-delegado-da-pf\/#breadcrumb\",\"itemListElement\":[{\"@type\":\"ListItem\",\"position\":1,\"name\":\"In\u00edcio\",\"item\":\"https:\/\/www.blogsoestado.com\/danielmatos\/\"},{\"@type\":\"ListItem\",\"position\":2,\"name\":\"MPF\/MA denuncia envolvidos em crime que resultou na morte de delegado da PF\"}]},{\"@type\":\"WebSite\",\"@id\":\"https:\/\/www.blogsoestado.com\/danielmatos\/#website\",\"url\":\"https:\/\/www.blogsoestado.com\/danielmatos\/\",\"name\":\"Daniel Matos\",\"description\":\"\",\"potentialAction\":[{\"@type\":\"SearchAction\",\"target\":{\"@type\":\"EntryPoint\",\"urlTemplate\":\"https:\/\/www.blogsoestado.com\/danielmatos\/?s={search_term_string}\"},\"query-input\":{\"@type\":\"PropertyValueSpecification\",\"valueRequired\":true,\"valueName\":\"search_term_string\"}}],\"inLanguage\":\"pt-BR\"}]}<\/script>\n<!-- \/ Yoast SEO plugin. -->","yoast_head_json":{"title":"MPF\/MA denuncia envolvidos em crime que resultou na morte de delegado da PF - Daniel Matos","robots":{"index":"index","follow":"follow","max-snippet":"max-snippet:-1","max-image-preview":"max-image-preview:large","max-video-preview":"max-video-preview:-1"},"canonical":"https:\/\/www.blogsoestado.com\/danielmatos\/mpf-ma-denuncia-envolvidos-em-crime-que-resultou-na-morte-de-delegado-da-pf\/","og_locale":"pt_BR","og_type":"article","og_title":"MPF\/MA denuncia envolvidos em crime que resultou na morte de delegado da PF - Daniel Matos","og_description":"A a\u00e7\u00e3o criminosa ocorreu na casa de praia da fam\u00edlia de David Farias de Arag\u00e3o, que foi morto O Minist\u00e9rio [&hellip;]","og_url":"https:\/\/www.blogsoestado.com\/danielmatos\/mpf-ma-denuncia-envolvidos-em-crime-que-resultou-na-morte-de-delegado-da-pf\/","og_site_name":"Daniel Matos","article_published_time":"2018-06-07T14:46:46+00:00","og_image":[{"url":"https:\/\/www.blogsoestado.com\/danielmatos\/files\/2018\/05\/dpf-aragao.jpg","type":"","width":"","height":""}],"twitter_card":"summary_large_image","twitter_misc":{"Est. tempo de leitura":"2 minutos"},"schema":{"@context":"https:\/\/schema.org","@graph":[{"@type":"WebPage","@id":"https:\/\/www.blogsoestado.com\/danielmatos\/mpf-ma-denuncia-envolvidos-em-crime-que-resultou-na-morte-de-delegado-da-pf\/","url":"https:\/\/www.blogsoestado.com\/danielmatos\/mpf-ma-denuncia-envolvidos-em-crime-que-resultou-na-morte-de-delegado-da-pf\/","name":"MPF\/MA denuncia envolvidos em crime que resultou na morte de delegado da PF - Daniel Matos","isPartOf":{"@id":"https:\/\/www.blogsoestado.com\/danielmatos\/#website"},"primaryImageOfPage":{"@id":"https:\/\/www.blogsoestado.com\/danielmatos\/mpf-ma-denuncia-envolvidos-em-crime-que-resultou-na-morte-de-delegado-da-pf\/#primaryimage"},"image":{"@id":"https:\/\/www.blogsoestado.com\/danielmatos\/mpf-ma-denuncia-envolvidos-em-crime-que-resultou-na-morte-de-delegado-da-pf\/#primaryimage"},"thumbnailUrl":"https:\/\/www.blogsoestado.com\/danielmatos\/files\/2018\/05\/dpf-aragao.jpg","datePublished":"2018-06-07T14:46:46+00:00","author":{"@id":""},"breadcrumb":{"@id":"https:\/\/www.blogsoestado.com\/danielmatos\/mpf-ma-denuncia-envolvidos-em-crime-que-resultou-na-morte-de-delegado-da-pf\/#breadcrumb"},"inLanguage":"pt-BR","potentialAction":[{"@type":"ReadAction","target":["https:\/\/www.blogsoestado.com\/danielmatos\/mpf-ma-denuncia-envolvidos-em-crime-que-resultou-na-morte-de-delegado-da-pf\/"]}]},{"@type":"ImageObject","inLanguage":"pt-BR","@id":"https:\/\/www.blogsoestado.com\/danielmatos\/mpf-ma-denuncia-envolvidos-em-crime-que-resultou-na-morte-de-delegado-da-pf\/#primaryimage","url":"https:\/\/www.blogsoestado.com\/danielmatos\/files\/2018\/05\/dpf-aragao.jpg","contentUrl":"https:\/\/www.blogsoestado.com\/danielmatos\/files\/2018\/05\/dpf-aragao.jpg"},{"@type":"BreadcrumbList","@id":"https:\/\/www.blogsoestado.com\/danielmatos\/mpf-ma-denuncia-envolvidos-em-crime-que-resultou-na-morte-de-delegado-da-pf\/#breadcrumb","itemListElement":[{"@type":"ListItem","position":1,"name":"In\u00edcio","item":"https:\/\/www.blogsoestado.com\/danielmatos\/"},{"@type":"ListItem","position":2,"name":"MPF\/MA denuncia envolvidos em crime que resultou na morte de delegado da PF"}]},{"@type":"WebSite","@id":"https:\/\/www.blogsoestado.com\/danielmatos\/#website","url":"https:\/\/www.blogsoestado.com\/danielmatos\/","name":"Daniel Matos","description":"","potentialAction":[{"@type":"SearchAction","target":{"@type":"EntryPoint","urlTemplate":"https:\/\/www.blogsoestado.com\/danielmatos\/?s={search_term_string}"},"query-input":{"@type":"PropertyValueSpecification","valueRequired":true,"valueName":"search_term_string"}}],"inLanguage":"pt-BR"}]}},"jetpack_featured_media_url":"","_links":{"self":[{"href":"https:\/\/www.blogsoestado.com\/danielmatos\/wp-json\/wp\/v2\/posts\/52058","targetHints":{"allow":["GET"]}}],"collection":[{"href":"https:\/\/www.blogsoestado.com\/danielmatos\/wp-json\/wp\/v2\/posts"}],"about":[{"href":"https:\/\/www.blogsoestado.com\/danielmatos\/wp-json\/wp\/v2\/types\/post"}],"replies":[{"embeddable":true,"href":"https:\/\/www.blogsoestado.com\/danielmatos\/wp-json\/wp\/v2\/comments?post=52058"}],"version-history":[{"count":0,"href":"https:\/\/www.blogsoestado.com\/danielmatos\/wp-json\/wp\/v2\/posts\/52058\/revisions"}],"wp:attachment":[{"href":"https:\/\/www.blogsoestado.com\/danielmatos\/wp-json\/wp\/v2\/media?parent=52058"}],"wp:term":[{"taxonomy":"category","embeddable":true,"href":"https:\/\/www.blogsoestado.com\/danielmatos\/wp-json\/wp\/v2\/categories?post=52058"},{"taxonomy":"post_tag","embeddable":true,"href":"https:\/\/www.blogsoestado.com\/danielmatos\/wp-json\/wp\/v2\/tags?post=52058"}],"curies":[{"name":"wp","href":"https:\/\/api.w.org\/{rel}","templated":true}]}}