{"id":52060,"date":"2018-06-07T13:15:46","date_gmt":"2018-06-07T16:15:46","guid":{"rendered":"https:\/\/www.blogsoestado.com\/danielmatos\/?p=52060"},"modified":"2018-06-07T13:15:46","modified_gmt":"2018-06-07T16:15:46","slug":"deputado-wellington-denuncia-ameacas-sofridas-por-adolescente-de-13-anos-em-anapurus","status":"publish","type":"post","link":"https:\/\/www.blogsoestado.com\/danielmatos\/deputado-wellington-denuncia-ameacas-sofridas-por-adolescente-de-13-anos-em-anapurus\/","title":{"rendered":"Deputado Wellington denuncia amea\u00e7as sofridas por adolescente de 13 anos em Anapurus"},"content":{"rendered":"<figure id=\"attachment_52061\" aria-describedby=\"caption-attachment-52061\" style=\"width: 420px\" class=\"wp-caption alignleft\"><img fetchpriority=\"high\" decoding=\"async\" class=\"wp-image-52061\" src=\"https:\/\/www.blogsoestado.com\/danielmatos\/files\/2018\/06\/w-infracional.jpg\" alt=\"\" width=\"420\" height=\"280\" \/><figcaption id=\"caption-attachment-52061\" class=\"wp-caption-text\">Para o deputado Wellington, devem ser adotadas provid\u00eancias para proteger a adolescente e sua fam\u00edlia<\/figcaption><\/figure>\n<p>O deputado estadual Wellington do Curso (PSDB), presidente da Comiss\u00e3o de Direitos Humanos da Assembleia, usou a tribuna da Assembleia Legislativa, na manh\u00e3 dessa quarta-feira (6), para denunciar diversas amea\u00e7as e agress\u00f5es sofridas por uma menor de apenas 13 anos, que foi supostamente acusada de pr\u00e1tica de ato infracional an\u00e1logo ao crime de furto pela prefeita de Anapurus, Wanderly, seu marido, Ivanildo, e pela sua filha, Carol Monteles.<\/p>\n<p>As den\u00fancias foram encaminhadas ao deputado Wellington por meio de moradores de Anapurus e confirmadas pela senhora Elida Cristina Alves Corr\u00eaa, m\u00e3e da adolescente, que relatou que a menor foi acusada pelo furto de tr\u00eas aparelhos celulares que sumiram da resid\u00eancia da atual prefeita da cidade somente por se encontrar brincando com outras crian\u00e7as no momento do sumi\u00e7o dos objetos.<\/p>\n<p>\u201cA gente pode at\u00e9 n\u00e3o ter muito dinheiro, mas \u00e9 honesto. Acusaram a minha filha foi acusada de pegar o celular. Depois disso, foi trancada em um quarto, sofreu agress\u00f5es e tem sofrido constantes amea\u00e7as o que tem lhe causado danos psicol\u00f3gicos, inclusive medo de sair de casa e frequentar a escola. A gente n\u00e3o sabe mais o que fazer. Isso \u00e9 maldade. \u00c9 crueldade\u201d, desabafou a m\u00e3e.<\/p>\n<p>Para o deputado Wellington, provid\u00eancias devem ser adotadas a fim de proteger a adolescente e sua fam\u00edlia.<\/p>\n<p>\u201cRecebemos essas den\u00fancias e solicitamos que a Comiss\u00e3o de Direitos Humanos da Assembleia, em que eu sou presidente, a promotoria da inf\u00e2ncia e a Comiss\u00e3o de Direitos Humanos da OAB possam agir. Uma menina de apenas 13 anos e sua fam\u00edlia est\u00e3o sofrendo amea\u00e7as. N\u00e3o podemos confirmar a veracidade dos fatos, mas a quest\u00e3o deve sim ser imvestigada e, assim, adotadas as devidas provid\u00eancias. J\u00e1 encaminhei a solicita\u00e7\u00e3o e deixo aqui o meio apoio aos familiares da menina. Aproveito tamb\u00e9m para agradecer a confian\u00e7a de cada maranhense que vive em Anapurus e me encaminhou essa den\u00fancia\u201d, disse o deputado Wellington.<\/p>\n","protected":false},"excerpt":{"rendered":"<p>O deputado estadual Wellington do Curso (PSDB), presidente da Comiss\u00e3o de Direitos Humanos da Assembleia, usou a tribuna da Assembleia [&hellip;]<\/p>\n","protected":false},"author":0,"featured_media":0,"comment_status":"open","ping_status":"open","sticky":false,"template":"","format":"standard","meta":{"site-sidebar-layout":"default","site-content-layout":"","ast-site-content-layout":"default","site-content-style":"default","site-sidebar-style":"default","ast-global-header-display":"","ast-banner-title-visibility":"","ast-main-header-display":"","ast-hfb-above-header-display":"","ast-hfb-below-header-display":"","ast-hfb-mobile-header-display":"","site-post-title":"","ast-breadcrumbs-content":"","ast-featured-img":"","footer-sml-layout":"","ast-disable-related-posts":"","theme-transparent-header-meta":"","adv-header-id-meta":"","stick-header-meta":"","header-above-stick-meta":"","header-main-stick-meta":"","header-below-stick-meta":"","astra-migrate-meta-layouts":"default","ast-page-background-enabled":"default","ast-page-background-meta":{"desktop":{"background-color":"var(--ast-global-color-5)","background-image":"","background-repeat":"repeat","background-position":"center center","background-size":"auto","background-attachment":"scroll","background-type":"","background-media":"","overlay-type":"","overlay-color":"","overlay-opacity":"","overlay-gradient":""},"tablet":{"background-color":"","background-image":"","background-repeat":"repeat","background-position":"center center","background-size":"auto","background-attachment":"scroll","background-type":"","background-media":"","overlay-type":"","overlay-color":"","overlay-opacity":"","overlay-gradient":""},"mobile":{"background-color":"","background-image":"","background-repeat":"repeat","background-position":"center center","background-size":"auto","background-attachment":"scroll","background-type":"","background-media":"","overlay-type":"","overlay-color":"","overlay-opacity":"","overlay-gradient":""}},"ast-content-background-meta":{"desktop":{"background-color":"var(--ast-global-color-4)","background-image":"","background-repeat":"repeat","background-position":"center center","background-size":"auto","background-attachment":"scroll","background-type":"","background-media":"","overlay-type":"","overlay-color":"","overlay-opacity":"","overlay-gradient":""},"tablet":{"background-color":"var(--ast-global-color-4)","background-image":"","background-repeat":"repeat","background-position":"center center","background-size":"auto","background-attachment":"scroll","background-type":"","background-media":"","overlay-type":"","overlay-color":"","overlay-opacity":"","overlay-gradient":""},"mobile":{"background-color":"var(--ast-global-color-4)","background-image":"","background-repeat":"repeat","background-position":"center center","background-size":"auto","background-attachment":"scroll","background-type":"","background-media":"","overlay-type":"","overlay-color":"","overlay-opacity":"","overlay-gradient":""}},"footnotes":""},"categories":[1],"tags":[],"class_list":["post-52060","post","type-post","status-publish","format-standard","hentry","category-sem-categoria"],"yoast_head":"<!-- This site is optimized with the Yoast SEO plugin v26.6 - https:\/\/yoast.com\/wordpress\/plugins\/seo\/ -->\n<title>Deputado Wellington denuncia amea\u00e7as sofridas por adolescente de 13 anos em Anapurus - Daniel Matos<\/title>\n<meta name=\"robots\" content=\"index, follow, max-snippet:-1, max-image-preview:large, max-video-preview:-1\" \/>\n<link rel=\"canonical\" href=\"https:\/\/www.blogsoestado.com\/danielmatos\/deputado-wellington-denuncia-ameacas-sofridas-por-adolescente-de-13-anos-em-anapurus\/\" \/>\n<meta property=\"og:locale\" content=\"pt_BR\" \/>\n<meta property=\"og:type\" content=\"article\" \/>\n<meta property=\"og:title\" content=\"Deputado Wellington denuncia amea\u00e7as sofridas por adolescente de 13 anos em Anapurus - Daniel Matos\" \/>\n<meta property=\"og:description\" content=\"O deputado estadual Wellington do Curso (PSDB), presidente da Comiss\u00e3o de Direitos Humanos da Assembleia, usou a tribuna da Assembleia [&hellip;]\" \/>\n<meta property=\"og:url\" content=\"https:\/\/www.blogsoestado.com\/danielmatos\/deputado-wellington-denuncia-ameacas-sofridas-por-adolescente-de-13-anos-em-anapurus\/\" \/>\n<meta property=\"og:site_name\" content=\"Daniel Matos\" \/>\n<meta property=\"article:published_time\" content=\"2018-06-07T16:15:46+00:00\" \/>\n<meta property=\"og:image\" content=\"https:\/\/www.blogsoestado.com\/danielmatos\/files\/2018\/06\/w-infracional.jpg\" \/>\n<meta name=\"twitter:card\" content=\"summary_large_image\" \/>\n<meta name=\"twitter:label1\" content=\"Est. tempo de leitura\" \/>\n\t<meta name=\"twitter:data1\" content=\"2 minutos\" \/>\n<script type=\"application\/ld+json\" class=\"yoast-schema-graph\">{\"@context\":\"https:\/\/schema.org\",\"@graph\":[{\"@type\":\"WebPage\",\"@id\":\"https:\/\/www.blogsoestado.com\/danielmatos\/deputado-wellington-denuncia-ameacas-sofridas-por-adolescente-de-13-anos-em-anapurus\/\",\"url\":\"https:\/\/www.blogsoestado.com\/danielmatos\/deputado-wellington-denuncia-ameacas-sofridas-por-adolescente-de-13-anos-em-anapurus\/\",\"name\":\"Deputado Wellington denuncia amea\u00e7as sofridas por adolescente de 13 anos em Anapurus - Daniel Matos\",\"isPartOf\":{\"@id\":\"https:\/\/www.blogsoestado.com\/danielmatos\/#website\"},\"primaryImageOfPage\":{\"@id\":\"https:\/\/www.blogsoestado.com\/danielmatos\/deputado-wellington-denuncia-ameacas-sofridas-por-adolescente-de-13-anos-em-anapurus\/#primaryimage\"},\"image\":{\"@id\":\"https:\/\/www.blogsoestado.com\/danielmatos\/deputado-wellington-denuncia-ameacas-sofridas-por-adolescente-de-13-anos-em-anapurus\/#primaryimage\"},\"thumbnailUrl\":\"https:\/\/www.blogsoestado.com\/danielmatos\/files\/2018\/06\/w-infracional.jpg\",\"datePublished\":\"2018-06-07T16:15:46+00:00\",\"author\":{\"@id\":\"\"},\"breadcrumb\":{\"@id\":\"https:\/\/www.blogsoestado.com\/danielmatos\/deputado-wellington-denuncia-ameacas-sofridas-por-adolescente-de-13-anos-em-anapurus\/#breadcrumb\"},\"inLanguage\":\"pt-BR\",\"potentialAction\":[{\"@type\":\"ReadAction\",\"target\":[\"https:\/\/www.blogsoestado.com\/danielmatos\/deputado-wellington-denuncia-ameacas-sofridas-por-adolescente-de-13-anos-em-anapurus\/\"]}]},{\"@type\":\"ImageObject\",\"inLanguage\":\"pt-BR\",\"@id\":\"https:\/\/www.blogsoestado.com\/danielmatos\/deputado-wellington-denuncia-ameacas-sofridas-por-adolescente-de-13-anos-em-anapurus\/#primaryimage\",\"url\":\"https:\/\/www.blogsoestado.com\/danielmatos\/files\/2018\/06\/w-infracional.jpg\",\"contentUrl\":\"https:\/\/www.blogsoestado.com\/danielmatos\/files\/2018\/06\/w-infracional.jpg\"},{\"@type\":\"BreadcrumbList\",\"@id\":\"https:\/\/www.blogsoestado.com\/danielmatos\/deputado-wellington-denuncia-ameacas-sofridas-por-adolescente-de-13-anos-em-anapurus\/#breadcrumb\",\"itemListElement\":[{\"@type\":\"ListItem\",\"position\":1,\"name\":\"In\u00edcio\",\"item\":\"https:\/\/www.blogsoestado.com\/danielmatos\/\"},{\"@type\":\"ListItem\",\"position\":2,\"name\":\"Deputado Wellington denuncia amea\u00e7as sofridas por adolescente de 13 anos em Anapurus\"}]},{\"@type\":\"WebSite\",\"@id\":\"https:\/\/www.blogsoestado.com\/danielmatos\/#website\",\"url\":\"https:\/\/www.blogsoestado.com\/danielmatos\/\",\"name\":\"Daniel Matos\",\"description\":\"\",\"potentialAction\":[{\"@type\":\"SearchAction\",\"target\":{\"@type\":\"EntryPoint\",\"urlTemplate\":\"https:\/\/www.blogsoestado.com\/danielmatos\/?s={search_term_string}\"},\"query-input\":{\"@type\":\"PropertyValueSpecification\",\"valueRequired\":true,\"valueName\":\"search_term_string\"}}],\"inLanguage\":\"pt-BR\"}]}<\/script>\n<!-- \/ Yoast SEO plugin. -->","yoast_head_json":{"title":"Deputado Wellington denuncia amea\u00e7as sofridas por adolescente de 13 anos em Anapurus - Daniel Matos","robots":{"index":"index","follow":"follow","max-snippet":"max-snippet:-1","max-image-preview":"max-image-preview:large","max-video-preview":"max-video-preview:-1"},"canonical":"https:\/\/www.blogsoestado.com\/danielmatos\/deputado-wellington-denuncia-ameacas-sofridas-por-adolescente-de-13-anos-em-anapurus\/","og_locale":"pt_BR","og_type":"article","og_title":"Deputado Wellington denuncia amea\u00e7as sofridas por adolescente de 13 anos em Anapurus - Daniel Matos","og_description":"O deputado estadual Wellington do Curso (PSDB), presidente da Comiss\u00e3o de Direitos Humanos da Assembleia, usou a tribuna da Assembleia [&hellip;]","og_url":"https:\/\/www.blogsoestado.com\/danielmatos\/deputado-wellington-denuncia-ameacas-sofridas-por-adolescente-de-13-anos-em-anapurus\/","og_site_name":"Daniel Matos","article_published_time":"2018-06-07T16:15:46+00:00","og_image":[{"url":"https:\/\/www.blogsoestado.com\/danielmatos\/files\/2018\/06\/w-infracional.jpg","type":"","width":"","height":""}],"twitter_card":"summary_large_image","twitter_misc":{"Est. tempo de leitura":"2 minutos"},"schema":{"@context":"https:\/\/schema.org","@graph":[{"@type":"WebPage","@id":"https:\/\/www.blogsoestado.com\/danielmatos\/deputado-wellington-denuncia-ameacas-sofridas-por-adolescente-de-13-anos-em-anapurus\/","url":"https:\/\/www.blogsoestado.com\/danielmatos\/deputado-wellington-denuncia-ameacas-sofridas-por-adolescente-de-13-anos-em-anapurus\/","name":"Deputado Wellington denuncia amea\u00e7as sofridas por adolescente de 13 anos em Anapurus - Daniel Matos","isPartOf":{"@id":"https:\/\/www.blogsoestado.com\/danielmatos\/#website"},"primaryImageOfPage":{"@id":"https:\/\/www.blogsoestado.com\/danielmatos\/deputado-wellington-denuncia-ameacas-sofridas-por-adolescente-de-13-anos-em-anapurus\/#primaryimage"},"image":{"@id":"https:\/\/www.blogsoestado.com\/danielmatos\/deputado-wellington-denuncia-ameacas-sofridas-por-adolescente-de-13-anos-em-anapurus\/#primaryimage"},"thumbnailUrl":"https:\/\/www.blogsoestado.com\/danielmatos\/files\/2018\/06\/w-infracional.jpg","datePublished":"2018-06-07T16:15:46+00:00","author":{"@id":""},"breadcrumb":{"@id":"https:\/\/www.blogsoestado.com\/danielmatos\/deputado-wellington-denuncia-ameacas-sofridas-por-adolescente-de-13-anos-em-anapurus\/#breadcrumb"},"inLanguage":"pt-BR","potentialAction":[{"@type":"ReadAction","target":["https:\/\/www.blogsoestado.com\/danielmatos\/deputado-wellington-denuncia-ameacas-sofridas-por-adolescente-de-13-anos-em-anapurus\/"]}]},{"@type":"ImageObject","inLanguage":"pt-BR","@id":"https:\/\/www.blogsoestado.com\/danielmatos\/deputado-wellington-denuncia-ameacas-sofridas-por-adolescente-de-13-anos-em-anapurus\/#primaryimage","url":"https:\/\/www.blogsoestado.com\/danielmatos\/files\/2018\/06\/w-infracional.jpg","contentUrl":"https:\/\/www.blogsoestado.com\/danielmatos\/files\/2018\/06\/w-infracional.jpg"},{"@type":"BreadcrumbList","@id":"https:\/\/www.blogsoestado.com\/danielmatos\/deputado-wellington-denuncia-ameacas-sofridas-por-adolescente-de-13-anos-em-anapurus\/#breadcrumb","itemListElement":[{"@type":"ListItem","position":1,"name":"In\u00edcio","item":"https:\/\/www.blogsoestado.com\/danielmatos\/"},{"@type":"ListItem","position":2,"name":"Deputado Wellington denuncia amea\u00e7as sofridas por adolescente de 13 anos em Anapurus"}]},{"@type":"WebSite","@id":"https:\/\/www.blogsoestado.com\/danielmatos\/#website","url":"https:\/\/www.blogsoestado.com\/danielmatos\/","name":"Daniel Matos","description":"","potentialAction":[{"@type":"SearchAction","target":{"@type":"EntryPoint","urlTemplate":"https:\/\/www.blogsoestado.com\/danielmatos\/?s={search_term_string}"},"query-input":{"@type":"PropertyValueSpecification","valueRequired":true,"valueName":"search_term_string"}}],"inLanguage":"pt-BR"}]}},"jetpack_featured_media_url":"","_links":{"self":[{"href":"https:\/\/www.blogsoestado.com\/danielmatos\/wp-json\/wp\/v2\/posts\/52060","targetHints":{"allow":["GET"]}}],"collection":[{"href":"https:\/\/www.blogsoestado.com\/danielmatos\/wp-json\/wp\/v2\/posts"}],"about":[{"href":"https:\/\/www.blogsoestado.com\/danielmatos\/wp-json\/wp\/v2\/types\/post"}],"replies":[{"embeddable":true,"href":"https:\/\/www.blogsoestado.com\/danielmatos\/wp-json\/wp\/v2\/comments?post=52060"}],"version-history":[{"count":0,"href":"https:\/\/www.blogsoestado.com\/danielmatos\/wp-json\/wp\/v2\/posts\/52060\/revisions"}],"wp:attachment":[{"href":"https:\/\/www.blogsoestado.com\/danielmatos\/wp-json\/wp\/v2\/media?parent=52060"}],"wp:term":[{"taxonomy":"category","embeddable":true,"href":"https:\/\/www.blogsoestado.com\/danielmatos\/wp-json\/wp\/v2\/categories?post=52060"},{"taxonomy":"post_tag","embeddable":true,"href":"https:\/\/www.blogsoestado.com\/danielmatos\/wp-json\/wp\/v2\/tags?post=52060"}],"curies":[{"name":"wp","href":"https:\/\/api.w.org\/{rel}","templated":true}]}}