{"id":52070,"date":"2018-06-07T16:51:10","date_gmt":"2018-06-07T19:51:10","guid":{"rendered":"https:\/\/www.blogsoestado.com\/danielmatos\/?p=52070"},"modified":"2018-06-07T16:51:10","modified_gmt":"2018-06-07T19:51:10","slug":"gratuidade-no-transporte-a-desempregados-proposta-pelo-vereador-marquinhos-e-realidade-em-outras-cidades","status":"publish","type":"post","link":"https:\/\/www.blogsoestado.com\/danielmatos\/gratuidade-no-transporte-a-desempregados-proposta-pelo-vereador-marquinhos-e-realidade-em-outras-cidades\/","title":{"rendered":"Gratuidade no transporte a desempregados proposta pelo vereador Marquinhos \u00e9 realidade em outras cidades"},"content":{"rendered":"<figure id=\"attachment_52075\" aria-describedby=\"caption-attachment-52075\" style=\"width: 450px\" class=\"wp-caption alignleft\"><img fetchpriority=\"high\" decoding=\"async\" class=\"wp-image-52075\" src=\"https:\/\/www.blogsoestado.com\/danielmatos\/files\/2018\/06\/marquinhos-gratuidade.jpg\" alt=\"\" width=\"450\" height=\"259\" \/><figcaption id=\"caption-attachment-52075\" class=\"wp-caption-text\">Vereador Marquinhos quer garantir transporte p\u00fablico gratuito a desempregados na capital<\/figcaption><\/figure>\n<p>A gratuidade no transporte p\u00fablico de passageiros a pessoas desempregadas, proposta pelo vereador Marquinhos Silva (DEM) j\u00e1 \u00e9 realidade em outros munic\u00edpios brasileiros. Pela proposi\u00e7\u00e3o de Marquinhos, apresentada ano passado, o\u00a0cidad\u00e3o que estiver fora do mercado de trabalho ter\u00e1 direito a\u00a0um cart\u00e3o para uso nos \u00f4nibus da capital por um per\u00edodo de 90 dias.<\/p>\n<p>No munic\u00edpio de S\u00e3o Paulo, a prefeitura instituiu, desde 2015, o Bilhete \u00danico de 90 dias para desempregados. O benef\u00edcio para passageiros sem ocupa\u00e7\u00e3o j\u00e1 existia em sistemas de transportes administrados pelo governo estadual h\u00e1 quase tr\u00eas d\u00e9cadas. Desde 1990, governo paulista concede gratuidade a cidad\u00e3os que est\u00e3o fora do mercado de trabalho no metr\u00f4, na Companhia Paulista de Trens Metropolitanos (CPTM) e na Empresa Metropolitana de Transportes Urbanos (EMTU). Na capital, a medida vale dentro do sistema de \u00f4nibus vinculado \u00e0 prefeitura.<\/p>\n<p>Outro munic\u00edpio que oferece transporte p\u00fablico gratuito a desempregados \u00e9 Diadema, no interior de S\u00e3o Paulo. Por meio de lei municipal em vigor desde setembro do ano passado, foi institu\u00eddo o Programa Bolsa Transporte, com o objetivo de beneficiar com a gratuidade na utiliza\u00e7\u00e3o do transporte coletivo municipal n\u00e3o apenas desempregados, mas tamb\u00e9m aposentados e pensionistas, pessoas com defici\u00eancia e idosos.<\/p>\n<p><strong>Projetos<\/strong><\/p>\n<p>Em Santa B\u00e1rbara do Oeste, outra cidade do interior paulista,\u00a0foi apresentado, em outubro do ano passado, na C\u00e2mara de Vereadores, projeto de lei que autoriza o Poder Executivo Municipal a conceder gratuidade \u00e0s pessoas desempregadas no sistema de transporte p\u00fablico. A proposi\u00e7\u00e3o prev\u00ea que o benef\u00edcio seja concedido em todas as linhas e itiner\u00e1rios dos \u00f4nibus dentro do munic\u00edpio, mediante cadastro junto \u00e0 Coordenadoria Municipal de Transportes, a partir da comprova\u00e7\u00e3o do estado de desempregado por meio da apresenta\u00e7\u00e3o do Termo de Rescis\u00e3o, desde que o interessado n\u00e3o esteja recebendo as parcelas do seguro-desemprego.<\/p>\n<p>A C\u00e2mara Legislativa do Distrito Federal aprovou, por unanimidade, em julho do ano passado, um projeto semelhante, que prev\u00ea gratuidade no transporte p\u00fablico por 90 dias a pessoas desempregadas. Em nota, o governo do DF alegou dificuldades financeiras para sancionar o projeto aprovado pelos deputados distritais. Justificou, ainda, que a medida, uma vez implementada, desequilibraria custos e impediria investimentos.<\/p>\n<p>A gratuidade no transporte p\u00fablico para desempregados tamb\u00e9m foi inclu\u00edda pauta da C\u00e2mara dos Vereadores de Recife (PE), em dezembro do ano passado. Projeto de lei que institui o Passe Livre no Sistema de Transporte P\u00fablico de Passageiros para os trabalhadores desempregados e habilitados no seguro-desemprego previa a disponibiliza\u00e7\u00e3o de 10 passagens gratuitas por m\u00eas, por no m\u00e1ximo um ano, para os recifenses desempregados.<\/p>\n<p>Seguindo o exemplo das cidades onde o transporte p\u00fablico gratuito a desempregados j\u00e1 \u00e9 ou poder\u00e1, em breve, se tornar realidade , o vereador Marquinh0s quer assegurar aos cidad\u00e3os que estejam desocupados os meios para se reintegrar ao mercado de trabalho, de modo a assegurar a essas pessoas o bem-estar social e o pleno acesso aos bens e servi\u00e7os essenciais ao desenvolvimento individual e coletivo.<\/p>\n<p>A prop\u00f3sito, em seu perfil no Instagram (<a href=\"https:\/\/www.instagram.com\/vereadormarquinhos\/\">@vereadormarquinhos<\/a>), o vereador pergunta aos internautas se eles aprovam ou reprovam a proposta.<\/p>\n","protected":false},"excerpt":{"rendered":"<p>A gratuidade no transporte p\u00fablico de passageiros a pessoas desempregadas, proposta pelo vereador Marquinhos Silva (DEM) j\u00e1 \u00e9 realidade em [&hellip;]<\/p>\n","protected":false},"author":0,"featured_media":0,"comment_status":"open","ping_status":"open","sticky":false,"template":"","format":"standard","meta":{"site-sidebar-layout":"default","site-content-layout":"","ast-site-content-layout":"default","site-content-style":"default","site-sidebar-style":"default","ast-global-header-display":"","ast-banner-title-visibility":"","ast-main-header-display":"","ast-hfb-above-header-display":"","ast-hfb-below-header-display":"","ast-hfb-mobile-header-display":"","site-post-title":"","ast-breadcrumbs-content":"","ast-featured-img":"","footer-sml-layout":"","ast-disable-related-posts":"","theme-transparent-header-meta":"","adv-header-id-meta":"","stick-header-meta":"","header-above-stick-meta":"","header-main-stick-meta":"","header-below-stick-meta":"","astra-migrate-meta-layouts":"default","ast-page-background-enabled":"default","ast-page-background-meta":{"desktop":{"background-color":"var(--ast-global-color-5)","background-image":"","background-repeat":"repeat","background-position":"center center","background-size":"auto","background-attachment":"scroll","background-type":"","background-media":"","overlay-type":"","overlay-color":"","overlay-opacity":"","overlay-gradient":""},"tablet":{"background-color":"","background-image":"","background-repeat":"repeat","background-position":"center center","background-size":"auto","background-attachment":"scroll","background-type":"","background-media":"","overlay-type":"","overlay-color":"","overlay-opacity":"","overlay-gradient":""},"mobile":{"background-color":"","background-image":"","background-repeat":"repeat","background-position":"center center","background-size":"auto","background-attachment":"scroll","background-type":"","background-media":"","overlay-type":"","overlay-color":"","overlay-opacity":"","overlay-gradient":""}},"ast-content-background-meta":{"desktop":{"background-color":"var(--ast-global-color-4)","background-image":"","background-repeat":"repeat","background-position":"center center","background-size":"auto","background-attachment":"scroll","background-type":"","background-media":"","overlay-type":"","overlay-color":"","overlay-opacity":"","overlay-gradient":""},"tablet":{"background-color":"var(--ast-global-color-4)","background-image":"","background-repeat":"repeat","background-position":"center center","background-size":"auto","background-attachment":"scroll","background-type":"","background-media":"","overlay-type":"","overlay-color":"","overlay-opacity":"","overlay-gradient":""},"mobile":{"background-color":"var(--ast-global-color-4)","background-image":"","background-repeat":"repeat","background-position":"center center","background-size":"auto","background-attachment":"scroll","background-type":"","background-media":"","overlay-type":"","overlay-color":"","overlay-opacity":"","overlay-gradient":""}},"footnotes":""},"categories":[1],"tags":[],"class_list":["post-52070","post","type-post","status-publish","format-standard","hentry","category-sem-categoria"],"yoast_head":"<!-- This site is optimized with the Yoast SEO plugin v26.6 - https:\/\/yoast.com\/wordpress\/plugins\/seo\/ -->\n<title>Gratuidade no transporte a desempregados proposta pelo vereador Marquinhos \u00e9 realidade em outras cidades - Daniel Matos<\/title>\n<meta name=\"robots\" content=\"index, follow, max-snippet:-1, max-image-preview:large, max-video-preview:-1\" \/>\n<link rel=\"canonical\" href=\"https:\/\/www.blogsoestado.com\/danielmatos\/gratuidade-no-transporte-a-desempregados-proposta-pelo-vereador-marquinhos-e-realidade-em-outras-cidades\/\" \/>\n<meta property=\"og:locale\" content=\"pt_BR\" \/>\n<meta property=\"og:type\" content=\"article\" \/>\n<meta property=\"og:title\" content=\"Gratuidade no transporte a desempregados proposta pelo vereador Marquinhos \u00e9 realidade em outras cidades - Daniel Matos\" \/>\n<meta property=\"og:description\" content=\"A gratuidade no transporte p\u00fablico de passageiros a pessoas desempregadas, proposta pelo vereador Marquinhos Silva (DEM) j\u00e1 \u00e9 realidade em [&hellip;]\" \/>\n<meta property=\"og:url\" content=\"https:\/\/www.blogsoestado.com\/danielmatos\/gratuidade-no-transporte-a-desempregados-proposta-pelo-vereador-marquinhos-e-realidade-em-outras-cidades\/\" \/>\n<meta property=\"og:site_name\" content=\"Daniel Matos\" \/>\n<meta property=\"article:published_time\" content=\"2018-06-07T19:51:10+00:00\" \/>\n<meta property=\"og:image\" content=\"https:\/\/www.blogsoestado.com\/danielmatos\/files\/2018\/06\/marquinhos-gratuidade.jpg\" \/>\n<meta name=\"twitter:card\" content=\"summary_large_image\" \/>\n<meta name=\"twitter:label1\" content=\"Est. tempo de leitura\" \/>\n\t<meta name=\"twitter:data1\" content=\"3 minutos\" \/>\n<script type=\"application\/ld+json\" class=\"yoast-schema-graph\">{\"@context\":\"https:\/\/schema.org\",\"@graph\":[{\"@type\":\"WebPage\",\"@id\":\"https:\/\/www.blogsoestado.com\/danielmatos\/gratuidade-no-transporte-a-desempregados-proposta-pelo-vereador-marquinhos-e-realidade-em-outras-cidades\/\",\"url\":\"https:\/\/www.blogsoestado.com\/danielmatos\/gratuidade-no-transporte-a-desempregados-proposta-pelo-vereador-marquinhos-e-realidade-em-outras-cidades\/\",\"name\":\"Gratuidade no transporte a desempregados proposta pelo vereador Marquinhos \u00e9 realidade em outras cidades - Daniel Matos\",\"isPartOf\":{\"@id\":\"https:\/\/www.blogsoestado.com\/danielmatos\/#website\"},\"primaryImageOfPage\":{\"@id\":\"https:\/\/www.blogsoestado.com\/danielmatos\/gratuidade-no-transporte-a-desempregados-proposta-pelo-vereador-marquinhos-e-realidade-em-outras-cidades\/#primaryimage\"},\"image\":{\"@id\":\"https:\/\/www.blogsoestado.com\/danielmatos\/gratuidade-no-transporte-a-desempregados-proposta-pelo-vereador-marquinhos-e-realidade-em-outras-cidades\/#primaryimage\"},\"thumbnailUrl\":\"https:\/\/www.blogsoestado.com\/danielmatos\/files\/2018\/06\/marquinhos-gratuidade.jpg\",\"datePublished\":\"2018-06-07T19:51:10+00:00\",\"author\":{\"@id\":\"\"},\"breadcrumb\":{\"@id\":\"https:\/\/www.blogsoestado.com\/danielmatos\/gratuidade-no-transporte-a-desempregados-proposta-pelo-vereador-marquinhos-e-realidade-em-outras-cidades\/#breadcrumb\"},\"inLanguage\":\"pt-BR\",\"potentialAction\":[{\"@type\":\"ReadAction\",\"target\":[\"https:\/\/www.blogsoestado.com\/danielmatos\/gratuidade-no-transporte-a-desempregados-proposta-pelo-vereador-marquinhos-e-realidade-em-outras-cidades\/\"]}]},{\"@type\":\"ImageObject\",\"inLanguage\":\"pt-BR\",\"@id\":\"https:\/\/www.blogsoestado.com\/danielmatos\/gratuidade-no-transporte-a-desempregados-proposta-pelo-vereador-marquinhos-e-realidade-em-outras-cidades\/#primaryimage\",\"url\":\"https:\/\/www.blogsoestado.com\/danielmatos\/files\/2018\/06\/marquinhos-gratuidade.jpg\",\"contentUrl\":\"https:\/\/www.blogsoestado.com\/danielmatos\/files\/2018\/06\/marquinhos-gratuidade.jpg\"},{\"@type\":\"BreadcrumbList\",\"@id\":\"https:\/\/www.blogsoestado.com\/danielmatos\/gratuidade-no-transporte-a-desempregados-proposta-pelo-vereador-marquinhos-e-realidade-em-outras-cidades\/#breadcrumb\",\"itemListElement\":[{\"@type\":\"ListItem\",\"position\":1,\"name\":\"In\u00edcio\",\"item\":\"https:\/\/www.blogsoestado.com\/danielmatos\/\"},{\"@type\":\"ListItem\",\"position\":2,\"name\":\"Gratuidade no transporte a desempregados proposta pelo vereador Marquinhos \u00e9 realidade em outras cidades\"}]},{\"@type\":\"WebSite\",\"@id\":\"https:\/\/www.blogsoestado.com\/danielmatos\/#website\",\"url\":\"https:\/\/www.blogsoestado.com\/danielmatos\/\",\"name\":\"Daniel Matos\",\"description\":\"\",\"potentialAction\":[{\"@type\":\"SearchAction\",\"target\":{\"@type\":\"EntryPoint\",\"urlTemplate\":\"https:\/\/www.blogsoestado.com\/danielmatos\/?s={search_term_string}\"},\"query-input\":{\"@type\":\"PropertyValueSpecification\",\"valueRequired\":true,\"valueName\":\"search_term_string\"}}],\"inLanguage\":\"pt-BR\"}]}<\/script>\n<!-- \/ Yoast SEO plugin. -->","yoast_head_json":{"title":"Gratuidade no transporte a desempregados proposta pelo vereador Marquinhos \u00e9 realidade em outras cidades - Daniel Matos","robots":{"index":"index","follow":"follow","max-snippet":"max-snippet:-1","max-image-preview":"max-image-preview:large","max-video-preview":"max-video-preview:-1"},"canonical":"https:\/\/www.blogsoestado.com\/danielmatos\/gratuidade-no-transporte-a-desempregados-proposta-pelo-vereador-marquinhos-e-realidade-em-outras-cidades\/","og_locale":"pt_BR","og_type":"article","og_title":"Gratuidade no transporte a desempregados proposta pelo vereador Marquinhos \u00e9 realidade em outras cidades - Daniel Matos","og_description":"A gratuidade no transporte p\u00fablico de passageiros a pessoas desempregadas, proposta pelo vereador Marquinhos Silva (DEM) j\u00e1 \u00e9 realidade em [&hellip;]","og_url":"https:\/\/www.blogsoestado.com\/danielmatos\/gratuidade-no-transporte-a-desempregados-proposta-pelo-vereador-marquinhos-e-realidade-em-outras-cidades\/","og_site_name":"Daniel Matos","article_published_time":"2018-06-07T19:51:10+00:00","og_image":[{"url":"https:\/\/www.blogsoestado.com\/danielmatos\/files\/2018\/06\/marquinhos-gratuidade.jpg","type":"","width":"","height":""}],"twitter_card":"summary_large_image","twitter_misc":{"Est. tempo de leitura":"3 minutos"},"schema":{"@context":"https:\/\/schema.org","@graph":[{"@type":"WebPage","@id":"https:\/\/www.blogsoestado.com\/danielmatos\/gratuidade-no-transporte-a-desempregados-proposta-pelo-vereador-marquinhos-e-realidade-em-outras-cidades\/","url":"https:\/\/www.blogsoestado.com\/danielmatos\/gratuidade-no-transporte-a-desempregados-proposta-pelo-vereador-marquinhos-e-realidade-em-outras-cidades\/","name":"Gratuidade no transporte a desempregados proposta pelo vereador Marquinhos \u00e9 realidade em outras cidades - Daniel Matos","isPartOf":{"@id":"https:\/\/www.blogsoestado.com\/danielmatos\/#website"},"primaryImageOfPage":{"@id":"https:\/\/www.blogsoestado.com\/danielmatos\/gratuidade-no-transporte-a-desempregados-proposta-pelo-vereador-marquinhos-e-realidade-em-outras-cidades\/#primaryimage"},"image":{"@id":"https:\/\/www.blogsoestado.com\/danielmatos\/gratuidade-no-transporte-a-desempregados-proposta-pelo-vereador-marquinhos-e-realidade-em-outras-cidades\/#primaryimage"},"thumbnailUrl":"https:\/\/www.blogsoestado.com\/danielmatos\/files\/2018\/06\/marquinhos-gratuidade.jpg","datePublished":"2018-06-07T19:51:10+00:00","author":{"@id":""},"breadcrumb":{"@id":"https:\/\/www.blogsoestado.com\/danielmatos\/gratuidade-no-transporte-a-desempregados-proposta-pelo-vereador-marquinhos-e-realidade-em-outras-cidades\/#breadcrumb"},"inLanguage":"pt-BR","potentialAction":[{"@type":"ReadAction","target":["https:\/\/www.blogsoestado.com\/danielmatos\/gratuidade-no-transporte-a-desempregados-proposta-pelo-vereador-marquinhos-e-realidade-em-outras-cidades\/"]}]},{"@type":"ImageObject","inLanguage":"pt-BR","@id":"https:\/\/www.blogsoestado.com\/danielmatos\/gratuidade-no-transporte-a-desempregados-proposta-pelo-vereador-marquinhos-e-realidade-em-outras-cidades\/#primaryimage","url":"https:\/\/www.blogsoestado.com\/danielmatos\/files\/2018\/06\/marquinhos-gratuidade.jpg","contentUrl":"https:\/\/www.blogsoestado.com\/danielmatos\/files\/2018\/06\/marquinhos-gratuidade.jpg"},{"@type":"BreadcrumbList","@id":"https:\/\/www.blogsoestado.com\/danielmatos\/gratuidade-no-transporte-a-desempregados-proposta-pelo-vereador-marquinhos-e-realidade-em-outras-cidades\/#breadcrumb","itemListElement":[{"@type":"ListItem","position":1,"name":"In\u00edcio","item":"https:\/\/www.blogsoestado.com\/danielmatos\/"},{"@type":"ListItem","position":2,"name":"Gratuidade no transporte a desempregados proposta pelo vereador Marquinhos \u00e9 realidade em outras cidades"}]},{"@type":"WebSite","@id":"https:\/\/www.blogsoestado.com\/danielmatos\/#website","url":"https:\/\/www.blogsoestado.com\/danielmatos\/","name":"Daniel Matos","description":"","potentialAction":[{"@type":"SearchAction","target":{"@type":"EntryPoint","urlTemplate":"https:\/\/www.blogsoestado.com\/danielmatos\/?s={search_term_string}"},"query-input":{"@type":"PropertyValueSpecification","valueRequired":true,"valueName":"search_term_string"}}],"inLanguage":"pt-BR"}]}},"jetpack_featured_media_url":"","_links":{"self":[{"href":"https:\/\/www.blogsoestado.com\/danielmatos\/wp-json\/wp\/v2\/posts\/52070","targetHints":{"allow":["GET"]}}],"collection":[{"href":"https:\/\/www.blogsoestado.com\/danielmatos\/wp-json\/wp\/v2\/posts"}],"about":[{"href":"https:\/\/www.blogsoestado.com\/danielmatos\/wp-json\/wp\/v2\/types\/post"}],"replies":[{"embeddable":true,"href":"https:\/\/www.blogsoestado.com\/danielmatos\/wp-json\/wp\/v2\/comments?post=52070"}],"version-history":[{"count":0,"href":"https:\/\/www.blogsoestado.com\/danielmatos\/wp-json\/wp\/v2\/posts\/52070\/revisions"}],"wp:attachment":[{"href":"https:\/\/www.blogsoestado.com\/danielmatos\/wp-json\/wp\/v2\/media?parent=52070"}],"wp:term":[{"taxonomy":"category","embeddable":true,"href":"https:\/\/www.blogsoestado.com\/danielmatos\/wp-json\/wp\/v2\/categories?post=52070"},{"taxonomy":"post_tag","embeddable":true,"href":"https:\/\/www.blogsoestado.com\/danielmatos\/wp-json\/wp\/v2\/tags?post=52070"}],"curies":[{"name":"wp","href":"https:\/\/api.w.org\/{rel}","templated":true}]}}