{"id":52072,"date":"2018-06-07T14:49:36","date_gmt":"2018-06-07T17:49:36","guid":{"rendered":"https:\/\/www.blogsoestado.com\/danielmatos\/?p=52072"},"modified":"2018-06-07T14:49:36","modified_gmt":"2018-06-07T17:49:36","slug":"comissao-de-orcamento-reune-com-secretarios-e-inicia-apreciacao-da-ldo","status":"publish","type":"post","link":"https:\/\/www.blogsoestado.com\/danielmatos\/comissao-de-orcamento-reune-com-secretarios-e-inicia-apreciacao-da-ldo\/","title":{"rendered":"Comiss\u00e3o de Or\u00e7amento re\u00fane com secret\u00e1rios e inicia aprecia\u00e7\u00e3o da LDO"},"content":{"rendered":"<p>&nbsp;<\/p>\n<figure id=\"attachment_52073\" aria-describedby=\"caption-attachment-52073\" style=\"width: 650px\" class=\"wp-caption aligncenter\"><img fetchpriority=\"high\" decoding=\"async\" class=\"wp-image-52073\" src=\"https:\/\/www.blogsoestado.com\/danielmatos\/files\/2018\/06\/ldo-vereadores.jpg\" alt=\"\" width=\"650\" height=\"422\" \/><figcaption id=\"caption-attachment-52073\" class=\"wp-caption-text\">Secret\u00e1rio Cursino Raposo faz explana\u00e7\u00e3o sobre a LDO aos vereadores membros da comiss\u00e3o<\/figcaption><\/figure>\n<p>De acordo com o previsto em um pr\u00e9vio cronograma a Comiss\u00e3o de Or\u00e7amento da C\u00e2mara Municipal de S\u00e3o Lu\u00eds, composta pelos vereadores Gutemberg Ara\u00fajo (PRTB) \u2013 presidente, Osmar Filho (PDT) \u2013 relator, Marquinhos Silva (DEM) e Concita Pinto (Patriota) reuniu-se, na tarde da \u00faltima quarta-feira, (6), com os secret\u00e1rios Municipais de Planejamento, Jos\u00e9 Cursino, e de Fazenda, Delcio Rodrigues, para iniciar a aprecia\u00e7\u00e3o da LDO (Lei de Diretrizes Or\u00e7ament\u00e1rias) 2019.<\/p>\n<p>Durante o encontro na Sala de Eventos do Legislativo Ludovicense, o secret\u00e1rio Jos\u00e9 Cursino fez uma apresenta\u00e7\u00e3o dos planos e metas com uma abordagem acerca do cen\u00e1rio econ\u00f4mico nacional, estadual com destaque para o plano municipal.<\/p>\n<p>Em sua narrativa, o titular da pasta do Planejamento ressaltou o Art. 165, enfatizando que as leis de iniciativa do Poder Executivo estabelecer\u00e3o: I &#8211; o plano plurianual; II &#8211; as diretrizes or\u00e7ament\u00e1rias; III &#8211; os or\u00e7amentos anuais. Dando refor\u00e7o a sua explana\u00e7\u00e3o ele cita que conforme o par\u00e1grafo 2\u00ba \u201cA lei de diretrizes or\u00e7ament\u00e1rias compreender\u00e1 as metas e prioridades da administra\u00e7\u00e3o p\u00fablica federal, incluindo as despesas de capital para o exerc\u00edcio financeiro subsequente, orientar\u00e1 a elabora\u00e7\u00e3o da lei or\u00e7ament\u00e1ria anual, dispor\u00e1 sobre as altera\u00e7\u00f5es na legisla\u00e7\u00e3o tribut\u00e1ria e estabelecer\u00e1 a pol\u00edtica de aplica\u00e7\u00e3o das ag\u00eancias financeiras oficiais de fomento\u201d.<\/p>\n<p>Continuando com sua argumenta\u00e7\u00e3o t\u00e9cnica, Jos\u00e9 Cursino aponta para o Art. 4\u00ba onde est\u00e1 determinado que \u201ca Lei de Diretrizes Or\u00e7ament\u00e1rias atender\u00e1 o disposto no par\u00e1grafo 2o do art. 165 da Constitui\u00e7\u00e3o que conter\u00e1 ainda I &#8211; avalia\u00e7\u00e3o do cumprimento das metas relativas ao ano anterior; II \u2013 demonstrativo das metas anuais, instru\u00eddo com mem\u00f3ria e metodologia de c\u00e1lculo que justifiquem os resultados pretendidos, comparando-as com as fixadas nos tr\u00eas exerc\u00edcios anteriores, eevidenciando a consist\u00eancia delas com as premissas e os objetivos da pol\u00edtica econ\u00f4mica nacional; e III &#8211; evolu\u00e7\u00e3o do patrim\u00f4nio l\u00edquido, tamb\u00e9m nos \u00faltimos tr\u00eas exerc\u00edcios, destacando a origem e a aplica\u00e7\u00e3o dos recursos obtidos com a aliena\u00e7\u00e3o de ativos;<\/p>\n<p>Na elabora\u00e7\u00e3o do cen\u00e1rio para a LDO foram utilizados os \u00edndices macroecon\u00f4micos em conformidade com as orienta\u00e7\u00f5es dispon\u00edveis na 8\u00aa Edi\u00e7\u00e3o do Manual de Demonstrativos Fiscais: aplicado \u00e0 Uni\u00e3o e aos Estados, Distrito Federal e Munic\u00edpios (MDF8) editado para vig\u00eancia a partir do exerc\u00edcio financeiro de 2018 pela Secretaria do Tesouro Nacional (STN).<\/p>\n<p>Mais adiante foi feita a cita\u00e7\u00e3o: \u201c[&#8230;] a metodologia de proje\u00e7\u00e3o de receitas or\u00e7ament\u00e1rias adotada est\u00e1 baseada na s\u00e9rie hist\u00f3rica de arrecada\u00e7\u00e3o das receitas ao longo dos anos ou meses anteriores (base de c\u00e1lculo), corrigida por par\u00e2metros de pre\u00e7o (efeito pre\u00e7o), de quantidade (efeito quantidade) e de alguma mudan\u00e7a de aplica\u00e7\u00e3o de al\u00edquota em sua base de c\u00e1lculo (efeito legisla\u00e7\u00e3o). Esta metodologia busca traduzir matematicamente o comportamento da arrecada\u00e7\u00e3o de uma determinada receita ao longo dos meses e anos anteriores e refleti-la para os meses ou anos seguintes, utilizando-se de modelos matem\u00e1ticos.\u201d (BRASIL, 2017, p. 66)<\/p>\n<p>A LDO versa, tamb\u00e9m, sobre: Os aspectos relacionados \u00e0s prioridades e metas program\u00e1ticas; as normas que regem a organiza\u00e7\u00e3o, a estrutura, a elabora\u00e7\u00e3o e a execu\u00e7\u00e3o do or\u00e7amento para o exerc\u00edcio seguinte; as altera\u00e7\u00f5es na legisla\u00e7\u00e3o tribut\u00e1ria; o ordenamento da responsabilidade fiscal do gestor municipal, com rela\u00e7\u00e3o ao cumprimento dos par\u00e2metros de controle e limites de despesas, objetivando garantir o equil\u00edbrio das contas p\u00fablicas do munic\u00edpio.<\/p>\n<p><strong>CONTE\u00daDO PLDO<\/strong><\/p>\n<p>Consta como conte\u00fado do PLDO o cap\u00edtulo IV \u2013 Das altera\u00e7\u00f5es da Lei Or\u00e7ament\u00e1ria e da Execu\u00e7\u00e3o provis\u00f3ria do Projeto de Lei Or\u00e7ament\u00e1ria; capitulo V \u2013 Das disposi\u00e7\u00f5es relativas \u00e0s despesas com pessoal e encargos sociais; cap\u00edtulo VI \u2013 Das condi\u00e7\u00f5es e exig\u00eancias para a transfer\u00eancia de recursos a entidades p\u00fablicas e privadas e a pessoas f\u00edsicas; e o cap\u00edtulo VII \u2013 das disposi\u00e7\u00f5es sobre altera\u00e7\u00f5es na legisla\u00e7\u00e3o tribut\u00e1ria municipal.<\/p>\n<p>A LDO versa, tamb\u00e9m, sobre: Os aspectos relacionados \u00e0s prioridades e metas program\u00e1ticas; as normas que regem a organiza\u00e7\u00e3o, a estrutura, a elabora\u00e7\u00e3o e a execu\u00e7\u00e3o do or\u00e7amento para o exerc\u00edcio seguinte; as altera\u00e7\u00f5es na legisla\u00e7\u00e3o tribut\u00e1ria; o ordenamento da responsabilidade fiscal do gestor municipal, com rela\u00e7\u00e3o ao cumprimento dos par\u00e2metros de controle e limites de despesas, objetivando garantir o equil\u00edbrio das contas p\u00fablicas do munic\u00edpio<\/p>\n<p>Para finalizar ficou agendado que no pr\u00f3ximo dia 13 ser\u00e1 realizado um semin\u00e1rio interno sobre as emendas a serem apresentadas \u00e0 LDO, que ser\u00e1 ministrado pelo procurador legislativo da C\u00e2mara Municipal, Samuel Melo, e no dia 20 acontecer\u00e1 uma audi\u00eancia p\u00fablica sobre a Lei de Diretrizes Or\u00e7ament\u00e1rias no plen\u00e1rio Sim\u00e3o Est\u00e1cio da Silveira do parlamento da capital maranhense.<\/p>\n","protected":false},"excerpt":{"rendered":"<p>&nbsp; De acordo com o previsto em um pr\u00e9vio cronograma a Comiss\u00e3o de Or\u00e7amento da C\u00e2mara Municipal de S\u00e3o Lu\u00eds, [&hellip;]<\/p>\n","protected":false},"author":0,"featured_media":0,"comment_status":"open","ping_status":"open","sticky":false,"template":"","format":"standard","meta":{"site-sidebar-layout":"default","site-content-layout":"","ast-site-content-layout":"default","site-content-style":"default","site-sidebar-style":"default","ast-global-header-display":"","ast-banner-title-visibility":"","ast-main-header-display":"","ast-hfb-above-header-display":"","ast-hfb-below-header-display":"","ast-hfb-mobile-header-display":"","site-post-title":"","ast-breadcrumbs-content":"","ast-featured-img":"","footer-sml-layout":"","ast-disable-related-posts":"","theme-transparent-header-meta":"","adv-header-id-meta":"","stick-header-meta":"","header-above-stick-meta":"","header-main-stick-meta":"","header-below-stick-meta":"","astra-migrate-meta-layouts":"default","ast-page-background-enabled":"default","ast-page-background-meta":{"desktop":{"background-color":"var(--ast-global-color-5)","background-image":"","background-repeat":"repeat","background-position":"center center","background-size":"auto","background-attachment":"scroll","background-type":"","background-media":"","overlay-type":"","overlay-color":"","overlay-opacity":"","overlay-gradient":""},"tablet":{"background-color":"","background-image":"","background-repeat":"repeat","background-position":"center center","background-size":"auto","background-attachment":"scroll","background-type":"","background-media":"","overlay-type":"","overlay-color":"","overlay-opacity":"","overlay-gradient":""},"mobile":{"background-color":"","background-image":"","background-repeat":"repeat","background-position":"center center","background-size":"auto","background-attachment":"scroll","background-type":"","background-media":"","overlay-type":"","overlay-color":"","overlay-opacity":"","overlay-gradient":""}},"ast-content-background-meta":{"desktop":{"background-color":"var(--ast-global-color-4)","background-image":"","background-repeat":"repeat","background-position":"center center","background-size":"auto","background-attachment":"scroll","background-type":"","background-media":"","overlay-type":"","overlay-color":"","overlay-opacity":"","overlay-gradient":""},"tablet":{"background-color":"var(--ast-global-color-4)","background-image":"","background-repeat":"repeat","background-position":"center center","background-size":"auto","background-attachment":"scroll","background-type":"","background-media":"","overlay-type":"","overlay-color":"","overlay-opacity":"","overlay-gradient":""},"mobile":{"background-color":"var(--ast-global-color-4)","background-image":"","background-repeat":"repeat","background-position":"center center","background-size":"auto","background-attachment":"scroll","background-type":"","background-media":"","overlay-type":"","overlay-color":"","overlay-opacity":"","overlay-gradient":""}},"footnotes":""},"categories":[1],"tags":[],"class_list":["post-52072","post","type-post","status-publish","format-standard","hentry","category-sem-categoria"],"yoast_head":"<!-- This site is optimized with the Yoast SEO plugin v26.6 - https:\/\/yoast.com\/wordpress\/plugins\/seo\/ -->\n<title>Comiss\u00e3o de Or\u00e7amento re\u00fane com secret\u00e1rios e inicia aprecia\u00e7\u00e3o da LDO - Daniel Matos<\/title>\n<meta name=\"robots\" content=\"index, follow, max-snippet:-1, max-image-preview:large, max-video-preview:-1\" \/>\n<link rel=\"canonical\" href=\"https:\/\/www.blogsoestado.com\/danielmatos\/comissao-de-orcamento-reune-com-secretarios-e-inicia-apreciacao-da-ldo\/\" \/>\n<meta property=\"og:locale\" content=\"pt_BR\" \/>\n<meta property=\"og:type\" content=\"article\" \/>\n<meta property=\"og:title\" content=\"Comiss\u00e3o de Or\u00e7amento re\u00fane com secret\u00e1rios e inicia aprecia\u00e7\u00e3o da LDO - Daniel Matos\" \/>\n<meta property=\"og:description\" content=\"&nbsp; De acordo com o previsto em um pr\u00e9vio cronograma a Comiss\u00e3o de Or\u00e7amento da C\u00e2mara Municipal de S\u00e3o Lu\u00eds, [&hellip;]\" \/>\n<meta property=\"og:url\" content=\"https:\/\/www.blogsoestado.com\/danielmatos\/comissao-de-orcamento-reune-com-secretarios-e-inicia-apreciacao-da-ldo\/\" \/>\n<meta property=\"og:site_name\" content=\"Daniel Matos\" \/>\n<meta property=\"article:published_time\" content=\"2018-06-07T17:49:36+00:00\" \/>\n<meta property=\"og:image\" content=\"https:\/\/www.blogsoestado.com\/danielmatos\/files\/2018\/06\/ldo-vereadores.jpg\" \/>\n<meta name=\"twitter:card\" content=\"summary_large_image\" \/>\n<meta name=\"twitter:label1\" content=\"Est. tempo de leitura\" \/>\n\t<meta name=\"twitter:data1\" content=\"4 minutos\" \/>\n<script type=\"application\/ld+json\" class=\"yoast-schema-graph\">{\"@context\":\"https:\/\/schema.org\",\"@graph\":[{\"@type\":\"WebPage\",\"@id\":\"https:\/\/www.blogsoestado.com\/danielmatos\/comissao-de-orcamento-reune-com-secretarios-e-inicia-apreciacao-da-ldo\/\",\"url\":\"https:\/\/www.blogsoestado.com\/danielmatos\/comissao-de-orcamento-reune-com-secretarios-e-inicia-apreciacao-da-ldo\/\",\"name\":\"Comiss\u00e3o de Or\u00e7amento re\u00fane com secret\u00e1rios e inicia aprecia\u00e7\u00e3o da LDO - Daniel Matos\",\"isPartOf\":{\"@id\":\"https:\/\/www.blogsoestado.com\/danielmatos\/#website\"},\"primaryImageOfPage\":{\"@id\":\"https:\/\/www.blogsoestado.com\/danielmatos\/comissao-de-orcamento-reune-com-secretarios-e-inicia-apreciacao-da-ldo\/#primaryimage\"},\"image\":{\"@id\":\"https:\/\/www.blogsoestado.com\/danielmatos\/comissao-de-orcamento-reune-com-secretarios-e-inicia-apreciacao-da-ldo\/#primaryimage\"},\"thumbnailUrl\":\"https:\/\/www.blogsoestado.com\/danielmatos\/files\/2018\/06\/ldo-vereadores.jpg\",\"datePublished\":\"2018-06-07T17:49:36+00:00\",\"author\":{\"@id\":\"\"},\"breadcrumb\":{\"@id\":\"https:\/\/www.blogsoestado.com\/danielmatos\/comissao-de-orcamento-reune-com-secretarios-e-inicia-apreciacao-da-ldo\/#breadcrumb\"},\"inLanguage\":\"pt-BR\",\"potentialAction\":[{\"@type\":\"ReadAction\",\"target\":[\"https:\/\/www.blogsoestado.com\/danielmatos\/comissao-de-orcamento-reune-com-secretarios-e-inicia-apreciacao-da-ldo\/\"]}]},{\"@type\":\"ImageObject\",\"inLanguage\":\"pt-BR\",\"@id\":\"https:\/\/www.blogsoestado.com\/danielmatos\/comissao-de-orcamento-reune-com-secretarios-e-inicia-apreciacao-da-ldo\/#primaryimage\",\"url\":\"https:\/\/www.blogsoestado.com\/danielmatos\/files\/2018\/06\/ldo-vereadores.jpg\",\"contentUrl\":\"https:\/\/www.blogsoestado.com\/danielmatos\/files\/2018\/06\/ldo-vereadores.jpg\"},{\"@type\":\"BreadcrumbList\",\"@id\":\"https:\/\/www.blogsoestado.com\/danielmatos\/comissao-de-orcamento-reune-com-secretarios-e-inicia-apreciacao-da-ldo\/#breadcrumb\",\"itemListElement\":[{\"@type\":\"ListItem\",\"position\":1,\"name\":\"In\u00edcio\",\"item\":\"https:\/\/www.blogsoestado.com\/danielmatos\/\"},{\"@type\":\"ListItem\",\"position\":2,\"name\":\"Comiss\u00e3o de Or\u00e7amento re\u00fane com secret\u00e1rios e inicia aprecia\u00e7\u00e3o da LDO\"}]},{\"@type\":\"WebSite\",\"@id\":\"https:\/\/www.blogsoestado.com\/danielmatos\/#website\",\"url\":\"https:\/\/www.blogsoestado.com\/danielmatos\/\",\"name\":\"Daniel Matos\",\"description\":\"\",\"potentialAction\":[{\"@type\":\"SearchAction\",\"target\":{\"@type\":\"EntryPoint\",\"urlTemplate\":\"https:\/\/www.blogsoestado.com\/danielmatos\/?s={search_term_string}\"},\"query-input\":{\"@type\":\"PropertyValueSpecification\",\"valueRequired\":true,\"valueName\":\"search_term_string\"}}],\"inLanguage\":\"pt-BR\"}]}<\/script>\n<!-- \/ Yoast SEO plugin. -->","yoast_head_json":{"title":"Comiss\u00e3o de Or\u00e7amento re\u00fane com secret\u00e1rios e inicia aprecia\u00e7\u00e3o da LDO - Daniel Matos","robots":{"index":"index","follow":"follow","max-snippet":"max-snippet:-1","max-image-preview":"max-image-preview:large","max-video-preview":"max-video-preview:-1"},"canonical":"https:\/\/www.blogsoestado.com\/danielmatos\/comissao-de-orcamento-reune-com-secretarios-e-inicia-apreciacao-da-ldo\/","og_locale":"pt_BR","og_type":"article","og_title":"Comiss\u00e3o de Or\u00e7amento re\u00fane com secret\u00e1rios e inicia aprecia\u00e7\u00e3o da LDO - Daniel Matos","og_description":"&nbsp; De acordo com o previsto em um pr\u00e9vio cronograma a Comiss\u00e3o de Or\u00e7amento da C\u00e2mara Municipal de S\u00e3o Lu\u00eds, [&hellip;]","og_url":"https:\/\/www.blogsoestado.com\/danielmatos\/comissao-de-orcamento-reune-com-secretarios-e-inicia-apreciacao-da-ldo\/","og_site_name":"Daniel Matos","article_published_time":"2018-06-07T17:49:36+00:00","og_image":[{"url":"https:\/\/www.blogsoestado.com\/danielmatos\/files\/2018\/06\/ldo-vereadores.jpg","type":"","width":"","height":""}],"twitter_card":"summary_large_image","twitter_misc":{"Est. tempo de leitura":"4 minutos"},"schema":{"@context":"https:\/\/schema.org","@graph":[{"@type":"WebPage","@id":"https:\/\/www.blogsoestado.com\/danielmatos\/comissao-de-orcamento-reune-com-secretarios-e-inicia-apreciacao-da-ldo\/","url":"https:\/\/www.blogsoestado.com\/danielmatos\/comissao-de-orcamento-reune-com-secretarios-e-inicia-apreciacao-da-ldo\/","name":"Comiss\u00e3o de Or\u00e7amento re\u00fane com secret\u00e1rios e inicia aprecia\u00e7\u00e3o da LDO - Daniel Matos","isPartOf":{"@id":"https:\/\/www.blogsoestado.com\/danielmatos\/#website"},"primaryImageOfPage":{"@id":"https:\/\/www.blogsoestado.com\/danielmatos\/comissao-de-orcamento-reune-com-secretarios-e-inicia-apreciacao-da-ldo\/#primaryimage"},"image":{"@id":"https:\/\/www.blogsoestado.com\/danielmatos\/comissao-de-orcamento-reune-com-secretarios-e-inicia-apreciacao-da-ldo\/#primaryimage"},"thumbnailUrl":"https:\/\/www.blogsoestado.com\/danielmatos\/files\/2018\/06\/ldo-vereadores.jpg","datePublished":"2018-06-07T17:49:36+00:00","author":{"@id":""},"breadcrumb":{"@id":"https:\/\/www.blogsoestado.com\/danielmatos\/comissao-de-orcamento-reune-com-secretarios-e-inicia-apreciacao-da-ldo\/#breadcrumb"},"inLanguage":"pt-BR","potentialAction":[{"@type":"ReadAction","target":["https:\/\/www.blogsoestado.com\/danielmatos\/comissao-de-orcamento-reune-com-secretarios-e-inicia-apreciacao-da-ldo\/"]}]},{"@type":"ImageObject","inLanguage":"pt-BR","@id":"https:\/\/www.blogsoestado.com\/danielmatos\/comissao-de-orcamento-reune-com-secretarios-e-inicia-apreciacao-da-ldo\/#primaryimage","url":"https:\/\/www.blogsoestado.com\/danielmatos\/files\/2018\/06\/ldo-vereadores.jpg","contentUrl":"https:\/\/www.blogsoestado.com\/danielmatos\/files\/2018\/06\/ldo-vereadores.jpg"},{"@type":"BreadcrumbList","@id":"https:\/\/www.blogsoestado.com\/danielmatos\/comissao-de-orcamento-reune-com-secretarios-e-inicia-apreciacao-da-ldo\/#breadcrumb","itemListElement":[{"@type":"ListItem","position":1,"name":"In\u00edcio","item":"https:\/\/www.blogsoestado.com\/danielmatos\/"},{"@type":"ListItem","position":2,"name":"Comiss\u00e3o de Or\u00e7amento re\u00fane com secret\u00e1rios e inicia aprecia\u00e7\u00e3o da LDO"}]},{"@type":"WebSite","@id":"https:\/\/www.blogsoestado.com\/danielmatos\/#website","url":"https:\/\/www.blogsoestado.com\/danielmatos\/","name":"Daniel Matos","description":"","potentialAction":[{"@type":"SearchAction","target":{"@type":"EntryPoint","urlTemplate":"https:\/\/www.blogsoestado.com\/danielmatos\/?s={search_term_string}"},"query-input":{"@type":"PropertyValueSpecification","valueRequired":true,"valueName":"search_term_string"}}],"inLanguage":"pt-BR"}]}},"jetpack_featured_media_url":"","_links":{"self":[{"href":"https:\/\/www.blogsoestado.com\/danielmatos\/wp-json\/wp\/v2\/posts\/52072","targetHints":{"allow":["GET"]}}],"collection":[{"href":"https:\/\/www.blogsoestado.com\/danielmatos\/wp-json\/wp\/v2\/posts"}],"about":[{"href":"https:\/\/www.blogsoestado.com\/danielmatos\/wp-json\/wp\/v2\/types\/post"}],"replies":[{"embeddable":true,"href":"https:\/\/www.blogsoestado.com\/danielmatos\/wp-json\/wp\/v2\/comments?post=52072"}],"version-history":[{"count":0,"href":"https:\/\/www.blogsoestado.com\/danielmatos\/wp-json\/wp\/v2\/posts\/52072\/revisions"}],"wp:attachment":[{"href":"https:\/\/www.blogsoestado.com\/danielmatos\/wp-json\/wp\/v2\/media?parent=52072"}],"wp:term":[{"taxonomy":"category","embeddable":true,"href":"https:\/\/www.blogsoestado.com\/danielmatos\/wp-json\/wp\/v2\/categories?post=52072"},{"taxonomy":"post_tag","embeddable":true,"href":"https:\/\/www.blogsoestado.com\/danielmatos\/wp-json\/wp\/v2\/tags?post=52072"}],"curies":[{"name":"wp","href":"https:\/\/api.w.org\/{rel}","templated":true}]}}