{"id":52078,"date":"2018-06-07T17:49:33","date_gmt":"2018-06-07T20:49:33","guid":{"rendered":"https:\/\/www.blogsoestado.com\/danielmatos\/?p=52078"},"modified":"2018-06-07T17:49:33","modified_gmt":"2018-06-07T20:49:33","slug":"em-discurso-no-senado-edison-lobao-parabeniza-prefeito-de-caxias-fabio-gentil-por-obras-do-museu-e-do-mirante-da-balaiada","status":"publish","type":"post","link":"https:\/\/www.blogsoestado.com\/danielmatos\/em-discurso-no-senado-edison-lobao-parabeniza-prefeito-de-caxias-fabio-gentil-por-obras-do-museu-e-do-mirante-da-balaiada\/","title":{"rendered":"Em discurso no Senado, Edison Lob\u00e3o parabeniza prefeito de Caxias, F\u00e1bio Gentil, por obras do Museu e do Mirante da Balaiada"},"content":{"rendered":"<figure id=\"attachment_52080\" aria-describedby=\"caption-attachment-52080\" style=\"width: 460px\" class=\"wp-caption alignright\"><img fetchpriority=\"high\" decoding=\"async\" class=\"wp-image-52080\" src=\"https:\/\/www.blogsoestado.com\/danielmatos\/files\/2018\/06\/lobao-balaiada.jpg\" alt=\"\" width=\"460\" height=\"258\" \/><figcaption id=\"caption-attachment-52080\" class=\"wp-caption-text\">Senador Edison Lob\u00e3o elogiou resgate hist\u00f3rico da Balaiada feito na gest\u00e3o de F\u00e1bio Gentil<\/figcaption><\/figure>\n<p>O senador Edison Lob\u00e3o (MDB) fez um pronunciamento no Senado sobre a Balaiada, revolta popular ocorrida no Maranh\u00e3o, no s\u00e9culo XIX,\u00a0e destacou o Museu e o Mirante, constru\u00eddos na gest\u00e3o do prefeito de Caxias F\u00e1bio Gentil (PRB), que foi alvo de elogios do conterr\u00e2neo, na tribuna.<\/p>\n<p>Lob\u00e3o pediu que a Balaiada seja inclu\u00edda no calend\u00e1rio das comemora\u00e7\u00f5es dos 200 anos da Independ\u00eancia do Brasil, em 2022.<\/p>\n<p>O senador lembrou que entre 1838 e 1841, quase duas d\u00e9cadas ap\u00f3s a declara\u00e7\u00e3o da independ\u00eancia brasileira de Portugal por D. Pedro I, sertanejos e escravos fugidos rebelaram-se contra o governo, invadiram, saquearam e assumiram o controle de uma das principais vilas da prov\u00edncia, Caxias, terra onde nasceu Gon\u00e7alves Dias e hoje um dos mais pr\u00f3speros munic\u00edpios do Maranh\u00e3o.<\/p>\n<p>Lembrou, ainda, Lob\u00e3o, que o vaqueiro Raimundo Gomes, acompanhado de nove homens, invadiu a cadeia p\u00fablica da Vila da Manga, hoje munic\u00edpio de Nina Rodrigues, para libertar o irm\u00e3o. Perseguido, juntou-se a um fabricante de cestos, Manuel Balaio, que deu nome ao movimento. Mais tarde, ao grupo se juntaria Comes Bento das Chagas, o Negro Cosme, que obteve apoio de 3 mil escravos.<\/p>\n<p>Recordou, tamb\u00e9m, o senador que para combater os revoltosos, que amea\u00e7avam tomar o controle da capital, S\u00e3o Lu\u00eds, foi enviado ao Maranh\u00e3o o coronel Lu\u00eds Alves de Lima e Silva, que receberia posteriormente o t\u00edtulo de Duque de Caxias, por sua atua\u00e7\u00e3o nessa guerra, s\u00f3 encerrada em 23 de agosto de 1840, depois de centenas de pris\u00f5es e mortes.<\/p>\n<p><strong>Exalta\u00e7\u00e3o<\/strong><\/p>\n<p>Sem esconder seu contentamento, Lob\u00e3o ressaltou que parte dessa hist\u00f3ria est\u00e1 preservada na cidade de Caxias, no Morro do Alecrim, nas ru\u00ednas do antigo quartel que serviu ao Duque de Caxias, onde foi montado o Museu da Balaiada, agora amplamente valorizado com o Mirante da Balaiada, complexo tur\u00edstico e centro de lazer e cultura, inaugurado recentemente pelo prefeito F\u00e1bio Gentil. &#8220;As obras anteriores, que diziam respeito ao museu, foram tamb\u00e9m realizadas pelo prefeito Paulo Marinho, que tamb\u00e9m foi um dos deputados representantes do Maranh\u00e3o no Congresso Nacional.<\/p>\n<p>&#8220;Um dos administradores mais capazes do Maranh\u00e3o, o prefeito F\u00e1bio Gentil realizou, com o Mirante da Balaiada, uma das obras mais importantes para o munic\u00edpio de Caxias, oferecendo \u00e0 popula\u00e7\u00e3o e aos turistas, aos estudantes e professores um equipamento urbano da melhor qualidade&#8221;, assinalou.<\/p>\n<p>Assista ao discurso proferido pelo senador Lob\u00e3o na tribuna da C\u00e2mara Alta:<\/p>\n<div class=\"ast-oembed-container \" style=\"height: 100%;\"><iframe title=\"SEN EDISON LOB\u00c3O FALA DOS 180 ANOS DA REVOLTA DA BALAIADA\" width=\"500\" height=\"281\" src=\"https:\/\/www.youtube.com\/embed\/yp1PKDF7so4?feature=oembed\" frameborder=\"0\" allow=\"accelerometer; autoplay; clipboard-write; encrypted-media; gyroscope; picture-in-picture; web-share\" referrerpolicy=\"strict-origin-when-cross-origin\" allowfullscreen><\/iframe><\/div>\n","protected":false},"excerpt":{"rendered":"<p>O senador Edison Lob\u00e3o (MDB) fez um pronunciamento no Senado sobre a Balaiada, revolta popular ocorrida no Maranh\u00e3o, no s\u00e9culo [&hellip;]<\/p>\n","protected":false},"author":0,"featured_media":0,"comment_status":"open","ping_status":"open","sticky":false,"template":"","format":"standard","meta":{"site-sidebar-layout":"default","site-content-layout":"","ast-site-content-layout":"default","site-content-style":"default","site-sidebar-style":"default","ast-global-header-display":"","ast-banner-title-visibility":"","ast-main-header-display":"","ast-hfb-above-header-display":"","ast-hfb-below-header-display":"","ast-hfb-mobile-header-display":"","site-post-title":"","ast-breadcrumbs-content":"","ast-featured-img":"","footer-sml-layout":"","ast-disable-related-posts":"","theme-transparent-header-meta":"","adv-header-id-meta":"","stick-header-meta":"","header-above-stick-meta":"","header-main-stick-meta":"","header-below-stick-meta":"","astra-migrate-meta-layouts":"default","ast-page-background-enabled":"default","ast-page-background-meta":{"desktop":{"background-color":"var(--ast-global-color-5)","background-image":"","background-repeat":"repeat","background-position":"center center","background-size":"auto","background-attachment":"scroll","background-type":"","background-media":"","overlay-type":"","overlay-color":"","overlay-opacity":"","overlay-gradient":""},"tablet":{"background-color":"","background-image":"","background-repeat":"repeat","background-position":"center center","background-size":"auto","background-attachment":"scroll","background-type":"","background-media":"","overlay-type":"","overlay-color":"","overlay-opacity":"","overlay-gradient":""},"mobile":{"background-color":"","background-image":"","background-repeat":"repeat","background-position":"center center","background-size":"auto","background-attachment":"scroll","background-type":"","background-media":"","overlay-type":"","overlay-color":"","overlay-opacity":"","overlay-gradient":""}},"ast-content-background-meta":{"desktop":{"background-color":"var(--ast-global-color-4)","background-image":"","background-repeat":"repeat","background-position":"center center","background-size":"auto","background-attachment":"scroll","background-type":"","background-media":"","overlay-type":"","overlay-color":"","overlay-opacity":"","overlay-gradient":""},"tablet":{"background-color":"var(--ast-global-color-4)","background-image":"","background-repeat":"repeat","background-position":"center center","background-size":"auto","background-attachment":"scroll","background-type":"","background-media":"","overlay-type":"","overlay-color":"","overlay-opacity":"","overlay-gradient":""},"mobile":{"background-color":"var(--ast-global-color-4)","background-image":"","background-repeat":"repeat","background-position":"center center","background-size":"auto","background-attachment":"scroll","background-type":"","background-media":"","overlay-type":"","overlay-color":"","overlay-opacity":"","overlay-gradient":""}},"footnotes":""},"categories":[1],"tags":[],"class_list":["post-52078","post","type-post","status-publish","format-standard","hentry","category-sem-categoria"],"yoast_head":"<!-- This site is optimized with the Yoast SEO plugin v26.6 - https:\/\/yoast.com\/wordpress\/plugins\/seo\/ -->\n<title>Em discurso no Senado, Edison Lob\u00e3o parabeniza prefeito de Caxias, F\u00e1bio Gentil, por obras do Museu e do Mirante da Balaiada - Daniel Matos<\/title>\n<meta name=\"robots\" content=\"index, follow, max-snippet:-1, max-image-preview:large, max-video-preview:-1\" \/>\n<link rel=\"canonical\" href=\"https:\/\/www.blogsoestado.com\/danielmatos\/em-discurso-no-senado-edison-lobao-parabeniza-prefeito-de-caxias-fabio-gentil-por-obras-do-museu-e-do-mirante-da-balaiada\/\" \/>\n<meta property=\"og:locale\" content=\"pt_BR\" \/>\n<meta property=\"og:type\" content=\"article\" \/>\n<meta property=\"og:title\" content=\"Em discurso no Senado, Edison Lob\u00e3o parabeniza prefeito de Caxias, F\u00e1bio Gentil, por obras do Museu e do Mirante da Balaiada - Daniel Matos\" \/>\n<meta property=\"og:description\" content=\"O senador Edison Lob\u00e3o (MDB) fez um pronunciamento no Senado sobre a Balaiada, revolta popular ocorrida no Maranh\u00e3o, no s\u00e9culo [&hellip;]\" \/>\n<meta property=\"og:url\" content=\"https:\/\/www.blogsoestado.com\/danielmatos\/em-discurso-no-senado-edison-lobao-parabeniza-prefeito-de-caxias-fabio-gentil-por-obras-do-museu-e-do-mirante-da-balaiada\/\" \/>\n<meta property=\"og:site_name\" content=\"Daniel Matos\" \/>\n<meta property=\"article:published_time\" content=\"2018-06-07T20:49:33+00:00\" \/>\n<meta property=\"og:image\" content=\"https:\/\/www.blogsoestado.com\/danielmatos\/files\/2018\/06\/lobao-balaiada.jpg\" \/>\n<meta name=\"twitter:card\" content=\"summary_large_image\" \/>\n<meta name=\"twitter:label1\" content=\"Est. tempo de leitura\" \/>\n\t<meta name=\"twitter:data1\" content=\"2 minutos\" \/>\n<script type=\"application\/ld+json\" class=\"yoast-schema-graph\">{\"@context\":\"https:\/\/schema.org\",\"@graph\":[{\"@type\":\"WebPage\",\"@id\":\"https:\/\/www.blogsoestado.com\/danielmatos\/em-discurso-no-senado-edison-lobao-parabeniza-prefeito-de-caxias-fabio-gentil-por-obras-do-museu-e-do-mirante-da-balaiada\/\",\"url\":\"https:\/\/www.blogsoestado.com\/danielmatos\/em-discurso-no-senado-edison-lobao-parabeniza-prefeito-de-caxias-fabio-gentil-por-obras-do-museu-e-do-mirante-da-balaiada\/\",\"name\":\"Em discurso no Senado, Edison Lob\u00e3o parabeniza prefeito de Caxias, F\u00e1bio Gentil, por obras do Museu e do Mirante da Balaiada - Daniel Matos\",\"isPartOf\":{\"@id\":\"https:\/\/www.blogsoestado.com\/danielmatos\/#website\"},\"primaryImageOfPage\":{\"@id\":\"https:\/\/www.blogsoestado.com\/danielmatos\/em-discurso-no-senado-edison-lobao-parabeniza-prefeito-de-caxias-fabio-gentil-por-obras-do-museu-e-do-mirante-da-balaiada\/#primaryimage\"},\"image\":{\"@id\":\"https:\/\/www.blogsoestado.com\/danielmatos\/em-discurso-no-senado-edison-lobao-parabeniza-prefeito-de-caxias-fabio-gentil-por-obras-do-museu-e-do-mirante-da-balaiada\/#primaryimage\"},\"thumbnailUrl\":\"https:\/\/www.blogsoestado.com\/danielmatos\/files\/2018\/06\/lobao-balaiada.jpg\",\"datePublished\":\"2018-06-07T20:49:33+00:00\",\"author\":{\"@id\":\"\"},\"breadcrumb\":{\"@id\":\"https:\/\/www.blogsoestado.com\/danielmatos\/em-discurso-no-senado-edison-lobao-parabeniza-prefeito-de-caxias-fabio-gentil-por-obras-do-museu-e-do-mirante-da-balaiada\/#breadcrumb\"},\"inLanguage\":\"pt-BR\",\"potentialAction\":[{\"@type\":\"ReadAction\",\"target\":[\"https:\/\/www.blogsoestado.com\/danielmatos\/em-discurso-no-senado-edison-lobao-parabeniza-prefeito-de-caxias-fabio-gentil-por-obras-do-museu-e-do-mirante-da-balaiada\/\"]}]},{\"@type\":\"ImageObject\",\"inLanguage\":\"pt-BR\",\"@id\":\"https:\/\/www.blogsoestado.com\/danielmatos\/em-discurso-no-senado-edison-lobao-parabeniza-prefeito-de-caxias-fabio-gentil-por-obras-do-museu-e-do-mirante-da-balaiada\/#primaryimage\",\"url\":\"https:\/\/www.blogsoestado.com\/danielmatos\/files\/2018\/06\/lobao-balaiada.jpg\",\"contentUrl\":\"https:\/\/www.blogsoestado.com\/danielmatos\/files\/2018\/06\/lobao-balaiada.jpg\"},{\"@type\":\"BreadcrumbList\",\"@id\":\"https:\/\/www.blogsoestado.com\/danielmatos\/em-discurso-no-senado-edison-lobao-parabeniza-prefeito-de-caxias-fabio-gentil-por-obras-do-museu-e-do-mirante-da-balaiada\/#breadcrumb\",\"itemListElement\":[{\"@type\":\"ListItem\",\"position\":1,\"name\":\"In\u00edcio\",\"item\":\"https:\/\/www.blogsoestado.com\/danielmatos\/\"},{\"@type\":\"ListItem\",\"position\":2,\"name\":\"Em discurso no Senado, Edison Lob\u00e3o parabeniza prefeito de Caxias, F\u00e1bio Gentil, por obras do Museu e do Mirante da Balaiada\"}]},{\"@type\":\"WebSite\",\"@id\":\"https:\/\/www.blogsoestado.com\/danielmatos\/#website\",\"url\":\"https:\/\/www.blogsoestado.com\/danielmatos\/\",\"name\":\"Daniel Matos\",\"description\":\"\",\"potentialAction\":[{\"@type\":\"SearchAction\",\"target\":{\"@type\":\"EntryPoint\",\"urlTemplate\":\"https:\/\/www.blogsoestado.com\/danielmatos\/?s={search_term_string}\"},\"query-input\":{\"@type\":\"PropertyValueSpecification\",\"valueRequired\":true,\"valueName\":\"search_term_string\"}}],\"inLanguage\":\"pt-BR\"}]}<\/script>\n<!-- \/ Yoast SEO plugin. -->","yoast_head_json":{"title":"Em discurso no Senado, Edison Lob\u00e3o parabeniza prefeito de Caxias, F\u00e1bio Gentil, por obras do Museu e do Mirante da Balaiada - Daniel Matos","robots":{"index":"index","follow":"follow","max-snippet":"max-snippet:-1","max-image-preview":"max-image-preview:large","max-video-preview":"max-video-preview:-1"},"canonical":"https:\/\/www.blogsoestado.com\/danielmatos\/em-discurso-no-senado-edison-lobao-parabeniza-prefeito-de-caxias-fabio-gentil-por-obras-do-museu-e-do-mirante-da-balaiada\/","og_locale":"pt_BR","og_type":"article","og_title":"Em discurso no Senado, Edison Lob\u00e3o parabeniza prefeito de Caxias, F\u00e1bio Gentil, por obras do Museu e do Mirante da Balaiada - Daniel Matos","og_description":"O senador Edison Lob\u00e3o (MDB) fez um pronunciamento no Senado sobre a Balaiada, revolta popular ocorrida no Maranh\u00e3o, no s\u00e9culo [&hellip;]","og_url":"https:\/\/www.blogsoestado.com\/danielmatos\/em-discurso-no-senado-edison-lobao-parabeniza-prefeito-de-caxias-fabio-gentil-por-obras-do-museu-e-do-mirante-da-balaiada\/","og_site_name":"Daniel Matos","article_published_time":"2018-06-07T20:49:33+00:00","og_image":[{"url":"https:\/\/www.blogsoestado.com\/danielmatos\/files\/2018\/06\/lobao-balaiada.jpg","type":"","width":"","height":""}],"twitter_card":"summary_large_image","twitter_misc":{"Est. tempo de leitura":"2 minutos"},"schema":{"@context":"https:\/\/schema.org","@graph":[{"@type":"WebPage","@id":"https:\/\/www.blogsoestado.com\/danielmatos\/em-discurso-no-senado-edison-lobao-parabeniza-prefeito-de-caxias-fabio-gentil-por-obras-do-museu-e-do-mirante-da-balaiada\/","url":"https:\/\/www.blogsoestado.com\/danielmatos\/em-discurso-no-senado-edison-lobao-parabeniza-prefeito-de-caxias-fabio-gentil-por-obras-do-museu-e-do-mirante-da-balaiada\/","name":"Em discurso no Senado, Edison Lob\u00e3o parabeniza prefeito de Caxias, F\u00e1bio Gentil, por obras do Museu e do Mirante da Balaiada - Daniel Matos","isPartOf":{"@id":"https:\/\/www.blogsoestado.com\/danielmatos\/#website"},"primaryImageOfPage":{"@id":"https:\/\/www.blogsoestado.com\/danielmatos\/em-discurso-no-senado-edison-lobao-parabeniza-prefeito-de-caxias-fabio-gentil-por-obras-do-museu-e-do-mirante-da-balaiada\/#primaryimage"},"image":{"@id":"https:\/\/www.blogsoestado.com\/danielmatos\/em-discurso-no-senado-edison-lobao-parabeniza-prefeito-de-caxias-fabio-gentil-por-obras-do-museu-e-do-mirante-da-balaiada\/#primaryimage"},"thumbnailUrl":"https:\/\/www.blogsoestado.com\/danielmatos\/files\/2018\/06\/lobao-balaiada.jpg","datePublished":"2018-06-07T20:49:33+00:00","author":{"@id":""},"breadcrumb":{"@id":"https:\/\/www.blogsoestado.com\/danielmatos\/em-discurso-no-senado-edison-lobao-parabeniza-prefeito-de-caxias-fabio-gentil-por-obras-do-museu-e-do-mirante-da-balaiada\/#breadcrumb"},"inLanguage":"pt-BR","potentialAction":[{"@type":"ReadAction","target":["https:\/\/www.blogsoestado.com\/danielmatos\/em-discurso-no-senado-edison-lobao-parabeniza-prefeito-de-caxias-fabio-gentil-por-obras-do-museu-e-do-mirante-da-balaiada\/"]}]},{"@type":"ImageObject","inLanguage":"pt-BR","@id":"https:\/\/www.blogsoestado.com\/danielmatos\/em-discurso-no-senado-edison-lobao-parabeniza-prefeito-de-caxias-fabio-gentil-por-obras-do-museu-e-do-mirante-da-balaiada\/#primaryimage","url":"https:\/\/www.blogsoestado.com\/danielmatos\/files\/2018\/06\/lobao-balaiada.jpg","contentUrl":"https:\/\/www.blogsoestado.com\/danielmatos\/files\/2018\/06\/lobao-balaiada.jpg"},{"@type":"BreadcrumbList","@id":"https:\/\/www.blogsoestado.com\/danielmatos\/em-discurso-no-senado-edison-lobao-parabeniza-prefeito-de-caxias-fabio-gentil-por-obras-do-museu-e-do-mirante-da-balaiada\/#breadcrumb","itemListElement":[{"@type":"ListItem","position":1,"name":"In\u00edcio","item":"https:\/\/www.blogsoestado.com\/danielmatos\/"},{"@type":"ListItem","position":2,"name":"Em discurso no Senado, Edison Lob\u00e3o parabeniza prefeito de Caxias, F\u00e1bio Gentil, por obras do Museu e do Mirante da Balaiada"}]},{"@type":"WebSite","@id":"https:\/\/www.blogsoestado.com\/danielmatos\/#website","url":"https:\/\/www.blogsoestado.com\/danielmatos\/","name":"Daniel Matos","description":"","potentialAction":[{"@type":"SearchAction","target":{"@type":"EntryPoint","urlTemplate":"https:\/\/www.blogsoestado.com\/danielmatos\/?s={search_term_string}"},"query-input":{"@type":"PropertyValueSpecification","valueRequired":true,"valueName":"search_term_string"}}],"inLanguage":"pt-BR"}]}},"jetpack_featured_media_url":"","_links":{"self":[{"href":"https:\/\/www.blogsoestado.com\/danielmatos\/wp-json\/wp\/v2\/posts\/52078","targetHints":{"allow":["GET"]}}],"collection":[{"href":"https:\/\/www.blogsoestado.com\/danielmatos\/wp-json\/wp\/v2\/posts"}],"about":[{"href":"https:\/\/www.blogsoestado.com\/danielmatos\/wp-json\/wp\/v2\/types\/post"}],"replies":[{"embeddable":true,"href":"https:\/\/www.blogsoestado.com\/danielmatos\/wp-json\/wp\/v2\/comments?post=52078"}],"version-history":[{"count":0,"href":"https:\/\/www.blogsoestado.com\/danielmatos\/wp-json\/wp\/v2\/posts\/52078\/revisions"}],"wp:attachment":[{"href":"https:\/\/www.blogsoestado.com\/danielmatos\/wp-json\/wp\/v2\/media?parent=52078"}],"wp:term":[{"taxonomy":"category","embeddable":true,"href":"https:\/\/www.blogsoestado.com\/danielmatos\/wp-json\/wp\/v2\/categories?post=52078"},{"taxonomy":"post_tag","embeddable":true,"href":"https:\/\/www.blogsoestado.com\/danielmatos\/wp-json\/wp\/v2\/tags?post=52078"}],"curies":[{"name":"wp","href":"https:\/\/api.w.org\/{rel}","templated":true}]}}