{"id":52086,"date":"2018-06-07T21:21:02","date_gmt":"2018-06-08T00:21:02","guid":{"rendered":"https:\/\/www.blogsoestado.com\/danielmatos\/?p=52086"},"modified":"2018-06-07T21:21:02","modified_gmt":"2018-06-08T00:21:02","slug":"ze-gentil-firme-e-forte-na-pre-campanha-deputado-estadual","status":"publish","type":"post","link":"https:\/\/www.blogsoestado.com\/danielmatos\/ze-gentil-firme-e-forte-na-pre-campanha-deputado-estadual\/","title":{"rendered":"Z\u0117 Gentil firme e forte na pr\u00e9-campanha a deputado estadual"},"content":{"rendered":"<figure id=\"attachment_52088\" aria-describedby=\"caption-attachment-52088\" style=\"width: 650px\" class=\"wp-caption aligncenter\"><img fetchpriority=\"high\" decoding=\"async\" class=\"wp-image-52088\" src=\"https:\/\/www.blogsoestado.com\/danielmatos\/files\/2018\/06\/IMG-20180607-WA0007.jpg\" alt=\"\" width=\"650\" height=\"434\" \/><figcaption id=\"caption-attachment-52088\" class=\"wp-caption-text\">Z\u00e9 Gentil tem demonstrado a mesm\u00e1 determina\u00e7\u00e3o do prefeito de Caxias, F\u00e1bio Gentil, vitorioso nas urnas em 2016<\/figcaption><\/figure>\n<p>Com muita determina\u00e7\u00e3o, o pr\u00e9-candidato a deputado estadual Z\u00e9 Gentil (PRB) esteve, na manh\u00e3 desta quinta-feira, dia 7, visitando postos de sa\u00fade, comerciantes, conversando com representantes quilombolas e ainda olhando as ruas que est\u00e3o recebendo nova pavimenta\u00e7\u00e3o asf\u00e1ltica em Caxias.<\/p>\n<figure id=\"attachment_52089\" aria-describedby=\"caption-attachment-52089\" style=\"width: 650px\" class=\"wp-caption aligncenter\"><img decoding=\"async\" class=\"wp-image-52089\" src=\"https:\/\/www.blogsoestado.com\/danielmatos\/files\/2018\/06\/IMG-20180607-WA0012.jpg\" alt=\"\" width=\"650\" height=\"434\" \/><figcaption id=\"caption-attachment-52089\" class=\"wp-caption-text\">Z\u00e9 Gentil tem sido alvo de manifesta\u00e7\u00f5es de apoio de diversas lideran\u00e7as na pr\u00e9-campanha<\/figcaption><\/figure>\n<p>Com a mesma determina\u00e7\u00e3o do filho, o prefeito de Caxias, F\u00e1bio Gentil (PRB), que em 2016 se empenhou muito durante toda a campanha, Z\u00e9 Gentil tem visitado diversas cidade e recebido apoio de diversas lideran\u00e7as.<\/p>\n<p>Confira mais fotos da pr\u00e9-campanha de Z\u00e9 Gentil:<\/p>\n<p><img decoding=\"async\" class=\"aligncenter wp-image-52090\" src=\"https:\/\/www.blogsoestado.com\/danielmatos\/files\/2018\/06\/IMG-20180607-WA0008.jpg\" alt=\"\" width=\"650\" height=\"434\" \/><\/p>\n<p><img loading=\"lazy\" decoding=\"async\" class=\"aligncenter wp-image-52091\" src=\"https:\/\/www.blogsoestado.com\/danielmatos\/files\/2018\/06\/IMG-20180607-WA0009.jpg\" alt=\"\" width=\"650\" height=\"434\" \/><\/p>\n<p><img loading=\"lazy\" decoding=\"async\" class=\"aligncenter wp-image-52092\" src=\"https:\/\/www.blogsoestado.com\/danielmatos\/files\/2018\/06\/IMG-20180607-WA0010.jpg\" alt=\"\" width=\"650\" height=\"434\" \/><\/p>\n<p><img loading=\"lazy\" decoding=\"async\" class=\"aligncenter wp-image-52094\" src=\"https:\/\/www.blogsoestado.com\/danielmatos\/files\/2018\/06\/IMG-20180607-WA0011.jpg\" alt=\"\" width=\"650\" height=\"434\" \/><\/p>\n<p><img loading=\"lazy\" decoding=\"async\" class=\"aligncenter wp-image-52095\" src=\"https:\/\/www.blogsoestado.com\/danielmatos\/files\/2018\/06\/IMG-20180607-WA0013.jpg\" alt=\"\" width=\"650\" height=\"434\" \/><\/p>\n<p><img loading=\"lazy\" decoding=\"async\" class=\"aligncenter wp-image-52096\" src=\"https:\/\/www.blogsoestado.com\/danielmatos\/files\/2018\/06\/IMG-20180607-WA0014.jpg\" alt=\"\" width=\"650\" height=\"434\" \/><\/p>\n<p><img loading=\"lazy\" decoding=\"async\" class=\"aligncenter wp-image-52097\" src=\"https:\/\/www.blogsoestado.com\/danielmatos\/files\/2018\/06\/IMG-20180607-WA0015.jpg\" alt=\"\" width=\"650\" height=\"434\" \/><\/p>\n<p><img loading=\"lazy\" decoding=\"async\" class=\"aligncenter wp-image-52098\" src=\"https:\/\/www.blogsoestado.com\/danielmatos\/files\/2018\/06\/IMG-20180607-WA0016.jpg\" alt=\"\" width=\"650\" height=\"434\" \/><\/p>\n","protected":false},"excerpt":{"rendered":"<p>Com muita determina\u00e7\u00e3o, o pr\u00e9-candidato a deputado estadual Z\u00e9 Gentil (PRB) esteve, na manh\u00e3 desta quinta-feira, dia 7, visitando postos [&hellip;]<\/p>\n","protected":false},"author":0,"featured_media":0,"comment_status":"open","ping_status":"open","sticky":false,"template":"","format":"standard","meta":{"site-sidebar-layout":"default","site-content-layout":"","ast-site-content-layout":"default","site-content-style":"default","site-sidebar-style":"default","ast-global-header-display":"","ast-banner-title-visibility":"","ast-main-header-display":"","ast-hfb-above-header-display":"","ast-hfb-below-header-display":"","ast-hfb-mobile-header-display":"","site-post-title":"","ast-breadcrumbs-content":"","ast-featured-img":"","footer-sml-layout":"","ast-disable-related-posts":"","theme-transparent-header-meta":"","adv-header-id-meta":"","stick-header-meta":"","header-above-stick-meta":"","header-main-stick-meta":"","header-below-stick-meta":"","astra-migrate-meta-layouts":"default","ast-page-background-enabled":"default","ast-page-background-meta":{"desktop":{"background-color":"var(--ast-global-color-5)","background-image":"","background-repeat":"repeat","background-position":"center center","background-size":"auto","background-attachment":"scroll","background-type":"","background-media":"","overlay-type":"","overlay-color":"","overlay-opacity":"","overlay-gradient":""},"tablet":{"background-color":"","background-image":"","background-repeat":"repeat","background-position":"center center","background-size":"auto","background-attachment":"scroll","background-type":"","background-media":"","overlay-type":"","overlay-color":"","overlay-opacity":"","overlay-gradient":""},"mobile":{"background-color":"","background-image":"","background-repeat":"repeat","background-position":"center center","background-size":"auto","background-attachment":"scroll","background-type":"","background-media":"","overlay-type":"","overlay-color":"","overlay-opacity":"","overlay-gradient":""}},"ast-content-background-meta":{"desktop":{"background-color":"var(--ast-global-color-4)","background-image":"","background-repeat":"repeat","background-position":"center center","background-size":"auto","background-attachment":"scroll","background-type":"","background-media":"","overlay-type":"","overlay-color":"","overlay-opacity":"","overlay-gradient":""},"tablet":{"background-color":"var(--ast-global-color-4)","background-image":"","background-repeat":"repeat","background-position":"center center","background-size":"auto","background-attachment":"scroll","background-type":"","background-media":"","overlay-type":"","overlay-color":"","overlay-opacity":"","overlay-gradient":""},"mobile":{"background-color":"var(--ast-global-color-4)","background-image":"","background-repeat":"repeat","background-position":"center center","background-size":"auto","background-attachment":"scroll","background-type":"","background-media":"","overlay-type":"","overlay-color":"","overlay-opacity":"","overlay-gradient":""}},"footnotes":""},"categories":[1],"tags":[],"class_list":["post-52086","post","type-post","status-publish","format-standard","hentry","category-sem-categoria"],"yoast_head":"<!-- This site is optimized with the Yoast SEO plugin v26.6 - https:\/\/yoast.com\/wordpress\/plugins\/seo\/ -->\n<title>Z\u0117 Gentil firme e forte na pr\u00e9-campanha a deputado estadual - Daniel Matos<\/title>\n<meta name=\"robots\" content=\"index, follow, max-snippet:-1, max-image-preview:large, max-video-preview:-1\" \/>\n<link rel=\"canonical\" href=\"https:\/\/www.blogsoestado.com\/danielmatos\/ze-gentil-firme-e-forte-na-pre-campanha-deputado-estadual\/\" \/>\n<meta property=\"og:locale\" content=\"pt_BR\" \/>\n<meta property=\"og:type\" content=\"article\" \/>\n<meta property=\"og:title\" content=\"Z\u0117 Gentil firme e forte na pr\u00e9-campanha a deputado estadual - Daniel Matos\" \/>\n<meta property=\"og:description\" content=\"Com muita determina\u00e7\u00e3o, o pr\u00e9-candidato a deputado estadual Z\u00e9 Gentil (PRB) esteve, na manh\u00e3 desta quinta-feira, dia 7, visitando postos [&hellip;]\" \/>\n<meta property=\"og:url\" content=\"https:\/\/www.blogsoestado.com\/danielmatos\/ze-gentil-firme-e-forte-na-pre-campanha-deputado-estadual\/\" \/>\n<meta property=\"og:site_name\" content=\"Daniel Matos\" \/>\n<meta property=\"article:published_time\" content=\"2018-06-08T00:21:02+00:00\" \/>\n<meta property=\"og:image\" content=\"https:\/\/www.blogsoestado.com\/danielmatos\/files\/2018\/06\/IMG-20180607-WA0007.jpg\" \/>\n<meta name=\"twitter:card\" content=\"summary_large_image\" \/>\n<meta name=\"twitter:label1\" content=\"Est. tempo de leitura\" \/>\n\t<meta name=\"twitter:data1\" content=\"1 minuto\" \/>\n<script type=\"application\/ld+json\" class=\"yoast-schema-graph\">{\"@context\":\"https:\/\/schema.org\",\"@graph\":[{\"@type\":\"WebPage\",\"@id\":\"https:\/\/www.blogsoestado.com\/danielmatos\/ze-gentil-firme-e-forte-na-pre-campanha-deputado-estadual\/\",\"url\":\"https:\/\/www.blogsoestado.com\/danielmatos\/ze-gentil-firme-e-forte-na-pre-campanha-deputado-estadual\/\",\"name\":\"Z\u0117 Gentil firme e forte na pr\u00e9-campanha a deputado estadual - Daniel Matos\",\"isPartOf\":{\"@id\":\"https:\/\/www.blogsoestado.com\/danielmatos\/#website\"},\"primaryImageOfPage\":{\"@id\":\"https:\/\/www.blogsoestado.com\/danielmatos\/ze-gentil-firme-e-forte-na-pre-campanha-deputado-estadual\/#primaryimage\"},\"image\":{\"@id\":\"https:\/\/www.blogsoestado.com\/danielmatos\/ze-gentil-firme-e-forte-na-pre-campanha-deputado-estadual\/#primaryimage\"},\"thumbnailUrl\":\"https:\/\/www.blogsoestado.com\/danielmatos\/files\/2018\/06\/IMG-20180607-WA0007.jpg\",\"datePublished\":\"2018-06-08T00:21:02+00:00\",\"author\":{\"@id\":\"\"},\"breadcrumb\":{\"@id\":\"https:\/\/www.blogsoestado.com\/danielmatos\/ze-gentil-firme-e-forte-na-pre-campanha-deputado-estadual\/#breadcrumb\"},\"inLanguage\":\"pt-BR\",\"potentialAction\":[{\"@type\":\"ReadAction\",\"target\":[\"https:\/\/www.blogsoestado.com\/danielmatos\/ze-gentil-firme-e-forte-na-pre-campanha-deputado-estadual\/\"]}]},{\"@type\":\"ImageObject\",\"inLanguage\":\"pt-BR\",\"@id\":\"https:\/\/www.blogsoestado.com\/danielmatos\/ze-gentil-firme-e-forte-na-pre-campanha-deputado-estadual\/#primaryimage\",\"url\":\"https:\/\/www.blogsoestado.com\/danielmatos\/files\/2018\/06\/IMG-20180607-WA0007.jpg\",\"contentUrl\":\"https:\/\/www.blogsoestado.com\/danielmatos\/files\/2018\/06\/IMG-20180607-WA0007.jpg\"},{\"@type\":\"BreadcrumbList\",\"@id\":\"https:\/\/www.blogsoestado.com\/danielmatos\/ze-gentil-firme-e-forte-na-pre-campanha-deputado-estadual\/#breadcrumb\",\"itemListElement\":[{\"@type\":\"ListItem\",\"position\":1,\"name\":\"In\u00edcio\",\"item\":\"https:\/\/www.blogsoestado.com\/danielmatos\/\"},{\"@type\":\"ListItem\",\"position\":2,\"name\":\"Z\u0117 Gentil firme e forte na pr\u00e9-campanha a deputado estadual\"}]},{\"@type\":\"WebSite\",\"@id\":\"https:\/\/www.blogsoestado.com\/danielmatos\/#website\",\"url\":\"https:\/\/www.blogsoestado.com\/danielmatos\/\",\"name\":\"Daniel Matos\",\"description\":\"\",\"potentialAction\":[{\"@type\":\"SearchAction\",\"target\":{\"@type\":\"EntryPoint\",\"urlTemplate\":\"https:\/\/www.blogsoestado.com\/danielmatos\/?s={search_term_string}\"},\"query-input\":{\"@type\":\"PropertyValueSpecification\",\"valueRequired\":true,\"valueName\":\"search_term_string\"}}],\"inLanguage\":\"pt-BR\"}]}<\/script>\n<!-- \/ Yoast SEO plugin. -->","yoast_head_json":{"title":"Z\u0117 Gentil firme e forte na pr\u00e9-campanha a deputado estadual - Daniel Matos","robots":{"index":"index","follow":"follow","max-snippet":"max-snippet:-1","max-image-preview":"max-image-preview:large","max-video-preview":"max-video-preview:-1"},"canonical":"https:\/\/www.blogsoestado.com\/danielmatos\/ze-gentil-firme-e-forte-na-pre-campanha-deputado-estadual\/","og_locale":"pt_BR","og_type":"article","og_title":"Z\u0117 Gentil firme e forte na pr\u00e9-campanha a deputado estadual - Daniel Matos","og_description":"Com muita determina\u00e7\u00e3o, o pr\u00e9-candidato a deputado estadual Z\u00e9 Gentil (PRB) esteve, na manh\u00e3 desta quinta-feira, dia 7, visitando postos [&hellip;]","og_url":"https:\/\/www.blogsoestado.com\/danielmatos\/ze-gentil-firme-e-forte-na-pre-campanha-deputado-estadual\/","og_site_name":"Daniel Matos","article_published_time":"2018-06-08T00:21:02+00:00","og_image":[{"url":"https:\/\/www.blogsoestado.com\/danielmatos\/files\/2018\/06\/IMG-20180607-WA0007.jpg","type":"","width":"","height":""}],"twitter_card":"summary_large_image","twitter_misc":{"Est. tempo de leitura":"1 minuto"},"schema":{"@context":"https:\/\/schema.org","@graph":[{"@type":"WebPage","@id":"https:\/\/www.blogsoestado.com\/danielmatos\/ze-gentil-firme-e-forte-na-pre-campanha-deputado-estadual\/","url":"https:\/\/www.blogsoestado.com\/danielmatos\/ze-gentil-firme-e-forte-na-pre-campanha-deputado-estadual\/","name":"Z\u0117 Gentil firme e forte na pr\u00e9-campanha a deputado estadual - Daniel Matos","isPartOf":{"@id":"https:\/\/www.blogsoestado.com\/danielmatos\/#website"},"primaryImageOfPage":{"@id":"https:\/\/www.blogsoestado.com\/danielmatos\/ze-gentil-firme-e-forte-na-pre-campanha-deputado-estadual\/#primaryimage"},"image":{"@id":"https:\/\/www.blogsoestado.com\/danielmatos\/ze-gentil-firme-e-forte-na-pre-campanha-deputado-estadual\/#primaryimage"},"thumbnailUrl":"https:\/\/www.blogsoestado.com\/danielmatos\/files\/2018\/06\/IMG-20180607-WA0007.jpg","datePublished":"2018-06-08T00:21:02+00:00","author":{"@id":""},"breadcrumb":{"@id":"https:\/\/www.blogsoestado.com\/danielmatos\/ze-gentil-firme-e-forte-na-pre-campanha-deputado-estadual\/#breadcrumb"},"inLanguage":"pt-BR","potentialAction":[{"@type":"ReadAction","target":["https:\/\/www.blogsoestado.com\/danielmatos\/ze-gentil-firme-e-forte-na-pre-campanha-deputado-estadual\/"]}]},{"@type":"ImageObject","inLanguage":"pt-BR","@id":"https:\/\/www.blogsoestado.com\/danielmatos\/ze-gentil-firme-e-forte-na-pre-campanha-deputado-estadual\/#primaryimage","url":"https:\/\/www.blogsoestado.com\/danielmatos\/files\/2018\/06\/IMG-20180607-WA0007.jpg","contentUrl":"https:\/\/www.blogsoestado.com\/danielmatos\/files\/2018\/06\/IMG-20180607-WA0007.jpg"},{"@type":"BreadcrumbList","@id":"https:\/\/www.blogsoestado.com\/danielmatos\/ze-gentil-firme-e-forte-na-pre-campanha-deputado-estadual\/#breadcrumb","itemListElement":[{"@type":"ListItem","position":1,"name":"In\u00edcio","item":"https:\/\/www.blogsoestado.com\/danielmatos\/"},{"@type":"ListItem","position":2,"name":"Z\u0117 Gentil firme e forte na pr\u00e9-campanha a deputado estadual"}]},{"@type":"WebSite","@id":"https:\/\/www.blogsoestado.com\/danielmatos\/#website","url":"https:\/\/www.blogsoestado.com\/danielmatos\/","name":"Daniel Matos","description":"","potentialAction":[{"@type":"SearchAction","target":{"@type":"EntryPoint","urlTemplate":"https:\/\/www.blogsoestado.com\/danielmatos\/?s={search_term_string}"},"query-input":{"@type":"PropertyValueSpecification","valueRequired":true,"valueName":"search_term_string"}}],"inLanguage":"pt-BR"}]}},"jetpack_featured_media_url":"","_links":{"self":[{"href":"https:\/\/www.blogsoestado.com\/danielmatos\/wp-json\/wp\/v2\/posts\/52086","targetHints":{"allow":["GET"]}}],"collection":[{"href":"https:\/\/www.blogsoestado.com\/danielmatos\/wp-json\/wp\/v2\/posts"}],"about":[{"href":"https:\/\/www.blogsoestado.com\/danielmatos\/wp-json\/wp\/v2\/types\/post"}],"replies":[{"embeddable":true,"href":"https:\/\/www.blogsoestado.com\/danielmatos\/wp-json\/wp\/v2\/comments?post=52086"}],"version-history":[{"count":0,"href":"https:\/\/www.blogsoestado.com\/danielmatos\/wp-json\/wp\/v2\/posts\/52086\/revisions"}],"wp:attachment":[{"href":"https:\/\/www.blogsoestado.com\/danielmatos\/wp-json\/wp\/v2\/media?parent=52086"}],"wp:term":[{"taxonomy":"category","embeddable":true,"href":"https:\/\/www.blogsoestado.com\/danielmatos\/wp-json\/wp\/v2\/categories?post=52086"},{"taxonomy":"post_tag","embeddable":true,"href":"https:\/\/www.blogsoestado.com\/danielmatos\/wp-json\/wp\/v2\/tags?post=52086"}],"curies":[{"name":"wp","href":"https:\/\/api.w.org\/{rel}","templated":true}]}}