{"id":52101,"date":"2018-06-08T09:40:59","date_gmt":"2018-06-08T12:40:59","guid":{"rendered":"https:\/\/www.blogsoestado.com\/danielmatos\/?p=52101"},"modified":"2018-06-08T09:40:59","modified_gmt":"2018-06-08T12:40:59","slug":"justica-eleitoral-manda-retirar-cena-considerada-abusiva-e-ilegal-em-propaganda-do-governo-flavio-dino","status":"publish","type":"post","link":"https:\/\/www.blogsoestado.com\/danielmatos\/justica-eleitoral-manda-retirar-cena-considerada-abusiva-e-ilegal-em-propaganda-do-governo-flavio-dino\/","title":{"rendered":"Justi\u00e7a Eleitoral manda retirar cena considerada abusiva e ilegal em propaganda do governo Fl\u00e1vio Dino"},"content":{"rendered":"<p>&nbsp;<\/p>\n<figure id=\"attachment_52102\" aria-describedby=\"caption-attachment-52102\" style=\"width: 650px\" class=\"wp-caption aligncenter\"><img fetchpriority=\"high\" decoding=\"async\" class=\"wp-image-52102\" src=\"https:\/\/www.blogsoestado.com\/danielmatos\/files\/2018\/06\/print-tre.png\" alt=\"\" width=\"650\" height=\"439\" \/><figcaption id=\"caption-attachment-52102\" class=\"wp-caption-text\">Print da pe\u00e7a de propaganda &#8220;Carta aos Maranhenses&#8221;, da campanha de Fl\u00e1vio Dino, em 2014<\/figcaption><\/figure>\n<p>O juiz relator, Gustavo Ara\u00fajo Vilas Boas, deferiu, parcialmente, a tutela de urg\u00eancia pedida pelo PRP em Representa\u00e7\u00e3o contra o governador Fl\u00e1vio Dino, em rela\u00e7\u00e3o a propaganda institucional veiculada em TV aberta e tamb\u00e9m publicada na internet. No v\u00eddeo intitulado \u201cO Governo investe cada vez na educa\u00e7\u00e3o do Estado\u201d, a comunica\u00e7\u00e3o do governador repete a mesma cena presente no \u00faltimo programa eleitoral do comunista em 2014, a de um garoto correndo pelos len\u00e7\u00f3is maranhenses com a bandeira do Maranh\u00e3o, considerada pelo juiz como \u201cuma tentativa dissimulada de propaganda eleitoral extempor\u00e2nea\u201d.<\/p>\n<p>\u201c&#8230;houve uma extrapola\u00e7\u00e3o, uma tentativa dissimulada de propaganda eleitoral extempor\u00e2nea, ao utilizar a mesma cena da propaganda eleitoral de 2014 do Representado, elemento que pode, sem maiores esfor\u00e7os, se objetivamente aferido (&#8230;) resta patente face a possiblidade da iminente continuidade da veicula\u00e7\u00e3o do v\u00eddeo impugnado causar preju\u00edzos s\u00f3cio-eleitorais ao influenciar desigualmente a vontade do eleitorado e a paridade de armas entre os poss\u00edveis competidores do pleito que se avizinha, haja vista a conex\u00e3o entre a atual gest\u00e3o e o eventual futuro mandato do Representado\u201d, diz o trecho da decis\u00e3o.<\/p>\n<p>A justi\u00e7a pediu a exclus\u00e3o da cena do v\u00eddeo, considerada abusiva e ilegal, no prazo de 24 horas, proibiu a utiliza\u00e7\u00e3o da mesma em \u201cvisualiza\u00e7\u00e3o p\u00fablica\u201d e aplica multa di\u00e1ria de R$ 5.000,00 em caso de descumprimento. Vilas Boas ressalta ainda que a medida \u201cevitar\u00e1 dano \u00e0 isonomia entre os poss\u00edveis candidatos\u201d e ao pr\u00f3prio pleito eleitoral.<\/p>\n<figure id=\"attachment_52103\" aria-describedby=\"caption-attachment-52103\" style=\"width: 650px\" class=\"wp-caption aligncenter\"><img decoding=\"async\" class=\"wp-image-52103\" src=\"https:\/\/www.blogsoestado.com\/danielmatos\/files\/2018\/06\/print-tre2.png\" alt=\"\" width=\"650\" height=\"523\" \/><figcaption id=\"caption-attachment-52103\" class=\"wp-caption-text\">Print de recente propaganda do governo comunista na \u00e1rea de Educa\u00e7\u00e3o<\/figcaption><\/figure>\n<p>\u201ca situa\u00e7\u00e3o narrada merece a imediata determina\u00e7\u00e3o de medida acautelat\u00f3ria apaziguadora que, a partir de sua execu\u00e7\u00e3o, evitar\u00e1 o dano \u00e0 isonomia entre os poss\u00edveis candidatos e \u00e0 pr\u00f3pria integridade do processo eleitoral de 2018. Ademais, buscando proteger e, mais ainda, privilegiar os direitos a informa\u00e7\u00e3o, constitucionalmente assegurado, \u00e9 de rigor que se pondere acerca do alcance da tutela a ser concedida. (&#8230;) DEFIRO PARCIALMENTE a tutela de urg\u00eancia, para determinar ao Representado FL\u00c1VIO DINO DE CASTRO E COSTA que exclua, no prazo m\u00e1ximo de 24 (vinte quatro) horas, o trecho do v\u00eddeo considerado abusivo e ilegal (&#8230;) bem como se abstenha de voltar a disponibilizar o referido trecho do v\u00eddeo para visualiza\u00e7\u00e3o p\u00fablica\u201d, decidiu o juiz.<\/p>\n<p><strong>Mentiras n\u00e3o subsistir\u00e3o, diz Andrea Murad<\/strong><\/p>\n<p>A oposicionista Andrea Murad (PRP), comentou a decis\u00e3o do juiz e disse ainda que as mentiras contadas nas propagandas institucionais do governador Fl\u00e1vio Dino n\u00e3o subsistir\u00e3o.<\/p>\n<p>\u201cA JUSTI\u00c7A ELEITORAL entendeu que Fl\u00e1vio Dino, ao permitir veicula\u00e7\u00e3o de propaganda institucional usando a mesma cena de sua campanha de 2014, abusou e cometeu ato ilegal, extrapolando todos os limites! A mesma cena do garoto de campanha, est\u00e1 nos v\u00eddeos do governo, inebriando o povo com a ret\u00f3rica comunista antes e hoje, em clara demonstra\u00e7\u00e3o de propaganda antecipada. O governador est\u00e1 abusando da estrutura do Estado, promovendo gastos milion\u00e1rios com publicidade, apenas para promo\u00e7\u00e3o pessoal, sem dar qualquer informa\u00e7\u00e3o \u00fatil ao cidad\u00e3o maranhense, que, h\u00e1 tempos, j\u00e1 percebeu que suas propagandas n\u00e3o passam de mentiras e mais mentiras que n\u00e3o subsistir\u00e3o ao voto verdadeiro do povo em outubro deste ano!\u201d, escreveu a parlamentar nas redes sociais.<\/p>\n","protected":false},"excerpt":{"rendered":"<p>&nbsp; O juiz relator, Gustavo Ara\u00fajo Vilas Boas, deferiu, parcialmente, a tutela de urg\u00eancia pedida pelo PRP em Representa\u00e7\u00e3o contra [&hellip;]<\/p>\n","protected":false},"author":0,"featured_media":0,"comment_status":"open","ping_status":"open","sticky":false,"template":"","format":"standard","meta":{"site-sidebar-layout":"default","site-content-layout":"","ast-site-content-layout":"default","site-content-style":"default","site-sidebar-style":"default","ast-global-header-display":"","ast-banner-title-visibility":"","ast-main-header-display":"","ast-hfb-above-header-display":"","ast-hfb-below-header-display":"","ast-hfb-mobile-header-display":"","site-post-title":"","ast-breadcrumbs-content":"","ast-featured-img":"","footer-sml-layout":"","ast-disable-related-posts":"","theme-transparent-header-meta":"","adv-header-id-meta":"","stick-header-meta":"","header-above-stick-meta":"","header-main-stick-meta":"","header-below-stick-meta":"","astra-migrate-meta-layouts":"default","ast-page-background-enabled":"default","ast-page-background-meta":{"desktop":{"background-color":"var(--ast-global-color-5)","background-image":"","background-repeat":"repeat","background-position":"center center","background-size":"auto","background-attachment":"scroll","background-type":"","background-media":"","overlay-type":"","overlay-color":"","overlay-opacity":"","overlay-gradient":""},"tablet":{"background-color":"","background-image":"","background-repeat":"repeat","background-position":"center center","background-size":"auto","background-attachment":"scroll","background-type":"","background-media":"","overlay-type":"","overlay-color":"","overlay-opacity":"","overlay-gradient":""},"mobile":{"background-color":"","background-image":"","background-repeat":"repeat","background-position":"center center","background-size":"auto","background-attachment":"scroll","background-type":"","background-media":"","overlay-type":"","overlay-color":"","overlay-opacity":"","overlay-gradient":""}},"ast-content-background-meta":{"desktop":{"background-color":"var(--ast-global-color-4)","background-image":"","background-repeat":"repeat","background-position":"center center","background-size":"auto","background-attachment":"scroll","background-type":"","background-media":"","overlay-type":"","overlay-color":"","overlay-opacity":"","overlay-gradient":""},"tablet":{"background-color":"var(--ast-global-color-4)","background-image":"","background-repeat":"repeat","background-position":"center center","background-size":"auto","background-attachment":"scroll","background-type":"","background-media":"","overlay-type":"","overlay-color":"","overlay-opacity":"","overlay-gradient":""},"mobile":{"background-color":"var(--ast-global-color-4)","background-image":"","background-repeat":"repeat","background-position":"center center","background-size":"auto","background-attachment":"scroll","background-type":"","background-media":"","overlay-type":"","overlay-color":"","overlay-opacity":"","overlay-gradient":""}},"footnotes":""},"categories":[1],"tags":[],"class_list":["post-52101","post","type-post","status-publish","format-standard","hentry","category-sem-categoria"],"yoast_head":"<!-- This site is optimized with the Yoast SEO plugin v26.6 - https:\/\/yoast.com\/wordpress\/plugins\/seo\/ -->\n<title>Justi\u00e7a Eleitoral manda retirar cena considerada abusiva e ilegal em propaganda do governo Fl\u00e1vio Dino - Daniel Matos<\/title>\n<meta name=\"robots\" content=\"index, follow, max-snippet:-1, max-image-preview:large, max-video-preview:-1\" \/>\n<link rel=\"canonical\" href=\"https:\/\/www.blogsoestado.com\/danielmatos\/justica-eleitoral-manda-retirar-cena-considerada-abusiva-e-ilegal-em-propaganda-do-governo-flavio-dino\/\" \/>\n<meta property=\"og:locale\" content=\"pt_BR\" \/>\n<meta property=\"og:type\" content=\"article\" \/>\n<meta property=\"og:title\" content=\"Justi\u00e7a Eleitoral manda retirar cena considerada abusiva e ilegal em propaganda do governo Fl\u00e1vio Dino - Daniel Matos\" \/>\n<meta property=\"og:description\" content=\"&nbsp; O juiz relator, Gustavo Ara\u00fajo Vilas Boas, deferiu, parcialmente, a tutela de urg\u00eancia pedida pelo PRP em Representa\u00e7\u00e3o contra [&hellip;]\" \/>\n<meta property=\"og:url\" content=\"https:\/\/www.blogsoestado.com\/danielmatos\/justica-eleitoral-manda-retirar-cena-considerada-abusiva-e-ilegal-em-propaganda-do-governo-flavio-dino\/\" \/>\n<meta property=\"og:site_name\" content=\"Daniel Matos\" \/>\n<meta property=\"article:published_time\" content=\"2018-06-08T12:40:59+00:00\" \/>\n<meta property=\"og:image\" content=\"https:\/\/www.blogsoestado.com\/danielmatos\/files\/2018\/06\/print-tre.png\" \/>\n<meta name=\"twitter:card\" content=\"summary_large_image\" \/>\n<meta name=\"twitter:label1\" content=\"Est. tempo de leitura\" \/>\n\t<meta name=\"twitter:data1\" content=\"3 minutos\" \/>\n<script type=\"application\/ld+json\" class=\"yoast-schema-graph\">{\"@context\":\"https:\/\/schema.org\",\"@graph\":[{\"@type\":\"WebPage\",\"@id\":\"https:\/\/www.blogsoestado.com\/danielmatos\/justica-eleitoral-manda-retirar-cena-considerada-abusiva-e-ilegal-em-propaganda-do-governo-flavio-dino\/\",\"url\":\"https:\/\/www.blogsoestado.com\/danielmatos\/justica-eleitoral-manda-retirar-cena-considerada-abusiva-e-ilegal-em-propaganda-do-governo-flavio-dino\/\",\"name\":\"Justi\u00e7a Eleitoral manda retirar cena considerada abusiva e ilegal em propaganda do governo Fl\u00e1vio Dino - Daniel Matos\",\"isPartOf\":{\"@id\":\"https:\/\/www.blogsoestado.com\/danielmatos\/#website\"},\"primaryImageOfPage\":{\"@id\":\"https:\/\/www.blogsoestado.com\/danielmatos\/justica-eleitoral-manda-retirar-cena-considerada-abusiva-e-ilegal-em-propaganda-do-governo-flavio-dino\/#primaryimage\"},\"image\":{\"@id\":\"https:\/\/www.blogsoestado.com\/danielmatos\/justica-eleitoral-manda-retirar-cena-considerada-abusiva-e-ilegal-em-propaganda-do-governo-flavio-dino\/#primaryimage\"},\"thumbnailUrl\":\"https:\/\/www.blogsoestado.com\/danielmatos\/files\/2018\/06\/print-tre.png\",\"datePublished\":\"2018-06-08T12:40:59+00:00\",\"author\":{\"@id\":\"\"},\"breadcrumb\":{\"@id\":\"https:\/\/www.blogsoestado.com\/danielmatos\/justica-eleitoral-manda-retirar-cena-considerada-abusiva-e-ilegal-em-propaganda-do-governo-flavio-dino\/#breadcrumb\"},\"inLanguage\":\"pt-BR\",\"potentialAction\":[{\"@type\":\"ReadAction\",\"target\":[\"https:\/\/www.blogsoestado.com\/danielmatos\/justica-eleitoral-manda-retirar-cena-considerada-abusiva-e-ilegal-em-propaganda-do-governo-flavio-dino\/\"]}]},{\"@type\":\"ImageObject\",\"inLanguage\":\"pt-BR\",\"@id\":\"https:\/\/www.blogsoestado.com\/danielmatos\/justica-eleitoral-manda-retirar-cena-considerada-abusiva-e-ilegal-em-propaganda-do-governo-flavio-dino\/#primaryimage\",\"url\":\"https:\/\/www.blogsoestado.com\/danielmatos\/files\/2018\/06\/print-tre.png\",\"contentUrl\":\"https:\/\/www.blogsoestado.com\/danielmatos\/files\/2018\/06\/print-tre.png\"},{\"@type\":\"BreadcrumbList\",\"@id\":\"https:\/\/www.blogsoestado.com\/danielmatos\/justica-eleitoral-manda-retirar-cena-considerada-abusiva-e-ilegal-em-propaganda-do-governo-flavio-dino\/#breadcrumb\",\"itemListElement\":[{\"@type\":\"ListItem\",\"position\":1,\"name\":\"In\u00edcio\",\"item\":\"https:\/\/www.blogsoestado.com\/danielmatos\/\"},{\"@type\":\"ListItem\",\"position\":2,\"name\":\"Justi\u00e7a Eleitoral manda retirar cena considerada abusiva e ilegal em propaganda do governo Fl\u00e1vio Dino\"}]},{\"@type\":\"WebSite\",\"@id\":\"https:\/\/www.blogsoestado.com\/danielmatos\/#website\",\"url\":\"https:\/\/www.blogsoestado.com\/danielmatos\/\",\"name\":\"Daniel Matos\",\"description\":\"\",\"potentialAction\":[{\"@type\":\"SearchAction\",\"target\":{\"@type\":\"EntryPoint\",\"urlTemplate\":\"https:\/\/www.blogsoestado.com\/danielmatos\/?s={search_term_string}\"},\"query-input\":{\"@type\":\"PropertyValueSpecification\",\"valueRequired\":true,\"valueName\":\"search_term_string\"}}],\"inLanguage\":\"pt-BR\"}]}<\/script>\n<!-- \/ Yoast SEO plugin. -->","yoast_head_json":{"title":"Justi\u00e7a Eleitoral manda retirar cena considerada abusiva e ilegal em propaganda do governo Fl\u00e1vio Dino - Daniel Matos","robots":{"index":"index","follow":"follow","max-snippet":"max-snippet:-1","max-image-preview":"max-image-preview:large","max-video-preview":"max-video-preview:-1"},"canonical":"https:\/\/www.blogsoestado.com\/danielmatos\/justica-eleitoral-manda-retirar-cena-considerada-abusiva-e-ilegal-em-propaganda-do-governo-flavio-dino\/","og_locale":"pt_BR","og_type":"article","og_title":"Justi\u00e7a Eleitoral manda retirar cena considerada abusiva e ilegal em propaganda do governo Fl\u00e1vio Dino - Daniel Matos","og_description":"&nbsp; O juiz relator, Gustavo Ara\u00fajo Vilas Boas, deferiu, parcialmente, a tutela de urg\u00eancia pedida pelo PRP em Representa\u00e7\u00e3o contra [&hellip;]","og_url":"https:\/\/www.blogsoestado.com\/danielmatos\/justica-eleitoral-manda-retirar-cena-considerada-abusiva-e-ilegal-em-propaganda-do-governo-flavio-dino\/","og_site_name":"Daniel Matos","article_published_time":"2018-06-08T12:40:59+00:00","og_image":[{"url":"https:\/\/www.blogsoestado.com\/danielmatos\/files\/2018\/06\/print-tre.png","type":"","width":"","height":""}],"twitter_card":"summary_large_image","twitter_misc":{"Est. tempo de leitura":"3 minutos"},"schema":{"@context":"https:\/\/schema.org","@graph":[{"@type":"WebPage","@id":"https:\/\/www.blogsoestado.com\/danielmatos\/justica-eleitoral-manda-retirar-cena-considerada-abusiva-e-ilegal-em-propaganda-do-governo-flavio-dino\/","url":"https:\/\/www.blogsoestado.com\/danielmatos\/justica-eleitoral-manda-retirar-cena-considerada-abusiva-e-ilegal-em-propaganda-do-governo-flavio-dino\/","name":"Justi\u00e7a Eleitoral manda retirar cena considerada abusiva e ilegal em propaganda do governo Fl\u00e1vio Dino - Daniel Matos","isPartOf":{"@id":"https:\/\/www.blogsoestado.com\/danielmatos\/#website"},"primaryImageOfPage":{"@id":"https:\/\/www.blogsoestado.com\/danielmatos\/justica-eleitoral-manda-retirar-cena-considerada-abusiva-e-ilegal-em-propaganda-do-governo-flavio-dino\/#primaryimage"},"image":{"@id":"https:\/\/www.blogsoestado.com\/danielmatos\/justica-eleitoral-manda-retirar-cena-considerada-abusiva-e-ilegal-em-propaganda-do-governo-flavio-dino\/#primaryimage"},"thumbnailUrl":"https:\/\/www.blogsoestado.com\/danielmatos\/files\/2018\/06\/print-tre.png","datePublished":"2018-06-08T12:40:59+00:00","author":{"@id":""},"breadcrumb":{"@id":"https:\/\/www.blogsoestado.com\/danielmatos\/justica-eleitoral-manda-retirar-cena-considerada-abusiva-e-ilegal-em-propaganda-do-governo-flavio-dino\/#breadcrumb"},"inLanguage":"pt-BR","potentialAction":[{"@type":"ReadAction","target":["https:\/\/www.blogsoestado.com\/danielmatos\/justica-eleitoral-manda-retirar-cena-considerada-abusiva-e-ilegal-em-propaganda-do-governo-flavio-dino\/"]}]},{"@type":"ImageObject","inLanguage":"pt-BR","@id":"https:\/\/www.blogsoestado.com\/danielmatos\/justica-eleitoral-manda-retirar-cena-considerada-abusiva-e-ilegal-em-propaganda-do-governo-flavio-dino\/#primaryimage","url":"https:\/\/www.blogsoestado.com\/danielmatos\/files\/2018\/06\/print-tre.png","contentUrl":"https:\/\/www.blogsoestado.com\/danielmatos\/files\/2018\/06\/print-tre.png"},{"@type":"BreadcrumbList","@id":"https:\/\/www.blogsoestado.com\/danielmatos\/justica-eleitoral-manda-retirar-cena-considerada-abusiva-e-ilegal-em-propaganda-do-governo-flavio-dino\/#breadcrumb","itemListElement":[{"@type":"ListItem","position":1,"name":"In\u00edcio","item":"https:\/\/www.blogsoestado.com\/danielmatos\/"},{"@type":"ListItem","position":2,"name":"Justi\u00e7a Eleitoral manda retirar cena considerada abusiva e ilegal em propaganda do governo Fl\u00e1vio Dino"}]},{"@type":"WebSite","@id":"https:\/\/www.blogsoestado.com\/danielmatos\/#website","url":"https:\/\/www.blogsoestado.com\/danielmatos\/","name":"Daniel Matos","description":"","potentialAction":[{"@type":"SearchAction","target":{"@type":"EntryPoint","urlTemplate":"https:\/\/www.blogsoestado.com\/danielmatos\/?s={search_term_string}"},"query-input":{"@type":"PropertyValueSpecification","valueRequired":true,"valueName":"search_term_string"}}],"inLanguage":"pt-BR"}]}},"jetpack_featured_media_url":"","_links":{"self":[{"href":"https:\/\/www.blogsoestado.com\/danielmatos\/wp-json\/wp\/v2\/posts\/52101","targetHints":{"allow":["GET"]}}],"collection":[{"href":"https:\/\/www.blogsoestado.com\/danielmatos\/wp-json\/wp\/v2\/posts"}],"about":[{"href":"https:\/\/www.blogsoestado.com\/danielmatos\/wp-json\/wp\/v2\/types\/post"}],"replies":[{"embeddable":true,"href":"https:\/\/www.blogsoestado.com\/danielmatos\/wp-json\/wp\/v2\/comments?post=52101"}],"version-history":[{"count":0,"href":"https:\/\/www.blogsoestado.com\/danielmatos\/wp-json\/wp\/v2\/posts\/52101\/revisions"}],"wp:attachment":[{"href":"https:\/\/www.blogsoestado.com\/danielmatos\/wp-json\/wp\/v2\/media?parent=52101"}],"wp:term":[{"taxonomy":"category","embeddable":true,"href":"https:\/\/www.blogsoestado.com\/danielmatos\/wp-json\/wp\/v2\/categories?post=52101"},{"taxonomy":"post_tag","embeddable":true,"href":"https:\/\/www.blogsoestado.com\/danielmatos\/wp-json\/wp\/v2\/tags?post=52101"}],"curies":[{"name":"wp","href":"https:\/\/api.w.org\/{rel}","templated":true}]}}