{"id":52111,"date":"2018-06-08T10:51:07","date_gmt":"2018-06-08T13:51:07","guid":{"rendered":"https:\/\/www.blogsoestado.com\/danielmatos\/?p=52111"},"modified":"2018-06-08T10:51:07","modified_gmt":"2018-06-08T13:51:07","slug":"vereador-cezar-bombeiro-da-titulo-de-cidadao-de-sao-luis-a-juiz-seu-conterraneo-de-viana","status":"publish","type":"post","link":"https:\/\/www.blogsoestado.com\/danielmatos\/vereador-cezar-bombeiro-da-titulo-de-cidadao-de-sao-luis-a-juiz-seu-conterraneo-de-viana\/","title":{"rendered":"Vereador C\u00e9zar Bombeiro d\u00e1 T\u00edtulo de Cidad\u00e3o de S\u00e3o Lu\u00eds a juiz, seu conterr\u00e2neo de Viana"},"content":{"rendered":"<figure id=\"attachment_46432\" aria-describedby=\"caption-attachment-46432\" style=\"width: 300px\" class=\"wp-caption alignright\"><img fetchpriority=\"high\" decoding=\"async\" class=\"wp-image-46432 size-medium\" src=\"https:\/\/www.blogsoestado.com\/danielmatos\/files\/2017\/11\/bombeiro-canais-300x225.png\" alt=\"\" width=\"300\" height=\"225\" \/><figcaption id=\"caption-attachment-46432\" class=\"wp-caption-text\">C\u00e9zar Bombeiro entregar\u00e1 o t\u00edtulo ao conterr\u00e2neo<\/figcaption><\/figure>\n<p>O vereador C\u00e9zar Bombeiro (PSD), em atendimento ao Decreto Legislativo de n\u00b0 001\/2018, de sua autoria, tem a honra de convidar a todos os conterr\u00e2neos e amigos vianenses para prestigiar a solenidade de entrega do merecido T\u00cdTULO DE CIDAD\u00c3O DE S\u00c3O LU\u00cdS, ao Merit\u00edssimo Sr. Dr. Juiz Jos\u00e9 Ribamar D&#8217; Oliveira Costa J\u00fanior.<\/p>\n<p>O magistrado \u00e9 o nono filho do casal Jos\u00e9 Ribamar d\u2019Oliveira Costa (Zezico) e Terezinha de Jesus Pereira Costa. Nasceu em 30 de maio de 1964, em Viana, e recebeu, na pia batismal, o mesmo nome do pai. Assim, criado entre os 10 irm\u00e3os, desde cedo, o novo integrante da fam\u00edlia passou a ser identificado como Costa J\u00fanior.<\/p>\n<figure id=\"attachment_52117\" aria-describedby=\"caption-attachment-52117\" style=\"width: 150px\" class=\"wp-caption alignleft\"><img decoding=\"async\" class=\"size-thumbnail wp-image-52117\" src=\"https:\/\/www.blogsoestado.com\/danielmatos\/files\/2018\/06\/juiz-viana-150x150.jpg\" alt=\"\" width=\"150\" height=\"150\" \/><figcaption id=\"caption-attachment-52117\" class=\"wp-caption-text\">Juiz Ribamar Costa Jr.<\/figcaption><\/figure>\n<p>Jos\u00e9 Ribamar D&#8217; Oliveira Costa J\u00fanior ingressou na magistratura maranhense em 1993, igualmente atrav\u00e9s de concurso p\u00fablico. Como juiz de direito, trabalhou nas comarcas de Cururupu, Po\u00e7\u00e3o de Pedras, Barreirinhas, S\u00e3o Jos\u00e9 de Ribamar e Imperatriz, antes de tornar-se juiz auxiliar de 4\u00aa entr\u00e2ncia, em S\u00e3o Lu\u00eds, onde permanece desde 2009.<\/p>\n<p>A cerim\u00f4nia acontece nesta sexta-feira (8),\u00a0 \u00e0s 14h30, no plen\u00e1rio Sim\u00e3o Est\u00e1cio da Silveira do Pal\u00e1cio Pedro Neiva de Santana, na C\u00e2mara Municipal de S\u00e3o Lu\u00eds.<\/p>\n","protected":false},"excerpt":{"rendered":"<p>O vereador C\u00e9zar Bombeiro (PSD), em atendimento ao Decreto Legislativo de n\u00b0 001\/2018, de sua autoria, tem a honra de [&hellip;]<\/p>\n","protected":false},"author":0,"featured_media":0,"comment_status":"open","ping_status":"open","sticky":false,"template":"","format":"standard","meta":{"site-sidebar-layout":"default","site-content-layout":"","ast-site-content-layout":"default","site-content-style":"default","site-sidebar-style":"default","ast-global-header-display":"","ast-banner-title-visibility":"","ast-main-header-display":"","ast-hfb-above-header-display":"","ast-hfb-below-header-display":"","ast-hfb-mobile-header-display":"","site-post-title":"","ast-breadcrumbs-content":"","ast-featured-img":"","footer-sml-layout":"","ast-disable-related-posts":"","theme-transparent-header-meta":"","adv-header-id-meta":"","stick-header-meta":"","header-above-stick-meta":"","header-main-stick-meta":"","header-below-stick-meta":"","astra-migrate-meta-layouts":"default","ast-page-background-enabled":"default","ast-page-background-meta":{"desktop":{"background-color":"var(--ast-global-color-5)","background-image":"","background-repeat":"repeat","background-position":"center center","background-size":"auto","background-attachment":"scroll","background-type":"","background-media":"","overlay-type":"","overlay-color":"","overlay-opacity":"","overlay-gradient":""},"tablet":{"background-color":"","background-image":"","background-repeat":"repeat","background-position":"center center","background-size":"auto","background-attachment":"scroll","background-type":"","background-media":"","overlay-type":"","overlay-color":"","overlay-opacity":"","overlay-gradient":""},"mobile":{"background-color":"","background-image":"","background-repeat":"repeat","background-position":"center center","background-size":"auto","background-attachment":"scroll","background-type":"","background-media":"","overlay-type":"","overlay-color":"","overlay-opacity":"","overlay-gradient":""}},"ast-content-background-meta":{"desktop":{"background-color":"var(--ast-global-color-4)","background-image":"","background-repeat":"repeat","background-position":"center center","background-size":"auto","background-attachment":"scroll","background-type":"","background-media":"","overlay-type":"","overlay-color":"","overlay-opacity":"","overlay-gradient":""},"tablet":{"background-color":"var(--ast-global-color-4)","background-image":"","background-repeat":"repeat","background-position":"center center","background-size":"auto","background-attachment":"scroll","background-type":"","background-media":"","overlay-type":"","overlay-color":"","overlay-opacity":"","overlay-gradient":""},"mobile":{"background-color":"var(--ast-global-color-4)","background-image":"","background-repeat":"repeat","background-position":"center center","background-size":"auto","background-attachment":"scroll","background-type":"","background-media":"","overlay-type":"","overlay-color":"","overlay-opacity":"","overlay-gradient":""}},"footnotes":""},"categories":[1],"tags":[],"class_list":["post-52111","post","type-post","status-publish","format-standard","hentry","category-sem-categoria"],"yoast_head":"<!-- This site is optimized with the Yoast SEO plugin v26.6 - https:\/\/yoast.com\/wordpress\/plugins\/seo\/ -->\n<title>Vereador C\u00e9zar Bombeiro d\u00e1 T\u00edtulo de Cidad\u00e3o de S\u00e3o Lu\u00eds a juiz, seu conterr\u00e2neo de Viana - Daniel Matos<\/title>\n<meta name=\"robots\" content=\"index, follow, max-snippet:-1, max-image-preview:large, max-video-preview:-1\" \/>\n<link rel=\"canonical\" href=\"https:\/\/www.blogsoestado.com\/danielmatos\/vereador-cezar-bombeiro-da-titulo-de-cidadao-de-sao-luis-a-juiz-seu-conterraneo-de-viana\/\" \/>\n<meta property=\"og:locale\" content=\"pt_BR\" \/>\n<meta property=\"og:type\" content=\"article\" \/>\n<meta property=\"og:title\" content=\"Vereador C\u00e9zar Bombeiro d\u00e1 T\u00edtulo de Cidad\u00e3o de S\u00e3o Lu\u00eds a juiz, seu conterr\u00e2neo de Viana - Daniel Matos\" \/>\n<meta property=\"og:description\" content=\"O vereador C\u00e9zar Bombeiro (PSD), em atendimento ao Decreto Legislativo de n\u00b0 001\/2018, de sua autoria, tem a honra de [&hellip;]\" \/>\n<meta property=\"og:url\" content=\"https:\/\/www.blogsoestado.com\/danielmatos\/vereador-cezar-bombeiro-da-titulo-de-cidadao-de-sao-luis-a-juiz-seu-conterraneo-de-viana\/\" \/>\n<meta property=\"og:site_name\" content=\"Daniel Matos\" \/>\n<meta property=\"article:published_time\" content=\"2018-06-08T13:51:07+00:00\" \/>\n<meta property=\"og:image\" content=\"https:\/\/www.blogsoestado.com\/danielmatos\/files\/2017\/11\/bombeiro-canais-300x225.png\" \/>\n<meta name=\"twitter:card\" content=\"summary_large_image\" \/>\n<meta name=\"twitter:label1\" content=\"Est. tempo de leitura\" \/>\n\t<meta name=\"twitter:data1\" content=\"1 minuto\" \/>\n<script type=\"application\/ld+json\" class=\"yoast-schema-graph\">{\"@context\":\"https:\/\/schema.org\",\"@graph\":[{\"@type\":\"WebPage\",\"@id\":\"https:\/\/www.blogsoestado.com\/danielmatos\/vereador-cezar-bombeiro-da-titulo-de-cidadao-de-sao-luis-a-juiz-seu-conterraneo-de-viana\/\",\"url\":\"https:\/\/www.blogsoestado.com\/danielmatos\/vereador-cezar-bombeiro-da-titulo-de-cidadao-de-sao-luis-a-juiz-seu-conterraneo-de-viana\/\",\"name\":\"Vereador C\u00e9zar Bombeiro d\u00e1 T\u00edtulo de Cidad\u00e3o de S\u00e3o Lu\u00eds a juiz, seu conterr\u00e2neo de Viana - Daniel Matos\",\"isPartOf\":{\"@id\":\"https:\/\/www.blogsoestado.com\/danielmatos\/#website\"},\"primaryImageOfPage\":{\"@id\":\"https:\/\/www.blogsoestado.com\/danielmatos\/vereador-cezar-bombeiro-da-titulo-de-cidadao-de-sao-luis-a-juiz-seu-conterraneo-de-viana\/#primaryimage\"},\"image\":{\"@id\":\"https:\/\/www.blogsoestado.com\/danielmatos\/vereador-cezar-bombeiro-da-titulo-de-cidadao-de-sao-luis-a-juiz-seu-conterraneo-de-viana\/#primaryimage\"},\"thumbnailUrl\":\"https:\/\/www.blogsoestado.com\/danielmatos\/files\/2017\/11\/bombeiro-canais-300x225.png\",\"datePublished\":\"2018-06-08T13:51:07+00:00\",\"author\":{\"@id\":\"\"},\"breadcrumb\":{\"@id\":\"https:\/\/www.blogsoestado.com\/danielmatos\/vereador-cezar-bombeiro-da-titulo-de-cidadao-de-sao-luis-a-juiz-seu-conterraneo-de-viana\/#breadcrumb\"},\"inLanguage\":\"pt-BR\",\"potentialAction\":[{\"@type\":\"ReadAction\",\"target\":[\"https:\/\/www.blogsoestado.com\/danielmatos\/vereador-cezar-bombeiro-da-titulo-de-cidadao-de-sao-luis-a-juiz-seu-conterraneo-de-viana\/\"]}]},{\"@type\":\"ImageObject\",\"inLanguage\":\"pt-BR\",\"@id\":\"https:\/\/www.blogsoestado.com\/danielmatos\/vereador-cezar-bombeiro-da-titulo-de-cidadao-de-sao-luis-a-juiz-seu-conterraneo-de-viana\/#primaryimage\",\"url\":\"https:\/\/www.blogsoestado.com\/danielmatos\/files\/2017\/11\/bombeiro-canais-300x225.png\",\"contentUrl\":\"https:\/\/www.blogsoestado.com\/danielmatos\/files\/2017\/11\/bombeiro-canais-300x225.png\"},{\"@type\":\"BreadcrumbList\",\"@id\":\"https:\/\/www.blogsoestado.com\/danielmatos\/vereador-cezar-bombeiro-da-titulo-de-cidadao-de-sao-luis-a-juiz-seu-conterraneo-de-viana\/#breadcrumb\",\"itemListElement\":[{\"@type\":\"ListItem\",\"position\":1,\"name\":\"In\u00edcio\",\"item\":\"https:\/\/www.blogsoestado.com\/danielmatos\/\"},{\"@type\":\"ListItem\",\"position\":2,\"name\":\"Vereador C\u00e9zar Bombeiro d\u00e1 T\u00edtulo de Cidad\u00e3o de S\u00e3o Lu\u00eds a juiz, seu conterr\u00e2neo de Viana\"}]},{\"@type\":\"WebSite\",\"@id\":\"https:\/\/www.blogsoestado.com\/danielmatos\/#website\",\"url\":\"https:\/\/www.blogsoestado.com\/danielmatos\/\",\"name\":\"Daniel Matos\",\"description\":\"\",\"potentialAction\":[{\"@type\":\"SearchAction\",\"target\":{\"@type\":\"EntryPoint\",\"urlTemplate\":\"https:\/\/www.blogsoestado.com\/danielmatos\/?s={search_term_string}\"},\"query-input\":{\"@type\":\"PropertyValueSpecification\",\"valueRequired\":true,\"valueName\":\"search_term_string\"}}],\"inLanguage\":\"pt-BR\"}]}<\/script>\n<!-- \/ Yoast SEO plugin. -->","yoast_head_json":{"title":"Vereador C\u00e9zar Bombeiro d\u00e1 T\u00edtulo de Cidad\u00e3o de S\u00e3o Lu\u00eds a juiz, seu conterr\u00e2neo de Viana - Daniel Matos","robots":{"index":"index","follow":"follow","max-snippet":"max-snippet:-1","max-image-preview":"max-image-preview:large","max-video-preview":"max-video-preview:-1"},"canonical":"https:\/\/www.blogsoestado.com\/danielmatos\/vereador-cezar-bombeiro-da-titulo-de-cidadao-de-sao-luis-a-juiz-seu-conterraneo-de-viana\/","og_locale":"pt_BR","og_type":"article","og_title":"Vereador C\u00e9zar Bombeiro d\u00e1 T\u00edtulo de Cidad\u00e3o de S\u00e3o Lu\u00eds a juiz, seu conterr\u00e2neo de Viana - Daniel Matos","og_description":"O vereador C\u00e9zar Bombeiro (PSD), em atendimento ao Decreto Legislativo de n\u00b0 001\/2018, de sua autoria, tem a honra de [&hellip;]","og_url":"https:\/\/www.blogsoestado.com\/danielmatos\/vereador-cezar-bombeiro-da-titulo-de-cidadao-de-sao-luis-a-juiz-seu-conterraneo-de-viana\/","og_site_name":"Daniel Matos","article_published_time":"2018-06-08T13:51:07+00:00","og_image":[{"url":"https:\/\/www.blogsoestado.com\/danielmatos\/files\/2017\/11\/bombeiro-canais-300x225.png","type":"","width":"","height":""}],"twitter_card":"summary_large_image","twitter_misc":{"Est. tempo de leitura":"1 minuto"},"schema":{"@context":"https:\/\/schema.org","@graph":[{"@type":"WebPage","@id":"https:\/\/www.blogsoestado.com\/danielmatos\/vereador-cezar-bombeiro-da-titulo-de-cidadao-de-sao-luis-a-juiz-seu-conterraneo-de-viana\/","url":"https:\/\/www.blogsoestado.com\/danielmatos\/vereador-cezar-bombeiro-da-titulo-de-cidadao-de-sao-luis-a-juiz-seu-conterraneo-de-viana\/","name":"Vereador C\u00e9zar Bombeiro d\u00e1 T\u00edtulo de Cidad\u00e3o de S\u00e3o Lu\u00eds a juiz, seu conterr\u00e2neo de Viana - Daniel Matos","isPartOf":{"@id":"https:\/\/www.blogsoestado.com\/danielmatos\/#website"},"primaryImageOfPage":{"@id":"https:\/\/www.blogsoestado.com\/danielmatos\/vereador-cezar-bombeiro-da-titulo-de-cidadao-de-sao-luis-a-juiz-seu-conterraneo-de-viana\/#primaryimage"},"image":{"@id":"https:\/\/www.blogsoestado.com\/danielmatos\/vereador-cezar-bombeiro-da-titulo-de-cidadao-de-sao-luis-a-juiz-seu-conterraneo-de-viana\/#primaryimage"},"thumbnailUrl":"https:\/\/www.blogsoestado.com\/danielmatos\/files\/2017\/11\/bombeiro-canais-300x225.png","datePublished":"2018-06-08T13:51:07+00:00","author":{"@id":""},"breadcrumb":{"@id":"https:\/\/www.blogsoestado.com\/danielmatos\/vereador-cezar-bombeiro-da-titulo-de-cidadao-de-sao-luis-a-juiz-seu-conterraneo-de-viana\/#breadcrumb"},"inLanguage":"pt-BR","potentialAction":[{"@type":"ReadAction","target":["https:\/\/www.blogsoestado.com\/danielmatos\/vereador-cezar-bombeiro-da-titulo-de-cidadao-de-sao-luis-a-juiz-seu-conterraneo-de-viana\/"]}]},{"@type":"ImageObject","inLanguage":"pt-BR","@id":"https:\/\/www.blogsoestado.com\/danielmatos\/vereador-cezar-bombeiro-da-titulo-de-cidadao-de-sao-luis-a-juiz-seu-conterraneo-de-viana\/#primaryimage","url":"https:\/\/www.blogsoestado.com\/danielmatos\/files\/2017\/11\/bombeiro-canais-300x225.png","contentUrl":"https:\/\/www.blogsoestado.com\/danielmatos\/files\/2017\/11\/bombeiro-canais-300x225.png"},{"@type":"BreadcrumbList","@id":"https:\/\/www.blogsoestado.com\/danielmatos\/vereador-cezar-bombeiro-da-titulo-de-cidadao-de-sao-luis-a-juiz-seu-conterraneo-de-viana\/#breadcrumb","itemListElement":[{"@type":"ListItem","position":1,"name":"In\u00edcio","item":"https:\/\/www.blogsoestado.com\/danielmatos\/"},{"@type":"ListItem","position":2,"name":"Vereador C\u00e9zar Bombeiro d\u00e1 T\u00edtulo de Cidad\u00e3o de S\u00e3o Lu\u00eds a juiz, seu conterr\u00e2neo de Viana"}]},{"@type":"WebSite","@id":"https:\/\/www.blogsoestado.com\/danielmatos\/#website","url":"https:\/\/www.blogsoestado.com\/danielmatos\/","name":"Daniel Matos","description":"","potentialAction":[{"@type":"SearchAction","target":{"@type":"EntryPoint","urlTemplate":"https:\/\/www.blogsoestado.com\/danielmatos\/?s={search_term_string}"},"query-input":{"@type":"PropertyValueSpecification","valueRequired":true,"valueName":"search_term_string"}}],"inLanguage":"pt-BR"}]}},"jetpack_featured_media_url":"","_links":{"self":[{"href":"https:\/\/www.blogsoestado.com\/danielmatos\/wp-json\/wp\/v2\/posts\/52111","targetHints":{"allow":["GET"]}}],"collection":[{"href":"https:\/\/www.blogsoestado.com\/danielmatos\/wp-json\/wp\/v2\/posts"}],"about":[{"href":"https:\/\/www.blogsoestado.com\/danielmatos\/wp-json\/wp\/v2\/types\/post"}],"replies":[{"embeddable":true,"href":"https:\/\/www.blogsoestado.com\/danielmatos\/wp-json\/wp\/v2\/comments?post=52111"}],"version-history":[{"count":0,"href":"https:\/\/www.blogsoestado.com\/danielmatos\/wp-json\/wp\/v2\/posts\/52111\/revisions"}],"wp:attachment":[{"href":"https:\/\/www.blogsoestado.com\/danielmatos\/wp-json\/wp\/v2\/media?parent=52111"}],"wp:term":[{"taxonomy":"category","embeddable":true,"href":"https:\/\/www.blogsoestado.com\/danielmatos\/wp-json\/wp\/v2\/categories?post=52111"},{"taxonomy":"post_tag","embeddable":true,"href":"https:\/\/www.blogsoestado.com\/danielmatos\/wp-json\/wp\/v2\/tags?post=52111"}],"curies":[{"name":"wp","href":"https:\/\/api.w.org\/{rel}","templated":true}]}}