{"id":52131,"date":"2018-06-08T15:59:13","date_gmt":"2018-06-08T18:59:13","guid":{"rendered":"https:\/\/www.blogsoestado.com\/danielmatos\/?p=52131"},"modified":"2018-06-08T15:59:13","modified_gmt":"2018-06-08T18:59:13","slug":"jornalista-isadora-barbosa-assume-presidencia-do-psl-jovem-no-maranhao","status":"publish","type":"post","link":"https:\/\/www.blogsoestado.com\/danielmatos\/jornalista-isadora-barbosa-assume-presidencia-do-psl-jovem-no-maranhao\/","title":{"rendered":"Jornalista Isadora Barbosa assume presid\u00eancia do PSL Jovem no Maranh\u00e3o"},"content":{"rendered":"<figure id=\"attachment_52132\" aria-describedby=\"caption-attachment-52132\" style=\"width: 650px\" class=\"wp-caption aligncenter\"><img fetchpriority=\"high\" decoding=\"async\" class=\"wp-image-52132\" src=\"https:\/\/www.blogsoestado.com\/danielmatos\/files\/2018\/06\/isadora-psl.jpg\" alt=\"\" width=\"650\" height=\"650\" \/><figcaption id=\"caption-attachment-52132\" class=\"wp-caption-text\">A jornalista Isadora Barbosa no ato de posse com o presidente estadual do PSL, Chico Carvalho, e o pr\u00e9-candidato a deputado estadual Lu\u00eds Vannucci<\/figcaption><\/figure>\n<p>A jornalista Isadora Barbosa assumiu, na \u00faltima quinta-feira (7), a presid\u00eancia estadual do PSL Jovem no Maranh\u00e3o. Isadora \u00e9 a primeira mulher jovem a assumir esta presid\u00eancia e tamb\u00e9m a primeira representante da imprensa como jornalista a ter espa\u00e7o no partido.<\/p>\n<p>Natural de Santa In\u00eas, a jovem j\u00e1 tem trabalhos prestados em v\u00e1rios munic\u00edpios, tanto na parte assistencialista, quanto na comunica\u00e7\u00e3o. Seu \u00faltimo trabalho foi na assessoria de comunica\u00e7\u00e3o da C\u00e2mara de Timon.<\/p>\n<p>Em nove meses, sob sua coordena\u00e7\u00e3o, a C\u00e2mara p\u00f4de contar com a modernidade das redes sociais e a acessibilidade ao Legislativo, onde todos os vereadores passaram a ter seus trabalhos disponibilizados a toda a popula\u00e7\u00e3o. A\u00e7\u00f5es inovadoras implantadas pela jornalista deram voz \u00e0 sociedade na Casa, que passou a ter transpar\u00eancia e servir de refer\u00eancia at\u00e9 para outros munic\u00edpios.<\/p>\n<p>Sempre colocando amor em todos os seus feitos e construindo seus caminhos sob os pilares da excel\u00eancia e do servir, Isadora assume mais um cargo de muita import\u00e2ncia. O PSL passa por um novo momento com a chegada do presidenci\u00e1vel, Jair Bolsonaro. A pr\u00e9-candidatura da ex-prefeita de Lago da Pedra, Maura Jorge, ao governo do Estado, tamb\u00e9m est\u00e1 dando uma nova cara ao partido.<\/p>\n<p>\u201cEstamos preparados e dispostos a lutar pela constru\u00e7\u00e3o de uma nova pol\u00edtica: a pol\u00edtica da uni\u00e3o e do bem comum. Acreditamos que a juventude \u00e9 o presente para a constru\u00e7\u00e3o de um Maranh\u00e3o melhor e apostamos no surgimento de novas lideran\u00e7as jovens que se proponham a serem protagonistas neste novo momento\u201d, destacou Isadora.<\/p>\n<p>Participaram da posse da nova presid\u00eancia do PSL Jovem, o presidente estadual do PSL no Maranh\u00e3o, vereador Chico Carvalho; o pr\u00e9-candidato a deputado federal, Lu\u00eds Vannucci, al\u00e9m de membros da Executiva e filiados da sigla.<\/p>\n","protected":false},"excerpt":{"rendered":"<p>A jornalista Isadora Barbosa assumiu, na \u00faltima quinta-feira (7), a presid\u00eancia estadual do PSL Jovem no Maranh\u00e3o. Isadora \u00e9 a [&hellip;]<\/p>\n","protected":false},"author":0,"featured_media":0,"comment_status":"open","ping_status":"open","sticky":false,"template":"","format":"standard","meta":{"site-sidebar-layout":"default","site-content-layout":"","ast-site-content-layout":"default","site-content-style":"default","site-sidebar-style":"default","ast-global-header-display":"","ast-banner-title-visibility":"","ast-main-header-display":"","ast-hfb-above-header-display":"","ast-hfb-below-header-display":"","ast-hfb-mobile-header-display":"","site-post-title":"","ast-breadcrumbs-content":"","ast-featured-img":"","footer-sml-layout":"","ast-disable-related-posts":"","theme-transparent-header-meta":"","adv-header-id-meta":"","stick-header-meta":"","header-above-stick-meta":"","header-main-stick-meta":"","header-below-stick-meta":"","astra-migrate-meta-layouts":"default","ast-page-background-enabled":"default","ast-page-background-meta":{"desktop":{"background-color":"var(--ast-global-color-5)","background-image":"","background-repeat":"repeat","background-position":"center center","background-size":"auto","background-attachment":"scroll","background-type":"","background-media":"","overlay-type":"","overlay-color":"","overlay-opacity":"","overlay-gradient":""},"tablet":{"background-color":"","background-image":"","background-repeat":"repeat","background-position":"center center","background-size":"auto","background-attachment":"scroll","background-type":"","background-media":"","overlay-type":"","overlay-color":"","overlay-opacity":"","overlay-gradient":""},"mobile":{"background-color":"","background-image":"","background-repeat":"repeat","background-position":"center center","background-size":"auto","background-attachment":"scroll","background-type":"","background-media":"","overlay-type":"","overlay-color":"","overlay-opacity":"","overlay-gradient":""}},"ast-content-background-meta":{"desktop":{"background-color":"var(--ast-global-color-4)","background-image":"","background-repeat":"repeat","background-position":"center center","background-size":"auto","background-attachment":"scroll","background-type":"","background-media":"","overlay-type":"","overlay-color":"","overlay-opacity":"","overlay-gradient":""},"tablet":{"background-color":"var(--ast-global-color-4)","background-image":"","background-repeat":"repeat","background-position":"center center","background-size":"auto","background-attachment":"scroll","background-type":"","background-media":"","overlay-type":"","overlay-color":"","overlay-opacity":"","overlay-gradient":""},"mobile":{"background-color":"var(--ast-global-color-4)","background-image":"","background-repeat":"repeat","background-position":"center center","background-size":"auto","background-attachment":"scroll","background-type":"","background-media":"","overlay-type":"","overlay-color":"","overlay-opacity":"","overlay-gradient":""}},"footnotes":""},"categories":[1],"tags":[],"class_list":["post-52131","post","type-post","status-publish","format-standard","hentry","category-sem-categoria"],"yoast_head":"<!-- This site is optimized with the Yoast SEO plugin v26.6 - https:\/\/yoast.com\/wordpress\/plugins\/seo\/ -->\n<title>Jornalista Isadora Barbosa assume presid\u00eancia do PSL Jovem no Maranh\u00e3o - Daniel Matos<\/title>\n<meta name=\"robots\" content=\"index, follow, max-snippet:-1, max-image-preview:large, max-video-preview:-1\" \/>\n<link rel=\"canonical\" href=\"https:\/\/www.blogsoestado.com\/danielmatos\/jornalista-isadora-barbosa-assume-presidencia-do-psl-jovem-no-maranhao\/\" \/>\n<meta property=\"og:locale\" content=\"pt_BR\" \/>\n<meta property=\"og:type\" content=\"article\" \/>\n<meta property=\"og:title\" content=\"Jornalista Isadora Barbosa assume presid\u00eancia do PSL Jovem no Maranh\u00e3o - Daniel Matos\" \/>\n<meta property=\"og:description\" content=\"A jornalista Isadora Barbosa assumiu, na \u00faltima quinta-feira (7), a presid\u00eancia estadual do PSL Jovem no Maranh\u00e3o. Isadora \u00e9 a [&hellip;]\" \/>\n<meta property=\"og:url\" content=\"https:\/\/www.blogsoestado.com\/danielmatos\/jornalista-isadora-barbosa-assume-presidencia-do-psl-jovem-no-maranhao\/\" \/>\n<meta property=\"og:site_name\" content=\"Daniel Matos\" \/>\n<meta property=\"article:published_time\" content=\"2018-06-08T18:59:13+00:00\" \/>\n<meta property=\"og:image\" content=\"https:\/\/www.blogsoestado.com\/danielmatos\/files\/2018\/06\/isadora-psl.jpg\" \/>\n<meta name=\"twitter:card\" content=\"summary_large_image\" \/>\n<meta name=\"twitter:label1\" content=\"Est. tempo de leitura\" \/>\n\t<meta name=\"twitter:data1\" content=\"2 minutos\" \/>\n<script type=\"application\/ld+json\" class=\"yoast-schema-graph\">{\"@context\":\"https:\/\/schema.org\",\"@graph\":[{\"@type\":\"WebPage\",\"@id\":\"https:\/\/www.blogsoestado.com\/danielmatos\/jornalista-isadora-barbosa-assume-presidencia-do-psl-jovem-no-maranhao\/\",\"url\":\"https:\/\/www.blogsoestado.com\/danielmatos\/jornalista-isadora-barbosa-assume-presidencia-do-psl-jovem-no-maranhao\/\",\"name\":\"Jornalista Isadora Barbosa assume presid\u00eancia do PSL Jovem no Maranh\u00e3o - Daniel Matos\",\"isPartOf\":{\"@id\":\"https:\/\/www.blogsoestado.com\/danielmatos\/#website\"},\"primaryImageOfPage\":{\"@id\":\"https:\/\/www.blogsoestado.com\/danielmatos\/jornalista-isadora-barbosa-assume-presidencia-do-psl-jovem-no-maranhao\/#primaryimage\"},\"image\":{\"@id\":\"https:\/\/www.blogsoestado.com\/danielmatos\/jornalista-isadora-barbosa-assume-presidencia-do-psl-jovem-no-maranhao\/#primaryimage\"},\"thumbnailUrl\":\"https:\/\/www.blogsoestado.com\/danielmatos\/files\/2018\/06\/isadora-psl.jpg\",\"datePublished\":\"2018-06-08T18:59:13+00:00\",\"author\":{\"@id\":\"\"},\"breadcrumb\":{\"@id\":\"https:\/\/www.blogsoestado.com\/danielmatos\/jornalista-isadora-barbosa-assume-presidencia-do-psl-jovem-no-maranhao\/#breadcrumb\"},\"inLanguage\":\"pt-BR\",\"potentialAction\":[{\"@type\":\"ReadAction\",\"target\":[\"https:\/\/www.blogsoestado.com\/danielmatos\/jornalista-isadora-barbosa-assume-presidencia-do-psl-jovem-no-maranhao\/\"]}]},{\"@type\":\"ImageObject\",\"inLanguage\":\"pt-BR\",\"@id\":\"https:\/\/www.blogsoestado.com\/danielmatos\/jornalista-isadora-barbosa-assume-presidencia-do-psl-jovem-no-maranhao\/#primaryimage\",\"url\":\"https:\/\/www.blogsoestado.com\/danielmatos\/files\/2018\/06\/isadora-psl.jpg\",\"contentUrl\":\"https:\/\/www.blogsoestado.com\/danielmatos\/files\/2018\/06\/isadora-psl.jpg\"},{\"@type\":\"BreadcrumbList\",\"@id\":\"https:\/\/www.blogsoestado.com\/danielmatos\/jornalista-isadora-barbosa-assume-presidencia-do-psl-jovem-no-maranhao\/#breadcrumb\",\"itemListElement\":[{\"@type\":\"ListItem\",\"position\":1,\"name\":\"In\u00edcio\",\"item\":\"https:\/\/www.blogsoestado.com\/danielmatos\/\"},{\"@type\":\"ListItem\",\"position\":2,\"name\":\"Jornalista Isadora Barbosa assume presid\u00eancia do PSL Jovem no Maranh\u00e3o\"}]},{\"@type\":\"WebSite\",\"@id\":\"https:\/\/www.blogsoestado.com\/danielmatos\/#website\",\"url\":\"https:\/\/www.blogsoestado.com\/danielmatos\/\",\"name\":\"Daniel Matos\",\"description\":\"\",\"potentialAction\":[{\"@type\":\"SearchAction\",\"target\":{\"@type\":\"EntryPoint\",\"urlTemplate\":\"https:\/\/www.blogsoestado.com\/danielmatos\/?s={search_term_string}\"},\"query-input\":{\"@type\":\"PropertyValueSpecification\",\"valueRequired\":true,\"valueName\":\"search_term_string\"}}],\"inLanguage\":\"pt-BR\"}]}<\/script>\n<!-- \/ Yoast SEO plugin. -->","yoast_head_json":{"title":"Jornalista Isadora Barbosa assume presid\u00eancia do PSL Jovem no Maranh\u00e3o - Daniel Matos","robots":{"index":"index","follow":"follow","max-snippet":"max-snippet:-1","max-image-preview":"max-image-preview:large","max-video-preview":"max-video-preview:-1"},"canonical":"https:\/\/www.blogsoestado.com\/danielmatos\/jornalista-isadora-barbosa-assume-presidencia-do-psl-jovem-no-maranhao\/","og_locale":"pt_BR","og_type":"article","og_title":"Jornalista Isadora Barbosa assume presid\u00eancia do PSL Jovem no Maranh\u00e3o - Daniel Matos","og_description":"A jornalista Isadora Barbosa assumiu, na \u00faltima quinta-feira (7), a presid\u00eancia estadual do PSL Jovem no Maranh\u00e3o. Isadora \u00e9 a [&hellip;]","og_url":"https:\/\/www.blogsoestado.com\/danielmatos\/jornalista-isadora-barbosa-assume-presidencia-do-psl-jovem-no-maranhao\/","og_site_name":"Daniel Matos","article_published_time":"2018-06-08T18:59:13+00:00","og_image":[{"url":"https:\/\/www.blogsoestado.com\/danielmatos\/files\/2018\/06\/isadora-psl.jpg","type":"","width":"","height":""}],"twitter_card":"summary_large_image","twitter_misc":{"Est. tempo de leitura":"2 minutos"},"schema":{"@context":"https:\/\/schema.org","@graph":[{"@type":"WebPage","@id":"https:\/\/www.blogsoestado.com\/danielmatos\/jornalista-isadora-barbosa-assume-presidencia-do-psl-jovem-no-maranhao\/","url":"https:\/\/www.blogsoestado.com\/danielmatos\/jornalista-isadora-barbosa-assume-presidencia-do-psl-jovem-no-maranhao\/","name":"Jornalista Isadora Barbosa assume presid\u00eancia do PSL Jovem no Maranh\u00e3o - Daniel Matos","isPartOf":{"@id":"https:\/\/www.blogsoestado.com\/danielmatos\/#website"},"primaryImageOfPage":{"@id":"https:\/\/www.blogsoestado.com\/danielmatos\/jornalista-isadora-barbosa-assume-presidencia-do-psl-jovem-no-maranhao\/#primaryimage"},"image":{"@id":"https:\/\/www.blogsoestado.com\/danielmatos\/jornalista-isadora-barbosa-assume-presidencia-do-psl-jovem-no-maranhao\/#primaryimage"},"thumbnailUrl":"https:\/\/www.blogsoestado.com\/danielmatos\/files\/2018\/06\/isadora-psl.jpg","datePublished":"2018-06-08T18:59:13+00:00","author":{"@id":""},"breadcrumb":{"@id":"https:\/\/www.blogsoestado.com\/danielmatos\/jornalista-isadora-barbosa-assume-presidencia-do-psl-jovem-no-maranhao\/#breadcrumb"},"inLanguage":"pt-BR","potentialAction":[{"@type":"ReadAction","target":["https:\/\/www.blogsoestado.com\/danielmatos\/jornalista-isadora-barbosa-assume-presidencia-do-psl-jovem-no-maranhao\/"]}]},{"@type":"ImageObject","inLanguage":"pt-BR","@id":"https:\/\/www.blogsoestado.com\/danielmatos\/jornalista-isadora-barbosa-assume-presidencia-do-psl-jovem-no-maranhao\/#primaryimage","url":"https:\/\/www.blogsoestado.com\/danielmatos\/files\/2018\/06\/isadora-psl.jpg","contentUrl":"https:\/\/www.blogsoestado.com\/danielmatos\/files\/2018\/06\/isadora-psl.jpg"},{"@type":"BreadcrumbList","@id":"https:\/\/www.blogsoestado.com\/danielmatos\/jornalista-isadora-barbosa-assume-presidencia-do-psl-jovem-no-maranhao\/#breadcrumb","itemListElement":[{"@type":"ListItem","position":1,"name":"In\u00edcio","item":"https:\/\/www.blogsoestado.com\/danielmatos\/"},{"@type":"ListItem","position":2,"name":"Jornalista Isadora Barbosa assume presid\u00eancia do PSL Jovem no Maranh\u00e3o"}]},{"@type":"WebSite","@id":"https:\/\/www.blogsoestado.com\/danielmatos\/#website","url":"https:\/\/www.blogsoestado.com\/danielmatos\/","name":"Daniel Matos","description":"","potentialAction":[{"@type":"SearchAction","target":{"@type":"EntryPoint","urlTemplate":"https:\/\/www.blogsoestado.com\/danielmatos\/?s={search_term_string}"},"query-input":{"@type":"PropertyValueSpecification","valueRequired":true,"valueName":"search_term_string"}}],"inLanguage":"pt-BR"}]}},"jetpack_featured_media_url":"","_links":{"self":[{"href":"https:\/\/www.blogsoestado.com\/danielmatos\/wp-json\/wp\/v2\/posts\/52131","targetHints":{"allow":["GET"]}}],"collection":[{"href":"https:\/\/www.blogsoestado.com\/danielmatos\/wp-json\/wp\/v2\/posts"}],"about":[{"href":"https:\/\/www.blogsoestado.com\/danielmatos\/wp-json\/wp\/v2\/types\/post"}],"replies":[{"embeddable":true,"href":"https:\/\/www.blogsoestado.com\/danielmatos\/wp-json\/wp\/v2\/comments?post=52131"}],"version-history":[{"count":0,"href":"https:\/\/www.blogsoestado.com\/danielmatos\/wp-json\/wp\/v2\/posts\/52131\/revisions"}],"wp:attachment":[{"href":"https:\/\/www.blogsoestado.com\/danielmatos\/wp-json\/wp\/v2\/media?parent=52131"}],"wp:term":[{"taxonomy":"category","embeddable":true,"href":"https:\/\/www.blogsoestado.com\/danielmatos\/wp-json\/wp\/v2\/categories?post=52131"},{"taxonomy":"post_tag","embeddable":true,"href":"https:\/\/www.blogsoestado.com\/danielmatos\/wp-json\/wp\/v2\/tags?post=52131"}],"curies":[{"name":"wp","href":"https:\/\/api.w.org\/{rel}","templated":true}]}}