{"id":52134,"date":"2018-06-08T17:15:23","date_gmt":"2018-06-08T20:15:23","guid":{"rendered":"https:\/\/www.blogsoestado.com\/danielmatos\/?p=52134"},"modified":"2018-06-08T17:15:23","modified_gmt":"2018-06-08T20:15:23","slug":"advogados-prestigiam-bate-papo-com-samara-brauna","status":"publish","type":"post","link":"https:\/\/www.blogsoestado.com\/danielmatos\/advogados-prestigiam-bate-papo-com-samara-brauna\/","title":{"rendered":"Advogados prestigiam bate-papo com S\u00e2mara Bra\u00fana"},"content":{"rendered":"<figure id=\"attachment_52135\" aria-describedby=\"caption-attachment-52135\" style=\"width: 700px\" class=\"wp-caption aligncenter\"><img fetchpriority=\"high\" decoding=\"async\" class=\"wp-image-52135\" src=\"https:\/\/www.blogsoestado.com\/danielmatos\/files\/2018\/06\/samara-bate-papo.jpg\" alt=\"\" width=\"700\" height=\"224\" \/><figcaption id=\"caption-attachment-52135\" class=\"wp-caption-text\">Dezenas de colegas prestigiaram a advogada em um bate-papo que abordou o fortalecimento da OAB\/MA e o resgate da institui\u00e7\u00e3o como refer\u00eancia de credibilidade junto \u00e0 classe e \u00e0 sociedade<\/figcaption><\/figure>\n<p>O di\u00e1logo aberto e a transpar\u00eancia nas id\u00e9ias t\u00eam sido marcas constantes nos encontros informais da pr\u00e9-candidata \u00e0 presid\u00eancia da Ordem dos Advogados do Brasil Seccional Maranh\u00e3o, S\u00e2mara Bra\u00fana, com advogados e aliados. Na \u00faltima quinta-feira (07), no Wizard Calhau, dezenas de colegas foram prestigiar a advogada em um bate-papo que tratou sobre o fortalecimento da Seccional Maranhense e o resgate da institui\u00e7\u00e3o como refer\u00eancia de credibilidade junto \u00e0 classe e \u00e0 sociedade.<\/p>\n<p>Um dos primeiros a se manifestar foi o advogado Misael Mendes J\u00fanior, ex-presidente da Comiss\u00e3o de Jovens Advogados. \u201cRessalto que essa \u00e9 uma reuni\u00e3o de advogados para advogados. Hoje, temos um cen\u00e1rio desolador, onde infelizmente a OAB se apequenou nas grandes causas sociais e nas pautas do cen\u00e1rio maranhense, pois perdeu seu protagonismo. Nossa sede nem mesmo fachada tem! \u00c9 o tempo de pensarmos seriamente a OAB Maranh\u00e3o. Buscar algu\u00e9m que realmente esteja compromissado com a categoria e disposto a lutar por dias melhores. Por isso n\u00e3o tenho d\u00favidas de que a S\u00e2mara Bra\u00fana \u00e9 a melhor candidata na disputa pela presid\u00eancia da Seccional Maranhense\u201d, destacou.<\/p>\n<p>O evento tamb\u00e9m contou com a presen\u00e7a do presidente da Comiss\u00e3o de Jovens Advogados da OAB do Rio Grande do Sul, Antonio Zanette, que representa ainda o Conselho Nacional de Juventude da Presid\u00eancia da Rep\u00fablica. \u201cNo RS temos mais de 110 mil advogados inscritos. Fiquei sabendo que aqui s\u00e3o mais de 19 mil, sendo que jovens advogados e advogadas correspondem a 49% dessas inscri\u00e7\u00f5es, por isso \u00e9 t\u00e3o importante a valoriza\u00e7\u00e3o deles e engaj\u00e1-los para trabalhar em prol da OAB\u201d, afirmou o dirigente.<\/p>\n<p><strong>Gest\u00e3o inclusiva<\/strong><\/p>\n<p>S\u00e2mara Bra\u00fana iniciou sua fala fazendo uma reflex\u00e3o junto com os presentes sobre uma gest\u00e3o inclusiva na Seccional Maranhense que privilegie a participa\u00e7\u00e3o de todos: jovens advogados, mulheres, negros, deficientes e profissionais da terceira idade. \u201cGostaria de perguntar aos meus colegas sobre o que representa a OAB para cada um de voc\u00eas? Qual a verdadeira finalidade da nossa institui\u00e7\u00e3o? Hoje, nossa Ordem est\u00e1 resumida a um clube social, jogos de futebol, festinhas e assistencialismos. Ela deixou de ter as discuss\u00f5es institucionais\u201d, pontuou a pr\u00e9-candidata.<\/p>\n<p>Sobre essas discuss\u00f5es institucionais, S\u00e2mara Bra\u00fana mencionou que, em conversas com advogados mais experientes e ex-presidentes da entidade, os mesmos relataram que a Ordem tem hist\u00f3rico de lutas, resist\u00eancia e posicionamentos que ajudaram na constru\u00e7\u00e3o do Estado Democr\u00e1tico de Direito. \u201cPor esta raz\u00e3o, a Ordem n\u00e3o pode se resumir s\u00f3 a um assistencialismo, \u00e9 preciso lutar pelos direitos e prerrogativas da classe. O que temos atualmente \u00e9 uma OAB-MA que ainda n\u00e3o entendeu seu papel institucional por falta de articula\u00e7\u00e3o e lideran\u00e7a, o que enfraquece a todos n\u00f3s como classe\u201d, ponderou.<\/p>\n<p>A advogada destacou ainda que mesmo sem cargos de lideran\u00e7a vem mantendo di\u00e1logo com representes do Judici\u00e1rio e com os pr\u00f3prios colegas para construir propostas e a\u00e7\u00f5es que auxiliem no fortalecimento da OAB como entidade protagonista junto \u00e0 sociedade. \u201c\u00c9 de meu car\u00e1ter ser agregadora e conciliadora e por isso pretendo trabalhar por uma gest\u00e3o que una e valorize os advogados\u201d, finalizou a pr\u00e9-candidata.<\/p>\n","protected":false},"excerpt":{"rendered":"<p>O di\u00e1logo aberto e a transpar\u00eancia nas id\u00e9ias t\u00eam sido marcas constantes nos encontros informais da pr\u00e9-candidata \u00e0 presid\u00eancia da [&hellip;]<\/p>\n","protected":false},"author":0,"featured_media":0,"comment_status":"open","ping_status":"open","sticky":false,"template":"","format":"standard","meta":{"site-sidebar-layout":"default","site-content-layout":"","ast-site-content-layout":"default","site-content-style":"default","site-sidebar-style":"default","ast-global-header-display":"","ast-banner-title-visibility":"","ast-main-header-display":"","ast-hfb-above-header-display":"","ast-hfb-below-header-display":"","ast-hfb-mobile-header-display":"","site-post-title":"","ast-breadcrumbs-content":"","ast-featured-img":"","footer-sml-layout":"","ast-disable-related-posts":"","theme-transparent-header-meta":"","adv-header-id-meta":"","stick-header-meta":"","header-above-stick-meta":"","header-main-stick-meta":"","header-below-stick-meta":"","astra-migrate-meta-layouts":"default","ast-page-background-enabled":"default","ast-page-background-meta":{"desktop":{"background-color":"var(--ast-global-color-5)","background-image":"","background-repeat":"repeat","background-position":"center center","background-size":"auto","background-attachment":"scroll","background-type":"","background-media":"","overlay-type":"","overlay-color":"","overlay-opacity":"","overlay-gradient":""},"tablet":{"background-color":"","background-image":"","background-repeat":"repeat","background-position":"center center","background-size":"auto","background-attachment":"scroll","background-type":"","background-media":"","overlay-type":"","overlay-color":"","overlay-opacity":"","overlay-gradient":""},"mobile":{"background-color":"","background-image":"","background-repeat":"repeat","background-position":"center center","background-size":"auto","background-attachment":"scroll","background-type":"","background-media":"","overlay-type":"","overlay-color":"","overlay-opacity":"","overlay-gradient":""}},"ast-content-background-meta":{"desktop":{"background-color":"var(--ast-global-color-4)","background-image":"","background-repeat":"repeat","background-position":"center center","background-size":"auto","background-attachment":"scroll","background-type":"","background-media":"","overlay-type":"","overlay-color":"","overlay-opacity":"","overlay-gradient":""},"tablet":{"background-color":"var(--ast-global-color-4)","background-image":"","background-repeat":"repeat","background-position":"center center","background-size":"auto","background-attachment":"scroll","background-type":"","background-media":"","overlay-type":"","overlay-color":"","overlay-opacity":"","overlay-gradient":""},"mobile":{"background-color":"var(--ast-global-color-4)","background-image":"","background-repeat":"repeat","background-position":"center center","background-size":"auto","background-attachment":"scroll","background-type":"","background-media":"","overlay-type":"","overlay-color":"","overlay-opacity":"","overlay-gradient":""}},"footnotes":""},"categories":[1],"tags":[],"class_list":["post-52134","post","type-post","status-publish","format-standard","hentry","category-sem-categoria"],"yoast_head":"<!-- This site is optimized with the Yoast SEO plugin v26.6 - https:\/\/yoast.com\/wordpress\/plugins\/seo\/ -->\n<title>Advogados prestigiam bate-papo com S\u00e2mara Bra\u00fana - Daniel Matos<\/title>\n<meta name=\"robots\" content=\"index, follow, max-snippet:-1, max-image-preview:large, max-video-preview:-1\" \/>\n<link rel=\"canonical\" href=\"https:\/\/www.blogsoestado.com\/danielmatos\/advogados-prestigiam-bate-papo-com-samara-brauna\/\" \/>\n<meta property=\"og:locale\" content=\"pt_BR\" \/>\n<meta property=\"og:type\" content=\"article\" \/>\n<meta property=\"og:title\" content=\"Advogados prestigiam bate-papo com S\u00e2mara Bra\u00fana - Daniel Matos\" \/>\n<meta property=\"og:description\" content=\"O di\u00e1logo aberto e a transpar\u00eancia nas id\u00e9ias t\u00eam sido marcas constantes nos encontros informais da pr\u00e9-candidata \u00e0 presid\u00eancia da [&hellip;]\" \/>\n<meta property=\"og:url\" content=\"https:\/\/www.blogsoestado.com\/danielmatos\/advogados-prestigiam-bate-papo-com-samara-brauna\/\" \/>\n<meta property=\"og:site_name\" content=\"Daniel Matos\" \/>\n<meta property=\"article:published_time\" content=\"2018-06-08T20:15:23+00:00\" \/>\n<meta property=\"og:image\" content=\"https:\/\/www.blogsoestado.com\/danielmatos\/files\/2018\/06\/samara-bate-papo.jpg\" \/>\n<meta name=\"twitter:card\" content=\"summary_large_image\" \/>\n<meta name=\"twitter:label1\" content=\"Est. tempo de leitura\" \/>\n\t<meta name=\"twitter:data1\" content=\"3 minutos\" \/>\n<script type=\"application\/ld+json\" class=\"yoast-schema-graph\">{\"@context\":\"https:\/\/schema.org\",\"@graph\":[{\"@type\":\"WebPage\",\"@id\":\"https:\/\/www.blogsoestado.com\/danielmatos\/advogados-prestigiam-bate-papo-com-samara-brauna\/\",\"url\":\"https:\/\/www.blogsoestado.com\/danielmatos\/advogados-prestigiam-bate-papo-com-samara-brauna\/\",\"name\":\"Advogados prestigiam bate-papo com S\u00e2mara Bra\u00fana - Daniel Matos\",\"isPartOf\":{\"@id\":\"https:\/\/www.blogsoestado.com\/danielmatos\/#website\"},\"primaryImageOfPage\":{\"@id\":\"https:\/\/www.blogsoestado.com\/danielmatos\/advogados-prestigiam-bate-papo-com-samara-brauna\/#primaryimage\"},\"image\":{\"@id\":\"https:\/\/www.blogsoestado.com\/danielmatos\/advogados-prestigiam-bate-papo-com-samara-brauna\/#primaryimage\"},\"thumbnailUrl\":\"https:\/\/www.blogsoestado.com\/danielmatos\/files\/2018\/06\/samara-bate-papo.jpg\",\"datePublished\":\"2018-06-08T20:15:23+00:00\",\"author\":{\"@id\":\"\"},\"breadcrumb\":{\"@id\":\"https:\/\/www.blogsoestado.com\/danielmatos\/advogados-prestigiam-bate-papo-com-samara-brauna\/#breadcrumb\"},\"inLanguage\":\"pt-BR\",\"potentialAction\":[{\"@type\":\"ReadAction\",\"target\":[\"https:\/\/www.blogsoestado.com\/danielmatos\/advogados-prestigiam-bate-papo-com-samara-brauna\/\"]}]},{\"@type\":\"ImageObject\",\"inLanguage\":\"pt-BR\",\"@id\":\"https:\/\/www.blogsoestado.com\/danielmatos\/advogados-prestigiam-bate-papo-com-samara-brauna\/#primaryimage\",\"url\":\"https:\/\/www.blogsoestado.com\/danielmatos\/files\/2018\/06\/samara-bate-papo.jpg\",\"contentUrl\":\"https:\/\/www.blogsoestado.com\/danielmatos\/files\/2018\/06\/samara-bate-papo.jpg\"},{\"@type\":\"BreadcrumbList\",\"@id\":\"https:\/\/www.blogsoestado.com\/danielmatos\/advogados-prestigiam-bate-papo-com-samara-brauna\/#breadcrumb\",\"itemListElement\":[{\"@type\":\"ListItem\",\"position\":1,\"name\":\"In\u00edcio\",\"item\":\"https:\/\/www.blogsoestado.com\/danielmatos\/\"},{\"@type\":\"ListItem\",\"position\":2,\"name\":\"Advogados prestigiam bate-papo com S\u00e2mara Bra\u00fana\"}]},{\"@type\":\"WebSite\",\"@id\":\"https:\/\/www.blogsoestado.com\/danielmatos\/#website\",\"url\":\"https:\/\/www.blogsoestado.com\/danielmatos\/\",\"name\":\"Daniel Matos\",\"description\":\"\",\"potentialAction\":[{\"@type\":\"SearchAction\",\"target\":{\"@type\":\"EntryPoint\",\"urlTemplate\":\"https:\/\/www.blogsoestado.com\/danielmatos\/?s={search_term_string}\"},\"query-input\":{\"@type\":\"PropertyValueSpecification\",\"valueRequired\":true,\"valueName\":\"search_term_string\"}}],\"inLanguage\":\"pt-BR\"}]}<\/script>\n<!-- \/ Yoast SEO plugin. -->","yoast_head_json":{"title":"Advogados prestigiam bate-papo com S\u00e2mara Bra\u00fana - Daniel Matos","robots":{"index":"index","follow":"follow","max-snippet":"max-snippet:-1","max-image-preview":"max-image-preview:large","max-video-preview":"max-video-preview:-1"},"canonical":"https:\/\/www.blogsoestado.com\/danielmatos\/advogados-prestigiam-bate-papo-com-samara-brauna\/","og_locale":"pt_BR","og_type":"article","og_title":"Advogados prestigiam bate-papo com S\u00e2mara Bra\u00fana - Daniel Matos","og_description":"O di\u00e1logo aberto e a transpar\u00eancia nas id\u00e9ias t\u00eam sido marcas constantes nos encontros informais da pr\u00e9-candidata \u00e0 presid\u00eancia da [&hellip;]","og_url":"https:\/\/www.blogsoestado.com\/danielmatos\/advogados-prestigiam-bate-papo-com-samara-brauna\/","og_site_name":"Daniel Matos","article_published_time":"2018-06-08T20:15:23+00:00","og_image":[{"url":"https:\/\/www.blogsoestado.com\/danielmatos\/files\/2018\/06\/samara-bate-papo.jpg","type":"","width":"","height":""}],"twitter_card":"summary_large_image","twitter_misc":{"Est. tempo de leitura":"3 minutos"},"schema":{"@context":"https:\/\/schema.org","@graph":[{"@type":"WebPage","@id":"https:\/\/www.blogsoestado.com\/danielmatos\/advogados-prestigiam-bate-papo-com-samara-brauna\/","url":"https:\/\/www.blogsoestado.com\/danielmatos\/advogados-prestigiam-bate-papo-com-samara-brauna\/","name":"Advogados prestigiam bate-papo com S\u00e2mara Bra\u00fana - Daniel Matos","isPartOf":{"@id":"https:\/\/www.blogsoestado.com\/danielmatos\/#website"},"primaryImageOfPage":{"@id":"https:\/\/www.blogsoestado.com\/danielmatos\/advogados-prestigiam-bate-papo-com-samara-brauna\/#primaryimage"},"image":{"@id":"https:\/\/www.blogsoestado.com\/danielmatos\/advogados-prestigiam-bate-papo-com-samara-brauna\/#primaryimage"},"thumbnailUrl":"https:\/\/www.blogsoestado.com\/danielmatos\/files\/2018\/06\/samara-bate-papo.jpg","datePublished":"2018-06-08T20:15:23+00:00","author":{"@id":""},"breadcrumb":{"@id":"https:\/\/www.blogsoestado.com\/danielmatos\/advogados-prestigiam-bate-papo-com-samara-brauna\/#breadcrumb"},"inLanguage":"pt-BR","potentialAction":[{"@type":"ReadAction","target":["https:\/\/www.blogsoestado.com\/danielmatos\/advogados-prestigiam-bate-papo-com-samara-brauna\/"]}]},{"@type":"ImageObject","inLanguage":"pt-BR","@id":"https:\/\/www.blogsoestado.com\/danielmatos\/advogados-prestigiam-bate-papo-com-samara-brauna\/#primaryimage","url":"https:\/\/www.blogsoestado.com\/danielmatos\/files\/2018\/06\/samara-bate-papo.jpg","contentUrl":"https:\/\/www.blogsoestado.com\/danielmatos\/files\/2018\/06\/samara-bate-papo.jpg"},{"@type":"BreadcrumbList","@id":"https:\/\/www.blogsoestado.com\/danielmatos\/advogados-prestigiam-bate-papo-com-samara-brauna\/#breadcrumb","itemListElement":[{"@type":"ListItem","position":1,"name":"In\u00edcio","item":"https:\/\/www.blogsoestado.com\/danielmatos\/"},{"@type":"ListItem","position":2,"name":"Advogados prestigiam bate-papo com S\u00e2mara Bra\u00fana"}]},{"@type":"WebSite","@id":"https:\/\/www.blogsoestado.com\/danielmatos\/#website","url":"https:\/\/www.blogsoestado.com\/danielmatos\/","name":"Daniel Matos","description":"","potentialAction":[{"@type":"SearchAction","target":{"@type":"EntryPoint","urlTemplate":"https:\/\/www.blogsoestado.com\/danielmatos\/?s={search_term_string}"},"query-input":{"@type":"PropertyValueSpecification","valueRequired":true,"valueName":"search_term_string"}}],"inLanguage":"pt-BR"}]}},"jetpack_featured_media_url":"","_links":{"self":[{"href":"https:\/\/www.blogsoestado.com\/danielmatos\/wp-json\/wp\/v2\/posts\/52134","targetHints":{"allow":["GET"]}}],"collection":[{"href":"https:\/\/www.blogsoestado.com\/danielmatos\/wp-json\/wp\/v2\/posts"}],"about":[{"href":"https:\/\/www.blogsoestado.com\/danielmatos\/wp-json\/wp\/v2\/types\/post"}],"replies":[{"embeddable":true,"href":"https:\/\/www.blogsoestado.com\/danielmatos\/wp-json\/wp\/v2\/comments?post=52134"}],"version-history":[{"count":0,"href":"https:\/\/www.blogsoestado.com\/danielmatos\/wp-json\/wp\/v2\/posts\/52134\/revisions"}],"wp:attachment":[{"href":"https:\/\/www.blogsoestado.com\/danielmatos\/wp-json\/wp\/v2\/media?parent=52134"}],"wp:term":[{"taxonomy":"category","embeddable":true,"href":"https:\/\/www.blogsoestado.com\/danielmatos\/wp-json\/wp\/v2\/categories?post=52134"},{"taxonomy":"post_tag","embeddable":true,"href":"https:\/\/www.blogsoestado.com\/danielmatos\/wp-json\/wp\/v2\/tags?post=52134"}],"curies":[{"name":"wp","href":"https:\/\/api.w.org\/{rel}","templated":true}]}}