{"id":52140,"date":"2018-06-08T19:00:25","date_gmt":"2018-06-08T22:00:25","guid":{"rendered":"https:\/\/www.blogsoestado.com\/danielmatos\/?p=52140"},"modified":"2018-06-08T19:00:25","modified_gmt":"2018-06-08T22:00:25","slug":"vereador-cezar-bombeiro-solicita-criacao-da-biblioteca-da-camara-de-sao-luis","status":"publish","type":"post","link":"https:\/\/www.blogsoestado.com\/danielmatos\/vereador-cezar-bombeiro-solicita-criacao-da-biblioteca-da-camara-de-sao-luis\/","title":{"rendered":"Vereador C\u00e9zar Bombeiro solicita cria\u00e7\u00e3o da biblioteca da C\u00e2mara de S\u00e3o Lu\u00eds"},"content":{"rendered":"<p><strong>Do <a href=\"http:\/\/blogdomariocarvalho.blogspot.com\/2018\/06\/vereador-solicita-criacao-da-biblioteca.html\">Blog do Mario Carvalho<\/a><\/strong><\/p>\n<figure id=\"attachment_50508\" aria-describedby=\"caption-attachment-50508\" style=\"width: 448px\" class=\"wp-caption alignright\"><img fetchpriority=\"high\" decoding=\"async\" class=\"size-full wp-image-50508\" src=\"https:\/\/www.blogsoestado.com\/danielmatos\/files\/2018\/04\/bombeiro-alagamentos.jpg\" alt=\"\" width=\"448\" height=\"298\" \/><figcaption id=\"caption-attachment-50508\" class=\"wp-caption-text\">Vereador C\u00e9zar Bombeiro quer que a presid\u00eancia da C\u00e2mara proceda estudos t\u00e9cnicos para a instala\u00e7\u00e3o da biblioteca<\/figcaption><\/figure>\n<p>O l\u00edder do PSD na C\u00e2mara Municipal de S\u00e3o Lu\u00eds, vereador Cezar Bombeiro, apresentou requerimento \u00e0 Mesa Diretora da Casa, cobrando a implanta\u00e7\u00e3o de um espa\u00e7o reservado \u00e0 constru\u00e7\u00e3o de uma biblioteca no \u00e2mbito do Legislativo, para que a popula\u00e7\u00e3o tenha conhecimento da hist\u00f3ria do parlamento da capital maranhense, considerado um dos mais antigos do pa\u00eds.<\/p>\n<p>Para Cezar Bombeiro, a leitura \u00e9 um instrumento da sociedade e \u00e9 atrav\u00e9s dela que o cidad\u00e3o chega ao conhecimento pleno. &#8220;Entretanto, nas reparti\u00e7\u00f5es p\u00fablicas pouco se v\u00ea a presen\u00e7a de bibliotecas para que os servidores e outras pessoas, que por ali transitam, possam desfrutar de livros, revistas e toda generalidade de acervos que possam existir naquele local&#8221;, declarou.<\/p>\n<p>Em sua proposi\u00e7\u00e3o, Bombeiro solicita que a presid\u00eancia da C\u00e2mara, possa promover estudos t\u00e9cnicos, visando a edifica\u00e7\u00e3o de uma biblioteca no Legislativo Municipal.<\/p>\n<p>&#8220;Deste modo, a implanta\u00e7\u00e3o de uma biblioteca trar\u00e1 diversos benef\u00edcios a esta Augusta Casa e proporcionar\u00e1 uma intera\u00e7\u00e3o entre todos os vereadores , j\u00e1 que os pr\u00f3prios parlamentares poder\u00e3o contribuir com o primeiro acervo da biblioteca, por meio da doa\u00e7\u00e3o de t\u00edtulos liter\u00e1rios e outras publica\u00e7\u00f5es que forem de interesse da sociedade ludovicense&#8221;, frisou.<\/p>\n","protected":false},"excerpt":{"rendered":"<p>Do Blog do Mario Carvalho O l\u00edder do PSD na C\u00e2mara Municipal de S\u00e3o Lu\u00eds, vereador Cezar Bombeiro, apresentou requerimento [&hellip;]<\/p>\n","protected":false},"author":0,"featured_media":0,"comment_status":"open","ping_status":"open","sticky":false,"template":"","format":"standard","meta":{"site-sidebar-layout":"default","site-content-layout":"","ast-site-content-layout":"default","site-content-style":"default","site-sidebar-style":"default","ast-global-header-display":"","ast-banner-title-visibility":"","ast-main-header-display":"","ast-hfb-above-header-display":"","ast-hfb-below-header-display":"","ast-hfb-mobile-header-display":"","site-post-title":"","ast-breadcrumbs-content":"","ast-featured-img":"","footer-sml-layout":"","ast-disable-related-posts":"","theme-transparent-header-meta":"","adv-header-id-meta":"","stick-header-meta":"","header-above-stick-meta":"","header-main-stick-meta":"","header-below-stick-meta":"","astra-migrate-meta-layouts":"default","ast-page-background-enabled":"default","ast-page-background-meta":{"desktop":{"background-color":"var(--ast-global-color-5)","background-image":"","background-repeat":"repeat","background-position":"center center","background-size":"auto","background-attachment":"scroll","background-type":"","background-media":"","overlay-type":"","overlay-color":"","overlay-opacity":"","overlay-gradient":""},"tablet":{"background-color":"","background-image":"","background-repeat":"repeat","background-position":"center center","background-size":"auto","background-attachment":"scroll","background-type":"","background-media":"","overlay-type":"","overlay-color":"","overlay-opacity":"","overlay-gradient":""},"mobile":{"background-color":"","background-image":"","background-repeat":"repeat","background-position":"center center","background-size":"auto","background-attachment":"scroll","background-type":"","background-media":"","overlay-type":"","overlay-color":"","overlay-opacity":"","overlay-gradient":""}},"ast-content-background-meta":{"desktop":{"background-color":"var(--ast-global-color-4)","background-image":"","background-repeat":"repeat","background-position":"center center","background-size":"auto","background-attachment":"scroll","background-type":"","background-media":"","overlay-type":"","overlay-color":"","overlay-opacity":"","overlay-gradient":""},"tablet":{"background-color":"var(--ast-global-color-4)","background-image":"","background-repeat":"repeat","background-position":"center center","background-size":"auto","background-attachment":"scroll","background-type":"","background-media":"","overlay-type":"","overlay-color":"","overlay-opacity":"","overlay-gradient":""},"mobile":{"background-color":"var(--ast-global-color-4)","background-image":"","background-repeat":"repeat","background-position":"center center","background-size":"auto","background-attachment":"scroll","background-type":"","background-media":"","overlay-type":"","overlay-color":"","overlay-opacity":"","overlay-gradient":""}},"footnotes":""},"categories":[1],"tags":[],"class_list":["post-52140","post","type-post","status-publish","format-standard","hentry","category-sem-categoria"],"yoast_head":"<!-- This site is optimized with the Yoast SEO plugin v26.6 - https:\/\/yoast.com\/wordpress\/plugins\/seo\/ -->\n<title>Vereador C\u00e9zar Bombeiro solicita cria\u00e7\u00e3o da biblioteca da C\u00e2mara de S\u00e3o Lu\u00eds - Daniel Matos<\/title>\n<meta name=\"robots\" content=\"index, follow, max-snippet:-1, max-image-preview:large, max-video-preview:-1\" \/>\n<link rel=\"canonical\" href=\"https:\/\/www.blogsoestado.com\/danielmatos\/vereador-cezar-bombeiro-solicita-criacao-da-biblioteca-da-camara-de-sao-luis\/\" \/>\n<meta property=\"og:locale\" content=\"pt_BR\" \/>\n<meta property=\"og:type\" content=\"article\" \/>\n<meta property=\"og:title\" content=\"Vereador C\u00e9zar Bombeiro solicita cria\u00e7\u00e3o da biblioteca da C\u00e2mara de S\u00e3o Lu\u00eds - Daniel Matos\" \/>\n<meta property=\"og:description\" content=\"Do Blog do Mario Carvalho O l\u00edder do PSD na C\u00e2mara Municipal de S\u00e3o Lu\u00eds, vereador Cezar Bombeiro, apresentou requerimento [&hellip;]\" \/>\n<meta property=\"og:url\" content=\"https:\/\/www.blogsoestado.com\/danielmatos\/vereador-cezar-bombeiro-solicita-criacao-da-biblioteca-da-camara-de-sao-luis\/\" \/>\n<meta property=\"og:site_name\" content=\"Daniel Matos\" \/>\n<meta property=\"article:published_time\" content=\"2018-06-08T22:00:25+00:00\" \/>\n<meta property=\"og:image\" content=\"https:\/\/www.blogsoestado.com\/danielmatos\/files\/2018\/04\/bombeiro-alagamentos.jpg\" \/>\n<meta name=\"twitter:card\" content=\"summary_large_image\" \/>\n<meta name=\"twitter:label1\" content=\"Est. tempo de leitura\" \/>\n\t<meta name=\"twitter:data1\" content=\"1 minuto\" \/>\n<script type=\"application\/ld+json\" class=\"yoast-schema-graph\">{\"@context\":\"https:\/\/schema.org\",\"@graph\":[{\"@type\":\"WebPage\",\"@id\":\"https:\/\/www.blogsoestado.com\/danielmatos\/vereador-cezar-bombeiro-solicita-criacao-da-biblioteca-da-camara-de-sao-luis\/\",\"url\":\"https:\/\/www.blogsoestado.com\/danielmatos\/vereador-cezar-bombeiro-solicita-criacao-da-biblioteca-da-camara-de-sao-luis\/\",\"name\":\"Vereador C\u00e9zar Bombeiro solicita cria\u00e7\u00e3o da biblioteca da C\u00e2mara de S\u00e3o Lu\u00eds - Daniel Matos\",\"isPartOf\":{\"@id\":\"https:\/\/www.blogsoestado.com\/danielmatos\/#website\"},\"primaryImageOfPage\":{\"@id\":\"https:\/\/www.blogsoestado.com\/danielmatos\/vereador-cezar-bombeiro-solicita-criacao-da-biblioteca-da-camara-de-sao-luis\/#primaryimage\"},\"image\":{\"@id\":\"https:\/\/www.blogsoestado.com\/danielmatos\/vereador-cezar-bombeiro-solicita-criacao-da-biblioteca-da-camara-de-sao-luis\/#primaryimage\"},\"thumbnailUrl\":\"https:\/\/www.blogsoestado.com\/danielmatos\/files\/2018\/04\/bombeiro-alagamentos.jpg\",\"datePublished\":\"2018-06-08T22:00:25+00:00\",\"author\":{\"@id\":\"\"},\"breadcrumb\":{\"@id\":\"https:\/\/www.blogsoestado.com\/danielmatos\/vereador-cezar-bombeiro-solicita-criacao-da-biblioteca-da-camara-de-sao-luis\/#breadcrumb\"},\"inLanguage\":\"pt-BR\",\"potentialAction\":[{\"@type\":\"ReadAction\",\"target\":[\"https:\/\/www.blogsoestado.com\/danielmatos\/vereador-cezar-bombeiro-solicita-criacao-da-biblioteca-da-camara-de-sao-luis\/\"]}]},{\"@type\":\"ImageObject\",\"inLanguage\":\"pt-BR\",\"@id\":\"https:\/\/www.blogsoestado.com\/danielmatos\/vereador-cezar-bombeiro-solicita-criacao-da-biblioteca-da-camara-de-sao-luis\/#primaryimage\",\"url\":\"https:\/\/www.blogsoestado.com\/danielmatos\/files\/2018\/04\/bombeiro-alagamentos.jpg\",\"contentUrl\":\"https:\/\/www.blogsoestado.com\/danielmatos\/files\/2018\/04\/bombeiro-alagamentos.jpg\"},{\"@type\":\"BreadcrumbList\",\"@id\":\"https:\/\/www.blogsoestado.com\/danielmatos\/vereador-cezar-bombeiro-solicita-criacao-da-biblioteca-da-camara-de-sao-luis\/#breadcrumb\",\"itemListElement\":[{\"@type\":\"ListItem\",\"position\":1,\"name\":\"In\u00edcio\",\"item\":\"https:\/\/www.blogsoestado.com\/danielmatos\/\"},{\"@type\":\"ListItem\",\"position\":2,\"name\":\"Vereador C\u00e9zar Bombeiro solicita cria\u00e7\u00e3o da biblioteca da C\u00e2mara de S\u00e3o Lu\u00eds\"}]},{\"@type\":\"WebSite\",\"@id\":\"https:\/\/www.blogsoestado.com\/danielmatos\/#website\",\"url\":\"https:\/\/www.blogsoestado.com\/danielmatos\/\",\"name\":\"Daniel Matos\",\"description\":\"\",\"potentialAction\":[{\"@type\":\"SearchAction\",\"target\":{\"@type\":\"EntryPoint\",\"urlTemplate\":\"https:\/\/www.blogsoestado.com\/danielmatos\/?s={search_term_string}\"},\"query-input\":{\"@type\":\"PropertyValueSpecification\",\"valueRequired\":true,\"valueName\":\"search_term_string\"}}],\"inLanguage\":\"pt-BR\"}]}<\/script>\n<!-- \/ Yoast SEO plugin. -->","yoast_head_json":{"title":"Vereador C\u00e9zar Bombeiro solicita cria\u00e7\u00e3o da biblioteca da C\u00e2mara de S\u00e3o Lu\u00eds - Daniel Matos","robots":{"index":"index","follow":"follow","max-snippet":"max-snippet:-1","max-image-preview":"max-image-preview:large","max-video-preview":"max-video-preview:-1"},"canonical":"https:\/\/www.blogsoestado.com\/danielmatos\/vereador-cezar-bombeiro-solicita-criacao-da-biblioteca-da-camara-de-sao-luis\/","og_locale":"pt_BR","og_type":"article","og_title":"Vereador C\u00e9zar Bombeiro solicita cria\u00e7\u00e3o da biblioteca da C\u00e2mara de S\u00e3o Lu\u00eds - Daniel Matos","og_description":"Do Blog do Mario Carvalho O l\u00edder do PSD na C\u00e2mara Municipal de S\u00e3o Lu\u00eds, vereador Cezar Bombeiro, apresentou requerimento [&hellip;]","og_url":"https:\/\/www.blogsoestado.com\/danielmatos\/vereador-cezar-bombeiro-solicita-criacao-da-biblioteca-da-camara-de-sao-luis\/","og_site_name":"Daniel Matos","article_published_time":"2018-06-08T22:00:25+00:00","og_image":[{"url":"https:\/\/www.blogsoestado.com\/danielmatos\/files\/2018\/04\/bombeiro-alagamentos.jpg","type":"","width":"","height":""}],"twitter_card":"summary_large_image","twitter_misc":{"Est. tempo de leitura":"1 minuto"},"schema":{"@context":"https:\/\/schema.org","@graph":[{"@type":"WebPage","@id":"https:\/\/www.blogsoestado.com\/danielmatos\/vereador-cezar-bombeiro-solicita-criacao-da-biblioteca-da-camara-de-sao-luis\/","url":"https:\/\/www.blogsoestado.com\/danielmatos\/vereador-cezar-bombeiro-solicita-criacao-da-biblioteca-da-camara-de-sao-luis\/","name":"Vereador C\u00e9zar Bombeiro solicita cria\u00e7\u00e3o da biblioteca da C\u00e2mara de S\u00e3o Lu\u00eds - Daniel Matos","isPartOf":{"@id":"https:\/\/www.blogsoestado.com\/danielmatos\/#website"},"primaryImageOfPage":{"@id":"https:\/\/www.blogsoestado.com\/danielmatos\/vereador-cezar-bombeiro-solicita-criacao-da-biblioteca-da-camara-de-sao-luis\/#primaryimage"},"image":{"@id":"https:\/\/www.blogsoestado.com\/danielmatos\/vereador-cezar-bombeiro-solicita-criacao-da-biblioteca-da-camara-de-sao-luis\/#primaryimage"},"thumbnailUrl":"https:\/\/www.blogsoestado.com\/danielmatos\/files\/2018\/04\/bombeiro-alagamentos.jpg","datePublished":"2018-06-08T22:00:25+00:00","author":{"@id":""},"breadcrumb":{"@id":"https:\/\/www.blogsoestado.com\/danielmatos\/vereador-cezar-bombeiro-solicita-criacao-da-biblioteca-da-camara-de-sao-luis\/#breadcrumb"},"inLanguage":"pt-BR","potentialAction":[{"@type":"ReadAction","target":["https:\/\/www.blogsoestado.com\/danielmatos\/vereador-cezar-bombeiro-solicita-criacao-da-biblioteca-da-camara-de-sao-luis\/"]}]},{"@type":"ImageObject","inLanguage":"pt-BR","@id":"https:\/\/www.blogsoestado.com\/danielmatos\/vereador-cezar-bombeiro-solicita-criacao-da-biblioteca-da-camara-de-sao-luis\/#primaryimage","url":"https:\/\/www.blogsoestado.com\/danielmatos\/files\/2018\/04\/bombeiro-alagamentos.jpg","contentUrl":"https:\/\/www.blogsoestado.com\/danielmatos\/files\/2018\/04\/bombeiro-alagamentos.jpg"},{"@type":"BreadcrumbList","@id":"https:\/\/www.blogsoestado.com\/danielmatos\/vereador-cezar-bombeiro-solicita-criacao-da-biblioteca-da-camara-de-sao-luis\/#breadcrumb","itemListElement":[{"@type":"ListItem","position":1,"name":"In\u00edcio","item":"https:\/\/www.blogsoestado.com\/danielmatos\/"},{"@type":"ListItem","position":2,"name":"Vereador C\u00e9zar Bombeiro solicita cria\u00e7\u00e3o da biblioteca da C\u00e2mara de S\u00e3o Lu\u00eds"}]},{"@type":"WebSite","@id":"https:\/\/www.blogsoestado.com\/danielmatos\/#website","url":"https:\/\/www.blogsoestado.com\/danielmatos\/","name":"Daniel Matos","description":"","potentialAction":[{"@type":"SearchAction","target":{"@type":"EntryPoint","urlTemplate":"https:\/\/www.blogsoestado.com\/danielmatos\/?s={search_term_string}"},"query-input":{"@type":"PropertyValueSpecification","valueRequired":true,"valueName":"search_term_string"}}],"inLanguage":"pt-BR"}]}},"jetpack_featured_media_url":"","_links":{"self":[{"href":"https:\/\/www.blogsoestado.com\/danielmatos\/wp-json\/wp\/v2\/posts\/52140","targetHints":{"allow":["GET"]}}],"collection":[{"href":"https:\/\/www.blogsoestado.com\/danielmatos\/wp-json\/wp\/v2\/posts"}],"about":[{"href":"https:\/\/www.blogsoestado.com\/danielmatos\/wp-json\/wp\/v2\/types\/post"}],"replies":[{"embeddable":true,"href":"https:\/\/www.blogsoestado.com\/danielmatos\/wp-json\/wp\/v2\/comments?post=52140"}],"version-history":[{"count":0,"href":"https:\/\/www.blogsoestado.com\/danielmatos\/wp-json\/wp\/v2\/posts\/52140\/revisions"}],"wp:attachment":[{"href":"https:\/\/www.blogsoestado.com\/danielmatos\/wp-json\/wp\/v2\/media?parent=52140"}],"wp:term":[{"taxonomy":"category","embeddable":true,"href":"https:\/\/www.blogsoestado.com\/danielmatos\/wp-json\/wp\/v2\/categories?post=52140"},{"taxonomy":"post_tag","embeddable":true,"href":"https:\/\/www.blogsoestado.com\/danielmatos\/wp-json\/wp\/v2\/tags?post=52140"}],"curies":[{"name":"wp","href":"https:\/\/api.w.org\/{rel}","templated":true}]}}