{"id":52170,"date":"2018-06-10T19:55:47","date_gmt":"2018-06-10T22:55:47","guid":{"rendered":"https:\/\/www.blogsoestado.com\/danielmatos\/?p=52170"},"modified":"2018-06-10T19:55:47","modified_gmt":"2018-06-10T22:55:47","slug":"deputado-wellington-prestigia-lancamento-de-documentario","status":"publish","type":"post","link":"https:\/\/www.blogsoestado.com\/danielmatos\/deputado-wellington-prestigia-lancamento-de-documentario\/","title":{"rendered":"Deputado Wellington prestigia lan\u00e7amento de document\u00e1rio"},"content":{"rendered":"<figure id=\"attachment_52171\" aria-describedby=\"caption-attachment-52171\" style=\"width: 450px\" class=\"wp-caption alignleft\"><img fetchpriority=\"high\" decoding=\"async\" class=\"wp-image-52171\" src=\"https:\/\/www.blogsoestado.com\/danielmatos\/files\/2018\/06\/w-exposi\u00e7\u00e3o.jpg\" alt=\"\" width=\"450\" height=\"482\" \/><figcaption id=\"caption-attachment-52171\" class=\"wp-caption-text\">Wellington defendeu acesso \u00e0 justi\u00e7a para que direitos sejam respeitados<\/figcaption><\/figure>\n<p>O deputado Wellington do Curso (PSDB) participou do lan\u00e7amento do document\u00e1rio \u201cNovos Caminhos\u201d, no Centro de Criatividade Odylo Costa, filho. O evento foi aberto ao p\u00fablico e organizado pela Universidade Estadual do Maranh\u00e3o, por meio do n\u00facleo de pesquisa \u201cNovos Caminhos\u201d, do Curso de Direito.<\/p>\n<p>O document\u00e1rio \u00e9 resultado de mais de dois anos de trabalho do n\u00facleo de pesquisa \u201cNovos Caminhos: N\u00facleo para Educa\u00e7\u00e3o em Direitos e Acesso \u00e0 Justi\u00e7a\u201d, coordenado pelos professores Yuri Michael Pereira Costa e Jean Carlos Nunes Pereira, e realizado em parceria com professores, t\u00e9cnicos e alunos da UEMA.<\/p>\n<p>\u201cGarantir o acesso \u00e0 justi\u00e7a \u00e9 lutar para que direitos sejam respeitados. Como deputado estadual, tenho lutado, diariamente, para que direitos como educa\u00e7\u00e3o, sa\u00fade e seguran\u00e7a sejam respeitados. Cabe a cada um de n\u00f3s encarar esse desafio e lutar por uma sociedade com mais oportunidades. Parabenizo a inciativa dos professores e estudantes por tamanha sensibilidade acad\u00eamica\u201d, disse o deputado, que \u00e9 presidente da Comiss\u00e3o de Direitos Humanos da Assembleia Legislativa do Maranh\u00e3o.<\/p>\n","protected":false},"excerpt":{"rendered":"<p>O deputado Wellington do Curso (PSDB) participou do lan\u00e7amento do document\u00e1rio \u201cNovos Caminhos\u201d, no Centro de Criatividade Odylo Costa, filho. [&hellip;]<\/p>\n","protected":false},"author":0,"featured_media":0,"comment_status":"open","ping_status":"open","sticky":false,"template":"","format":"standard","meta":{"site-sidebar-layout":"default","site-content-layout":"","ast-site-content-layout":"default","site-content-style":"default","site-sidebar-style":"default","ast-global-header-display":"","ast-banner-title-visibility":"","ast-main-header-display":"","ast-hfb-above-header-display":"","ast-hfb-below-header-display":"","ast-hfb-mobile-header-display":"","site-post-title":"","ast-breadcrumbs-content":"","ast-featured-img":"","footer-sml-layout":"","ast-disable-related-posts":"","theme-transparent-header-meta":"","adv-header-id-meta":"","stick-header-meta":"","header-above-stick-meta":"","header-main-stick-meta":"","header-below-stick-meta":"","astra-migrate-meta-layouts":"default","ast-page-background-enabled":"default","ast-page-background-meta":{"desktop":{"background-color":"var(--ast-global-color-5)","background-image":"","background-repeat":"repeat","background-position":"center center","background-size":"auto","background-attachment":"scroll","background-type":"","background-media":"","overlay-type":"","overlay-color":"","overlay-opacity":"","overlay-gradient":""},"tablet":{"background-color":"","background-image":"","background-repeat":"repeat","background-position":"center center","background-size":"auto","background-attachment":"scroll","background-type":"","background-media":"","overlay-type":"","overlay-color":"","overlay-opacity":"","overlay-gradient":""},"mobile":{"background-color":"","background-image":"","background-repeat":"repeat","background-position":"center center","background-size":"auto","background-attachment":"scroll","background-type":"","background-media":"","overlay-type":"","overlay-color":"","overlay-opacity":"","overlay-gradient":""}},"ast-content-background-meta":{"desktop":{"background-color":"var(--ast-global-color-4)","background-image":"","background-repeat":"repeat","background-position":"center center","background-size":"auto","background-attachment":"scroll","background-type":"","background-media":"","overlay-type":"","overlay-color":"","overlay-opacity":"","overlay-gradient":""},"tablet":{"background-color":"var(--ast-global-color-4)","background-image":"","background-repeat":"repeat","background-position":"center center","background-size":"auto","background-attachment":"scroll","background-type":"","background-media":"","overlay-type":"","overlay-color":"","overlay-opacity":"","overlay-gradient":""},"mobile":{"background-color":"var(--ast-global-color-4)","background-image":"","background-repeat":"repeat","background-position":"center center","background-size":"auto","background-attachment":"scroll","background-type":"","background-media":"","overlay-type":"","overlay-color":"","overlay-opacity":"","overlay-gradient":""}},"footnotes":""},"categories":[1],"tags":[],"class_list":["post-52170","post","type-post","status-publish","format-standard","hentry","category-sem-categoria"],"yoast_head":"<!-- This site is optimized with the Yoast SEO plugin v26.6 - https:\/\/yoast.com\/wordpress\/plugins\/seo\/ -->\n<title>Deputado Wellington prestigia lan\u00e7amento de document\u00e1rio - Daniel Matos<\/title>\n<meta name=\"robots\" content=\"index, follow, max-snippet:-1, max-image-preview:large, max-video-preview:-1\" \/>\n<link rel=\"canonical\" href=\"https:\/\/www.blogsoestado.com\/danielmatos\/deputado-wellington-prestigia-lancamento-de-documentario\/\" \/>\n<meta property=\"og:locale\" content=\"pt_BR\" \/>\n<meta property=\"og:type\" content=\"article\" \/>\n<meta property=\"og:title\" content=\"Deputado Wellington prestigia lan\u00e7amento de document\u00e1rio - Daniel Matos\" \/>\n<meta property=\"og:description\" content=\"O deputado Wellington do Curso (PSDB) participou do lan\u00e7amento do document\u00e1rio \u201cNovos Caminhos\u201d, no Centro de Criatividade Odylo Costa, filho. [&hellip;]\" \/>\n<meta property=\"og:url\" content=\"https:\/\/www.blogsoestado.com\/danielmatos\/deputado-wellington-prestigia-lancamento-de-documentario\/\" \/>\n<meta property=\"og:site_name\" content=\"Daniel Matos\" \/>\n<meta property=\"article:published_time\" content=\"2018-06-10T22:55:47+00:00\" \/>\n<meta name=\"twitter:card\" content=\"summary_large_image\" \/>\n<meta name=\"twitter:label1\" content=\"Est. tempo de leitura\" \/>\n\t<meta name=\"twitter:data1\" content=\"1 minuto\" \/>\n<script type=\"application\/ld+json\" class=\"yoast-schema-graph\">{\"@context\":\"https:\/\/schema.org\",\"@graph\":[{\"@type\":\"WebPage\",\"@id\":\"https:\/\/www.blogsoestado.com\/danielmatos\/deputado-wellington-prestigia-lancamento-de-documentario\/\",\"url\":\"https:\/\/www.blogsoestado.com\/danielmatos\/deputado-wellington-prestigia-lancamento-de-documentario\/\",\"name\":\"Deputado Wellington prestigia lan\u00e7amento de document\u00e1rio - Daniel Matos\",\"isPartOf\":{\"@id\":\"https:\/\/www.blogsoestado.com\/danielmatos\/#website\"},\"datePublished\":\"2018-06-10T22:55:47+00:00\",\"author\":{\"@id\":\"\"},\"breadcrumb\":{\"@id\":\"https:\/\/www.blogsoestado.com\/danielmatos\/deputado-wellington-prestigia-lancamento-de-documentario\/#breadcrumb\"},\"inLanguage\":\"pt-BR\",\"potentialAction\":[{\"@type\":\"ReadAction\",\"target\":[\"https:\/\/www.blogsoestado.com\/danielmatos\/deputado-wellington-prestigia-lancamento-de-documentario\/\"]}]},{\"@type\":\"BreadcrumbList\",\"@id\":\"https:\/\/www.blogsoestado.com\/danielmatos\/deputado-wellington-prestigia-lancamento-de-documentario\/#breadcrumb\",\"itemListElement\":[{\"@type\":\"ListItem\",\"position\":1,\"name\":\"In\u00edcio\",\"item\":\"https:\/\/www.blogsoestado.com\/danielmatos\/\"},{\"@type\":\"ListItem\",\"position\":2,\"name\":\"Deputado Wellington prestigia lan\u00e7amento de document\u00e1rio\"}]},{\"@type\":\"WebSite\",\"@id\":\"https:\/\/www.blogsoestado.com\/danielmatos\/#website\",\"url\":\"https:\/\/www.blogsoestado.com\/danielmatos\/\",\"name\":\"Daniel Matos\",\"description\":\"\",\"potentialAction\":[{\"@type\":\"SearchAction\",\"target\":{\"@type\":\"EntryPoint\",\"urlTemplate\":\"https:\/\/www.blogsoestado.com\/danielmatos\/?s={search_term_string}\"},\"query-input\":{\"@type\":\"PropertyValueSpecification\",\"valueRequired\":true,\"valueName\":\"search_term_string\"}}],\"inLanguage\":\"pt-BR\"}]}<\/script>\n<!-- \/ Yoast SEO plugin. -->","yoast_head_json":{"title":"Deputado Wellington prestigia lan\u00e7amento de document\u00e1rio - Daniel Matos","robots":{"index":"index","follow":"follow","max-snippet":"max-snippet:-1","max-image-preview":"max-image-preview:large","max-video-preview":"max-video-preview:-1"},"canonical":"https:\/\/www.blogsoestado.com\/danielmatos\/deputado-wellington-prestigia-lancamento-de-documentario\/","og_locale":"pt_BR","og_type":"article","og_title":"Deputado Wellington prestigia lan\u00e7amento de document\u00e1rio - Daniel Matos","og_description":"O deputado Wellington do Curso (PSDB) participou do lan\u00e7amento do document\u00e1rio \u201cNovos Caminhos\u201d, no Centro de Criatividade Odylo Costa, filho. [&hellip;]","og_url":"https:\/\/www.blogsoestado.com\/danielmatos\/deputado-wellington-prestigia-lancamento-de-documentario\/","og_site_name":"Daniel Matos","article_published_time":"2018-06-10T22:55:47+00:00","twitter_card":"summary_large_image","twitter_misc":{"Est. tempo de leitura":"1 minuto"},"schema":{"@context":"https:\/\/schema.org","@graph":[{"@type":"WebPage","@id":"https:\/\/www.blogsoestado.com\/danielmatos\/deputado-wellington-prestigia-lancamento-de-documentario\/","url":"https:\/\/www.blogsoestado.com\/danielmatos\/deputado-wellington-prestigia-lancamento-de-documentario\/","name":"Deputado Wellington prestigia lan\u00e7amento de document\u00e1rio - Daniel Matos","isPartOf":{"@id":"https:\/\/www.blogsoestado.com\/danielmatos\/#website"},"datePublished":"2018-06-10T22:55:47+00:00","author":{"@id":""},"breadcrumb":{"@id":"https:\/\/www.blogsoestado.com\/danielmatos\/deputado-wellington-prestigia-lancamento-de-documentario\/#breadcrumb"},"inLanguage":"pt-BR","potentialAction":[{"@type":"ReadAction","target":["https:\/\/www.blogsoestado.com\/danielmatos\/deputado-wellington-prestigia-lancamento-de-documentario\/"]}]},{"@type":"BreadcrumbList","@id":"https:\/\/www.blogsoestado.com\/danielmatos\/deputado-wellington-prestigia-lancamento-de-documentario\/#breadcrumb","itemListElement":[{"@type":"ListItem","position":1,"name":"In\u00edcio","item":"https:\/\/www.blogsoestado.com\/danielmatos\/"},{"@type":"ListItem","position":2,"name":"Deputado Wellington prestigia lan\u00e7amento de document\u00e1rio"}]},{"@type":"WebSite","@id":"https:\/\/www.blogsoestado.com\/danielmatos\/#website","url":"https:\/\/www.blogsoestado.com\/danielmatos\/","name":"Daniel Matos","description":"","potentialAction":[{"@type":"SearchAction","target":{"@type":"EntryPoint","urlTemplate":"https:\/\/www.blogsoestado.com\/danielmatos\/?s={search_term_string}"},"query-input":{"@type":"PropertyValueSpecification","valueRequired":true,"valueName":"search_term_string"}}],"inLanguage":"pt-BR"}]}},"jetpack_featured_media_url":"","_links":{"self":[{"href":"https:\/\/www.blogsoestado.com\/danielmatos\/wp-json\/wp\/v2\/posts\/52170","targetHints":{"allow":["GET"]}}],"collection":[{"href":"https:\/\/www.blogsoestado.com\/danielmatos\/wp-json\/wp\/v2\/posts"}],"about":[{"href":"https:\/\/www.blogsoestado.com\/danielmatos\/wp-json\/wp\/v2\/types\/post"}],"replies":[{"embeddable":true,"href":"https:\/\/www.blogsoestado.com\/danielmatos\/wp-json\/wp\/v2\/comments?post=52170"}],"version-history":[{"count":0,"href":"https:\/\/www.blogsoestado.com\/danielmatos\/wp-json\/wp\/v2\/posts\/52170\/revisions"}],"wp:attachment":[{"href":"https:\/\/www.blogsoestado.com\/danielmatos\/wp-json\/wp\/v2\/media?parent=52170"}],"wp:term":[{"taxonomy":"category","embeddable":true,"href":"https:\/\/www.blogsoestado.com\/danielmatos\/wp-json\/wp\/v2\/categories?post=52170"},{"taxonomy":"post_tag","embeddable":true,"href":"https:\/\/www.blogsoestado.com\/danielmatos\/wp-json\/wp\/v2\/tags?post=52170"}],"curies":[{"name":"wp","href":"https:\/\/api.w.org\/{rel}","templated":true}]}}