{"id":52173,"date":"2018-06-11T11:06:35","date_gmt":"2018-06-11T14:06:35","guid":{"rendered":"https:\/\/www.blogsoestado.com\/danielmatos\/?p=52173"},"modified":"2018-06-11T11:06:35","modified_gmt":"2018-06-11T14:06:35","slug":"antecipacao-do-13o-e-artimanha-de-flavio-dino-apos-derrota-no-stf-na-acao-dos-217","status":"publish","type":"post","link":"https:\/\/www.blogsoestado.com\/danielmatos\/antecipacao-do-13o-e-artimanha-de-flavio-dino-apos-derrota-no-stf-na-acao-dos-217\/","title":{"rendered":"Antecipa\u00e7\u00e3o do 13\u00ba \u00e9 artimanha de Fl\u00e1vio Dino ap\u00f3s derrota no STF na a\u00e7\u00e3o dos 21,7%"},"content":{"rendered":"<figure id=\"attachment_52179\" aria-describedby=\"caption-attachment-52179\" style=\"width: 420px\" class=\"wp-caption alignright\"><img fetchpriority=\"high\" decoding=\"async\" class=\"wp-image-52179\" src=\"https:\/\/www.blogsoestado.com\/danielmatos\/files\/2018\/06\/dino-comuna-1.jpg\" alt=\"\" width=\"420\" height=\"359\" \/><figcaption id=\"caption-attachment-52179\" class=\"wp-caption-text\">Fl\u00e1vio Dino quer limpar a barra com servidores ap\u00f3s tentar impedir na Justi\u00e7a pagamento de diferen\u00e7a salarial<\/figcaption><\/figure>\n<p>O an\u00fancio feito semana passada pelo governador Fl\u00e1vio Dino (PCdoB) de que a primeira parcela do 13\u00ba sal\u00e1rio ser\u00e1 paga antecipadamente, no pr\u00f3ximo dia 14, nada mais \u00e9 do que uma artimanha do comunista ap\u00f3s a derrota da semana passada, no julgamento, pelo Supremo Tribunal Federal (STF), da a\u00e7\u00e3o rescis\u00f3ria que obriga o Estado a ressarcir a diversas categorias do servi\u00e7o p\u00fablico estadual a diferen\u00e7a salarial de 21,7%, referente a perdas d e remunera\u00e7\u00e3o passadas. Com o pagamento adiantado de metade do abono, Dino acredita que limpar\u00e1 sua barra com o funcionalismo, mesmo ap\u00f3s travar acirrada disputa nos tribunais locais e na mais alta corte judici\u00e1ria do pa\u00eds para n\u00e3o pagar o que trabalhadores reivindicavam e o que o governo de fato devia.<\/p>\n<p>H\u00e1 quase tr\u00eas anos e meio, quando teve in\u00edcio a gest\u00e3o comunista, servidores p\u00fablicos amargam uma\u00a0pol\u00edtica cruel de achatamento salarial. Professores do Maranh\u00e3o jamais receberam o piso nacional da categoria, que lhes \u00e9 garantido por lei, e deve ser atualizado todo m\u00eas de janeiro.<\/p>\n<p>Uma forma de compensar os ganhos a menos era a a\u00e7\u00e3o rescis\u00f3ria dos 21,7%, mas estava n\u00e3o foi bem recebida por Fl\u00e1vio Dino, que tentou , a todo custo, barr\u00e1-la na Justi\u00e7a e obteve algumas vit\u00f3rias em n\u00edvel estadual, mas foi derrotado pela mobilia\u00e7\u00e3o e dilig\u00eancia do Sindicato dos Trabalhadores no Servi\u00e7o P\u00fablico do Estado do Maranh\u00e3o (Sintsep).<\/p>\n<p><strong>Tabela<\/strong><\/p>\n<p>T\u00e3o logo assumiu o governo, Fl\u00e1vio Dino anunciou a mudan\u00e7a da tabela de pagamento que assegurava o pagamento dos sal\u00e1rios dos servidores p\u00fablicos estaduais dentro do m\u00eas trabalhado, o que gerou forte insatisfa\u00e7\u00e3o na classe e obrigou o comunista a recuar e manter o h\u00e1bito de antecipar a folha.<\/p>\n<p>Soa estranho que agora, em pleno ano eleitoral, por uma passe de m\u00e1gica, o Estado passe a ter previs\u00e3o financeira para pagar antecipadamente a primeira parcela do 13\u00ba sal\u00e1rio, que, pelo calend\u00e1rio, s\u00f3 seria creditada na conta do funcionalismo em 2 de julho. E a crise constantemente alegada pelo governador para n\u00e3o promover as benfeitorias que o Maranh\u00e3o tanto precisa e que, inclusive, suscitou a amea\u00e7a de atraso da folha em um futuro pr\u00f3ximo<\/p>\n<p>Da mesma forma promover gastos diversos de dinheiro p\u00fablico, que em vez de se reverter em benfeitorias para o povo, podem configurar abuso de poder pol\u00edtico e econ\u00f4mico, crime que em um passado n\u00e3o t\u00e3o distante, j\u00e1 levou \u00e0 cassa\u00e7\u00e3o do mandato de um governador maranhense.<\/p>\n","protected":false},"excerpt":{"rendered":"<p>O an\u00fancio feito semana passada pelo governador Fl\u00e1vio Dino (PCdoB) de que a primeira parcela do 13\u00ba sal\u00e1rio ser\u00e1 paga [&hellip;]<\/p>\n","protected":false},"author":0,"featured_media":0,"comment_status":"open","ping_status":"open","sticky":false,"template":"","format":"standard","meta":{"site-sidebar-layout":"default","site-content-layout":"","ast-site-content-layout":"default","site-content-style":"default","site-sidebar-style":"default","ast-global-header-display":"","ast-banner-title-visibility":"","ast-main-header-display":"","ast-hfb-above-header-display":"","ast-hfb-below-header-display":"","ast-hfb-mobile-header-display":"","site-post-title":"","ast-breadcrumbs-content":"","ast-featured-img":"","footer-sml-layout":"","ast-disable-related-posts":"","theme-transparent-header-meta":"","adv-header-id-meta":"","stick-header-meta":"","header-above-stick-meta":"","header-main-stick-meta":"","header-below-stick-meta":"","astra-migrate-meta-layouts":"default","ast-page-background-enabled":"default","ast-page-background-meta":{"desktop":{"background-color":"var(--ast-global-color-5)","background-image":"","background-repeat":"repeat","background-position":"center center","background-size":"auto","background-attachment":"scroll","background-type":"","background-media":"","overlay-type":"","overlay-color":"","overlay-opacity":"","overlay-gradient":""},"tablet":{"background-color":"","background-image":"","background-repeat":"repeat","background-position":"center center","background-size":"auto","background-attachment":"scroll","background-type":"","background-media":"","overlay-type":"","overlay-color":"","overlay-opacity":"","overlay-gradient":""},"mobile":{"background-color":"","background-image":"","background-repeat":"repeat","background-position":"center center","background-size":"auto","background-attachment":"scroll","background-type":"","background-media":"","overlay-type":"","overlay-color":"","overlay-opacity":"","overlay-gradient":""}},"ast-content-background-meta":{"desktop":{"background-color":"var(--ast-global-color-4)","background-image":"","background-repeat":"repeat","background-position":"center center","background-size":"auto","background-attachment":"scroll","background-type":"","background-media":"","overlay-type":"","overlay-color":"","overlay-opacity":"","overlay-gradient":""},"tablet":{"background-color":"var(--ast-global-color-4)","background-image":"","background-repeat":"repeat","background-position":"center center","background-size":"auto","background-attachment":"scroll","background-type":"","background-media":"","overlay-type":"","overlay-color":"","overlay-opacity":"","overlay-gradient":""},"mobile":{"background-color":"var(--ast-global-color-4)","background-image":"","background-repeat":"repeat","background-position":"center center","background-size":"auto","background-attachment":"scroll","background-type":"","background-media":"","overlay-type":"","overlay-color":"","overlay-opacity":"","overlay-gradient":""}},"footnotes":""},"categories":[1],"tags":[],"class_list":["post-52173","post","type-post","status-publish","format-standard","hentry","category-sem-categoria"],"yoast_head":"<!-- This site is optimized with the Yoast SEO plugin v26.6 - https:\/\/yoast.com\/wordpress\/plugins\/seo\/ -->\n<title>Antecipa\u00e7\u00e3o do 13\u00ba \u00e9 artimanha de Fl\u00e1vio Dino ap\u00f3s derrota no STF na a\u00e7\u00e3o dos 21,7% - Daniel Matos<\/title>\n<meta name=\"robots\" content=\"index, follow, max-snippet:-1, max-image-preview:large, max-video-preview:-1\" \/>\n<link rel=\"canonical\" href=\"https:\/\/www.blogsoestado.com\/danielmatos\/antecipacao-do-13o-e-artimanha-de-flavio-dino-apos-derrota-no-stf-na-acao-dos-217\/\" \/>\n<meta property=\"og:locale\" content=\"pt_BR\" \/>\n<meta property=\"og:type\" content=\"article\" \/>\n<meta property=\"og:title\" content=\"Antecipa\u00e7\u00e3o do 13\u00ba \u00e9 artimanha de Fl\u00e1vio Dino ap\u00f3s derrota no STF na a\u00e7\u00e3o dos 21,7% - Daniel Matos\" \/>\n<meta property=\"og:description\" content=\"O an\u00fancio feito semana passada pelo governador Fl\u00e1vio Dino (PCdoB) de que a primeira parcela do 13\u00ba sal\u00e1rio ser\u00e1 paga [&hellip;]\" \/>\n<meta property=\"og:url\" content=\"https:\/\/www.blogsoestado.com\/danielmatos\/antecipacao-do-13o-e-artimanha-de-flavio-dino-apos-derrota-no-stf-na-acao-dos-217\/\" \/>\n<meta property=\"og:site_name\" content=\"Daniel Matos\" \/>\n<meta property=\"article:published_time\" content=\"2018-06-11T14:06:35+00:00\" \/>\n<meta property=\"og:image\" content=\"https:\/\/www.blogsoestado.com\/danielmatos\/files\/2018\/06\/dino-comuna-1.jpg\" \/>\n<meta name=\"twitter:card\" content=\"summary_large_image\" \/>\n<meta name=\"twitter:label1\" content=\"Est. tempo de leitura\" \/>\n\t<meta name=\"twitter:data1\" content=\"2 minutos\" \/>\n<script type=\"application\/ld+json\" class=\"yoast-schema-graph\">{\"@context\":\"https:\/\/schema.org\",\"@graph\":[{\"@type\":\"WebPage\",\"@id\":\"https:\/\/www.blogsoestado.com\/danielmatos\/antecipacao-do-13o-e-artimanha-de-flavio-dino-apos-derrota-no-stf-na-acao-dos-217\/\",\"url\":\"https:\/\/www.blogsoestado.com\/danielmatos\/antecipacao-do-13o-e-artimanha-de-flavio-dino-apos-derrota-no-stf-na-acao-dos-217\/\",\"name\":\"Antecipa\u00e7\u00e3o do 13\u00ba \u00e9 artimanha de Fl\u00e1vio Dino ap\u00f3s derrota no STF na a\u00e7\u00e3o dos 21,7% - Daniel Matos\",\"isPartOf\":{\"@id\":\"https:\/\/www.blogsoestado.com\/danielmatos\/#website\"},\"primaryImageOfPage\":{\"@id\":\"https:\/\/www.blogsoestado.com\/danielmatos\/antecipacao-do-13o-e-artimanha-de-flavio-dino-apos-derrota-no-stf-na-acao-dos-217\/#primaryimage\"},\"image\":{\"@id\":\"https:\/\/www.blogsoestado.com\/danielmatos\/antecipacao-do-13o-e-artimanha-de-flavio-dino-apos-derrota-no-stf-na-acao-dos-217\/#primaryimage\"},\"thumbnailUrl\":\"https:\/\/www.blogsoestado.com\/danielmatos\/files\/2018\/06\/dino-comuna-1.jpg\",\"datePublished\":\"2018-06-11T14:06:35+00:00\",\"author\":{\"@id\":\"\"},\"breadcrumb\":{\"@id\":\"https:\/\/www.blogsoestado.com\/danielmatos\/antecipacao-do-13o-e-artimanha-de-flavio-dino-apos-derrota-no-stf-na-acao-dos-217\/#breadcrumb\"},\"inLanguage\":\"pt-BR\",\"potentialAction\":[{\"@type\":\"ReadAction\",\"target\":[\"https:\/\/www.blogsoestado.com\/danielmatos\/antecipacao-do-13o-e-artimanha-de-flavio-dino-apos-derrota-no-stf-na-acao-dos-217\/\"]}]},{\"@type\":\"ImageObject\",\"inLanguage\":\"pt-BR\",\"@id\":\"https:\/\/www.blogsoestado.com\/danielmatos\/antecipacao-do-13o-e-artimanha-de-flavio-dino-apos-derrota-no-stf-na-acao-dos-217\/#primaryimage\",\"url\":\"https:\/\/www.blogsoestado.com\/danielmatos\/files\/2018\/06\/dino-comuna-1.jpg\",\"contentUrl\":\"https:\/\/www.blogsoestado.com\/danielmatos\/files\/2018\/06\/dino-comuna-1.jpg\"},{\"@type\":\"BreadcrumbList\",\"@id\":\"https:\/\/www.blogsoestado.com\/danielmatos\/antecipacao-do-13o-e-artimanha-de-flavio-dino-apos-derrota-no-stf-na-acao-dos-217\/#breadcrumb\",\"itemListElement\":[{\"@type\":\"ListItem\",\"position\":1,\"name\":\"In\u00edcio\",\"item\":\"https:\/\/www.blogsoestado.com\/danielmatos\/\"},{\"@type\":\"ListItem\",\"position\":2,\"name\":\"Antecipa\u00e7\u00e3o do 13\u00ba \u00e9 artimanha de Fl\u00e1vio Dino ap\u00f3s derrota no STF na a\u00e7\u00e3o dos 21,7%\"}]},{\"@type\":\"WebSite\",\"@id\":\"https:\/\/www.blogsoestado.com\/danielmatos\/#website\",\"url\":\"https:\/\/www.blogsoestado.com\/danielmatos\/\",\"name\":\"Daniel Matos\",\"description\":\"\",\"potentialAction\":[{\"@type\":\"SearchAction\",\"target\":{\"@type\":\"EntryPoint\",\"urlTemplate\":\"https:\/\/www.blogsoestado.com\/danielmatos\/?s={search_term_string}\"},\"query-input\":{\"@type\":\"PropertyValueSpecification\",\"valueRequired\":true,\"valueName\":\"search_term_string\"}}],\"inLanguage\":\"pt-BR\"}]}<\/script>\n<!-- \/ Yoast SEO plugin. -->","yoast_head_json":{"title":"Antecipa\u00e7\u00e3o do 13\u00ba \u00e9 artimanha de Fl\u00e1vio Dino ap\u00f3s derrota no STF na a\u00e7\u00e3o dos 21,7% - Daniel Matos","robots":{"index":"index","follow":"follow","max-snippet":"max-snippet:-1","max-image-preview":"max-image-preview:large","max-video-preview":"max-video-preview:-1"},"canonical":"https:\/\/www.blogsoestado.com\/danielmatos\/antecipacao-do-13o-e-artimanha-de-flavio-dino-apos-derrota-no-stf-na-acao-dos-217\/","og_locale":"pt_BR","og_type":"article","og_title":"Antecipa\u00e7\u00e3o do 13\u00ba \u00e9 artimanha de Fl\u00e1vio Dino ap\u00f3s derrota no STF na a\u00e7\u00e3o dos 21,7% - Daniel Matos","og_description":"O an\u00fancio feito semana passada pelo governador Fl\u00e1vio Dino (PCdoB) de que a primeira parcela do 13\u00ba sal\u00e1rio ser\u00e1 paga [&hellip;]","og_url":"https:\/\/www.blogsoestado.com\/danielmatos\/antecipacao-do-13o-e-artimanha-de-flavio-dino-apos-derrota-no-stf-na-acao-dos-217\/","og_site_name":"Daniel Matos","article_published_time":"2018-06-11T14:06:35+00:00","og_image":[{"url":"https:\/\/www.blogsoestado.com\/danielmatos\/files\/2018\/06\/dino-comuna-1.jpg","type":"","width":"","height":""}],"twitter_card":"summary_large_image","twitter_misc":{"Est. tempo de leitura":"2 minutos"},"schema":{"@context":"https:\/\/schema.org","@graph":[{"@type":"WebPage","@id":"https:\/\/www.blogsoestado.com\/danielmatos\/antecipacao-do-13o-e-artimanha-de-flavio-dino-apos-derrota-no-stf-na-acao-dos-217\/","url":"https:\/\/www.blogsoestado.com\/danielmatos\/antecipacao-do-13o-e-artimanha-de-flavio-dino-apos-derrota-no-stf-na-acao-dos-217\/","name":"Antecipa\u00e7\u00e3o do 13\u00ba \u00e9 artimanha de Fl\u00e1vio Dino ap\u00f3s derrota no STF na a\u00e7\u00e3o dos 21,7% - Daniel Matos","isPartOf":{"@id":"https:\/\/www.blogsoestado.com\/danielmatos\/#website"},"primaryImageOfPage":{"@id":"https:\/\/www.blogsoestado.com\/danielmatos\/antecipacao-do-13o-e-artimanha-de-flavio-dino-apos-derrota-no-stf-na-acao-dos-217\/#primaryimage"},"image":{"@id":"https:\/\/www.blogsoestado.com\/danielmatos\/antecipacao-do-13o-e-artimanha-de-flavio-dino-apos-derrota-no-stf-na-acao-dos-217\/#primaryimage"},"thumbnailUrl":"https:\/\/www.blogsoestado.com\/danielmatos\/files\/2018\/06\/dino-comuna-1.jpg","datePublished":"2018-06-11T14:06:35+00:00","author":{"@id":""},"breadcrumb":{"@id":"https:\/\/www.blogsoestado.com\/danielmatos\/antecipacao-do-13o-e-artimanha-de-flavio-dino-apos-derrota-no-stf-na-acao-dos-217\/#breadcrumb"},"inLanguage":"pt-BR","potentialAction":[{"@type":"ReadAction","target":["https:\/\/www.blogsoestado.com\/danielmatos\/antecipacao-do-13o-e-artimanha-de-flavio-dino-apos-derrota-no-stf-na-acao-dos-217\/"]}]},{"@type":"ImageObject","inLanguage":"pt-BR","@id":"https:\/\/www.blogsoestado.com\/danielmatos\/antecipacao-do-13o-e-artimanha-de-flavio-dino-apos-derrota-no-stf-na-acao-dos-217\/#primaryimage","url":"https:\/\/www.blogsoestado.com\/danielmatos\/files\/2018\/06\/dino-comuna-1.jpg","contentUrl":"https:\/\/www.blogsoestado.com\/danielmatos\/files\/2018\/06\/dino-comuna-1.jpg"},{"@type":"BreadcrumbList","@id":"https:\/\/www.blogsoestado.com\/danielmatos\/antecipacao-do-13o-e-artimanha-de-flavio-dino-apos-derrota-no-stf-na-acao-dos-217\/#breadcrumb","itemListElement":[{"@type":"ListItem","position":1,"name":"In\u00edcio","item":"https:\/\/www.blogsoestado.com\/danielmatos\/"},{"@type":"ListItem","position":2,"name":"Antecipa\u00e7\u00e3o do 13\u00ba \u00e9 artimanha de Fl\u00e1vio Dino ap\u00f3s derrota no STF na a\u00e7\u00e3o dos 21,7%"}]},{"@type":"WebSite","@id":"https:\/\/www.blogsoestado.com\/danielmatos\/#website","url":"https:\/\/www.blogsoestado.com\/danielmatos\/","name":"Daniel Matos","description":"","potentialAction":[{"@type":"SearchAction","target":{"@type":"EntryPoint","urlTemplate":"https:\/\/www.blogsoestado.com\/danielmatos\/?s={search_term_string}"},"query-input":{"@type":"PropertyValueSpecification","valueRequired":true,"valueName":"search_term_string"}}],"inLanguage":"pt-BR"}]}},"jetpack_featured_media_url":"","_links":{"self":[{"href":"https:\/\/www.blogsoestado.com\/danielmatos\/wp-json\/wp\/v2\/posts\/52173","targetHints":{"allow":["GET"]}}],"collection":[{"href":"https:\/\/www.blogsoestado.com\/danielmatos\/wp-json\/wp\/v2\/posts"}],"about":[{"href":"https:\/\/www.blogsoestado.com\/danielmatos\/wp-json\/wp\/v2\/types\/post"}],"replies":[{"embeddable":true,"href":"https:\/\/www.blogsoestado.com\/danielmatos\/wp-json\/wp\/v2\/comments?post=52173"}],"version-history":[{"count":0,"href":"https:\/\/www.blogsoestado.com\/danielmatos\/wp-json\/wp\/v2\/posts\/52173\/revisions"}],"wp:attachment":[{"href":"https:\/\/www.blogsoestado.com\/danielmatos\/wp-json\/wp\/v2\/media?parent=52173"}],"wp:term":[{"taxonomy":"category","embeddable":true,"href":"https:\/\/www.blogsoestado.com\/danielmatos\/wp-json\/wp\/v2\/categories?post=52173"},{"taxonomy":"post_tag","embeddable":true,"href":"https:\/\/www.blogsoestado.com\/danielmatos\/wp-json\/wp\/v2\/tags?post=52173"}],"curies":[{"name":"wp","href":"https:\/\/api.w.org\/{rel}","templated":true}]}}