{"id":52199,"date":"2018-06-12T10:41:39","date_gmt":"2018-06-12T13:41:39","guid":{"rendered":"https:\/\/www.blogsoestado.com\/danielmatos\/?p=52199"},"modified":"2018-06-12T10:41:39","modified_gmt":"2018-06-12T13:41:39","slug":"vereador-chaguinhas-declara-apoio-a-reeleicao-do-deputado-federal-junior-marreca","status":"publish","type":"post","link":"https:\/\/www.blogsoestado.com\/danielmatos\/vereador-chaguinhas-declara-apoio-a-reeleicao-do-deputado-federal-junior-marreca\/","title":{"rendered":"Vereador Chaguinhas declara apoio \u00e0 reelei\u00e7\u00e3o do deputado federal J\u00fanior Marreca"},"content":{"rendered":"<figure id=\"attachment_52200\" aria-describedby=\"caption-attachment-52200\" style=\"width: 650px\" class=\"wp-caption aligncenter\"><img fetchpriority=\"high\" decoding=\"async\" class=\"wp-image-52200\" src=\"https:\/\/www.blogsoestado.com\/danielmatos\/files\/2018\/06\/chaguinhas-marreca.jpg\" alt=\"\" width=\"650\" height=\"488\" \/><figcaption id=\"caption-attachment-52200\" class=\"wp-caption-text\">J\u00fanior Marreca destacou que o vereador Francisco Chaguinhas tem uma atua\u00e7\u00e3o muito forte em S\u00e3o Lu\u00eds<\/figcaption><\/figure>\n<p>O vereador Francisco Chaguinhas declarou apoio ao deputado federal J\u00fanior Marreca, na manh\u00e3 dessa segunda-feira, 11. O ato contou com a participa\u00e7\u00e3o de universit\u00e1rios, assessores, vereadora Concita Pinto e do presidente estadual do Patriota, Jota Pinto, que tamb\u00e9m tem o apoio do vereador na busca de uma das cadeiras do Legislativo maranhense.<\/p>\n<p>Segundo o parlamentar, J\u00fanior Marreca tem feito um \u00f3timo trabalho em prol dos maranhenses. \u201cEsse apoio \u00e9 em prol do nosso povo. Junior Marreca, enquanto deputado, mostrou que sabe defender e trazer recursos para o seu estado. O Maranh\u00e3o, sem sombras de d\u00favidas, precisa dele l\u00e1 em Bras\u00edlia, para que o seu trabalho possa continuar na defesa do nosso querido Maranh\u00e3o\u201d, disse.<\/p>\n<p>Ao agradecer o apoio do progressista, Marreca destacou a atua\u00e7\u00e3o do parlamentar. \u201cO vereador Francisco Chaguinhas tem uma atua\u00e7\u00e3o muito forte em S\u00e3o Lu\u00eds. Hoje, me sinto honrado de receber esse apoio t\u00e3o impotente para continuar defendendo os anseios da popula\u00e7\u00e3o em Bras\u00edlia\u201d, disse.<\/p>\n<p>Participando tamb\u00e9m do ato, o presidente estadual do Patriota, Jota Pinto, falou do fortalecimento do partido. \u201cO partido tem crescido muito em nosso estado. Hoje, estamos consolidados em v\u00e1rias partes do Maranh\u00e3o\u201d, disse.<\/p>\n","protected":false},"excerpt":{"rendered":"<p>O vereador Francisco Chaguinhas declarou apoio ao deputado federal J\u00fanior Marreca, na manh\u00e3 dessa segunda-feira, 11. O ato contou com [&hellip;]<\/p>\n","protected":false},"author":0,"featured_media":0,"comment_status":"open","ping_status":"open","sticky":false,"template":"","format":"standard","meta":{"site-sidebar-layout":"default","site-content-layout":"","ast-site-content-layout":"default","site-content-style":"default","site-sidebar-style":"default","ast-global-header-display":"","ast-banner-title-visibility":"","ast-main-header-display":"","ast-hfb-above-header-display":"","ast-hfb-below-header-display":"","ast-hfb-mobile-header-display":"","site-post-title":"","ast-breadcrumbs-content":"","ast-featured-img":"","footer-sml-layout":"","ast-disable-related-posts":"","theme-transparent-header-meta":"","adv-header-id-meta":"","stick-header-meta":"","header-above-stick-meta":"","header-main-stick-meta":"","header-below-stick-meta":"","astra-migrate-meta-layouts":"default","ast-page-background-enabled":"default","ast-page-background-meta":{"desktop":{"background-color":"var(--ast-global-color-5)","background-image":"","background-repeat":"repeat","background-position":"center center","background-size":"auto","background-attachment":"scroll","background-type":"","background-media":"","overlay-type":"","overlay-color":"","overlay-opacity":"","overlay-gradient":""},"tablet":{"background-color":"","background-image":"","background-repeat":"repeat","background-position":"center center","background-size":"auto","background-attachment":"scroll","background-type":"","background-media":"","overlay-type":"","overlay-color":"","overlay-opacity":"","overlay-gradient":""},"mobile":{"background-color":"","background-image":"","background-repeat":"repeat","background-position":"center center","background-size":"auto","background-attachment":"scroll","background-type":"","background-media":"","overlay-type":"","overlay-color":"","overlay-opacity":"","overlay-gradient":""}},"ast-content-background-meta":{"desktop":{"background-color":"var(--ast-global-color-4)","background-image":"","background-repeat":"repeat","background-position":"center center","background-size":"auto","background-attachment":"scroll","background-type":"","background-media":"","overlay-type":"","overlay-color":"","overlay-opacity":"","overlay-gradient":""},"tablet":{"background-color":"var(--ast-global-color-4)","background-image":"","background-repeat":"repeat","background-position":"center center","background-size":"auto","background-attachment":"scroll","background-type":"","background-media":"","overlay-type":"","overlay-color":"","overlay-opacity":"","overlay-gradient":""},"mobile":{"background-color":"var(--ast-global-color-4)","background-image":"","background-repeat":"repeat","background-position":"center center","background-size":"auto","background-attachment":"scroll","background-type":"","background-media":"","overlay-type":"","overlay-color":"","overlay-opacity":"","overlay-gradient":""}},"footnotes":""},"categories":[1],"tags":[],"class_list":["post-52199","post","type-post","status-publish","format-standard","hentry","category-sem-categoria"],"yoast_head":"<!-- This site is optimized with the Yoast SEO plugin v26.6 - https:\/\/yoast.com\/wordpress\/plugins\/seo\/ -->\n<title>Vereador Chaguinhas declara apoio \u00e0 reelei\u00e7\u00e3o do deputado federal J\u00fanior Marreca - Daniel Matos<\/title>\n<meta name=\"robots\" content=\"index, follow, max-snippet:-1, max-image-preview:large, max-video-preview:-1\" \/>\n<link rel=\"canonical\" href=\"https:\/\/www.blogsoestado.com\/danielmatos\/vereador-chaguinhas-declara-apoio-a-reeleicao-do-deputado-federal-junior-marreca\/\" \/>\n<meta property=\"og:locale\" content=\"pt_BR\" \/>\n<meta property=\"og:type\" content=\"article\" \/>\n<meta property=\"og:title\" content=\"Vereador Chaguinhas declara apoio \u00e0 reelei\u00e7\u00e3o do deputado federal J\u00fanior Marreca - Daniel Matos\" \/>\n<meta property=\"og:description\" content=\"O vereador Francisco Chaguinhas declarou apoio ao deputado federal J\u00fanior Marreca, na manh\u00e3 dessa segunda-feira, 11. O ato contou com [&hellip;]\" \/>\n<meta property=\"og:url\" content=\"https:\/\/www.blogsoestado.com\/danielmatos\/vereador-chaguinhas-declara-apoio-a-reeleicao-do-deputado-federal-junior-marreca\/\" \/>\n<meta property=\"og:site_name\" content=\"Daniel Matos\" \/>\n<meta property=\"article:published_time\" content=\"2018-06-12T13:41:39+00:00\" \/>\n<meta property=\"og:image\" content=\"https:\/\/www.blogsoestado.com\/danielmatos\/files\/2018\/06\/chaguinhas-marreca.jpg\" \/>\n<meta name=\"twitter:card\" content=\"summary_large_image\" \/>\n<meta name=\"twitter:label1\" content=\"Est. tempo de leitura\" \/>\n\t<meta name=\"twitter:data1\" content=\"1 minuto\" \/>\n<script type=\"application\/ld+json\" class=\"yoast-schema-graph\">{\"@context\":\"https:\/\/schema.org\",\"@graph\":[{\"@type\":\"WebPage\",\"@id\":\"https:\/\/www.blogsoestado.com\/danielmatos\/vereador-chaguinhas-declara-apoio-a-reeleicao-do-deputado-federal-junior-marreca\/\",\"url\":\"https:\/\/www.blogsoestado.com\/danielmatos\/vereador-chaguinhas-declara-apoio-a-reeleicao-do-deputado-federal-junior-marreca\/\",\"name\":\"Vereador Chaguinhas declara apoio \u00e0 reelei\u00e7\u00e3o do deputado federal J\u00fanior Marreca - Daniel Matos\",\"isPartOf\":{\"@id\":\"https:\/\/www.blogsoestado.com\/danielmatos\/#website\"},\"primaryImageOfPage\":{\"@id\":\"https:\/\/www.blogsoestado.com\/danielmatos\/vereador-chaguinhas-declara-apoio-a-reeleicao-do-deputado-federal-junior-marreca\/#primaryimage\"},\"image\":{\"@id\":\"https:\/\/www.blogsoestado.com\/danielmatos\/vereador-chaguinhas-declara-apoio-a-reeleicao-do-deputado-federal-junior-marreca\/#primaryimage\"},\"thumbnailUrl\":\"https:\/\/www.blogsoestado.com\/danielmatos\/files\/2018\/06\/chaguinhas-marreca.jpg\",\"datePublished\":\"2018-06-12T13:41:39+00:00\",\"author\":{\"@id\":\"\"},\"breadcrumb\":{\"@id\":\"https:\/\/www.blogsoestado.com\/danielmatos\/vereador-chaguinhas-declara-apoio-a-reeleicao-do-deputado-federal-junior-marreca\/#breadcrumb\"},\"inLanguage\":\"pt-BR\",\"potentialAction\":[{\"@type\":\"ReadAction\",\"target\":[\"https:\/\/www.blogsoestado.com\/danielmatos\/vereador-chaguinhas-declara-apoio-a-reeleicao-do-deputado-federal-junior-marreca\/\"]}]},{\"@type\":\"ImageObject\",\"inLanguage\":\"pt-BR\",\"@id\":\"https:\/\/www.blogsoestado.com\/danielmatos\/vereador-chaguinhas-declara-apoio-a-reeleicao-do-deputado-federal-junior-marreca\/#primaryimage\",\"url\":\"https:\/\/www.blogsoestado.com\/danielmatos\/files\/2018\/06\/chaguinhas-marreca.jpg\",\"contentUrl\":\"https:\/\/www.blogsoestado.com\/danielmatos\/files\/2018\/06\/chaguinhas-marreca.jpg\"},{\"@type\":\"BreadcrumbList\",\"@id\":\"https:\/\/www.blogsoestado.com\/danielmatos\/vereador-chaguinhas-declara-apoio-a-reeleicao-do-deputado-federal-junior-marreca\/#breadcrumb\",\"itemListElement\":[{\"@type\":\"ListItem\",\"position\":1,\"name\":\"In\u00edcio\",\"item\":\"https:\/\/www.blogsoestado.com\/danielmatos\/\"},{\"@type\":\"ListItem\",\"position\":2,\"name\":\"Vereador Chaguinhas declara apoio \u00e0 reelei\u00e7\u00e3o do deputado federal J\u00fanior Marreca\"}]},{\"@type\":\"WebSite\",\"@id\":\"https:\/\/www.blogsoestado.com\/danielmatos\/#website\",\"url\":\"https:\/\/www.blogsoestado.com\/danielmatos\/\",\"name\":\"Daniel Matos\",\"description\":\"\",\"potentialAction\":[{\"@type\":\"SearchAction\",\"target\":{\"@type\":\"EntryPoint\",\"urlTemplate\":\"https:\/\/www.blogsoestado.com\/danielmatos\/?s={search_term_string}\"},\"query-input\":{\"@type\":\"PropertyValueSpecification\",\"valueRequired\":true,\"valueName\":\"search_term_string\"}}],\"inLanguage\":\"pt-BR\"}]}<\/script>\n<!-- \/ Yoast SEO plugin. -->","yoast_head_json":{"title":"Vereador Chaguinhas declara apoio \u00e0 reelei\u00e7\u00e3o do deputado federal J\u00fanior Marreca - Daniel Matos","robots":{"index":"index","follow":"follow","max-snippet":"max-snippet:-1","max-image-preview":"max-image-preview:large","max-video-preview":"max-video-preview:-1"},"canonical":"https:\/\/www.blogsoestado.com\/danielmatos\/vereador-chaguinhas-declara-apoio-a-reeleicao-do-deputado-federal-junior-marreca\/","og_locale":"pt_BR","og_type":"article","og_title":"Vereador Chaguinhas declara apoio \u00e0 reelei\u00e7\u00e3o do deputado federal J\u00fanior Marreca - Daniel Matos","og_description":"O vereador Francisco Chaguinhas declarou apoio ao deputado federal J\u00fanior Marreca, na manh\u00e3 dessa segunda-feira, 11. O ato contou com [&hellip;]","og_url":"https:\/\/www.blogsoestado.com\/danielmatos\/vereador-chaguinhas-declara-apoio-a-reeleicao-do-deputado-federal-junior-marreca\/","og_site_name":"Daniel Matos","article_published_time":"2018-06-12T13:41:39+00:00","og_image":[{"url":"https:\/\/www.blogsoestado.com\/danielmatos\/files\/2018\/06\/chaguinhas-marreca.jpg","type":"","width":"","height":""}],"twitter_card":"summary_large_image","twitter_misc":{"Est. tempo de leitura":"1 minuto"},"schema":{"@context":"https:\/\/schema.org","@graph":[{"@type":"WebPage","@id":"https:\/\/www.blogsoestado.com\/danielmatos\/vereador-chaguinhas-declara-apoio-a-reeleicao-do-deputado-federal-junior-marreca\/","url":"https:\/\/www.blogsoestado.com\/danielmatos\/vereador-chaguinhas-declara-apoio-a-reeleicao-do-deputado-federal-junior-marreca\/","name":"Vereador Chaguinhas declara apoio \u00e0 reelei\u00e7\u00e3o do deputado federal J\u00fanior Marreca - Daniel Matos","isPartOf":{"@id":"https:\/\/www.blogsoestado.com\/danielmatos\/#website"},"primaryImageOfPage":{"@id":"https:\/\/www.blogsoestado.com\/danielmatos\/vereador-chaguinhas-declara-apoio-a-reeleicao-do-deputado-federal-junior-marreca\/#primaryimage"},"image":{"@id":"https:\/\/www.blogsoestado.com\/danielmatos\/vereador-chaguinhas-declara-apoio-a-reeleicao-do-deputado-federal-junior-marreca\/#primaryimage"},"thumbnailUrl":"https:\/\/www.blogsoestado.com\/danielmatos\/files\/2018\/06\/chaguinhas-marreca.jpg","datePublished":"2018-06-12T13:41:39+00:00","author":{"@id":""},"breadcrumb":{"@id":"https:\/\/www.blogsoestado.com\/danielmatos\/vereador-chaguinhas-declara-apoio-a-reeleicao-do-deputado-federal-junior-marreca\/#breadcrumb"},"inLanguage":"pt-BR","potentialAction":[{"@type":"ReadAction","target":["https:\/\/www.blogsoestado.com\/danielmatos\/vereador-chaguinhas-declara-apoio-a-reeleicao-do-deputado-federal-junior-marreca\/"]}]},{"@type":"ImageObject","inLanguage":"pt-BR","@id":"https:\/\/www.blogsoestado.com\/danielmatos\/vereador-chaguinhas-declara-apoio-a-reeleicao-do-deputado-federal-junior-marreca\/#primaryimage","url":"https:\/\/www.blogsoestado.com\/danielmatos\/files\/2018\/06\/chaguinhas-marreca.jpg","contentUrl":"https:\/\/www.blogsoestado.com\/danielmatos\/files\/2018\/06\/chaguinhas-marreca.jpg"},{"@type":"BreadcrumbList","@id":"https:\/\/www.blogsoestado.com\/danielmatos\/vereador-chaguinhas-declara-apoio-a-reeleicao-do-deputado-federal-junior-marreca\/#breadcrumb","itemListElement":[{"@type":"ListItem","position":1,"name":"In\u00edcio","item":"https:\/\/www.blogsoestado.com\/danielmatos\/"},{"@type":"ListItem","position":2,"name":"Vereador Chaguinhas declara apoio \u00e0 reelei\u00e7\u00e3o do deputado federal J\u00fanior Marreca"}]},{"@type":"WebSite","@id":"https:\/\/www.blogsoestado.com\/danielmatos\/#website","url":"https:\/\/www.blogsoestado.com\/danielmatos\/","name":"Daniel Matos","description":"","potentialAction":[{"@type":"SearchAction","target":{"@type":"EntryPoint","urlTemplate":"https:\/\/www.blogsoestado.com\/danielmatos\/?s={search_term_string}"},"query-input":{"@type":"PropertyValueSpecification","valueRequired":true,"valueName":"search_term_string"}}],"inLanguage":"pt-BR"}]}},"jetpack_featured_media_url":"","_links":{"self":[{"href":"https:\/\/www.blogsoestado.com\/danielmatos\/wp-json\/wp\/v2\/posts\/52199","targetHints":{"allow":["GET"]}}],"collection":[{"href":"https:\/\/www.blogsoestado.com\/danielmatos\/wp-json\/wp\/v2\/posts"}],"about":[{"href":"https:\/\/www.blogsoestado.com\/danielmatos\/wp-json\/wp\/v2\/types\/post"}],"replies":[{"embeddable":true,"href":"https:\/\/www.blogsoestado.com\/danielmatos\/wp-json\/wp\/v2\/comments?post=52199"}],"version-history":[{"count":0,"href":"https:\/\/www.blogsoestado.com\/danielmatos\/wp-json\/wp\/v2\/posts\/52199\/revisions"}],"wp:attachment":[{"href":"https:\/\/www.blogsoestado.com\/danielmatos\/wp-json\/wp\/v2\/media?parent=52199"}],"wp:term":[{"taxonomy":"category","embeddable":true,"href":"https:\/\/www.blogsoestado.com\/danielmatos\/wp-json\/wp\/v2\/categories?post=52199"},{"taxonomy":"post_tag","embeddable":true,"href":"https:\/\/www.blogsoestado.com\/danielmatos\/wp-json\/wp\/v2\/tags?post=52199"}],"curies":[{"name":"wp","href":"https:\/\/api.w.org\/{rel}","templated":true}]}}