{"id":52209,"date":"2018-06-12T12:15:22","date_gmt":"2018-06-12T15:15:22","guid":{"rendered":"https:\/\/www.blogsoestado.com\/danielmatos\/?p=52209"},"modified":"2018-06-12T12:15:22","modified_gmt":"2018-06-12T15:15:22","slug":"convite-do-prefeito-ismael-monteiro-luis-vannucci-cumpre-agenda-de-compromissos-em-central-do-maranhao","status":"publish","type":"post","link":"https:\/\/www.blogsoestado.com\/danielmatos\/convite-do-prefeito-ismael-monteiro-luis-vannucci-cumpre-agenda-de-compromissos-em-central-do-maranhao\/","title":{"rendered":"A convite do prefeito Ismael Monteiro, Lu\u00eds Vannucci cumpre agenda de compromissos em Central do Maranh\u00e3o"},"content":{"rendered":"<figure id=\"attachment_52210\" aria-describedby=\"caption-attachment-52210\" style=\"width: 700px\" class=\"wp-caption aligncenter\"><img fetchpriority=\"high\" decoding=\"async\" class=\"wp-image-52210\" src=\"https:\/\/www.blogsoestado.com\/danielmatos\/files\/2018\/06\/vannucci-convite.jpg\" alt=\"\" width=\"700\" height=\"700\" \/><figcaption id=\"caption-attachment-52210\" class=\"wp-caption-text\">Lu\u00eds Vannucci participou de diversas atividades em Central do Maranh\u00e3o e fpi prestigiado pela popula\u00e7\u00e3o<\/figcaption><\/figure>\n<p>O pr\u00e9-candidato a deputado federal, Lu\u00eds Vannucci (PSL), participou, no \u00faltimo domingo (10), da Feira Centen\u00e1ria de Central do Maranh\u00e3o, que abrange os munic\u00edpios da regi\u00e3o territorial do Litoral Ocidental Maranhense.<\/p>\n<p>Acompanhado do prefeito Ismael Monteiro (PSDB), Vannucci, que atuou por v\u00e1rios anos como chefe da assessoria do Minist\u00e9rio do Turismo, acompanhou de perto as principais demandas da cidade e constatou que h\u00e1 a necessidade urgente de investimentos qualificados no mercado de arranjos produtivos locais para que haja, segundo ele, desenvolvimento econ\u00f4mico na localidade.<\/p>\n<p>Na oportunidade, Lu\u00eds Vannucci tamb\u00e9m participou, a convite do prefeito de Central, da entrega dos kits da agricultura familiar para o territ\u00f3rio do Litoral Ocidental da Floresta dos Guar\u00e1s. O evento tamb\u00e9m contou com a participa\u00e7\u00e3o dos prefeitos Jadilson Coelho (Mirinzal); Osvaldo Gomes (Guimar\u00e3es); professora Rosinha (Cururupu); o vice-prefeito de Porto Rico, Jo\u00e3o; e a diretora Executiva do Cons\u00f3rcio Conguar\u00e1s, Bruna Lima, dentre outras autoridades municipais e estaduais.<\/p>\n","protected":false},"excerpt":{"rendered":"<p>O pr\u00e9-candidato a deputado federal, Lu\u00eds Vannucci (PSL), participou, no \u00faltimo domingo (10), da Feira Centen\u00e1ria de Central do Maranh\u00e3o, [&hellip;]<\/p>\n","protected":false},"author":0,"featured_media":0,"comment_status":"open","ping_status":"open","sticky":false,"template":"","format":"standard","meta":{"site-sidebar-layout":"default","site-content-layout":"","ast-site-content-layout":"default","site-content-style":"default","site-sidebar-style":"default","ast-global-header-display":"","ast-banner-title-visibility":"","ast-main-header-display":"","ast-hfb-above-header-display":"","ast-hfb-below-header-display":"","ast-hfb-mobile-header-display":"","site-post-title":"","ast-breadcrumbs-content":"","ast-featured-img":"","footer-sml-layout":"","ast-disable-related-posts":"","theme-transparent-header-meta":"","adv-header-id-meta":"","stick-header-meta":"","header-above-stick-meta":"","header-main-stick-meta":"","header-below-stick-meta":"","astra-migrate-meta-layouts":"default","ast-page-background-enabled":"default","ast-page-background-meta":{"desktop":{"background-color":"var(--ast-global-color-5)","background-image":"","background-repeat":"repeat","background-position":"center center","background-size":"auto","background-attachment":"scroll","background-type":"","background-media":"","overlay-type":"","overlay-color":"","overlay-opacity":"","overlay-gradient":""},"tablet":{"background-color":"","background-image":"","background-repeat":"repeat","background-position":"center center","background-size":"auto","background-attachment":"scroll","background-type":"","background-media":"","overlay-type":"","overlay-color":"","overlay-opacity":"","overlay-gradient":""},"mobile":{"background-color":"","background-image":"","background-repeat":"repeat","background-position":"center center","background-size":"auto","background-attachment":"scroll","background-type":"","background-media":"","overlay-type":"","overlay-color":"","overlay-opacity":"","overlay-gradient":""}},"ast-content-background-meta":{"desktop":{"background-color":"var(--ast-global-color-4)","background-image":"","background-repeat":"repeat","background-position":"center center","background-size":"auto","background-attachment":"scroll","background-type":"","background-media":"","overlay-type":"","overlay-color":"","overlay-opacity":"","overlay-gradient":""},"tablet":{"background-color":"var(--ast-global-color-4)","background-image":"","background-repeat":"repeat","background-position":"center center","background-size":"auto","background-attachment":"scroll","background-type":"","background-media":"","overlay-type":"","overlay-color":"","overlay-opacity":"","overlay-gradient":""},"mobile":{"background-color":"var(--ast-global-color-4)","background-image":"","background-repeat":"repeat","background-position":"center center","background-size":"auto","background-attachment":"scroll","background-type":"","background-media":"","overlay-type":"","overlay-color":"","overlay-opacity":"","overlay-gradient":""}},"footnotes":""},"categories":[1],"tags":[],"class_list":["post-52209","post","type-post","status-publish","format-standard","hentry","category-sem-categoria"],"yoast_head":"<!-- This site is optimized with the Yoast SEO plugin v26.6 - https:\/\/yoast.com\/wordpress\/plugins\/seo\/ -->\n<title>A convite do prefeito Ismael Monteiro, Lu\u00eds Vannucci cumpre agenda de compromissos em Central do Maranh\u00e3o - Daniel Matos<\/title>\n<meta name=\"robots\" content=\"index, follow, max-snippet:-1, max-image-preview:large, max-video-preview:-1\" \/>\n<link rel=\"canonical\" href=\"https:\/\/www.blogsoestado.com\/danielmatos\/convite-do-prefeito-ismael-monteiro-luis-vannucci-cumpre-agenda-de-compromissos-em-central-do-maranhao\/\" \/>\n<meta property=\"og:locale\" content=\"pt_BR\" \/>\n<meta property=\"og:type\" content=\"article\" \/>\n<meta property=\"og:title\" content=\"A convite do prefeito Ismael Monteiro, Lu\u00eds Vannucci cumpre agenda de compromissos em Central do Maranh\u00e3o - Daniel Matos\" \/>\n<meta property=\"og:description\" content=\"O pr\u00e9-candidato a deputado federal, Lu\u00eds Vannucci (PSL), participou, no \u00faltimo domingo (10), da Feira Centen\u00e1ria de Central do Maranh\u00e3o, [&hellip;]\" \/>\n<meta property=\"og:url\" content=\"https:\/\/www.blogsoestado.com\/danielmatos\/convite-do-prefeito-ismael-monteiro-luis-vannucci-cumpre-agenda-de-compromissos-em-central-do-maranhao\/\" \/>\n<meta property=\"og:site_name\" content=\"Daniel Matos\" \/>\n<meta property=\"article:published_time\" content=\"2018-06-12T15:15:22+00:00\" \/>\n<meta property=\"og:image\" content=\"https:\/\/www.blogsoestado.com\/danielmatos\/files\/2018\/06\/vannucci-convite.jpg\" \/>\n<meta name=\"twitter:card\" content=\"summary_large_image\" \/>\n<meta name=\"twitter:label1\" content=\"Est. tempo de leitura\" \/>\n\t<meta name=\"twitter:data1\" content=\"1 minuto\" \/>\n<script type=\"application\/ld+json\" class=\"yoast-schema-graph\">{\"@context\":\"https:\/\/schema.org\",\"@graph\":[{\"@type\":\"WebPage\",\"@id\":\"https:\/\/www.blogsoestado.com\/danielmatos\/convite-do-prefeito-ismael-monteiro-luis-vannucci-cumpre-agenda-de-compromissos-em-central-do-maranhao\/\",\"url\":\"https:\/\/www.blogsoestado.com\/danielmatos\/convite-do-prefeito-ismael-monteiro-luis-vannucci-cumpre-agenda-de-compromissos-em-central-do-maranhao\/\",\"name\":\"A convite do prefeito Ismael Monteiro, Lu\u00eds Vannucci cumpre agenda de compromissos em Central do Maranh\u00e3o - Daniel Matos\",\"isPartOf\":{\"@id\":\"https:\/\/www.blogsoestado.com\/danielmatos\/#website\"},\"primaryImageOfPage\":{\"@id\":\"https:\/\/www.blogsoestado.com\/danielmatos\/convite-do-prefeito-ismael-monteiro-luis-vannucci-cumpre-agenda-de-compromissos-em-central-do-maranhao\/#primaryimage\"},\"image\":{\"@id\":\"https:\/\/www.blogsoestado.com\/danielmatos\/convite-do-prefeito-ismael-monteiro-luis-vannucci-cumpre-agenda-de-compromissos-em-central-do-maranhao\/#primaryimage\"},\"thumbnailUrl\":\"https:\/\/www.blogsoestado.com\/danielmatos\/files\/2018\/06\/vannucci-convite.jpg\",\"datePublished\":\"2018-06-12T15:15:22+00:00\",\"author\":{\"@id\":\"\"},\"breadcrumb\":{\"@id\":\"https:\/\/www.blogsoestado.com\/danielmatos\/convite-do-prefeito-ismael-monteiro-luis-vannucci-cumpre-agenda-de-compromissos-em-central-do-maranhao\/#breadcrumb\"},\"inLanguage\":\"pt-BR\",\"potentialAction\":[{\"@type\":\"ReadAction\",\"target\":[\"https:\/\/www.blogsoestado.com\/danielmatos\/convite-do-prefeito-ismael-monteiro-luis-vannucci-cumpre-agenda-de-compromissos-em-central-do-maranhao\/\"]}]},{\"@type\":\"ImageObject\",\"inLanguage\":\"pt-BR\",\"@id\":\"https:\/\/www.blogsoestado.com\/danielmatos\/convite-do-prefeito-ismael-monteiro-luis-vannucci-cumpre-agenda-de-compromissos-em-central-do-maranhao\/#primaryimage\",\"url\":\"https:\/\/www.blogsoestado.com\/danielmatos\/files\/2018\/06\/vannucci-convite.jpg\",\"contentUrl\":\"https:\/\/www.blogsoestado.com\/danielmatos\/files\/2018\/06\/vannucci-convite.jpg\"},{\"@type\":\"BreadcrumbList\",\"@id\":\"https:\/\/www.blogsoestado.com\/danielmatos\/convite-do-prefeito-ismael-monteiro-luis-vannucci-cumpre-agenda-de-compromissos-em-central-do-maranhao\/#breadcrumb\",\"itemListElement\":[{\"@type\":\"ListItem\",\"position\":1,\"name\":\"In\u00edcio\",\"item\":\"https:\/\/www.blogsoestado.com\/danielmatos\/\"},{\"@type\":\"ListItem\",\"position\":2,\"name\":\"A convite do prefeito Ismael Monteiro, Lu\u00eds Vannucci cumpre agenda de compromissos em Central do Maranh\u00e3o\"}]},{\"@type\":\"WebSite\",\"@id\":\"https:\/\/www.blogsoestado.com\/danielmatos\/#website\",\"url\":\"https:\/\/www.blogsoestado.com\/danielmatos\/\",\"name\":\"Daniel Matos\",\"description\":\"\",\"potentialAction\":[{\"@type\":\"SearchAction\",\"target\":{\"@type\":\"EntryPoint\",\"urlTemplate\":\"https:\/\/www.blogsoestado.com\/danielmatos\/?s={search_term_string}\"},\"query-input\":{\"@type\":\"PropertyValueSpecification\",\"valueRequired\":true,\"valueName\":\"search_term_string\"}}],\"inLanguage\":\"pt-BR\"}]}<\/script>\n<!-- \/ Yoast SEO plugin. -->","yoast_head_json":{"title":"A convite do prefeito Ismael Monteiro, Lu\u00eds Vannucci cumpre agenda de compromissos em Central do Maranh\u00e3o - Daniel Matos","robots":{"index":"index","follow":"follow","max-snippet":"max-snippet:-1","max-image-preview":"max-image-preview:large","max-video-preview":"max-video-preview:-1"},"canonical":"https:\/\/www.blogsoestado.com\/danielmatos\/convite-do-prefeito-ismael-monteiro-luis-vannucci-cumpre-agenda-de-compromissos-em-central-do-maranhao\/","og_locale":"pt_BR","og_type":"article","og_title":"A convite do prefeito Ismael Monteiro, Lu\u00eds Vannucci cumpre agenda de compromissos em Central do Maranh\u00e3o - Daniel Matos","og_description":"O pr\u00e9-candidato a deputado federal, Lu\u00eds Vannucci (PSL), participou, no \u00faltimo domingo (10), da Feira Centen\u00e1ria de Central do Maranh\u00e3o, [&hellip;]","og_url":"https:\/\/www.blogsoestado.com\/danielmatos\/convite-do-prefeito-ismael-monteiro-luis-vannucci-cumpre-agenda-de-compromissos-em-central-do-maranhao\/","og_site_name":"Daniel Matos","article_published_time":"2018-06-12T15:15:22+00:00","og_image":[{"url":"https:\/\/www.blogsoestado.com\/danielmatos\/files\/2018\/06\/vannucci-convite.jpg","type":"","width":"","height":""}],"twitter_card":"summary_large_image","twitter_misc":{"Est. tempo de leitura":"1 minuto"},"schema":{"@context":"https:\/\/schema.org","@graph":[{"@type":"WebPage","@id":"https:\/\/www.blogsoestado.com\/danielmatos\/convite-do-prefeito-ismael-monteiro-luis-vannucci-cumpre-agenda-de-compromissos-em-central-do-maranhao\/","url":"https:\/\/www.blogsoestado.com\/danielmatos\/convite-do-prefeito-ismael-monteiro-luis-vannucci-cumpre-agenda-de-compromissos-em-central-do-maranhao\/","name":"A convite do prefeito Ismael Monteiro, Lu\u00eds Vannucci cumpre agenda de compromissos em Central do Maranh\u00e3o - Daniel Matos","isPartOf":{"@id":"https:\/\/www.blogsoestado.com\/danielmatos\/#website"},"primaryImageOfPage":{"@id":"https:\/\/www.blogsoestado.com\/danielmatos\/convite-do-prefeito-ismael-monteiro-luis-vannucci-cumpre-agenda-de-compromissos-em-central-do-maranhao\/#primaryimage"},"image":{"@id":"https:\/\/www.blogsoestado.com\/danielmatos\/convite-do-prefeito-ismael-monteiro-luis-vannucci-cumpre-agenda-de-compromissos-em-central-do-maranhao\/#primaryimage"},"thumbnailUrl":"https:\/\/www.blogsoestado.com\/danielmatos\/files\/2018\/06\/vannucci-convite.jpg","datePublished":"2018-06-12T15:15:22+00:00","author":{"@id":""},"breadcrumb":{"@id":"https:\/\/www.blogsoestado.com\/danielmatos\/convite-do-prefeito-ismael-monteiro-luis-vannucci-cumpre-agenda-de-compromissos-em-central-do-maranhao\/#breadcrumb"},"inLanguage":"pt-BR","potentialAction":[{"@type":"ReadAction","target":["https:\/\/www.blogsoestado.com\/danielmatos\/convite-do-prefeito-ismael-monteiro-luis-vannucci-cumpre-agenda-de-compromissos-em-central-do-maranhao\/"]}]},{"@type":"ImageObject","inLanguage":"pt-BR","@id":"https:\/\/www.blogsoestado.com\/danielmatos\/convite-do-prefeito-ismael-monteiro-luis-vannucci-cumpre-agenda-de-compromissos-em-central-do-maranhao\/#primaryimage","url":"https:\/\/www.blogsoestado.com\/danielmatos\/files\/2018\/06\/vannucci-convite.jpg","contentUrl":"https:\/\/www.blogsoestado.com\/danielmatos\/files\/2018\/06\/vannucci-convite.jpg"},{"@type":"BreadcrumbList","@id":"https:\/\/www.blogsoestado.com\/danielmatos\/convite-do-prefeito-ismael-monteiro-luis-vannucci-cumpre-agenda-de-compromissos-em-central-do-maranhao\/#breadcrumb","itemListElement":[{"@type":"ListItem","position":1,"name":"In\u00edcio","item":"https:\/\/www.blogsoestado.com\/danielmatos\/"},{"@type":"ListItem","position":2,"name":"A convite do prefeito Ismael Monteiro, Lu\u00eds Vannucci cumpre agenda de compromissos em Central do Maranh\u00e3o"}]},{"@type":"WebSite","@id":"https:\/\/www.blogsoestado.com\/danielmatos\/#website","url":"https:\/\/www.blogsoestado.com\/danielmatos\/","name":"Daniel Matos","description":"","potentialAction":[{"@type":"SearchAction","target":{"@type":"EntryPoint","urlTemplate":"https:\/\/www.blogsoestado.com\/danielmatos\/?s={search_term_string}"},"query-input":{"@type":"PropertyValueSpecification","valueRequired":true,"valueName":"search_term_string"}}],"inLanguage":"pt-BR"}]}},"jetpack_featured_media_url":"","_links":{"self":[{"href":"https:\/\/www.blogsoestado.com\/danielmatos\/wp-json\/wp\/v2\/posts\/52209","targetHints":{"allow":["GET"]}}],"collection":[{"href":"https:\/\/www.blogsoestado.com\/danielmatos\/wp-json\/wp\/v2\/posts"}],"about":[{"href":"https:\/\/www.blogsoestado.com\/danielmatos\/wp-json\/wp\/v2\/types\/post"}],"replies":[{"embeddable":true,"href":"https:\/\/www.blogsoestado.com\/danielmatos\/wp-json\/wp\/v2\/comments?post=52209"}],"version-history":[{"count":0,"href":"https:\/\/www.blogsoestado.com\/danielmatos\/wp-json\/wp\/v2\/posts\/52209\/revisions"}],"wp:attachment":[{"href":"https:\/\/www.blogsoestado.com\/danielmatos\/wp-json\/wp\/v2\/media?parent=52209"}],"wp:term":[{"taxonomy":"category","embeddable":true,"href":"https:\/\/www.blogsoestado.com\/danielmatos\/wp-json\/wp\/v2\/categories?post=52209"},{"taxonomy":"post_tag","embeddable":true,"href":"https:\/\/www.blogsoestado.com\/danielmatos\/wp-json\/wp\/v2\/tags?post=52209"}],"curies":[{"name":"wp","href":"https:\/\/api.w.org\/{rel}","templated":true}]}}