{"id":52221,"date":"2018-06-12T12:16:01","date_gmt":"2018-06-12T15:16:01","guid":{"rendered":"https:\/\/www.blogsoestado.com\/danielmatos\/?p=52221"},"modified":"2018-06-12T12:16:01","modified_gmt":"2018-06-12T15:16:01","slug":"cezar-bombeiro-socializa-com-a-comunidade-proposicoes-que-fez-a-camara-em-favor-da-liberdade","status":"publish","type":"post","link":"https:\/\/www.blogsoestado.com\/danielmatos\/cezar-bombeiro-socializa-com-a-comunidade-proposicoes-que-fez-a-camara-em-favor-da-liberdade\/","title":{"rendered":"C\u00e9zar Bombeiro socializa com a comunidade proposi\u00e7\u00f5es que fez \u00e0 C\u00e2mara em favor da Liberdade"},"content":{"rendered":"<figure id=\"attachment_52222\" aria-describedby=\"caption-attachment-52222\" style=\"width: 420px\" class=\"wp-caption alignright\"><img fetchpriority=\"high\" decoding=\"async\" class=\"wp-image-52222\" src=\"https:\/\/www.blogsoestado.com\/danielmatos\/files\/2018\/06\/bombeiro-socializa.jpg\" alt=\"\" width=\"420\" height=\"316\" \/><figcaption id=\"caption-attachment-52222\" class=\"wp-caption-text\">Vereador C\u00e9zar Bombeiro conduz seu mandato com total transpar\u00eancia<\/figcaption><\/figure>\n<p>O vereador C\u00e9zar Bombeiro (PSD) decidiu socializar seus requerimentos e indica\u00e7\u00f5es feitas na sua atua\u00e7\u00e3o parlamentar no legislativo municipal. Para as comunidades do bairro da Liberdade, ele apresentou entre requerimentos ao executivo municipal e indica\u00e7\u00e3o ao executivo estadual, nada de 18, sem falar nas reivindica\u00e7\u00f5es feitas em plen\u00e1rio durante debates e que est\u00e3o registradas nas atas das sess\u00f5es da C\u00e2mara Municipal de S\u00e3o Lu\u00eds.<\/p>\n<p>Reivindica\u00e7\u00f5es de asfaltamento para as ruas das comunidades, servi\u00e7os de abastecimento de \u00e1gua e esgoto, transportes coletivos, campos para a pratica de futebol, a conclus\u00e3o da quadra do Jap\u00e3o, gest\u00e3o compartilhada da Policia Militar e o Corpo de Bombeiros com as escolas p\u00fablicas municipais e estaduais do bairro, regulariza\u00e7\u00e3o fundi\u00e1ria de grande parte do bairro, al\u00e9m de outros importantes interesses do povo da Liberdade.<\/p>\n<p>O vereador destaca como luta importante, o asfaltamento de v\u00e1rias ruas do bairro, o abastecimento de \u00e1gua e naturalmente com a inser\u00e7\u00e3o do saneamento b\u00e1sico e mais acentuadamente a quest\u00e3o da regulariza\u00e7\u00e3o fundi\u00e1ria que \u00e9 um dos maiores anseios da maior parte das comunidades da Liberdade como direito, registra C\u00e9zar Bombeiro.<\/p>\n<p>A necessidade da socializa\u00e7\u00e3o \u00e9 um direito que o povo merecer saber como vem sendo exercido o mandato do vereador e mais precisamente quando ele mora no bairro e conhece todas as problem\u00e1ticas e se preocupa com elas, diferente dos que n\u00e3o t\u00eam compromisso com a popula\u00e7\u00e3o. Vamos promover v\u00e1rias reuni\u00f5es para prestarmos contas do que temos defendido, sem qualquer comprometimento da luta por direitos e dignidade, assegura o vereador.<\/p>\n<p>Esperamos, que durante o recesso parlamentar de julho, possamos socializar as lutas do nosso mandato em centenas de comunidades de nossa capital, onde semeamos a responsabilidade da luta e compromisso de jamais arrefecer, afirmou o vereador do PSD.<\/p>\n","protected":false},"excerpt":{"rendered":"<p>O vereador C\u00e9zar Bombeiro (PSD) decidiu socializar seus requerimentos e indica\u00e7\u00f5es feitas na sua atua\u00e7\u00e3o parlamentar no legislativo municipal. Para [&hellip;]<\/p>\n","protected":false},"author":0,"featured_media":0,"comment_status":"open","ping_status":"open","sticky":false,"template":"","format":"standard","meta":{"site-sidebar-layout":"default","site-content-layout":"","ast-site-content-layout":"default","site-content-style":"default","site-sidebar-style":"default","ast-global-header-display":"","ast-banner-title-visibility":"","ast-main-header-display":"","ast-hfb-above-header-display":"","ast-hfb-below-header-display":"","ast-hfb-mobile-header-display":"","site-post-title":"","ast-breadcrumbs-content":"","ast-featured-img":"","footer-sml-layout":"","ast-disable-related-posts":"","theme-transparent-header-meta":"","adv-header-id-meta":"","stick-header-meta":"","header-above-stick-meta":"","header-main-stick-meta":"","header-below-stick-meta":"","astra-migrate-meta-layouts":"default","ast-page-background-enabled":"default","ast-page-background-meta":{"desktop":{"background-color":"var(--ast-global-color-5)","background-image":"","background-repeat":"repeat","background-position":"center center","background-size":"auto","background-attachment":"scroll","background-type":"","background-media":"","overlay-type":"","overlay-color":"","overlay-opacity":"","overlay-gradient":""},"tablet":{"background-color":"","background-image":"","background-repeat":"repeat","background-position":"center center","background-size":"auto","background-attachment":"scroll","background-type":"","background-media":"","overlay-type":"","overlay-color":"","overlay-opacity":"","overlay-gradient":""},"mobile":{"background-color":"","background-image":"","background-repeat":"repeat","background-position":"center center","background-size":"auto","background-attachment":"scroll","background-type":"","background-media":"","overlay-type":"","overlay-color":"","overlay-opacity":"","overlay-gradient":""}},"ast-content-background-meta":{"desktop":{"background-color":"var(--ast-global-color-4)","background-image":"","background-repeat":"repeat","background-position":"center center","background-size":"auto","background-attachment":"scroll","background-type":"","background-media":"","overlay-type":"","overlay-color":"","overlay-opacity":"","overlay-gradient":""},"tablet":{"background-color":"var(--ast-global-color-4)","background-image":"","background-repeat":"repeat","background-position":"center center","background-size":"auto","background-attachment":"scroll","background-type":"","background-media":"","overlay-type":"","overlay-color":"","overlay-opacity":"","overlay-gradient":""},"mobile":{"background-color":"var(--ast-global-color-4)","background-image":"","background-repeat":"repeat","background-position":"center center","background-size":"auto","background-attachment":"scroll","background-type":"","background-media":"","overlay-type":"","overlay-color":"","overlay-opacity":"","overlay-gradient":""}},"footnotes":""},"categories":[1],"tags":[],"class_list":["post-52221","post","type-post","status-publish","format-standard","hentry","category-sem-categoria"],"yoast_head":"<!-- This site is optimized with the Yoast SEO plugin v26.6 - https:\/\/yoast.com\/wordpress\/plugins\/seo\/ -->\n<title>C\u00e9zar Bombeiro socializa com a comunidade proposi\u00e7\u00f5es que fez \u00e0 C\u00e2mara em favor da Liberdade - Daniel Matos<\/title>\n<meta name=\"robots\" content=\"index, follow, max-snippet:-1, max-image-preview:large, max-video-preview:-1\" \/>\n<link rel=\"canonical\" href=\"https:\/\/www.blogsoestado.com\/danielmatos\/cezar-bombeiro-socializa-com-a-comunidade-proposicoes-que-fez-a-camara-em-favor-da-liberdade\/\" \/>\n<meta property=\"og:locale\" content=\"pt_BR\" \/>\n<meta property=\"og:type\" content=\"article\" \/>\n<meta property=\"og:title\" content=\"C\u00e9zar Bombeiro socializa com a comunidade proposi\u00e7\u00f5es que fez \u00e0 C\u00e2mara em favor da Liberdade - Daniel Matos\" \/>\n<meta property=\"og:description\" content=\"O vereador C\u00e9zar Bombeiro (PSD) decidiu socializar seus requerimentos e indica\u00e7\u00f5es feitas na sua atua\u00e7\u00e3o parlamentar no legislativo municipal. Para [&hellip;]\" \/>\n<meta property=\"og:url\" content=\"https:\/\/www.blogsoestado.com\/danielmatos\/cezar-bombeiro-socializa-com-a-comunidade-proposicoes-que-fez-a-camara-em-favor-da-liberdade\/\" \/>\n<meta property=\"og:site_name\" content=\"Daniel Matos\" \/>\n<meta property=\"article:published_time\" content=\"2018-06-12T15:16:01+00:00\" \/>\n<meta property=\"og:image\" content=\"https:\/\/www.blogsoestado.com\/danielmatos\/files\/2018\/06\/bombeiro-socializa.jpg\" \/>\n<meta name=\"twitter:card\" content=\"summary_large_image\" \/>\n<meta name=\"twitter:label1\" content=\"Est. tempo de leitura\" \/>\n\t<meta name=\"twitter:data1\" content=\"2 minutos\" \/>\n<script type=\"application\/ld+json\" class=\"yoast-schema-graph\">{\"@context\":\"https:\/\/schema.org\",\"@graph\":[{\"@type\":\"WebPage\",\"@id\":\"https:\/\/www.blogsoestado.com\/danielmatos\/cezar-bombeiro-socializa-com-a-comunidade-proposicoes-que-fez-a-camara-em-favor-da-liberdade\/\",\"url\":\"https:\/\/www.blogsoestado.com\/danielmatos\/cezar-bombeiro-socializa-com-a-comunidade-proposicoes-que-fez-a-camara-em-favor-da-liberdade\/\",\"name\":\"C\u00e9zar Bombeiro socializa com a comunidade proposi\u00e7\u00f5es que fez \u00e0 C\u00e2mara em favor da Liberdade - Daniel Matos\",\"isPartOf\":{\"@id\":\"https:\/\/www.blogsoestado.com\/danielmatos\/#website\"},\"primaryImageOfPage\":{\"@id\":\"https:\/\/www.blogsoestado.com\/danielmatos\/cezar-bombeiro-socializa-com-a-comunidade-proposicoes-que-fez-a-camara-em-favor-da-liberdade\/#primaryimage\"},\"image\":{\"@id\":\"https:\/\/www.blogsoestado.com\/danielmatos\/cezar-bombeiro-socializa-com-a-comunidade-proposicoes-que-fez-a-camara-em-favor-da-liberdade\/#primaryimage\"},\"thumbnailUrl\":\"https:\/\/www.blogsoestado.com\/danielmatos\/files\/2018\/06\/bombeiro-socializa.jpg\",\"datePublished\":\"2018-06-12T15:16:01+00:00\",\"author\":{\"@id\":\"\"},\"breadcrumb\":{\"@id\":\"https:\/\/www.blogsoestado.com\/danielmatos\/cezar-bombeiro-socializa-com-a-comunidade-proposicoes-que-fez-a-camara-em-favor-da-liberdade\/#breadcrumb\"},\"inLanguage\":\"pt-BR\",\"potentialAction\":[{\"@type\":\"ReadAction\",\"target\":[\"https:\/\/www.blogsoestado.com\/danielmatos\/cezar-bombeiro-socializa-com-a-comunidade-proposicoes-que-fez-a-camara-em-favor-da-liberdade\/\"]}]},{\"@type\":\"ImageObject\",\"inLanguage\":\"pt-BR\",\"@id\":\"https:\/\/www.blogsoestado.com\/danielmatos\/cezar-bombeiro-socializa-com-a-comunidade-proposicoes-que-fez-a-camara-em-favor-da-liberdade\/#primaryimage\",\"url\":\"https:\/\/www.blogsoestado.com\/danielmatos\/files\/2018\/06\/bombeiro-socializa.jpg\",\"contentUrl\":\"https:\/\/www.blogsoestado.com\/danielmatos\/files\/2018\/06\/bombeiro-socializa.jpg\"},{\"@type\":\"BreadcrumbList\",\"@id\":\"https:\/\/www.blogsoestado.com\/danielmatos\/cezar-bombeiro-socializa-com-a-comunidade-proposicoes-que-fez-a-camara-em-favor-da-liberdade\/#breadcrumb\",\"itemListElement\":[{\"@type\":\"ListItem\",\"position\":1,\"name\":\"In\u00edcio\",\"item\":\"https:\/\/www.blogsoestado.com\/danielmatos\/\"},{\"@type\":\"ListItem\",\"position\":2,\"name\":\"C\u00e9zar Bombeiro socializa com a comunidade proposi\u00e7\u00f5es que fez \u00e0 C\u00e2mara em favor da Liberdade\"}]},{\"@type\":\"WebSite\",\"@id\":\"https:\/\/www.blogsoestado.com\/danielmatos\/#website\",\"url\":\"https:\/\/www.blogsoestado.com\/danielmatos\/\",\"name\":\"Daniel Matos\",\"description\":\"\",\"potentialAction\":[{\"@type\":\"SearchAction\",\"target\":{\"@type\":\"EntryPoint\",\"urlTemplate\":\"https:\/\/www.blogsoestado.com\/danielmatos\/?s={search_term_string}\"},\"query-input\":{\"@type\":\"PropertyValueSpecification\",\"valueRequired\":true,\"valueName\":\"search_term_string\"}}],\"inLanguage\":\"pt-BR\"}]}<\/script>\n<!-- \/ Yoast SEO plugin. -->","yoast_head_json":{"title":"C\u00e9zar Bombeiro socializa com a comunidade proposi\u00e7\u00f5es que fez \u00e0 C\u00e2mara em favor da Liberdade - Daniel Matos","robots":{"index":"index","follow":"follow","max-snippet":"max-snippet:-1","max-image-preview":"max-image-preview:large","max-video-preview":"max-video-preview:-1"},"canonical":"https:\/\/www.blogsoestado.com\/danielmatos\/cezar-bombeiro-socializa-com-a-comunidade-proposicoes-que-fez-a-camara-em-favor-da-liberdade\/","og_locale":"pt_BR","og_type":"article","og_title":"C\u00e9zar Bombeiro socializa com a comunidade proposi\u00e7\u00f5es que fez \u00e0 C\u00e2mara em favor da Liberdade - Daniel Matos","og_description":"O vereador C\u00e9zar Bombeiro (PSD) decidiu socializar seus requerimentos e indica\u00e7\u00f5es feitas na sua atua\u00e7\u00e3o parlamentar no legislativo municipal. Para [&hellip;]","og_url":"https:\/\/www.blogsoestado.com\/danielmatos\/cezar-bombeiro-socializa-com-a-comunidade-proposicoes-que-fez-a-camara-em-favor-da-liberdade\/","og_site_name":"Daniel Matos","article_published_time":"2018-06-12T15:16:01+00:00","og_image":[{"url":"https:\/\/www.blogsoestado.com\/danielmatos\/files\/2018\/06\/bombeiro-socializa.jpg","type":"","width":"","height":""}],"twitter_card":"summary_large_image","twitter_misc":{"Est. tempo de leitura":"2 minutos"},"schema":{"@context":"https:\/\/schema.org","@graph":[{"@type":"WebPage","@id":"https:\/\/www.blogsoestado.com\/danielmatos\/cezar-bombeiro-socializa-com-a-comunidade-proposicoes-que-fez-a-camara-em-favor-da-liberdade\/","url":"https:\/\/www.blogsoestado.com\/danielmatos\/cezar-bombeiro-socializa-com-a-comunidade-proposicoes-que-fez-a-camara-em-favor-da-liberdade\/","name":"C\u00e9zar Bombeiro socializa com a comunidade proposi\u00e7\u00f5es que fez \u00e0 C\u00e2mara em favor da Liberdade - Daniel Matos","isPartOf":{"@id":"https:\/\/www.blogsoestado.com\/danielmatos\/#website"},"primaryImageOfPage":{"@id":"https:\/\/www.blogsoestado.com\/danielmatos\/cezar-bombeiro-socializa-com-a-comunidade-proposicoes-que-fez-a-camara-em-favor-da-liberdade\/#primaryimage"},"image":{"@id":"https:\/\/www.blogsoestado.com\/danielmatos\/cezar-bombeiro-socializa-com-a-comunidade-proposicoes-que-fez-a-camara-em-favor-da-liberdade\/#primaryimage"},"thumbnailUrl":"https:\/\/www.blogsoestado.com\/danielmatos\/files\/2018\/06\/bombeiro-socializa.jpg","datePublished":"2018-06-12T15:16:01+00:00","author":{"@id":""},"breadcrumb":{"@id":"https:\/\/www.blogsoestado.com\/danielmatos\/cezar-bombeiro-socializa-com-a-comunidade-proposicoes-que-fez-a-camara-em-favor-da-liberdade\/#breadcrumb"},"inLanguage":"pt-BR","potentialAction":[{"@type":"ReadAction","target":["https:\/\/www.blogsoestado.com\/danielmatos\/cezar-bombeiro-socializa-com-a-comunidade-proposicoes-que-fez-a-camara-em-favor-da-liberdade\/"]}]},{"@type":"ImageObject","inLanguage":"pt-BR","@id":"https:\/\/www.blogsoestado.com\/danielmatos\/cezar-bombeiro-socializa-com-a-comunidade-proposicoes-que-fez-a-camara-em-favor-da-liberdade\/#primaryimage","url":"https:\/\/www.blogsoestado.com\/danielmatos\/files\/2018\/06\/bombeiro-socializa.jpg","contentUrl":"https:\/\/www.blogsoestado.com\/danielmatos\/files\/2018\/06\/bombeiro-socializa.jpg"},{"@type":"BreadcrumbList","@id":"https:\/\/www.blogsoestado.com\/danielmatos\/cezar-bombeiro-socializa-com-a-comunidade-proposicoes-que-fez-a-camara-em-favor-da-liberdade\/#breadcrumb","itemListElement":[{"@type":"ListItem","position":1,"name":"In\u00edcio","item":"https:\/\/www.blogsoestado.com\/danielmatos\/"},{"@type":"ListItem","position":2,"name":"C\u00e9zar Bombeiro socializa com a comunidade proposi\u00e7\u00f5es que fez \u00e0 C\u00e2mara em favor da Liberdade"}]},{"@type":"WebSite","@id":"https:\/\/www.blogsoestado.com\/danielmatos\/#website","url":"https:\/\/www.blogsoestado.com\/danielmatos\/","name":"Daniel Matos","description":"","potentialAction":[{"@type":"SearchAction","target":{"@type":"EntryPoint","urlTemplate":"https:\/\/www.blogsoestado.com\/danielmatos\/?s={search_term_string}"},"query-input":{"@type":"PropertyValueSpecification","valueRequired":true,"valueName":"search_term_string"}}],"inLanguage":"pt-BR"}]}},"jetpack_featured_media_url":"","_links":{"self":[{"href":"https:\/\/www.blogsoestado.com\/danielmatos\/wp-json\/wp\/v2\/posts\/52221","targetHints":{"allow":["GET"]}}],"collection":[{"href":"https:\/\/www.blogsoestado.com\/danielmatos\/wp-json\/wp\/v2\/posts"}],"about":[{"href":"https:\/\/www.blogsoestado.com\/danielmatos\/wp-json\/wp\/v2\/types\/post"}],"replies":[{"embeddable":true,"href":"https:\/\/www.blogsoestado.com\/danielmatos\/wp-json\/wp\/v2\/comments?post=52221"}],"version-history":[{"count":0,"href":"https:\/\/www.blogsoestado.com\/danielmatos\/wp-json\/wp\/v2\/posts\/52221\/revisions"}],"wp:attachment":[{"href":"https:\/\/www.blogsoestado.com\/danielmatos\/wp-json\/wp\/v2\/media?parent=52221"}],"wp:term":[{"taxonomy":"category","embeddable":true,"href":"https:\/\/www.blogsoestado.com\/danielmatos\/wp-json\/wp\/v2\/categories?post=52221"},{"taxonomy":"post_tag","embeddable":true,"href":"https:\/\/www.blogsoestado.com\/danielmatos\/wp-json\/wp\/v2\/tags?post=52221"}],"curies":[{"name":"wp","href":"https:\/\/api.w.org\/{rel}","templated":true}]}}