{"id":52226,"date":"2018-06-12T17:16:23","date_gmt":"2018-06-12T20:16:23","guid":{"rendered":"https:\/\/www.blogsoestado.com\/danielmatos\/?p=52226"},"modified":"2018-06-12T17:16:23","modified_gmt":"2018-06-12T20:16:23","slug":"decreto-da-prefeitura-proibe-comercializacao-de-bebidas-em-garrafas-de-vidro-durante-o-sao-joao","status":"publish","type":"post","link":"https:\/\/www.blogsoestado.com\/danielmatos\/decreto-da-prefeitura-proibe-comercializacao-de-bebidas-em-garrafas-de-vidro-durante-o-sao-joao\/","title":{"rendered":"Decreto da Prefeitura pro\u00edbe comercializa\u00e7\u00e3o de bebidas em garrafas de vidro durante o S\u00e3o Jo\u00e3o"},"content":{"rendered":"<h2><span style=\"color: #ff0000;\">Medida visa garantir a seguran\u00e7a da popula\u00e7\u00e3o durante o S\u00e3o Jo\u00e3o de Todos, promovido pela Prefeitura de S\u00e3o Lu\u00eds e Governo do Estado; decreto se destina a venda em estabelecimentos informais<\/span><\/h2>\n<figure id=\"attachment_52227\" aria-describedby=\"caption-attachment-52227\" style=\"width: 665px\" class=\"wp-caption aligncenter\"><img fetchpriority=\"high\" decoding=\"async\" class=\"size-full wp-image-52227\" src=\"https:\/\/www.blogsoestado.com\/danielmatos\/files\/2018\/06\/vidro-sao-joao.jpg\" alt=\"\" width=\"665\" height=\"444\" \/><figcaption id=\"caption-attachment-52227\" class=\"wp-caption-text\">Vig\u00eancia do decreto se estender\u00e1 at\u00e9 o dia 1\u00ba de julho, quando terminar\u00e1 a programa\u00e7\u00e3o do S\u00e3o Jo\u00e3o de Todos 2018<\/figcaption><\/figure>\n<p>Decreto se estende at\u00e9 o dia 1\u00ba de julho, quando termina o S\u00e3o Jo\u00e3o de Todos 2018<br \/>\nA Prefeitura de S\u00e3o Lu\u00eds, por meio do Decreto n\u00ba 50.810, determinou a proibi\u00e7\u00e3o da venda de bebidas alco\u00f3licas e n\u00e3o alco\u00f3licas em garrafas e recipientes de vidro por vendedores ambulantes, estabelecimentos informais. O decreto \u00e9 v\u00e1lido at\u00e9 o dia 1\u00ba de julho, entre as 18h e 2h. A medida visa garantir a seguran\u00e7a da popula\u00e7\u00e3o durante o S\u00e3o Jo\u00e3o de Todos, promovido pela Prefeitura de S\u00e3o Lu\u00eds e pelo Governo do Estado.<\/p>\n<p>O secret\u00e1rio municipal de Cultura, Marlon Bot\u00e3o, destaca que a medida \u00e9 necess\u00e1ria para garantir a seguran\u00e7a de todos, trabalhadores e o p\u00fablico. &#8220;A Prefeitura decreta em todos os eventos que realiza esta proibi\u00e7\u00e3o, e no S\u00e3o Jo\u00e3o de Todos 2018 n\u00e3o ser\u00e1 diferente. O objetivo \u00e9 garantir a seguran\u00e7a nas festividades juninas. Esperamos um p\u00fablico grandioso e queremos que todos possam aproveitar da melhor maneira. Isso demonstra a precau\u00e7\u00e3o da gest\u00e3o do prefeito Edivaldo na preven\u00e7\u00e3o de acidentes durante o per\u00edodo junino&#8221;, diz o secret\u00e1rio.<\/p>\n<p>A medida visa ainda colaborar com o trabalho da Pol\u00edcia Militar, que estar\u00e1 atuando durante as festividades, na preven\u00e7\u00e3o de ocorr\u00eancias onde este tipo de material possa ser utilizado como arma. O decreto determina tamb\u00e9m a interdi\u00e7\u00e3o imediata e apreens\u00e3o das mercadorias nos pontos de venda que estiverem descumprindo as normas estabelecidas pelo poder p\u00fablico municipal.<\/p>\n<p>O servi\u00e7o de fiscaliza\u00e7\u00e3o contar\u00e1 com a atua\u00e7\u00e3o da Blitz Urbana, \u00f3rg\u00e3o ligado \u00e0 Secretaria Municipal de Urbanismo e Habita\u00e7\u00e3o (Semurh), que tamb\u00e9m acompanhar\u00e1 o trabalho do com\u00e9rcio informal, especialmente dos vendedores ambulantes cadastrados para a venda no entorno da Pra\u00e7a Maria Arag\u00e3o. &#8220;Esse \u00e9 um trabalho recorrente. A inten\u00e7\u00e3o do poder p\u00fablico \u00e9 garantir a tranquilidade das festas juninas, trabalhando conjuntamente em prol dos cidad\u00e3os&#8221;, ressalta o diretor da Blitz Urbana, Joaquim Azambuja.<\/p>\n<p><strong>FISCALIZA\u00c7\u00c3O DE ALIMENTOS<\/strong><\/p>\n<p>A Prefeitura de S\u00e3o Lu\u00eds, por meio da Vigil\u00e2ncia Sanit\u00e1ria, realizou capacita\u00e7\u00e3o sobre Boas Pr\u00e1ticas de Manipula\u00e7\u00e3o de Alimentos para os ambulantes cadastrados para trabalhar durante o S\u00e3o Jo\u00e3o. Na capacita\u00e7\u00e3o foram abordados assuntos como os tipos de alimentos permitidos para comercializa\u00e7\u00e3o, as formas corretas de armazenamento e manipula\u00e7\u00e3o, aquisi\u00e7\u00e3o e validade dos produtos e o vestu\u00e1rio adequado.<\/p>\n<p>Equipes da Prefeitura de S\u00e3o Lu\u00eds, por meio da Secretaria Municipal de Sa\u00fade (Semus), ir\u00e3o fiscalizar durante as festas os produtos disponibilizados \u00e0 popula\u00e7\u00e3o, principalmente, em rela\u00e7\u00e3o \u00e0 manipula\u00e7\u00e3o de alimentos servidos pelos ambulantes que estar\u00e3o trabalhando na Pra\u00e7a Maria Arag\u00e3o.<\/p>\n<p><strong>Fonte:<\/strong> Secretaria Municipal de Comunica\u00e7\u00e3o (Secom)<\/p>\n","protected":false},"excerpt":{"rendered":"<p>Medida visa garantir a seguran\u00e7a da popula\u00e7\u00e3o durante o S\u00e3o Jo\u00e3o de Todos, promovido pela Prefeitura de S\u00e3o Lu\u00eds e [&hellip;]<\/p>\n","protected":false},"author":0,"featured_media":0,"comment_status":"open","ping_status":"open","sticky":false,"template":"","format":"standard","meta":{"site-sidebar-layout":"default","site-content-layout":"","ast-site-content-layout":"default","site-content-style":"default","site-sidebar-style":"default","ast-global-header-display":"","ast-banner-title-visibility":"","ast-main-header-display":"","ast-hfb-above-header-display":"","ast-hfb-below-header-display":"","ast-hfb-mobile-header-display":"","site-post-title":"","ast-breadcrumbs-content":"","ast-featured-img":"","footer-sml-layout":"","ast-disable-related-posts":"","theme-transparent-header-meta":"","adv-header-id-meta":"","stick-header-meta":"","header-above-stick-meta":"","header-main-stick-meta":"","header-below-stick-meta":"","astra-migrate-meta-layouts":"default","ast-page-background-enabled":"default","ast-page-background-meta":{"desktop":{"background-color":"var(--ast-global-color-5)","background-image":"","background-repeat":"repeat","background-position":"center center","background-size":"auto","background-attachment":"scroll","background-type":"","background-media":"","overlay-type":"","overlay-color":"","overlay-opacity":"","overlay-gradient":""},"tablet":{"background-color":"","background-image":"","background-repeat":"repeat","background-position":"center center","background-size":"auto","background-attachment":"scroll","background-type":"","background-media":"","overlay-type":"","overlay-color":"","overlay-opacity":"","overlay-gradient":""},"mobile":{"background-color":"","background-image":"","background-repeat":"repeat","background-position":"center center","background-size":"auto","background-attachment":"scroll","background-type":"","background-media":"","overlay-type":"","overlay-color":"","overlay-opacity":"","overlay-gradient":""}},"ast-content-background-meta":{"desktop":{"background-color":"var(--ast-global-color-4)","background-image":"","background-repeat":"repeat","background-position":"center center","background-size":"auto","background-attachment":"scroll","background-type":"","background-media":"","overlay-type":"","overlay-color":"","overlay-opacity":"","overlay-gradient":""},"tablet":{"background-color":"var(--ast-global-color-4)","background-image":"","background-repeat":"repeat","background-position":"center center","background-size":"auto","background-attachment":"scroll","background-type":"","background-media":"","overlay-type":"","overlay-color":"","overlay-opacity":"","overlay-gradient":""},"mobile":{"background-color":"var(--ast-global-color-4)","background-image":"","background-repeat":"repeat","background-position":"center center","background-size":"auto","background-attachment":"scroll","background-type":"","background-media":"","overlay-type":"","overlay-color":"","overlay-opacity":"","overlay-gradient":""}},"footnotes":""},"categories":[1],"tags":[],"class_list":["post-52226","post","type-post","status-publish","format-standard","hentry","category-sem-categoria"],"yoast_head":"<!-- This site is optimized with the Yoast SEO plugin v26.6 - https:\/\/yoast.com\/wordpress\/plugins\/seo\/ -->\n<title>Decreto da Prefeitura pro\u00edbe comercializa\u00e7\u00e3o de bebidas em garrafas de vidro durante o S\u00e3o Jo\u00e3o - Daniel Matos<\/title>\n<meta name=\"robots\" content=\"index, follow, max-snippet:-1, max-image-preview:large, max-video-preview:-1\" \/>\n<link rel=\"canonical\" href=\"https:\/\/www.blogsoestado.com\/danielmatos\/decreto-da-prefeitura-proibe-comercializacao-de-bebidas-em-garrafas-de-vidro-durante-o-sao-joao\/\" \/>\n<meta property=\"og:locale\" content=\"pt_BR\" \/>\n<meta property=\"og:type\" content=\"article\" \/>\n<meta property=\"og:title\" content=\"Decreto da Prefeitura pro\u00edbe comercializa\u00e7\u00e3o de bebidas em garrafas de vidro durante o S\u00e3o Jo\u00e3o - Daniel Matos\" \/>\n<meta property=\"og:description\" content=\"Medida visa garantir a seguran\u00e7a da popula\u00e7\u00e3o durante o S\u00e3o Jo\u00e3o de Todos, promovido pela Prefeitura de S\u00e3o Lu\u00eds e [&hellip;]\" \/>\n<meta property=\"og:url\" content=\"https:\/\/www.blogsoestado.com\/danielmatos\/decreto-da-prefeitura-proibe-comercializacao-de-bebidas-em-garrafas-de-vidro-durante-o-sao-joao\/\" \/>\n<meta property=\"og:site_name\" content=\"Daniel Matos\" \/>\n<meta property=\"article:published_time\" content=\"2018-06-12T20:16:23+00:00\" \/>\n<meta property=\"og:image\" content=\"https:\/\/www.blogsoestado.com\/danielmatos\/files\/2018\/06\/vidro-sao-joao.jpg\" \/>\n<meta name=\"twitter:card\" content=\"summary_large_image\" \/>\n<meta name=\"twitter:label1\" content=\"Est. tempo de leitura\" \/>\n\t<meta name=\"twitter:data1\" content=\"3 minutos\" \/>\n<script type=\"application\/ld+json\" class=\"yoast-schema-graph\">{\"@context\":\"https:\/\/schema.org\",\"@graph\":[{\"@type\":\"WebPage\",\"@id\":\"https:\/\/www.blogsoestado.com\/danielmatos\/decreto-da-prefeitura-proibe-comercializacao-de-bebidas-em-garrafas-de-vidro-durante-o-sao-joao\/\",\"url\":\"https:\/\/www.blogsoestado.com\/danielmatos\/decreto-da-prefeitura-proibe-comercializacao-de-bebidas-em-garrafas-de-vidro-durante-o-sao-joao\/\",\"name\":\"Decreto da Prefeitura pro\u00edbe comercializa\u00e7\u00e3o de bebidas em garrafas de vidro durante o S\u00e3o Jo\u00e3o - Daniel Matos\",\"isPartOf\":{\"@id\":\"https:\/\/www.blogsoestado.com\/danielmatos\/#website\"},\"primaryImageOfPage\":{\"@id\":\"https:\/\/www.blogsoestado.com\/danielmatos\/decreto-da-prefeitura-proibe-comercializacao-de-bebidas-em-garrafas-de-vidro-durante-o-sao-joao\/#primaryimage\"},\"image\":{\"@id\":\"https:\/\/www.blogsoestado.com\/danielmatos\/decreto-da-prefeitura-proibe-comercializacao-de-bebidas-em-garrafas-de-vidro-durante-o-sao-joao\/#primaryimage\"},\"thumbnailUrl\":\"https:\/\/www.blogsoestado.com\/danielmatos\/files\/2018\/06\/vidro-sao-joao.jpg\",\"datePublished\":\"2018-06-12T20:16:23+00:00\",\"author\":{\"@id\":\"\"},\"breadcrumb\":{\"@id\":\"https:\/\/www.blogsoestado.com\/danielmatos\/decreto-da-prefeitura-proibe-comercializacao-de-bebidas-em-garrafas-de-vidro-durante-o-sao-joao\/#breadcrumb\"},\"inLanguage\":\"pt-BR\",\"potentialAction\":[{\"@type\":\"ReadAction\",\"target\":[\"https:\/\/www.blogsoestado.com\/danielmatos\/decreto-da-prefeitura-proibe-comercializacao-de-bebidas-em-garrafas-de-vidro-durante-o-sao-joao\/\"]}]},{\"@type\":\"ImageObject\",\"inLanguage\":\"pt-BR\",\"@id\":\"https:\/\/www.blogsoestado.com\/danielmatos\/decreto-da-prefeitura-proibe-comercializacao-de-bebidas-em-garrafas-de-vidro-durante-o-sao-joao\/#primaryimage\",\"url\":\"https:\/\/www.blogsoestado.com\/danielmatos\/files\/2018\/06\/vidro-sao-joao.jpg\",\"contentUrl\":\"https:\/\/www.blogsoestado.com\/danielmatos\/files\/2018\/06\/vidro-sao-joao.jpg\"},{\"@type\":\"BreadcrumbList\",\"@id\":\"https:\/\/www.blogsoestado.com\/danielmatos\/decreto-da-prefeitura-proibe-comercializacao-de-bebidas-em-garrafas-de-vidro-durante-o-sao-joao\/#breadcrumb\",\"itemListElement\":[{\"@type\":\"ListItem\",\"position\":1,\"name\":\"In\u00edcio\",\"item\":\"https:\/\/www.blogsoestado.com\/danielmatos\/\"},{\"@type\":\"ListItem\",\"position\":2,\"name\":\"Decreto da Prefeitura pro\u00edbe comercializa\u00e7\u00e3o de bebidas em garrafas de vidro durante o S\u00e3o Jo\u00e3o\"}]},{\"@type\":\"WebSite\",\"@id\":\"https:\/\/www.blogsoestado.com\/danielmatos\/#website\",\"url\":\"https:\/\/www.blogsoestado.com\/danielmatos\/\",\"name\":\"Daniel Matos\",\"description\":\"\",\"potentialAction\":[{\"@type\":\"SearchAction\",\"target\":{\"@type\":\"EntryPoint\",\"urlTemplate\":\"https:\/\/www.blogsoestado.com\/danielmatos\/?s={search_term_string}\"},\"query-input\":{\"@type\":\"PropertyValueSpecification\",\"valueRequired\":true,\"valueName\":\"search_term_string\"}}],\"inLanguage\":\"pt-BR\"}]}<\/script>\n<!-- \/ Yoast SEO plugin. -->","yoast_head_json":{"title":"Decreto da Prefeitura pro\u00edbe comercializa\u00e7\u00e3o de bebidas em garrafas de vidro durante o S\u00e3o Jo\u00e3o - Daniel Matos","robots":{"index":"index","follow":"follow","max-snippet":"max-snippet:-1","max-image-preview":"max-image-preview:large","max-video-preview":"max-video-preview:-1"},"canonical":"https:\/\/www.blogsoestado.com\/danielmatos\/decreto-da-prefeitura-proibe-comercializacao-de-bebidas-em-garrafas-de-vidro-durante-o-sao-joao\/","og_locale":"pt_BR","og_type":"article","og_title":"Decreto da Prefeitura pro\u00edbe comercializa\u00e7\u00e3o de bebidas em garrafas de vidro durante o S\u00e3o Jo\u00e3o - Daniel Matos","og_description":"Medida visa garantir a seguran\u00e7a da popula\u00e7\u00e3o durante o S\u00e3o Jo\u00e3o de Todos, promovido pela Prefeitura de S\u00e3o Lu\u00eds e [&hellip;]","og_url":"https:\/\/www.blogsoestado.com\/danielmatos\/decreto-da-prefeitura-proibe-comercializacao-de-bebidas-em-garrafas-de-vidro-durante-o-sao-joao\/","og_site_name":"Daniel Matos","article_published_time":"2018-06-12T20:16:23+00:00","og_image":[{"url":"https:\/\/www.blogsoestado.com\/danielmatos\/files\/2018\/06\/vidro-sao-joao.jpg","type":"","width":"","height":""}],"twitter_card":"summary_large_image","twitter_misc":{"Est. tempo de leitura":"3 minutos"},"schema":{"@context":"https:\/\/schema.org","@graph":[{"@type":"WebPage","@id":"https:\/\/www.blogsoestado.com\/danielmatos\/decreto-da-prefeitura-proibe-comercializacao-de-bebidas-em-garrafas-de-vidro-durante-o-sao-joao\/","url":"https:\/\/www.blogsoestado.com\/danielmatos\/decreto-da-prefeitura-proibe-comercializacao-de-bebidas-em-garrafas-de-vidro-durante-o-sao-joao\/","name":"Decreto da Prefeitura pro\u00edbe comercializa\u00e7\u00e3o de bebidas em garrafas de vidro durante o S\u00e3o Jo\u00e3o - Daniel Matos","isPartOf":{"@id":"https:\/\/www.blogsoestado.com\/danielmatos\/#website"},"primaryImageOfPage":{"@id":"https:\/\/www.blogsoestado.com\/danielmatos\/decreto-da-prefeitura-proibe-comercializacao-de-bebidas-em-garrafas-de-vidro-durante-o-sao-joao\/#primaryimage"},"image":{"@id":"https:\/\/www.blogsoestado.com\/danielmatos\/decreto-da-prefeitura-proibe-comercializacao-de-bebidas-em-garrafas-de-vidro-durante-o-sao-joao\/#primaryimage"},"thumbnailUrl":"https:\/\/www.blogsoestado.com\/danielmatos\/files\/2018\/06\/vidro-sao-joao.jpg","datePublished":"2018-06-12T20:16:23+00:00","author":{"@id":""},"breadcrumb":{"@id":"https:\/\/www.blogsoestado.com\/danielmatos\/decreto-da-prefeitura-proibe-comercializacao-de-bebidas-em-garrafas-de-vidro-durante-o-sao-joao\/#breadcrumb"},"inLanguage":"pt-BR","potentialAction":[{"@type":"ReadAction","target":["https:\/\/www.blogsoestado.com\/danielmatos\/decreto-da-prefeitura-proibe-comercializacao-de-bebidas-em-garrafas-de-vidro-durante-o-sao-joao\/"]}]},{"@type":"ImageObject","inLanguage":"pt-BR","@id":"https:\/\/www.blogsoestado.com\/danielmatos\/decreto-da-prefeitura-proibe-comercializacao-de-bebidas-em-garrafas-de-vidro-durante-o-sao-joao\/#primaryimage","url":"https:\/\/www.blogsoestado.com\/danielmatos\/files\/2018\/06\/vidro-sao-joao.jpg","contentUrl":"https:\/\/www.blogsoestado.com\/danielmatos\/files\/2018\/06\/vidro-sao-joao.jpg"},{"@type":"BreadcrumbList","@id":"https:\/\/www.blogsoestado.com\/danielmatos\/decreto-da-prefeitura-proibe-comercializacao-de-bebidas-em-garrafas-de-vidro-durante-o-sao-joao\/#breadcrumb","itemListElement":[{"@type":"ListItem","position":1,"name":"In\u00edcio","item":"https:\/\/www.blogsoestado.com\/danielmatos\/"},{"@type":"ListItem","position":2,"name":"Decreto da Prefeitura pro\u00edbe comercializa\u00e7\u00e3o de bebidas em garrafas de vidro durante o S\u00e3o Jo\u00e3o"}]},{"@type":"WebSite","@id":"https:\/\/www.blogsoestado.com\/danielmatos\/#website","url":"https:\/\/www.blogsoestado.com\/danielmatos\/","name":"Daniel Matos","description":"","potentialAction":[{"@type":"SearchAction","target":{"@type":"EntryPoint","urlTemplate":"https:\/\/www.blogsoestado.com\/danielmatos\/?s={search_term_string}"},"query-input":{"@type":"PropertyValueSpecification","valueRequired":true,"valueName":"search_term_string"}}],"inLanguage":"pt-BR"}]}},"jetpack_featured_media_url":"","_links":{"self":[{"href":"https:\/\/www.blogsoestado.com\/danielmatos\/wp-json\/wp\/v2\/posts\/52226","targetHints":{"allow":["GET"]}}],"collection":[{"href":"https:\/\/www.blogsoestado.com\/danielmatos\/wp-json\/wp\/v2\/posts"}],"about":[{"href":"https:\/\/www.blogsoestado.com\/danielmatos\/wp-json\/wp\/v2\/types\/post"}],"replies":[{"embeddable":true,"href":"https:\/\/www.blogsoestado.com\/danielmatos\/wp-json\/wp\/v2\/comments?post=52226"}],"version-history":[{"count":0,"href":"https:\/\/www.blogsoestado.com\/danielmatos\/wp-json\/wp\/v2\/posts\/52226\/revisions"}],"wp:attachment":[{"href":"https:\/\/www.blogsoestado.com\/danielmatos\/wp-json\/wp\/v2\/media?parent=52226"}],"wp:term":[{"taxonomy":"category","embeddable":true,"href":"https:\/\/www.blogsoestado.com\/danielmatos\/wp-json\/wp\/v2\/categories?post=52226"},{"taxonomy":"post_tag","embeddable":true,"href":"https:\/\/www.blogsoestado.com\/danielmatos\/wp-json\/wp\/v2\/tags?post=52226"}],"curies":[{"name":"wp","href":"https:\/\/api.w.org\/{rel}","templated":true}]}}