{"id":52232,"date":"2018-06-12T21:10:17","date_gmt":"2018-06-13T00:10:17","guid":{"rendered":"https:\/\/www.blogsoestado.com\/danielmatos\/?p=52232"},"modified":"2018-06-12T21:10:17","modified_gmt":"2018-06-13T00:10:17","slug":"manifestacao-contra-caos-e-agonia-no-hospital-da-crianca","status":"publish","type":"post","link":"https:\/\/www.blogsoestado.com\/danielmatos\/manifestacao-contra-caos-e-agonia-no-hospital-da-crianca\/","title":{"rendered":"Clamor pelo fim do caos e da agonia no Hospital da Crian\u00e7a"},"content":{"rendered":"<figure id=\"attachment_52240\" aria-describedby=\"caption-attachment-52240\" style=\"width: 548px\" class=\"wp-caption aligncenter\"><img fetchpriority=\"high\" decoding=\"async\" class=\"size-full wp-image-52240\" src=\"https:\/\/www.blogsoestado.com\/danielmatos\/files\/2018\/06\/IMG-20180612-WA00142.jpg\" alt=\"\" width=\"548\" height=\"514\" \/><figcaption id=\"caption-attachment-52240\" class=\"wp-caption-text\">Manifestantes clamaram pelo fim do caos e da agonia no Hospital da Crian\u00e7a<\/figcaption><\/figure>\n<p>Manifestantes vestidos de jalecos, empurrando carrinhos de beb\u00ea e empunhando faixas e cartazes, foram as ruas, na tarde desta ter\u00e7a-feira (12), para protestar contra o atendimento prec\u00e1rio que, segundo eles, est\u00e1 sendo prestado pelo Hospital da Crian\u00e7a Odorico Amaral de Mattos, na Alemanha, e para clamar por melhorias na unidade hospitalar. Revoltado, o grupo alertou a sociedade para o que chamam de caos e agonia dos pacientes infantis cujos pais procuram assist\u00eancia na unidade de sa\u00fade, mantida pela Prefeitura de S\u00e3o Lu\u00eds.<\/p>\n<p>O manifesto aconteceu no trecho da Avenida dos Franceses em frente ao hospital e deixou o tr\u00e2nsito congestionado em \u00e1reas como Centro, Camboa, Vila Palmeira e at\u00e9 na Via Expressa, cujo tr\u00e1fego flui para toda a regi\u00e3o citada.<\/p>\n<p>Uma das faixas continha o seguinte apelo: &#8220;O Hospital da Crian\u00e7a est\u00e1 um caos. Crian\u00e7as agonizam em corredores. Pedimos socorro&#8221;. Junto \u00e0 mesma faixa, um cartaz exibia uma mensagem que refor\u00e7ava o clamor: &#8220;Tratamento digno j\u00e1!&#8221;.<\/p>\n<p>A mobiliza\u00e7\u00e3o chamou a aten\u00e7\u00e3o de quem passava pelo local e muitas pessoas se solidarizaram ao drama de pais e filhos que t\u00eam sofrido com a desassist\u00eancia no Hospital da Crian\u00e7a.<\/p>\n<p><strong>Resposta<\/strong><\/p>\n<p>Incomodado com o protesto, o secret\u00e1rio municipal de Sa\u00fade da capital, Lula Fylho, pronunciou-se sobre o epis\u00f3dio nas redes redes sociais e, posteriormente, em um programa de r\u00e1dio, ao vivo. O gestor classificou o ato como pol\u00edtico, t\u00edpico do per\u00edodo eleitoral &#8211; embora o pleito deste ano n\u00e3o seja voltado \u00e0 escolha de prefeito e vice-prefeito. Ainda segundo o gestor, um levantamento feito pela Semus n\u00e3o identificou nenhum servidor do Hospital da Crian\u00e7a entre os manifestantes, que cal\u00e7avam chinelo, em total desacordo com as normas de sa\u00fade.<\/p>\n<p>Afirmou, tamb\u00e9m, Lula Fylho que tem comparecido diariamente \u00e0 unidade de sa\u00fade pedi\u00e1trica para acompanhar a rotina de consultas, exames e outros procedimentos e orientar a dire\u00e7\u00e3o do hospital a promover melhorias na assist\u00eancia aos pacientes. Revelou que recentemente se reuniu com representantes do Minist\u00e9rio P\u00fablico e da Defensoria P\u00fablica para discutir medidas que levem \u00e0 otimiza\u00e7\u00e3o do atendimento \u00e0s crian\u00e7as.<\/p>\n<p>De acordo com o secret\u00e1rio municipal de Sa\u00fade, o Hospital da Crian\u00e7a registrou aumento do n\u00famero de atendimentos no intervalo de um ano, per\u00edodo que coincide com a sua perman\u00eancia no cargo.<\/p>\n<p>Sobre a reforma e amplia\u00e7\u00e3o do hospital, iniciada h\u00e1 tr\u00eas anos, acelerada na campanha eleitoral de 2016 e praticamente abandonada ap\u00f3s a reelei\u00e7\u00e3o do prefeito Edivaldo Holanda J\u00fanior (PDT), Lula Fylho n\u00e3o fez qualquer men\u00e7\u00e3o.<\/p>\n","protected":false},"excerpt":{"rendered":"<p>Manifestantes vestidos de jalecos, empurrando carrinhos de beb\u00ea e empunhando faixas e cartazes, foram as ruas, na tarde desta ter\u00e7a-feira [&hellip;]<\/p>\n","protected":false},"author":0,"featured_media":0,"comment_status":"open","ping_status":"open","sticky":false,"template":"","format":"standard","meta":{"site-sidebar-layout":"default","site-content-layout":"","ast-site-content-layout":"default","site-content-style":"default","site-sidebar-style":"default","ast-global-header-display":"","ast-banner-title-visibility":"","ast-main-header-display":"","ast-hfb-above-header-display":"","ast-hfb-below-header-display":"","ast-hfb-mobile-header-display":"","site-post-title":"","ast-breadcrumbs-content":"","ast-featured-img":"","footer-sml-layout":"","ast-disable-related-posts":"","theme-transparent-header-meta":"","adv-header-id-meta":"","stick-header-meta":"","header-above-stick-meta":"","header-main-stick-meta":"","header-below-stick-meta":"","astra-migrate-meta-layouts":"default","ast-page-background-enabled":"default","ast-page-background-meta":{"desktop":{"background-color":"var(--ast-global-color-5)","background-image":"","background-repeat":"repeat","background-position":"center center","background-size":"auto","background-attachment":"scroll","background-type":"","background-media":"","overlay-type":"","overlay-color":"","overlay-opacity":"","overlay-gradient":""},"tablet":{"background-color":"","background-image":"","background-repeat":"repeat","background-position":"center center","background-size":"auto","background-attachment":"scroll","background-type":"","background-media":"","overlay-type":"","overlay-color":"","overlay-opacity":"","overlay-gradient":""},"mobile":{"background-color":"","background-image":"","background-repeat":"repeat","background-position":"center center","background-size":"auto","background-attachment":"scroll","background-type":"","background-media":"","overlay-type":"","overlay-color":"","overlay-opacity":"","overlay-gradient":""}},"ast-content-background-meta":{"desktop":{"background-color":"var(--ast-global-color-4)","background-image":"","background-repeat":"repeat","background-position":"center center","background-size":"auto","background-attachment":"scroll","background-type":"","background-media":"","overlay-type":"","overlay-color":"","overlay-opacity":"","overlay-gradient":""},"tablet":{"background-color":"var(--ast-global-color-4)","background-image":"","background-repeat":"repeat","background-position":"center center","background-size":"auto","background-attachment":"scroll","background-type":"","background-media":"","overlay-type":"","overlay-color":"","overlay-opacity":"","overlay-gradient":""},"mobile":{"background-color":"var(--ast-global-color-4)","background-image":"","background-repeat":"repeat","background-position":"center center","background-size":"auto","background-attachment":"scroll","background-type":"","background-media":"","overlay-type":"","overlay-color":"","overlay-opacity":"","overlay-gradient":""}},"footnotes":""},"categories":[1],"tags":[],"class_list":["post-52232","post","type-post","status-publish","format-standard","hentry","category-sem-categoria"],"yoast_head":"<!-- This site is optimized with the Yoast SEO plugin v26.6 - https:\/\/yoast.com\/wordpress\/plugins\/seo\/ -->\n<title>Clamor pelo fim do caos e da agonia no Hospital da Crian\u00e7a - Daniel Matos<\/title>\n<meta name=\"robots\" content=\"index, follow, max-snippet:-1, max-image-preview:large, max-video-preview:-1\" \/>\n<link rel=\"canonical\" href=\"https:\/\/www.blogsoestado.com\/danielmatos\/manifestacao-contra-caos-e-agonia-no-hospital-da-crianca\/\" \/>\n<meta property=\"og:locale\" content=\"pt_BR\" \/>\n<meta property=\"og:type\" content=\"article\" \/>\n<meta property=\"og:title\" content=\"Clamor pelo fim do caos e da agonia no Hospital da Crian\u00e7a - Daniel Matos\" \/>\n<meta property=\"og:description\" content=\"Manifestantes vestidos de jalecos, empurrando carrinhos de beb\u00ea e empunhando faixas e cartazes, foram as ruas, na tarde desta ter\u00e7a-feira [&hellip;]\" \/>\n<meta property=\"og:url\" content=\"https:\/\/www.blogsoestado.com\/danielmatos\/manifestacao-contra-caos-e-agonia-no-hospital-da-crianca\/\" \/>\n<meta property=\"og:site_name\" content=\"Daniel Matos\" \/>\n<meta property=\"article:published_time\" content=\"2018-06-13T00:10:17+00:00\" \/>\n<meta property=\"og:image\" content=\"https:\/\/www.blogsoestado.com\/danielmatos\/files\/2018\/06\/IMG-20180612-WA00142.jpg\" \/>\n<meta name=\"twitter:card\" content=\"summary_large_image\" \/>\n<meta name=\"twitter:label1\" content=\"Est. tempo de leitura\" \/>\n\t<meta name=\"twitter:data1\" content=\"2 minutos\" \/>\n<script type=\"application\/ld+json\" class=\"yoast-schema-graph\">{\"@context\":\"https:\/\/schema.org\",\"@graph\":[{\"@type\":\"WebPage\",\"@id\":\"https:\/\/www.blogsoestado.com\/danielmatos\/manifestacao-contra-caos-e-agonia-no-hospital-da-crianca\/\",\"url\":\"https:\/\/www.blogsoestado.com\/danielmatos\/manifestacao-contra-caos-e-agonia-no-hospital-da-crianca\/\",\"name\":\"Clamor pelo fim do caos e da agonia no Hospital da Crian\u00e7a - Daniel Matos\",\"isPartOf\":{\"@id\":\"https:\/\/www.blogsoestado.com\/danielmatos\/#website\"},\"primaryImageOfPage\":{\"@id\":\"https:\/\/www.blogsoestado.com\/danielmatos\/manifestacao-contra-caos-e-agonia-no-hospital-da-crianca\/#primaryimage\"},\"image\":{\"@id\":\"https:\/\/www.blogsoestado.com\/danielmatos\/manifestacao-contra-caos-e-agonia-no-hospital-da-crianca\/#primaryimage\"},\"thumbnailUrl\":\"https:\/\/www.blogsoestado.com\/danielmatos\/files\/2018\/06\/IMG-20180612-WA00142.jpg\",\"datePublished\":\"2018-06-13T00:10:17+00:00\",\"author\":{\"@id\":\"\"},\"breadcrumb\":{\"@id\":\"https:\/\/www.blogsoestado.com\/danielmatos\/manifestacao-contra-caos-e-agonia-no-hospital-da-crianca\/#breadcrumb\"},\"inLanguage\":\"pt-BR\",\"potentialAction\":[{\"@type\":\"ReadAction\",\"target\":[\"https:\/\/www.blogsoestado.com\/danielmatos\/manifestacao-contra-caos-e-agonia-no-hospital-da-crianca\/\"]}]},{\"@type\":\"ImageObject\",\"inLanguage\":\"pt-BR\",\"@id\":\"https:\/\/www.blogsoestado.com\/danielmatos\/manifestacao-contra-caos-e-agonia-no-hospital-da-crianca\/#primaryimage\",\"url\":\"https:\/\/www.blogsoestado.com\/danielmatos\/files\/2018\/06\/IMG-20180612-WA00142.jpg\",\"contentUrl\":\"https:\/\/www.blogsoestado.com\/danielmatos\/files\/2018\/06\/IMG-20180612-WA00142.jpg\"},{\"@type\":\"BreadcrumbList\",\"@id\":\"https:\/\/www.blogsoestado.com\/danielmatos\/manifestacao-contra-caos-e-agonia-no-hospital-da-crianca\/#breadcrumb\",\"itemListElement\":[{\"@type\":\"ListItem\",\"position\":1,\"name\":\"In\u00edcio\",\"item\":\"https:\/\/www.blogsoestado.com\/danielmatos\/\"},{\"@type\":\"ListItem\",\"position\":2,\"name\":\"Clamor pelo fim do caos e da agonia no Hospital da Crian\u00e7a\"}]},{\"@type\":\"WebSite\",\"@id\":\"https:\/\/www.blogsoestado.com\/danielmatos\/#website\",\"url\":\"https:\/\/www.blogsoestado.com\/danielmatos\/\",\"name\":\"Daniel Matos\",\"description\":\"\",\"potentialAction\":[{\"@type\":\"SearchAction\",\"target\":{\"@type\":\"EntryPoint\",\"urlTemplate\":\"https:\/\/www.blogsoestado.com\/danielmatos\/?s={search_term_string}\"},\"query-input\":{\"@type\":\"PropertyValueSpecification\",\"valueRequired\":true,\"valueName\":\"search_term_string\"}}],\"inLanguage\":\"pt-BR\"}]}<\/script>\n<!-- \/ Yoast SEO plugin. -->","yoast_head_json":{"title":"Clamor pelo fim do caos e da agonia no Hospital da Crian\u00e7a - Daniel Matos","robots":{"index":"index","follow":"follow","max-snippet":"max-snippet:-1","max-image-preview":"max-image-preview:large","max-video-preview":"max-video-preview:-1"},"canonical":"https:\/\/www.blogsoestado.com\/danielmatos\/manifestacao-contra-caos-e-agonia-no-hospital-da-crianca\/","og_locale":"pt_BR","og_type":"article","og_title":"Clamor pelo fim do caos e da agonia no Hospital da Crian\u00e7a - Daniel Matos","og_description":"Manifestantes vestidos de jalecos, empurrando carrinhos de beb\u00ea e empunhando faixas e cartazes, foram as ruas, na tarde desta ter\u00e7a-feira [&hellip;]","og_url":"https:\/\/www.blogsoestado.com\/danielmatos\/manifestacao-contra-caos-e-agonia-no-hospital-da-crianca\/","og_site_name":"Daniel Matos","article_published_time":"2018-06-13T00:10:17+00:00","og_image":[{"url":"https:\/\/www.blogsoestado.com\/danielmatos\/files\/2018\/06\/IMG-20180612-WA00142.jpg","type":"","width":"","height":""}],"twitter_card":"summary_large_image","twitter_misc":{"Est. tempo de leitura":"2 minutos"},"schema":{"@context":"https:\/\/schema.org","@graph":[{"@type":"WebPage","@id":"https:\/\/www.blogsoestado.com\/danielmatos\/manifestacao-contra-caos-e-agonia-no-hospital-da-crianca\/","url":"https:\/\/www.blogsoestado.com\/danielmatos\/manifestacao-contra-caos-e-agonia-no-hospital-da-crianca\/","name":"Clamor pelo fim do caos e da agonia no Hospital da Crian\u00e7a - Daniel Matos","isPartOf":{"@id":"https:\/\/www.blogsoestado.com\/danielmatos\/#website"},"primaryImageOfPage":{"@id":"https:\/\/www.blogsoestado.com\/danielmatos\/manifestacao-contra-caos-e-agonia-no-hospital-da-crianca\/#primaryimage"},"image":{"@id":"https:\/\/www.blogsoestado.com\/danielmatos\/manifestacao-contra-caos-e-agonia-no-hospital-da-crianca\/#primaryimage"},"thumbnailUrl":"https:\/\/www.blogsoestado.com\/danielmatos\/files\/2018\/06\/IMG-20180612-WA00142.jpg","datePublished":"2018-06-13T00:10:17+00:00","author":{"@id":""},"breadcrumb":{"@id":"https:\/\/www.blogsoestado.com\/danielmatos\/manifestacao-contra-caos-e-agonia-no-hospital-da-crianca\/#breadcrumb"},"inLanguage":"pt-BR","potentialAction":[{"@type":"ReadAction","target":["https:\/\/www.blogsoestado.com\/danielmatos\/manifestacao-contra-caos-e-agonia-no-hospital-da-crianca\/"]}]},{"@type":"ImageObject","inLanguage":"pt-BR","@id":"https:\/\/www.blogsoestado.com\/danielmatos\/manifestacao-contra-caos-e-agonia-no-hospital-da-crianca\/#primaryimage","url":"https:\/\/www.blogsoestado.com\/danielmatos\/files\/2018\/06\/IMG-20180612-WA00142.jpg","contentUrl":"https:\/\/www.blogsoestado.com\/danielmatos\/files\/2018\/06\/IMG-20180612-WA00142.jpg"},{"@type":"BreadcrumbList","@id":"https:\/\/www.blogsoestado.com\/danielmatos\/manifestacao-contra-caos-e-agonia-no-hospital-da-crianca\/#breadcrumb","itemListElement":[{"@type":"ListItem","position":1,"name":"In\u00edcio","item":"https:\/\/www.blogsoestado.com\/danielmatos\/"},{"@type":"ListItem","position":2,"name":"Clamor pelo fim do caos e da agonia no Hospital da Crian\u00e7a"}]},{"@type":"WebSite","@id":"https:\/\/www.blogsoestado.com\/danielmatos\/#website","url":"https:\/\/www.blogsoestado.com\/danielmatos\/","name":"Daniel Matos","description":"","potentialAction":[{"@type":"SearchAction","target":{"@type":"EntryPoint","urlTemplate":"https:\/\/www.blogsoestado.com\/danielmatos\/?s={search_term_string}"},"query-input":{"@type":"PropertyValueSpecification","valueRequired":true,"valueName":"search_term_string"}}],"inLanguage":"pt-BR"}]}},"jetpack_featured_media_url":"","_links":{"self":[{"href":"https:\/\/www.blogsoestado.com\/danielmatos\/wp-json\/wp\/v2\/posts\/52232","targetHints":{"allow":["GET"]}}],"collection":[{"href":"https:\/\/www.blogsoestado.com\/danielmatos\/wp-json\/wp\/v2\/posts"}],"about":[{"href":"https:\/\/www.blogsoestado.com\/danielmatos\/wp-json\/wp\/v2\/types\/post"}],"replies":[{"embeddable":true,"href":"https:\/\/www.blogsoestado.com\/danielmatos\/wp-json\/wp\/v2\/comments?post=52232"}],"version-history":[{"count":0,"href":"https:\/\/www.blogsoestado.com\/danielmatos\/wp-json\/wp\/v2\/posts\/52232\/revisions"}],"wp:attachment":[{"href":"https:\/\/www.blogsoestado.com\/danielmatos\/wp-json\/wp\/v2\/media?parent=52232"}],"wp:term":[{"taxonomy":"category","embeddable":true,"href":"https:\/\/www.blogsoestado.com\/danielmatos\/wp-json\/wp\/v2\/categories?post=52232"},{"taxonomy":"post_tag","embeddable":true,"href":"https:\/\/www.blogsoestado.com\/danielmatos\/wp-json\/wp\/v2\/tags?post=52232"}],"curies":[{"name":"wp","href":"https:\/\/api.w.org\/{rel}","templated":true}]}}