{"id":52242,"date":"2018-06-13T10:02:09","date_gmt":"2018-06-13T13:02:09","guid":{"rendered":"https:\/\/www.blogsoestado.com\/danielmatos\/?p=52242"},"modified":"2018-06-13T10:02:09","modified_gmt":"2018-06-13T13:02:09","slug":"mais-um-amigo-intimo-de-weverton-e-citado-por-um-delator-da-operacao-lava-jato","status":"publish","type":"post","link":"https:\/\/www.blogsoestado.com\/danielmatos\/mais-um-amigo-intimo-de-weverton-e-citado-por-um-delator-da-operacao-lava-jato\/","title":{"rendered":"Mais um amigo \u00edntimo de Weverton \u00e9 citado por um delator da Opera\u00e7\u00e3o Lava Jato"},"content":{"rendered":"<figure id=\"attachment_52246\" aria-describedby=\"caption-attachment-52246\" style=\"width: 355px\" class=\"wp-caption alignright\"><img fetchpriority=\"high\" decoding=\"async\" class=\"size-full wp-image-52246\" src=\"https:\/\/www.blogsoestado.com\/danielmatos\/files\/2018\/06\/lupi-dela\u00e7\u00e3o.jpg\" alt=\"\" width=\"355\" height=\"425\" \/><figcaption id=\"caption-attachment-52246\" class=\"wp-caption-text\">Destinat\u00e1rio de propina paga por S\u00e9rgio Cabral, segundo delator, Carlos Lupi (\u00e0 frente) \u00e9 padrinho pol\u00edtico e amigo \u00edntimo de Weverton<\/figcaption><\/figure>\n<p>O deputado federal pedetista e l\u00edder da minoria na C\u00e2mara, Weverton (ex-Rocha), viu mais um de seus aliados, na verdade, mais um amigo \u00edntimo, ter seu envolvimento em crimes investigados pela Opera\u00e7\u00e3o Lava Jato citado por um delator. Primeiro foi o advogado Willer Tomaz, compadre do parlamentar, que, em julho do ano passado,<a href=\"https:\/\/www.blogsoestado.com\/danielmatos\/2017\/11\/27\/weverton-rocha-torna-se-compadre-de-advogado-da-jbs-preso-pela-lava-jato\/\"> foi preso<\/a> depois que o empres\u00e1rio Joesley Batista, dono do frigor\u00edfico JBS, empresa para a qual o amigo do deputado prestava servi\u00e7os jur\u00eddicos, revelou que ele (Willer) repassou \u00e0 holding J&amp;F, que controla o JBS, informa\u00e7\u00f5es colhidas no \u00e2mbito de outra opera\u00e7\u00e3o deflagrada para investigar o grupo empresarial. Agora, o delatado \u00e9 ningu\u00e9m menos do que o presidente nacional do PDT, Carlos Lupi, com quem Weverton mant\u00e9m estreita liga\u00e7\u00e3o e por quem o parlamentado foi al\u00e7ado \u00e0 mais alta c\u00fapula pedetista.<\/p>\n<p>Trechos da dela\u00e7\u00e3o premiada de Carlos Miranda, ex-assessor do ex-governador do Rio de Janeiro S\u00e9rgio Cabral,\u00a0preso desde novembro de 2016, apresentados ontem pelo Jornal Nacional, revelaram que em 2012, o auxiliar recebeu a ordem de Wilson Carlos, ent\u00e3o secret\u00e1rio de Governo na gest\u00e3o de Cabral, para fazer pagamentos mensais de R$ 100 mil ao PDT, para Carlos Lupi, que preside o diret\u00f3rio nacional do partido desde 2004. Carlos Miranda \u00e9 apontado como &#8220;operador financeiro&#8221;, &#8220;gerente da propina&#8221; e &#8220;homem da mala&#8221;.<\/p>\n<p>Carlos Miranda afirma que pagava para uma pessoa de nome Senhor Loureiro, que seria tesoureiro do PDT, que as entregas eram feitas na sede do partido pelos funcion\u00e1rios do doleiro Renato Chebar e que os pagamentos foram feitos de 2012 at\u00e9 mar\u00e7o de 2014. Carlos Lupi e o PDT declararam que nunca tiveram nenhum tipo de rela\u00e7\u00e3o com o delator e que jamais receberam qualquer tipo de vantagem.<\/p>\n<p>Mesmo com tantas suspeitas de corrup\u00e7\u00e3o lhe rondando, atingindo o \u00e2mago das ruas rela\u00e7\u00f5es pol\u00edticas, de amizade e at\u00e9 familiares, Weverton, que j\u00e1 \u00e9 r\u00e9u em processo no Supremo Tribunal Federal (STF) por causa do nebuloso epis\u00f3dio conhecido como <a href=\"https:\/\/www.blogsoestado.com\/danielmatos\/2018\/05\/03\/stf-rejeita-mais-um-embargo-de-weverton-rocha-no-caso-costa-rodrigues\/\">&#8220;esc\u00e2ndalo do Costa Rodrigues&#8221;<\/a>, o ousado e astuto parlamentar segue se projetando em n\u00edvel local e nacional e mant\u00e9m firme o seu projeto de eleger-se senador pelo Maranh\u00e3o, em outubro.<\/p>\n","protected":false},"excerpt":{"rendered":"<p>O deputado federal pedetista e l\u00edder da minoria na C\u00e2mara, Weverton (ex-Rocha), viu mais um de seus aliados, na verdade, [&hellip;]<\/p>\n","protected":false},"author":0,"featured_media":0,"comment_status":"open","ping_status":"open","sticky":false,"template":"","format":"standard","meta":{"site-sidebar-layout":"default","site-content-layout":"","ast-site-content-layout":"default","site-content-style":"default","site-sidebar-style":"default","ast-global-header-display":"","ast-banner-title-visibility":"","ast-main-header-display":"","ast-hfb-above-header-display":"","ast-hfb-below-header-display":"","ast-hfb-mobile-header-display":"","site-post-title":"","ast-breadcrumbs-content":"","ast-featured-img":"","footer-sml-layout":"","ast-disable-related-posts":"","theme-transparent-header-meta":"","adv-header-id-meta":"","stick-header-meta":"","header-above-stick-meta":"","header-main-stick-meta":"","header-below-stick-meta":"","astra-migrate-meta-layouts":"default","ast-page-background-enabled":"default","ast-page-background-meta":{"desktop":{"background-color":"var(--ast-global-color-5)","background-image":"","background-repeat":"repeat","background-position":"center center","background-size":"auto","background-attachment":"scroll","background-type":"","background-media":"","overlay-type":"","overlay-color":"","overlay-opacity":"","overlay-gradient":""},"tablet":{"background-color":"","background-image":"","background-repeat":"repeat","background-position":"center center","background-size":"auto","background-attachment":"scroll","background-type":"","background-media":"","overlay-type":"","overlay-color":"","overlay-opacity":"","overlay-gradient":""},"mobile":{"background-color":"","background-image":"","background-repeat":"repeat","background-position":"center center","background-size":"auto","background-attachment":"scroll","background-type":"","background-media":"","overlay-type":"","overlay-color":"","overlay-opacity":"","overlay-gradient":""}},"ast-content-background-meta":{"desktop":{"background-color":"var(--ast-global-color-4)","background-image":"","background-repeat":"repeat","background-position":"center center","background-size":"auto","background-attachment":"scroll","background-type":"","background-media":"","overlay-type":"","overlay-color":"","overlay-opacity":"","overlay-gradient":""},"tablet":{"background-color":"var(--ast-global-color-4)","background-image":"","background-repeat":"repeat","background-position":"center center","background-size":"auto","background-attachment":"scroll","background-type":"","background-media":"","overlay-type":"","overlay-color":"","overlay-opacity":"","overlay-gradient":""},"mobile":{"background-color":"var(--ast-global-color-4)","background-image":"","background-repeat":"repeat","background-position":"center center","background-size":"auto","background-attachment":"scroll","background-type":"","background-media":"","overlay-type":"","overlay-color":"","overlay-opacity":"","overlay-gradient":""}},"footnotes":""},"categories":[1],"tags":[],"class_list":["post-52242","post","type-post","status-publish","format-standard","hentry","category-sem-categoria"],"yoast_head":"<!-- This site is optimized with the Yoast SEO plugin v26.6 - https:\/\/yoast.com\/wordpress\/plugins\/seo\/ -->\n<title>Mais um amigo \u00edntimo de Weverton \u00e9 citado por um delator da Opera\u00e7\u00e3o Lava Jato - Daniel Matos<\/title>\n<meta name=\"robots\" content=\"index, follow, max-snippet:-1, max-image-preview:large, max-video-preview:-1\" \/>\n<link rel=\"canonical\" href=\"https:\/\/www.blogsoestado.com\/danielmatos\/mais-um-amigo-intimo-de-weverton-e-citado-por-um-delator-da-operacao-lava-jato\/\" \/>\n<meta property=\"og:locale\" content=\"pt_BR\" \/>\n<meta property=\"og:type\" content=\"article\" \/>\n<meta property=\"og:title\" content=\"Mais um amigo \u00edntimo de Weverton \u00e9 citado por um delator da Opera\u00e7\u00e3o Lava Jato - Daniel Matos\" \/>\n<meta property=\"og:description\" content=\"O deputado federal pedetista e l\u00edder da minoria na C\u00e2mara, Weverton (ex-Rocha), viu mais um de seus aliados, na verdade, [&hellip;]\" \/>\n<meta property=\"og:url\" content=\"https:\/\/www.blogsoestado.com\/danielmatos\/mais-um-amigo-intimo-de-weverton-e-citado-por-um-delator-da-operacao-lava-jato\/\" \/>\n<meta property=\"og:site_name\" content=\"Daniel Matos\" \/>\n<meta property=\"article:published_time\" content=\"2018-06-13T13:02:09+00:00\" \/>\n<meta name=\"twitter:card\" content=\"summary_large_image\" \/>\n<meta name=\"twitter:label1\" content=\"Est. tempo de leitura\" \/>\n\t<meta name=\"twitter:data1\" content=\"2 minutos\" \/>\n<script type=\"application\/ld+json\" class=\"yoast-schema-graph\">{\"@context\":\"https:\/\/schema.org\",\"@graph\":[{\"@type\":\"WebPage\",\"@id\":\"https:\/\/www.blogsoestado.com\/danielmatos\/mais-um-amigo-intimo-de-weverton-e-citado-por-um-delator-da-operacao-lava-jato\/\",\"url\":\"https:\/\/www.blogsoestado.com\/danielmatos\/mais-um-amigo-intimo-de-weverton-e-citado-por-um-delator-da-operacao-lava-jato\/\",\"name\":\"Mais um amigo \u00edntimo de Weverton \u00e9 citado por um delator da Opera\u00e7\u00e3o Lava Jato - Daniel Matos\",\"isPartOf\":{\"@id\":\"https:\/\/www.blogsoestado.com\/danielmatos\/#website\"},\"datePublished\":\"2018-06-13T13:02:09+00:00\",\"author\":{\"@id\":\"\"},\"breadcrumb\":{\"@id\":\"https:\/\/www.blogsoestado.com\/danielmatos\/mais-um-amigo-intimo-de-weverton-e-citado-por-um-delator-da-operacao-lava-jato\/#breadcrumb\"},\"inLanguage\":\"pt-BR\",\"potentialAction\":[{\"@type\":\"ReadAction\",\"target\":[\"https:\/\/www.blogsoestado.com\/danielmatos\/mais-um-amigo-intimo-de-weverton-e-citado-por-um-delator-da-operacao-lava-jato\/\"]}]},{\"@type\":\"BreadcrumbList\",\"@id\":\"https:\/\/www.blogsoestado.com\/danielmatos\/mais-um-amigo-intimo-de-weverton-e-citado-por-um-delator-da-operacao-lava-jato\/#breadcrumb\",\"itemListElement\":[{\"@type\":\"ListItem\",\"position\":1,\"name\":\"In\u00edcio\",\"item\":\"https:\/\/www.blogsoestado.com\/danielmatos\/\"},{\"@type\":\"ListItem\",\"position\":2,\"name\":\"Mais um amigo \u00edntimo de Weverton \u00e9 citado por um delator da Opera\u00e7\u00e3o Lava Jato\"}]},{\"@type\":\"WebSite\",\"@id\":\"https:\/\/www.blogsoestado.com\/danielmatos\/#website\",\"url\":\"https:\/\/www.blogsoestado.com\/danielmatos\/\",\"name\":\"Daniel Matos\",\"description\":\"\",\"potentialAction\":[{\"@type\":\"SearchAction\",\"target\":{\"@type\":\"EntryPoint\",\"urlTemplate\":\"https:\/\/www.blogsoestado.com\/danielmatos\/?s={search_term_string}\"},\"query-input\":{\"@type\":\"PropertyValueSpecification\",\"valueRequired\":true,\"valueName\":\"search_term_string\"}}],\"inLanguage\":\"pt-BR\"}]}<\/script>\n<!-- \/ Yoast SEO plugin. -->","yoast_head_json":{"title":"Mais um amigo \u00edntimo de Weverton \u00e9 citado por um delator da Opera\u00e7\u00e3o Lava Jato - Daniel Matos","robots":{"index":"index","follow":"follow","max-snippet":"max-snippet:-1","max-image-preview":"max-image-preview:large","max-video-preview":"max-video-preview:-1"},"canonical":"https:\/\/www.blogsoestado.com\/danielmatos\/mais-um-amigo-intimo-de-weverton-e-citado-por-um-delator-da-operacao-lava-jato\/","og_locale":"pt_BR","og_type":"article","og_title":"Mais um amigo \u00edntimo de Weverton \u00e9 citado por um delator da Opera\u00e7\u00e3o Lava Jato - Daniel Matos","og_description":"O deputado federal pedetista e l\u00edder da minoria na C\u00e2mara, Weverton (ex-Rocha), viu mais um de seus aliados, na verdade, [&hellip;]","og_url":"https:\/\/www.blogsoestado.com\/danielmatos\/mais-um-amigo-intimo-de-weverton-e-citado-por-um-delator-da-operacao-lava-jato\/","og_site_name":"Daniel Matos","article_published_time":"2018-06-13T13:02:09+00:00","twitter_card":"summary_large_image","twitter_misc":{"Est. tempo de leitura":"2 minutos"},"schema":{"@context":"https:\/\/schema.org","@graph":[{"@type":"WebPage","@id":"https:\/\/www.blogsoestado.com\/danielmatos\/mais-um-amigo-intimo-de-weverton-e-citado-por-um-delator-da-operacao-lava-jato\/","url":"https:\/\/www.blogsoestado.com\/danielmatos\/mais-um-amigo-intimo-de-weverton-e-citado-por-um-delator-da-operacao-lava-jato\/","name":"Mais um amigo \u00edntimo de Weverton \u00e9 citado por um delator da Opera\u00e7\u00e3o Lava Jato - Daniel Matos","isPartOf":{"@id":"https:\/\/www.blogsoestado.com\/danielmatos\/#website"},"datePublished":"2018-06-13T13:02:09+00:00","author":{"@id":""},"breadcrumb":{"@id":"https:\/\/www.blogsoestado.com\/danielmatos\/mais-um-amigo-intimo-de-weverton-e-citado-por-um-delator-da-operacao-lava-jato\/#breadcrumb"},"inLanguage":"pt-BR","potentialAction":[{"@type":"ReadAction","target":["https:\/\/www.blogsoestado.com\/danielmatos\/mais-um-amigo-intimo-de-weverton-e-citado-por-um-delator-da-operacao-lava-jato\/"]}]},{"@type":"BreadcrumbList","@id":"https:\/\/www.blogsoestado.com\/danielmatos\/mais-um-amigo-intimo-de-weverton-e-citado-por-um-delator-da-operacao-lava-jato\/#breadcrumb","itemListElement":[{"@type":"ListItem","position":1,"name":"In\u00edcio","item":"https:\/\/www.blogsoestado.com\/danielmatos\/"},{"@type":"ListItem","position":2,"name":"Mais um amigo \u00edntimo de Weverton \u00e9 citado por um delator da Opera\u00e7\u00e3o Lava Jato"}]},{"@type":"WebSite","@id":"https:\/\/www.blogsoestado.com\/danielmatos\/#website","url":"https:\/\/www.blogsoestado.com\/danielmatos\/","name":"Daniel Matos","description":"","potentialAction":[{"@type":"SearchAction","target":{"@type":"EntryPoint","urlTemplate":"https:\/\/www.blogsoestado.com\/danielmatos\/?s={search_term_string}"},"query-input":{"@type":"PropertyValueSpecification","valueRequired":true,"valueName":"search_term_string"}}],"inLanguage":"pt-BR"}]}},"jetpack_featured_media_url":"","_links":{"self":[{"href":"https:\/\/www.blogsoestado.com\/danielmatos\/wp-json\/wp\/v2\/posts\/52242","targetHints":{"allow":["GET"]}}],"collection":[{"href":"https:\/\/www.blogsoestado.com\/danielmatos\/wp-json\/wp\/v2\/posts"}],"about":[{"href":"https:\/\/www.blogsoestado.com\/danielmatos\/wp-json\/wp\/v2\/types\/post"}],"replies":[{"embeddable":true,"href":"https:\/\/www.blogsoestado.com\/danielmatos\/wp-json\/wp\/v2\/comments?post=52242"}],"version-history":[{"count":0,"href":"https:\/\/www.blogsoestado.com\/danielmatos\/wp-json\/wp\/v2\/posts\/52242\/revisions"}],"wp:attachment":[{"href":"https:\/\/www.blogsoestado.com\/danielmatos\/wp-json\/wp\/v2\/media?parent=52242"}],"wp:term":[{"taxonomy":"category","embeddable":true,"href":"https:\/\/www.blogsoestado.com\/danielmatos\/wp-json\/wp\/v2\/categories?post=52242"},{"taxonomy":"post_tag","embeddable":true,"href":"https:\/\/www.blogsoestado.com\/danielmatos\/wp-json\/wp\/v2\/tags?post=52242"}],"curies":[{"name":"wp","href":"https:\/\/api.w.org\/{rel}","templated":true}]}}