{"id":52250,"date":"2018-06-13T10:57:09","date_gmt":"2018-06-13T13:57:09","guid":{"rendered":"https:\/\/www.blogsoestado.com\/danielmatos\/?p=52250"},"modified":"2018-06-13T10:57:09","modified_gmt":"2018-06-13T13:57:09","slug":"boi-de-axixa-da-largada-para-temporada-junina-de-2018","status":"publish","type":"post","link":"https:\/\/www.blogsoestado.com\/danielmatos\/boi-de-axixa-da-largada-para-temporada-junina-de-2018\/","title":{"rendered":"Boi de Axix\u00e1 d\u00e1 a largada para a temporada junina de 2018"},"content":{"rendered":"<p><img fetchpriority=\"high\" decoding=\"async\" class=\"aligncenter wp-image-52251\" src=\"https:\/\/www.blogsoestado.com\/danielmatos\/files\/2018\/06\/axixa-batismo.jpg\" alt=\"\" width=\"650\" height=\"610\" \/><\/p>\n<p>Refer\u00eancia no folclore do Maranh\u00e3o, o bumba boi de Axix\u00e1 realiza, nesta quarta-feira (13), \u00e0s 18h, na capela de S\u00e3o Pedro, o batizado da brincadeira tradicional no sotaque de orquestra. Para a temporada deste ano, o grupo levar\u00e1 aos arraiais o tema: &#8220;Boi de Axix\u00e1: cultura e tradi\u00e7\u00e3o rumo aos 60 anos&#8221;.<\/p>\n<p>O grupo preparou algumas surpresas para as apresenta\u00e7\u00f5es, que prometem encantar todo o p\u00fablico presente.<\/p>\n<p>&#8220;Estamos na expectativa para mais um ano de festa e, nesta temporada, iremos nos aquecer para comemorar os 60 anos do boi do pr\u00f3ximo ano&#8221;, disse Leila Naiva, comandante do Boi de Axix\u00e1.<\/p>\n<p><strong>Hist\u00f3ria do Boi de Axix\u00e1<\/strong><\/p>\n<p>O Boi de Axix\u00e1 foi fundado em 1\u00ba de janeiro de 1959, por Francisco Naiva, n\u00e3o por pagamento de promessa, mas por amor \u00e0 brincadeira, \u00e0 cultura popular. Era composto pelos personagens soldados, caboclos de flecha, \u00edndios e campeadores.<\/p>\n<p>As mulheres eram proibidas de brincar. Depois da sa\u00edda dos \u00edndios e soldados, elas foram inseridas, tamb\u00e9m como \u00edndias, sendo assim at\u00e9 a atualidade.<\/p>\n<p>Por ser um dos percussores do Bumba-meu-boi de Orquestra no Maranh\u00e3o, o Boi de Axix\u00e1 segue tradicionalmente o ciclo da manifesta\u00e7\u00e3o, ensaios, batismo, apresenta\u00e7\u00e3o e morte, envolvendo comunidades do munic\u00edpio de Axix\u00e1 e de S\u00e3o Lu\u00eds.<\/p>\n<p>Como \u00e9 considerado um dos principais representantes da cultura popular, o Bumba-meu-boi de Axix\u00e1 n\u00e3o se apresenta somente para contratantes com poder aquisitivo alto; apresenta-se sem cobrar em diversos arraiais, igrejas e comunidades carentes, a fim de promover o acesso e contato de pessoas menos favorecidas \u00e0 cultura popular, visto que seus brincantes, desde sua funda\u00e7\u00e3o, tamb\u00e9m s\u00e3o pessoas simples que amam o Boi de Axix\u00e1.<\/p>\n<p>Hoje sob o comando de Leila Naiva, a brincadeira \u00e9 formada por 120 brincantes, entre \u00edndias, vaqueiros campeadores, vaqueiros de fita e orquestra.<\/p>\n","protected":false},"excerpt":{"rendered":"<p>Refer\u00eancia no folclore do Maranh\u00e3o, o bumba boi de Axix\u00e1 realiza, nesta quarta-feira (13), \u00e0s 18h, na capela de S\u00e3o [&hellip;]<\/p>\n","protected":false},"author":0,"featured_media":0,"comment_status":"open","ping_status":"open","sticky":false,"template":"","format":"standard","meta":{"site-sidebar-layout":"default","site-content-layout":"","ast-site-content-layout":"default","site-content-style":"default","site-sidebar-style":"default","ast-global-header-display":"","ast-banner-title-visibility":"","ast-main-header-display":"","ast-hfb-above-header-display":"","ast-hfb-below-header-display":"","ast-hfb-mobile-header-display":"","site-post-title":"","ast-breadcrumbs-content":"","ast-featured-img":"","footer-sml-layout":"","ast-disable-related-posts":"","theme-transparent-header-meta":"","adv-header-id-meta":"","stick-header-meta":"","header-above-stick-meta":"","header-main-stick-meta":"","header-below-stick-meta":"","astra-migrate-meta-layouts":"default","ast-page-background-enabled":"default","ast-page-background-meta":{"desktop":{"background-color":"var(--ast-global-color-5)","background-image":"","background-repeat":"repeat","background-position":"center center","background-size":"auto","background-attachment":"scroll","background-type":"","background-media":"","overlay-type":"","overlay-color":"","overlay-opacity":"","overlay-gradient":""},"tablet":{"background-color":"","background-image":"","background-repeat":"repeat","background-position":"center center","background-size":"auto","background-attachment":"scroll","background-type":"","background-media":"","overlay-type":"","overlay-color":"","overlay-opacity":"","overlay-gradient":""},"mobile":{"background-color":"","background-image":"","background-repeat":"repeat","background-position":"center center","background-size":"auto","background-attachment":"scroll","background-type":"","background-media":"","overlay-type":"","overlay-color":"","overlay-opacity":"","overlay-gradient":""}},"ast-content-background-meta":{"desktop":{"background-color":"var(--ast-global-color-4)","background-image":"","background-repeat":"repeat","background-position":"center center","background-size":"auto","background-attachment":"scroll","background-type":"","background-media":"","overlay-type":"","overlay-color":"","overlay-opacity":"","overlay-gradient":""},"tablet":{"background-color":"var(--ast-global-color-4)","background-image":"","background-repeat":"repeat","background-position":"center center","background-size":"auto","background-attachment":"scroll","background-type":"","background-media":"","overlay-type":"","overlay-color":"","overlay-opacity":"","overlay-gradient":""},"mobile":{"background-color":"var(--ast-global-color-4)","background-image":"","background-repeat":"repeat","background-position":"center center","background-size":"auto","background-attachment":"scroll","background-type":"","background-media":"","overlay-type":"","overlay-color":"","overlay-opacity":"","overlay-gradient":""}},"footnotes":""},"categories":[1],"tags":[],"class_list":["post-52250","post","type-post","status-publish","format-standard","hentry","category-sem-categoria"],"yoast_head":"<!-- This site is optimized with the Yoast SEO plugin v26.6 - https:\/\/yoast.com\/wordpress\/plugins\/seo\/ -->\n<title>Boi de Axix\u00e1 d\u00e1 a largada para a temporada junina de 2018 - Daniel Matos<\/title>\n<meta name=\"robots\" content=\"index, follow, max-snippet:-1, max-image-preview:large, max-video-preview:-1\" \/>\n<link rel=\"canonical\" href=\"https:\/\/www.blogsoestado.com\/danielmatos\/boi-de-axixa-da-largada-para-temporada-junina-de-2018\/\" \/>\n<meta property=\"og:locale\" content=\"pt_BR\" \/>\n<meta property=\"og:type\" content=\"article\" \/>\n<meta property=\"og:title\" content=\"Boi de Axix\u00e1 d\u00e1 a largada para a temporada junina de 2018 - Daniel Matos\" \/>\n<meta property=\"og:description\" content=\"Refer\u00eancia no folclore do Maranh\u00e3o, o bumba boi de Axix\u00e1 realiza, nesta quarta-feira (13), \u00e0s 18h, na capela de S\u00e3o [&hellip;]\" \/>\n<meta property=\"og:url\" content=\"https:\/\/www.blogsoestado.com\/danielmatos\/boi-de-axixa-da-largada-para-temporada-junina-de-2018\/\" \/>\n<meta property=\"og:site_name\" content=\"Daniel Matos\" \/>\n<meta property=\"article:published_time\" content=\"2018-06-13T13:57:09+00:00\" \/>\n<meta property=\"og:image\" content=\"https:\/\/www.blogsoestado.com\/danielmatos\/files\/2018\/06\/axixa-batismo.jpg\" \/>\n<meta name=\"twitter:card\" content=\"summary_large_image\" \/>\n<meta name=\"twitter:label1\" content=\"Est. tempo de leitura\" \/>\n\t<meta name=\"twitter:data1\" content=\"2 minutos\" \/>\n<script type=\"application\/ld+json\" class=\"yoast-schema-graph\">{\"@context\":\"https:\/\/schema.org\",\"@graph\":[{\"@type\":\"WebPage\",\"@id\":\"https:\/\/www.blogsoestado.com\/danielmatos\/boi-de-axixa-da-largada-para-temporada-junina-de-2018\/\",\"url\":\"https:\/\/www.blogsoestado.com\/danielmatos\/boi-de-axixa-da-largada-para-temporada-junina-de-2018\/\",\"name\":\"Boi de Axix\u00e1 d\u00e1 a largada para a temporada junina de 2018 - Daniel Matos\",\"isPartOf\":{\"@id\":\"https:\/\/www.blogsoestado.com\/danielmatos\/#website\"},\"primaryImageOfPage\":{\"@id\":\"https:\/\/www.blogsoestado.com\/danielmatos\/boi-de-axixa-da-largada-para-temporada-junina-de-2018\/#primaryimage\"},\"image\":{\"@id\":\"https:\/\/www.blogsoestado.com\/danielmatos\/boi-de-axixa-da-largada-para-temporada-junina-de-2018\/#primaryimage\"},\"thumbnailUrl\":\"https:\/\/www.blogsoestado.com\/danielmatos\/files\/2018\/06\/axixa-batismo.jpg\",\"datePublished\":\"2018-06-13T13:57:09+00:00\",\"author\":{\"@id\":\"\"},\"breadcrumb\":{\"@id\":\"https:\/\/www.blogsoestado.com\/danielmatos\/boi-de-axixa-da-largada-para-temporada-junina-de-2018\/#breadcrumb\"},\"inLanguage\":\"pt-BR\",\"potentialAction\":[{\"@type\":\"ReadAction\",\"target\":[\"https:\/\/www.blogsoestado.com\/danielmatos\/boi-de-axixa-da-largada-para-temporada-junina-de-2018\/\"]}]},{\"@type\":\"ImageObject\",\"inLanguage\":\"pt-BR\",\"@id\":\"https:\/\/www.blogsoestado.com\/danielmatos\/boi-de-axixa-da-largada-para-temporada-junina-de-2018\/#primaryimage\",\"url\":\"https:\/\/www.blogsoestado.com\/danielmatos\/files\/2018\/06\/axixa-batismo.jpg\",\"contentUrl\":\"https:\/\/www.blogsoestado.com\/danielmatos\/files\/2018\/06\/axixa-batismo.jpg\"},{\"@type\":\"BreadcrumbList\",\"@id\":\"https:\/\/www.blogsoestado.com\/danielmatos\/boi-de-axixa-da-largada-para-temporada-junina-de-2018\/#breadcrumb\",\"itemListElement\":[{\"@type\":\"ListItem\",\"position\":1,\"name\":\"In\u00edcio\",\"item\":\"https:\/\/www.blogsoestado.com\/danielmatos\/\"},{\"@type\":\"ListItem\",\"position\":2,\"name\":\"Boi de Axix\u00e1 d\u00e1 a largada para a temporada junina de 2018\"}]},{\"@type\":\"WebSite\",\"@id\":\"https:\/\/www.blogsoestado.com\/danielmatos\/#website\",\"url\":\"https:\/\/www.blogsoestado.com\/danielmatos\/\",\"name\":\"Daniel Matos\",\"description\":\"\",\"potentialAction\":[{\"@type\":\"SearchAction\",\"target\":{\"@type\":\"EntryPoint\",\"urlTemplate\":\"https:\/\/www.blogsoestado.com\/danielmatos\/?s={search_term_string}\"},\"query-input\":{\"@type\":\"PropertyValueSpecification\",\"valueRequired\":true,\"valueName\":\"search_term_string\"}}],\"inLanguage\":\"pt-BR\"}]}<\/script>\n<!-- \/ Yoast SEO plugin. -->","yoast_head_json":{"title":"Boi de Axix\u00e1 d\u00e1 a largada para a temporada junina de 2018 - Daniel Matos","robots":{"index":"index","follow":"follow","max-snippet":"max-snippet:-1","max-image-preview":"max-image-preview:large","max-video-preview":"max-video-preview:-1"},"canonical":"https:\/\/www.blogsoestado.com\/danielmatos\/boi-de-axixa-da-largada-para-temporada-junina-de-2018\/","og_locale":"pt_BR","og_type":"article","og_title":"Boi de Axix\u00e1 d\u00e1 a largada para a temporada junina de 2018 - Daniel Matos","og_description":"Refer\u00eancia no folclore do Maranh\u00e3o, o bumba boi de Axix\u00e1 realiza, nesta quarta-feira (13), \u00e0s 18h, na capela de S\u00e3o [&hellip;]","og_url":"https:\/\/www.blogsoestado.com\/danielmatos\/boi-de-axixa-da-largada-para-temporada-junina-de-2018\/","og_site_name":"Daniel Matos","article_published_time":"2018-06-13T13:57:09+00:00","og_image":[{"url":"https:\/\/www.blogsoestado.com\/danielmatos\/files\/2018\/06\/axixa-batismo.jpg","type":"","width":"","height":""}],"twitter_card":"summary_large_image","twitter_misc":{"Est. tempo de leitura":"2 minutos"},"schema":{"@context":"https:\/\/schema.org","@graph":[{"@type":"WebPage","@id":"https:\/\/www.blogsoestado.com\/danielmatos\/boi-de-axixa-da-largada-para-temporada-junina-de-2018\/","url":"https:\/\/www.blogsoestado.com\/danielmatos\/boi-de-axixa-da-largada-para-temporada-junina-de-2018\/","name":"Boi de Axix\u00e1 d\u00e1 a largada para a temporada junina de 2018 - Daniel Matos","isPartOf":{"@id":"https:\/\/www.blogsoestado.com\/danielmatos\/#website"},"primaryImageOfPage":{"@id":"https:\/\/www.blogsoestado.com\/danielmatos\/boi-de-axixa-da-largada-para-temporada-junina-de-2018\/#primaryimage"},"image":{"@id":"https:\/\/www.blogsoestado.com\/danielmatos\/boi-de-axixa-da-largada-para-temporada-junina-de-2018\/#primaryimage"},"thumbnailUrl":"https:\/\/www.blogsoestado.com\/danielmatos\/files\/2018\/06\/axixa-batismo.jpg","datePublished":"2018-06-13T13:57:09+00:00","author":{"@id":""},"breadcrumb":{"@id":"https:\/\/www.blogsoestado.com\/danielmatos\/boi-de-axixa-da-largada-para-temporada-junina-de-2018\/#breadcrumb"},"inLanguage":"pt-BR","potentialAction":[{"@type":"ReadAction","target":["https:\/\/www.blogsoestado.com\/danielmatos\/boi-de-axixa-da-largada-para-temporada-junina-de-2018\/"]}]},{"@type":"ImageObject","inLanguage":"pt-BR","@id":"https:\/\/www.blogsoestado.com\/danielmatos\/boi-de-axixa-da-largada-para-temporada-junina-de-2018\/#primaryimage","url":"https:\/\/www.blogsoestado.com\/danielmatos\/files\/2018\/06\/axixa-batismo.jpg","contentUrl":"https:\/\/www.blogsoestado.com\/danielmatos\/files\/2018\/06\/axixa-batismo.jpg"},{"@type":"BreadcrumbList","@id":"https:\/\/www.blogsoestado.com\/danielmatos\/boi-de-axixa-da-largada-para-temporada-junina-de-2018\/#breadcrumb","itemListElement":[{"@type":"ListItem","position":1,"name":"In\u00edcio","item":"https:\/\/www.blogsoestado.com\/danielmatos\/"},{"@type":"ListItem","position":2,"name":"Boi de Axix\u00e1 d\u00e1 a largada para a temporada junina de 2018"}]},{"@type":"WebSite","@id":"https:\/\/www.blogsoestado.com\/danielmatos\/#website","url":"https:\/\/www.blogsoestado.com\/danielmatos\/","name":"Daniel Matos","description":"","potentialAction":[{"@type":"SearchAction","target":{"@type":"EntryPoint","urlTemplate":"https:\/\/www.blogsoestado.com\/danielmatos\/?s={search_term_string}"},"query-input":{"@type":"PropertyValueSpecification","valueRequired":true,"valueName":"search_term_string"}}],"inLanguage":"pt-BR"}]}},"jetpack_featured_media_url":"","_links":{"self":[{"href":"https:\/\/www.blogsoestado.com\/danielmatos\/wp-json\/wp\/v2\/posts\/52250","targetHints":{"allow":["GET"]}}],"collection":[{"href":"https:\/\/www.blogsoestado.com\/danielmatos\/wp-json\/wp\/v2\/posts"}],"about":[{"href":"https:\/\/www.blogsoestado.com\/danielmatos\/wp-json\/wp\/v2\/types\/post"}],"replies":[{"embeddable":true,"href":"https:\/\/www.blogsoestado.com\/danielmatos\/wp-json\/wp\/v2\/comments?post=52250"}],"version-history":[{"count":0,"href":"https:\/\/www.blogsoestado.com\/danielmatos\/wp-json\/wp\/v2\/posts\/52250\/revisions"}],"wp:attachment":[{"href":"https:\/\/www.blogsoestado.com\/danielmatos\/wp-json\/wp\/v2\/media?parent=52250"}],"wp:term":[{"taxonomy":"category","embeddable":true,"href":"https:\/\/www.blogsoestado.com\/danielmatos\/wp-json\/wp\/v2\/categories?post=52250"},{"taxonomy":"post_tag","embeddable":true,"href":"https:\/\/www.blogsoestado.com\/danielmatos\/wp-json\/wp\/v2\/tags?post=52250"}],"curies":[{"name":"wp","href":"https:\/\/api.w.org\/{rel}","templated":true}]}}