{"id":52257,"date":"2018-06-13T14:15:34","date_gmt":"2018-06-13T17:15:34","guid":{"rendered":"https:\/\/www.blogsoestado.com\/danielmatos\/?p=52257"},"modified":"2018-06-13T14:15:34","modified_gmt":"2018-06-13T17:15:34","slug":"vamos-lutar-para-que-todas-as-escolas-tenham-bibliotecas-publicas-anuncia-ze-inacio-em-audiencia-publica-com-bibliotecarios","status":"publish","type":"post","link":"https:\/\/www.blogsoestado.com\/danielmatos\/vamos-lutar-para-que-todas-as-escolas-tenham-bibliotecas-publicas-anuncia-ze-inacio-em-audiencia-publica-com-bibliotecarios\/","title":{"rendered":"\u201cVamos lutar para que todas as escolas tenham bibliotecas p\u00fablicas\u201d, anuncia Z\u00e9 In\u00e1cio, em audi\u00eancia p\u00fablica com bibliotec\u00e1rios"},"content":{"rendered":"<figure id=\"attachment_52260\" aria-describedby=\"caption-attachment-52260\" style=\"width: 650px\" class=\"wp-caption aligncenter\"><img fetchpriority=\"high\" decoding=\"async\" class=\"wp-image-52260\" src=\"https:\/\/www.blogsoestado.com\/danielmatos\/files\/2018\/06\/inacio-bibliotecas.jpg\" alt=\"\" width=\"650\" height=\"433\" \/><figcaption id=\"caption-attachment-52260\" class=\"wp-caption-text\">Z\u00e9 In\u00e1cio disse que o caminho para garantir a efetividade da lei \u00e9 a implementa\u00e7\u00e3o de pol\u00edticas junto aos \u00f3rg\u00e3os municiais e estaduais<\/figcaption><\/figure>\n<p>O deputado estadual Z\u00e9 In\u00e1cio (PT) e a categoria de bibliotec\u00e1rios realizaram, nessa ter\u00e7a-feira 12\/06, audi\u00eancia p\u00fablica para discutir e cobrar a aplicabilidade da Lei n\u00ba 12.244, de 24 de maio de 2010, sancionada pelo ex-presidente Luiz In\u00e1cio Lula da Silva, que disp\u00f5e sobre a universaliza\u00e7\u00e3o das bibliotecas escolares nas institui\u00e7\u00f5es de ensino do Brasil.<\/p>\n<p>A categoria cobra a execu\u00e7\u00e3o dessa Lei Federal, que em 2020, expira o prazo fixado para que todas as escolas p\u00fablicas possuam bibliotecas que proporcionem n\u00e3o apenas educa\u00e7\u00e3o de qualidade, mas que possa cumprir o seu devido papel social para dissemina\u00e7\u00e3o de conhecimento, espa\u00e7o de conviv\u00eancia, forma\u00e7\u00e3o, informa\u00e7\u00e3o \u00e0 cultura e ao lazer.<\/p>\n<p>O deputado estadual Z\u00e9 In\u00e1cio falou que o caminho para que seja garantida a efetividade da Lei \u00e9 a realiza\u00e7\u00e3o de pol\u00edticas junto aos \u00f3rg\u00e3os municiais e estaduais. \u201cIremos lutar pela implementa\u00e7\u00e3o da legisla\u00e7\u00e3o para que possamos fortalecer ainda mais a educa\u00e7\u00e3o p\u00fablica e o acesso \u00e0 leitura e as bibliotecas\u201d, disse.<\/p>\n<figure id=\"attachment_52261\" aria-describedby=\"caption-attachment-52261\" style=\"width: 650px\" class=\"wp-caption aligncenter\"><img decoding=\"async\" class=\"wp-image-52261\" src=\"https:\/\/www.blogsoestado.com\/danielmatos\/files\/2018\/06\/inacio-bibliotecas2.jpg\" alt=\"\" width=\"650\" height=\"376\" \/><figcaption id=\"caption-attachment-52261\" class=\"wp-caption-text\">Deputado Z\u00e9 In\u00e1cio se comprometeu a apoiar a causa defendida pelos bibliotec\u00e1rios maranhenses<\/figcaption><\/figure>\n<p>Os bibliotec\u00e1rios pontuaram que necessitam da implementa\u00e7\u00e3o de pol\u00edticas p\u00fablicas com or\u00e7amento, assim como a realiza\u00e7\u00e3o de concurso p\u00fablico para o cargo de bibliotec\u00e1rio, e aprimoramento dos profissionais por meio da forma\u00e7\u00e3o continuada.<\/p>\n<p>A audi\u00eancia p\u00fablica definiu os seguintes encaminhamentos: 1) que o Minist\u00e9rio P\u00fablico fiscalize os andamentos que est\u00e3o sendo adotados pela Secret\u00e1ria de Estado da Educa\u00e7\u00e3o para que se cumpra efetivamente a Lei Federal; 2) realizar indica\u00e7\u00e3o ao Governador Fl\u00e1vio Dino, ao Secret\u00e1rio de Estado da Educa\u00e7\u00e3o e ao reitor dos Iemas para a realiza\u00e7\u00e3o de concurso p\u00fablico para o cargo de bibliotec\u00e1rio para atender as bibliotecas escolares; 3) cria\u00e7\u00e3o da Frente Parlamentar em Defesa das Bibliotecas P\u00fablicas do Estado para defender o cumprimento da legisla\u00e7\u00e3o; 4) solicitar uma reuni\u00e3o com o Secret\u00e1rio de Estado de Educa\u00e7\u00e3o para que sejam apresentados os encaminhamentos que foram definidos na Audi\u00eancia P\u00fablica; 4) e por \u00faltimo propor uma Lei Estadual com base na Lei Federal, a fim de fortalecer ainda mais o seu devido cumprimento em todo o Estado.<\/p>\n","protected":false},"excerpt":{"rendered":"<p>O deputado estadual Z\u00e9 In\u00e1cio (PT) e a categoria de bibliotec\u00e1rios realizaram, nessa ter\u00e7a-feira 12\/06, audi\u00eancia p\u00fablica para discutir e [&hellip;]<\/p>\n","protected":false},"author":0,"featured_media":0,"comment_status":"open","ping_status":"open","sticky":false,"template":"","format":"standard","meta":{"site-sidebar-layout":"default","site-content-layout":"","ast-site-content-layout":"default","site-content-style":"default","site-sidebar-style":"default","ast-global-header-display":"","ast-banner-title-visibility":"","ast-main-header-display":"","ast-hfb-above-header-display":"","ast-hfb-below-header-display":"","ast-hfb-mobile-header-display":"","site-post-title":"","ast-breadcrumbs-content":"","ast-featured-img":"","footer-sml-layout":"","ast-disable-related-posts":"","theme-transparent-header-meta":"","adv-header-id-meta":"","stick-header-meta":"","header-above-stick-meta":"","header-main-stick-meta":"","header-below-stick-meta":"","astra-migrate-meta-layouts":"default","ast-page-background-enabled":"default","ast-page-background-meta":{"desktop":{"background-color":"var(--ast-global-color-5)","background-image":"","background-repeat":"repeat","background-position":"center center","background-size":"auto","background-attachment":"scroll","background-type":"","background-media":"","overlay-type":"","overlay-color":"","overlay-opacity":"","overlay-gradient":""},"tablet":{"background-color":"","background-image":"","background-repeat":"repeat","background-position":"center center","background-size":"auto","background-attachment":"scroll","background-type":"","background-media":"","overlay-type":"","overlay-color":"","overlay-opacity":"","overlay-gradient":""},"mobile":{"background-color":"","background-image":"","background-repeat":"repeat","background-position":"center center","background-size":"auto","background-attachment":"scroll","background-type":"","background-media":"","overlay-type":"","overlay-color":"","overlay-opacity":"","overlay-gradient":""}},"ast-content-background-meta":{"desktop":{"background-color":"var(--ast-global-color-4)","background-image":"","background-repeat":"repeat","background-position":"center center","background-size":"auto","background-attachment":"scroll","background-type":"","background-media":"","overlay-type":"","overlay-color":"","overlay-opacity":"","overlay-gradient":""},"tablet":{"background-color":"var(--ast-global-color-4)","background-image":"","background-repeat":"repeat","background-position":"center center","background-size":"auto","background-attachment":"scroll","background-type":"","background-media":"","overlay-type":"","overlay-color":"","overlay-opacity":"","overlay-gradient":""},"mobile":{"background-color":"var(--ast-global-color-4)","background-image":"","background-repeat":"repeat","background-position":"center center","background-size":"auto","background-attachment":"scroll","background-type":"","background-media":"","overlay-type":"","overlay-color":"","overlay-opacity":"","overlay-gradient":""}},"footnotes":""},"categories":[1],"tags":[],"class_list":["post-52257","post","type-post","status-publish","format-standard","hentry","category-sem-categoria"],"yoast_head":"<!-- This site is optimized with the Yoast SEO plugin v26.6 - https:\/\/yoast.com\/wordpress\/plugins\/seo\/ -->\n<title>\u201cVamos lutar para que todas as escolas tenham bibliotecas p\u00fablicas\u201d, anuncia Z\u00e9 In\u00e1cio, em audi\u00eancia p\u00fablica com bibliotec\u00e1rios - Daniel Matos<\/title>\n<meta name=\"robots\" content=\"index, follow, max-snippet:-1, max-image-preview:large, max-video-preview:-1\" \/>\n<link rel=\"canonical\" href=\"https:\/\/www.blogsoestado.com\/danielmatos\/vamos-lutar-para-que-todas-as-escolas-tenham-bibliotecas-publicas-anuncia-ze-inacio-em-audiencia-publica-com-bibliotecarios\/\" \/>\n<meta property=\"og:locale\" content=\"pt_BR\" \/>\n<meta property=\"og:type\" content=\"article\" \/>\n<meta property=\"og:title\" content=\"\u201cVamos lutar para que todas as escolas tenham bibliotecas p\u00fablicas\u201d, anuncia Z\u00e9 In\u00e1cio, em audi\u00eancia p\u00fablica com bibliotec\u00e1rios - Daniel Matos\" \/>\n<meta property=\"og:description\" content=\"O deputado estadual Z\u00e9 In\u00e1cio (PT) e a categoria de bibliotec\u00e1rios realizaram, nessa ter\u00e7a-feira 12\/06, audi\u00eancia p\u00fablica para discutir e [&hellip;]\" \/>\n<meta property=\"og:url\" content=\"https:\/\/www.blogsoestado.com\/danielmatos\/vamos-lutar-para-que-todas-as-escolas-tenham-bibliotecas-publicas-anuncia-ze-inacio-em-audiencia-publica-com-bibliotecarios\/\" \/>\n<meta property=\"og:site_name\" content=\"Daniel Matos\" \/>\n<meta property=\"article:published_time\" content=\"2018-06-13T17:15:34+00:00\" \/>\n<meta property=\"og:image\" content=\"https:\/\/www.blogsoestado.com\/danielmatos\/files\/2018\/06\/inacio-bibliotecas.jpg\" \/>\n<meta name=\"twitter:card\" content=\"summary_large_image\" \/>\n<meta name=\"twitter:label1\" content=\"Est. tempo de leitura\" \/>\n\t<meta name=\"twitter:data1\" content=\"2 minutos\" \/>\n<script type=\"application\/ld+json\" class=\"yoast-schema-graph\">{\"@context\":\"https:\/\/schema.org\",\"@graph\":[{\"@type\":\"WebPage\",\"@id\":\"https:\/\/www.blogsoestado.com\/danielmatos\/vamos-lutar-para-que-todas-as-escolas-tenham-bibliotecas-publicas-anuncia-ze-inacio-em-audiencia-publica-com-bibliotecarios\/\",\"url\":\"https:\/\/www.blogsoestado.com\/danielmatos\/vamos-lutar-para-que-todas-as-escolas-tenham-bibliotecas-publicas-anuncia-ze-inacio-em-audiencia-publica-com-bibliotecarios\/\",\"name\":\"\u201cVamos lutar para que todas as escolas tenham bibliotecas p\u00fablicas\u201d, anuncia Z\u00e9 In\u00e1cio, em audi\u00eancia p\u00fablica com bibliotec\u00e1rios - Daniel Matos\",\"isPartOf\":{\"@id\":\"https:\/\/www.blogsoestado.com\/danielmatos\/#website\"},\"primaryImageOfPage\":{\"@id\":\"https:\/\/www.blogsoestado.com\/danielmatos\/vamos-lutar-para-que-todas-as-escolas-tenham-bibliotecas-publicas-anuncia-ze-inacio-em-audiencia-publica-com-bibliotecarios\/#primaryimage\"},\"image\":{\"@id\":\"https:\/\/www.blogsoestado.com\/danielmatos\/vamos-lutar-para-que-todas-as-escolas-tenham-bibliotecas-publicas-anuncia-ze-inacio-em-audiencia-publica-com-bibliotecarios\/#primaryimage\"},\"thumbnailUrl\":\"https:\/\/www.blogsoestado.com\/danielmatos\/files\/2018\/06\/inacio-bibliotecas.jpg\",\"datePublished\":\"2018-06-13T17:15:34+00:00\",\"author\":{\"@id\":\"\"},\"breadcrumb\":{\"@id\":\"https:\/\/www.blogsoestado.com\/danielmatos\/vamos-lutar-para-que-todas-as-escolas-tenham-bibliotecas-publicas-anuncia-ze-inacio-em-audiencia-publica-com-bibliotecarios\/#breadcrumb\"},\"inLanguage\":\"pt-BR\",\"potentialAction\":[{\"@type\":\"ReadAction\",\"target\":[\"https:\/\/www.blogsoestado.com\/danielmatos\/vamos-lutar-para-que-todas-as-escolas-tenham-bibliotecas-publicas-anuncia-ze-inacio-em-audiencia-publica-com-bibliotecarios\/\"]}]},{\"@type\":\"ImageObject\",\"inLanguage\":\"pt-BR\",\"@id\":\"https:\/\/www.blogsoestado.com\/danielmatos\/vamos-lutar-para-que-todas-as-escolas-tenham-bibliotecas-publicas-anuncia-ze-inacio-em-audiencia-publica-com-bibliotecarios\/#primaryimage\",\"url\":\"https:\/\/www.blogsoestado.com\/danielmatos\/files\/2018\/06\/inacio-bibliotecas.jpg\",\"contentUrl\":\"https:\/\/www.blogsoestado.com\/danielmatos\/files\/2018\/06\/inacio-bibliotecas.jpg\"},{\"@type\":\"BreadcrumbList\",\"@id\":\"https:\/\/www.blogsoestado.com\/danielmatos\/vamos-lutar-para-que-todas-as-escolas-tenham-bibliotecas-publicas-anuncia-ze-inacio-em-audiencia-publica-com-bibliotecarios\/#breadcrumb\",\"itemListElement\":[{\"@type\":\"ListItem\",\"position\":1,\"name\":\"In\u00edcio\",\"item\":\"https:\/\/www.blogsoestado.com\/danielmatos\/\"},{\"@type\":\"ListItem\",\"position\":2,\"name\":\"\u201cVamos lutar para que todas as escolas tenham bibliotecas p\u00fablicas\u201d, anuncia Z\u00e9 In\u00e1cio, em audi\u00eancia p\u00fablica com bibliotec\u00e1rios\"}]},{\"@type\":\"WebSite\",\"@id\":\"https:\/\/www.blogsoestado.com\/danielmatos\/#website\",\"url\":\"https:\/\/www.blogsoestado.com\/danielmatos\/\",\"name\":\"Daniel Matos\",\"description\":\"\",\"potentialAction\":[{\"@type\":\"SearchAction\",\"target\":{\"@type\":\"EntryPoint\",\"urlTemplate\":\"https:\/\/www.blogsoestado.com\/danielmatos\/?s={search_term_string}\"},\"query-input\":{\"@type\":\"PropertyValueSpecification\",\"valueRequired\":true,\"valueName\":\"search_term_string\"}}],\"inLanguage\":\"pt-BR\"}]}<\/script>\n<!-- \/ Yoast SEO plugin. -->","yoast_head_json":{"title":"\u201cVamos lutar para que todas as escolas tenham bibliotecas p\u00fablicas\u201d, anuncia Z\u00e9 In\u00e1cio, em audi\u00eancia p\u00fablica com bibliotec\u00e1rios - Daniel Matos","robots":{"index":"index","follow":"follow","max-snippet":"max-snippet:-1","max-image-preview":"max-image-preview:large","max-video-preview":"max-video-preview:-1"},"canonical":"https:\/\/www.blogsoestado.com\/danielmatos\/vamos-lutar-para-que-todas-as-escolas-tenham-bibliotecas-publicas-anuncia-ze-inacio-em-audiencia-publica-com-bibliotecarios\/","og_locale":"pt_BR","og_type":"article","og_title":"\u201cVamos lutar para que todas as escolas tenham bibliotecas p\u00fablicas\u201d, anuncia Z\u00e9 In\u00e1cio, em audi\u00eancia p\u00fablica com bibliotec\u00e1rios - Daniel Matos","og_description":"O deputado estadual Z\u00e9 In\u00e1cio (PT) e a categoria de bibliotec\u00e1rios realizaram, nessa ter\u00e7a-feira 12\/06, audi\u00eancia p\u00fablica para discutir e [&hellip;]","og_url":"https:\/\/www.blogsoestado.com\/danielmatos\/vamos-lutar-para-que-todas-as-escolas-tenham-bibliotecas-publicas-anuncia-ze-inacio-em-audiencia-publica-com-bibliotecarios\/","og_site_name":"Daniel Matos","article_published_time":"2018-06-13T17:15:34+00:00","og_image":[{"url":"https:\/\/www.blogsoestado.com\/danielmatos\/files\/2018\/06\/inacio-bibliotecas.jpg","type":"","width":"","height":""}],"twitter_card":"summary_large_image","twitter_misc":{"Est. tempo de leitura":"2 minutos"},"schema":{"@context":"https:\/\/schema.org","@graph":[{"@type":"WebPage","@id":"https:\/\/www.blogsoestado.com\/danielmatos\/vamos-lutar-para-que-todas-as-escolas-tenham-bibliotecas-publicas-anuncia-ze-inacio-em-audiencia-publica-com-bibliotecarios\/","url":"https:\/\/www.blogsoestado.com\/danielmatos\/vamos-lutar-para-que-todas-as-escolas-tenham-bibliotecas-publicas-anuncia-ze-inacio-em-audiencia-publica-com-bibliotecarios\/","name":"\u201cVamos lutar para que todas as escolas tenham bibliotecas p\u00fablicas\u201d, anuncia Z\u00e9 In\u00e1cio, em audi\u00eancia p\u00fablica com bibliotec\u00e1rios - Daniel Matos","isPartOf":{"@id":"https:\/\/www.blogsoestado.com\/danielmatos\/#website"},"primaryImageOfPage":{"@id":"https:\/\/www.blogsoestado.com\/danielmatos\/vamos-lutar-para-que-todas-as-escolas-tenham-bibliotecas-publicas-anuncia-ze-inacio-em-audiencia-publica-com-bibliotecarios\/#primaryimage"},"image":{"@id":"https:\/\/www.blogsoestado.com\/danielmatos\/vamos-lutar-para-que-todas-as-escolas-tenham-bibliotecas-publicas-anuncia-ze-inacio-em-audiencia-publica-com-bibliotecarios\/#primaryimage"},"thumbnailUrl":"https:\/\/www.blogsoestado.com\/danielmatos\/files\/2018\/06\/inacio-bibliotecas.jpg","datePublished":"2018-06-13T17:15:34+00:00","author":{"@id":""},"breadcrumb":{"@id":"https:\/\/www.blogsoestado.com\/danielmatos\/vamos-lutar-para-que-todas-as-escolas-tenham-bibliotecas-publicas-anuncia-ze-inacio-em-audiencia-publica-com-bibliotecarios\/#breadcrumb"},"inLanguage":"pt-BR","potentialAction":[{"@type":"ReadAction","target":["https:\/\/www.blogsoestado.com\/danielmatos\/vamos-lutar-para-que-todas-as-escolas-tenham-bibliotecas-publicas-anuncia-ze-inacio-em-audiencia-publica-com-bibliotecarios\/"]}]},{"@type":"ImageObject","inLanguage":"pt-BR","@id":"https:\/\/www.blogsoestado.com\/danielmatos\/vamos-lutar-para-que-todas-as-escolas-tenham-bibliotecas-publicas-anuncia-ze-inacio-em-audiencia-publica-com-bibliotecarios\/#primaryimage","url":"https:\/\/www.blogsoestado.com\/danielmatos\/files\/2018\/06\/inacio-bibliotecas.jpg","contentUrl":"https:\/\/www.blogsoestado.com\/danielmatos\/files\/2018\/06\/inacio-bibliotecas.jpg"},{"@type":"BreadcrumbList","@id":"https:\/\/www.blogsoestado.com\/danielmatos\/vamos-lutar-para-que-todas-as-escolas-tenham-bibliotecas-publicas-anuncia-ze-inacio-em-audiencia-publica-com-bibliotecarios\/#breadcrumb","itemListElement":[{"@type":"ListItem","position":1,"name":"In\u00edcio","item":"https:\/\/www.blogsoestado.com\/danielmatos\/"},{"@type":"ListItem","position":2,"name":"\u201cVamos lutar para que todas as escolas tenham bibliotecas p\u00fablicas\u201d, anuncia Z\u00e9 In\u00e1cio, em audi\u00eancia p\u00fablica com bibliotec\u00e1rios"}]},{"@type":"WebSite","@id":"https:\/\/www.blogsoestado.com\/danielmatos\/#website","url":"https:\/\/www.blogsoestado.com\/danielmatos\/","name":"Daniel Matos","description":"","potentialAction":[{"@type":"SearchAction","target":{"@type":"EntryPoint","urlTemplate":"https:\/\/www.blogsoestado.com\/danielmatos\/?s={search_term_string}"},"query-input":{"@type":"PropertyValueSpecification","valueRequired":true,"valueName":"search_term_string"}}],"inLanguage":"pt-BR"}]}},"jetpack_featured_media_url":"","_links":{"self":[{"href":"https:\/\/www.blogsoestado.com\/danielmatos\/wp-json\/wp\/v2\/posts\/52257","targetHints":{"allow":["GET"]}}],"collection":[{"href":"https:\/\/www.blogsoestado.com\/danielmatos\/wp-json\/wp\/v2\/posts"}],"about":[{"href":"https:\/\/www.blogsoestado.com\/danielmatos\/wp-json\/wp\/v2\/types\/post"}],"replies":[{"embeddable":true,"href":"https:\/\/www.blogsoestado.com\/danielmatos\/wp-json\/wp\/v2\/comments?post=52257"}],"version-history":[{"count":0,"href":"https:\/\/www.blogsoestado.com\/danielmatos\/wp-json\/wp\/v2\/posts\/52257\/revisions"}],"wp:attachment":[{"href":"https:\/\/www.blogsoestado.com\/danielmatos\/wp-json\/wp\/v2\/media?parent=52257"}],"wp:term":[{"taxonomy":"category","embeddable":true,"href":"https:\/\/www.blogsoestado.com\/danielmatos\/wp-json\/wp\/v2\/categories?post=52257"},{"taxonomy":"post_tag","embeddable":true,"href":"https:\/\/www.blogsoestado.com\/danielmatos\/wp-json\/wp\/v2\/tags?post=52257"}],"curies":[{"name":"wp","href":"https:\/\/api.w.org\/{rel}","templated":true}]}}