{"id":52275,"date":"2018-06-14T10:19:14","date_gmt":"2018-06-14T13:19:14","guid":{"rendered":"https:\/\/www.blogsoestado.com\/danielmatos\/?p=52275"},"modified":"2018-06-14T10:19:14","modified_gmt":"2018-06-14T13:19:14","slug":"acoes-eleitoreiras","status":"publish","type":"post","link":"https:\/\/www.blogsoestado.com\/danielmatos\/acoes-eleitoreiras\/","title":{"rendered":"A\u00e7\u00f5es eleitoreiras"},"content":{"rendered":"<figure id=\"attachment_52276\" aria-describedby=\"caption-attachment-52276\" style=\"width: 720px\" class=\"wp-caption aligncenter\"><img fetchpriority=\"high\" decoding=\"async\" class=\"wp-image-52276\" src=\"https:\/\/www.blogsoestado.com\/danielmatos\/files\/2018\/06\/eleitoreiro.jpg\" alt=\"\" width=\"720\" height=\"405\" \/><figcaption id=\"caption-attachment-52276\" class=\"wp-caption-text\">\u00c0s v\u00e9speras da campanha \u00b4pol\u00edtica., Fl\u00e1vio Dino monta canteiro de obras para revitaliza\u00e7\u00e3o do canteiro da Avenida Ferreira Gullar<\/figcaption><\/figure>\n<p>\u00c0s v\u00e9speras do in\u00edcio do per\u00edodo oficial de campanha pol\u00edtica, o governador Fl\u00e1vio Dino (PCdoB) intensifica as a\u00e7\u00f5es da sua gest\u00e3o com motiva\u00e7\u00e3o visivelmente eleitoreira. Disposto a reverter o desgaste de imagem que pode lhe custar a derrota nas urnas, em outubro, o comunista deu in\u00edcio a um plano desesperado, baseado no uso da m\u00e1quina p\u00fablica para patrocinar obras de infraestrutura e outras benfeitorias jamais vistas nos primeiros tr\u00eas anos e meio de gest\u00e3o. Ciente de que os n\u00fameros das recentes pesquisas encomendadas pelo Pal\u00e1cios dos Le\u00f5es, que apontam sua vit\u00f3ria j\u00e1 no primeiro turno, est\u00e3o bem distantes da realidade, o governador n\u00e3o v\u00ea outra sa\u00edda, sen\u00e3o usar a abusar do poder que o cargo lhe confere. Assim, tentar\u00e1 transformar a impopularidade de agora nos votos que podem lhe garantir o segundo mandato daqui a menos de quatro meses.<\/p>\n<p>Uma das a\u00e7\u00f5es eleitoreiras de Fl\u00e1vio Dino foi a antecipa\u00e7\u00e3o para hoje do pagamento da primeira parcela do 13\u00ba sal\u00e1rio ao funcionalismo p\u00fablico estadual. Em conflito com os servidores por causa da pol\u00edtica de achatamento salarial imposta a diversas categorias e ap\u00f3s a recente derrota no Supremo Tribunal Federal (STF) no julgamento da a\u00e7\u00e3o rescis\u00f3ria que obriga o Estado a pagar o percentual de 21,7% referente a perdas de remunera\u00e7\u00e3o acumuladas pelos trabalhadores, s\u00f3 restou ao comunista fazer um afago na classe, em uma clara tentativa de diminuir sua rejei\u00e7\u00e3o.<\/p>\n<p>Outra benfeitoria introduzida pelo governo com a campanha eleitoral batendo \u00e0s portas \u00e9 um tal \u201cMais Sa\u00fade Crian\u00e7a\u201d, realizado aos s\u00e1bados e domingos no Centro de Especialidades M\u00e9dicas do Pam Diamante, bairro Diamante-Centro. A \u00faltima edi\u00e7\u00e3o contou com a presen\u00e7a do pr\u00f3prio Fl\u00e1vio Dino, que beijou e carregou crian\u00e7as no colo e at\u00e9 se deixou fotografar ao lado de palha\u00e7os. O curioso \u00e9 que at\u00e9 ent\u00e3o n\u00e3o se tinha visto iniciativa semelhante na \u00e1rea de sa\u00fade. Em vez disso, os maranhenses assistiram, constrangidos e revoltados, a sucessivos esc\u00e2ndalos de corrup\u00e7\u00e3o no setor, com pris\u00f5es de gestores, desvio de R$ 18 milh\u00f5es constatado pela Pol\u00edcia Federal e at\u00e9 a morte de um m\u00e9dico envolvido no esquema ilegal.<\/p>\n<figure id=\"attachment_52279\" aria-describedby=\"caption-attachment-52279\" style=\"width: 400px\" class=\"wp-caption alignright\"><img decoding=\"async\" class=\"wp-image-52279\" src=\"https:\/\/www.blogsoestado.com\/danielmatos\/files\/2018\/06\/eleitoreiro2.jpg\" alt=\"\" width=\"400\" height=\"388\" \/><figcaption id=\"caption-attachment-52279\" class=\"wp-caption-text\">Fl\u00e1vio Dino anuncia pagamento antecipado do 13\u00ba para atrair simpatia de servidores<\/figcaption><\/figure>\n<p>O comunista tamb\u00e9m recorre a interven\u00e7\u00f5es na infraestrutura de S\u00e3o Lu\u00eds e do interior para passar a imagem de bom gestor e auferir dividendos eleitorais \u00e0 custa dessa falsa virtude. Na capital, sua a\u00e7\u00e3o mais recente nessa \u00e1rea \u00e9 o in\u00edcio da execu\u00e7\u00e3o da obra de revitaliza\u00e7\u00e3o do canteiro da Avenida Ferreira Gullar, or\u00e7ada em mais de R$ 520 mil. O local da interven\u00e7\u00e3o, o cruzamento entre as avenidas Ana Jansen e Ferreira Gullar, em frente a Lagoa da Jansen, parece ter sido escolhido com base em crit\u00e9rios n\u00e3o apenas urban\u00edsticos, mas, acima de tudo, pelo potencial de exposi\u00e7\u00e3o ao eleitorado, pois trata-se de um trecho com tr\u00e2nsito movimentado, que d\u00e1 acesso \u00e0 orla mar\u00edtima.<\/p>\n<p>O concurso da Pol\u00edcia Militar, realizado em meio a uma s\u00e9rie de atropelos, com saldo tr\u00e1gico de dois candidatos mortos no Teste de Aptid\u00e3o F\u00edsica (TAF), tamb\u00e9m \u00e9 apontado por muitos como a\u00e7\u00e3o eleitoreira do governo Fl\u00e1vio Dino. Mesmo sob protestos de candidatos insatisfeitos com os preju\u00edzos causados ao seu desempenho pela antecipa\u00e7\u00e3o de provas, curto prazo para realiza\u00e7\u00e3o de exames, para prepara\u00e7\u00e3o para o TAF e para o teste psicol\u00f3gico, o certame prosseguiu, amparado no argumento palaciano de que \u00e9 preciso refor\u00e7ar com urg\u00eancia o efetivo da PM. Mas as pretens\u00f5es do governo comunista v\u00e3o muito al\u00e9m de viabilizar o aumento do contingente policial e de cumprir sua obriga\u00e7\u00e3o constitucional de proporcionar sensa\u00e7\u00e3o de seguran\u00e7a \u00e0 popula\u00e7\u00e3o.<\/p>\n<p>Os pr\u00f3prios candidatos, ao externarem, em carta, seu descontentamento com a desorganiza\u00e7\u00e3o do certame e com a convoca\u00e7\u00e3o de 3.125 aprovados para fazer o curso de forma\u00e7\u00e3o, e n\u00e3o 1.200, dentro do n\u00famero de vagas oferecidas pelo concurso, trataram de apontar o real objetivo do governo ao adotar tal medida: \u201cN\u00f3s, alunos, sabemos a resposta: para simplesmente se favorecer nas pr\u00f3ximas elei\u00e7\u00f5es\u201d, declararam, aparente resignados com o tempo recorde de apenas dois meses de dura\u00e7\u00e3o da prepara\u00e7\u00e3o para atividade policial.<\/p>\n<p>A lista de obras e outras a\u00e7\u00f5es eleitoreiras de Fl\u00e1vio Dino inclui centenas de outras interven\u00e7\u00f5es Maranh\u00e3o afora. \u00c9 a m\u00e1quina do Estado a servi\u00e7o do poder e do continu\u00edsmo. Espera-se dilig\u00eancia do Minist\u00e9rio P\u00fablico e da Justi\u00e7a Eleitoral para coibir tais pr\u00e1ticas.<\/p>\n<p><strong>Editorial publicado nesta quinta-feira em <a href=\"http:\/\/www.oestadoma.com.br\">O Estado do Maranh\u00e3o<\/a><\/strong><\/p>\n","protected":false},"excerpt":{"rendered":"<p>\u00c0s v\u00e9speras do in\u00edcio do per\u00edodo oficial de campanha pol\u00edtica, o governador Fl\u00e1vio Dino (PCdoB) intensifica as a\u00e7\u00f5es da sua [&hellip;]<\/p>\n","protected":false},"author":0,"featured_media":0,"comment_status":"open","ping_status":"open","sticky":false,"template":"","format":"standard","meta":{"site-sidebar-layout":"default","site-content-layout":"","ast-site-content-layout":"default","site-content-style":"default","site-sidebar-style":"default","ast-global-header-display":"","ast-banner-title-visibility":"","ast-main-header-display":"","ast-hfb-above-header-display":"","ast-hfb-below-header-display":"","ast-hfb-mobile-header-display":"","site-post-title":"","ast-breadcrumbs-content":"","ast-featured-img":"","footer-sml-layout":"","ast-disable-related-posts":"","theme-transparent-header-meta":"","adv-header-id-meta":"","stick-header-meta":"","header-above-stick-meta":"","header-main-stick-meta":"","header-below-stick-meta":"","astra-migrate-meta-layouts":"default","ast-page-background-enabled":"default","ast-page-background-meta":{"desktop":{"background-color":"var(--ast-global-color-5)","background-image":"","background-repeat":"repeat","background-position":"center center","background-size":"auto","background-attachment":"scroll","background-type":"","background-media":"","overlay-type":"","overlay-color":"","overlay-opacity":"","overlay-gradient":""},"tablet":{"background-color":"","background-image":"","background-repeat":"repeat","background-position":"center center","background-size":"auto","background-attachment":"scroll","background-type":"","background-media":"","overlay-type":"","overlay-color":"","overlay-opacity":"","overlay-gradient":""},"mobile":{"background-color":"","background-image":"","background-repeat":"repeat","background-position":"center center","background-size":"auto","background-attachment":"scroll","background-type":"","background-media":"","overlay-type":"","overlay-color":"","overlay-opacity":"","overlay-gradient":""}},"ast-content-background-meta":{"desktop":{"background-color":"var(--ast-global-color-4)","background-image":"","background-repeat":"repeat","background-position":"center center","background-size":"auto","background-attachment":"scroll","background-type":"","background-media":"","overlay-type":"","overlay-color":"","overlay-opacity":"","overlay-gradient":""},"tablet":{"background-color":"var(--ast-global-color-4)","background-image":"","background-repeat":"repeat","background-position":"center center","background-size":"auto","background-attachment":"scroll","background-type":"","background-media":"","overlay-type":"","overlay-color":"","overlay-opacity":"","overlay-gradient":""},"mobile":{"background-color":"var(--ast-global-color-4)","background-image":"","background-repeat":"repeat","background-position":"center center","background-size":"auto","background-attachment":"scroll","background-type":"","background-media":"","overlay-type":"","overlay-color":"","overlay-opacity":"","overlay-gradient":""}},"footnotes":""},"categories":[1],"tags":[],"class_list":["post-52275","post","type-post","status-publish","format-standard","hentry","category-sem-categoria"],"yoast_head":"<!-- This site is optimized with the Yoast SEO plugin v26.6 - https:\/\/yoast.com\/wordpress\/plugins\/seo\/ -->\n<title>A\u00e7\u00f5es eleitoreiras - Daniel Matos<\/title>\n<meta name=\"robots\" content=\"index, follow, max-snippet:-1, max-image-preview:large, max-video-preview:-1\" \/>\n<link rel=\"canonical\" href=\"https:\/\/www.blogsoestado.com\/danielmatos\/acoes-eleitoreiras\/\" \/>\n<meta property=\"og:locale\" content=\"pt_BR\" \/>\n<meta property=\"og:type\" content=\"article\" \/>\n<meta property=\"og:title\" content=\"A\u00e7\u00f5es eleitoreiras - Daniel Matos\" \/>\n<meta property=\"og:description\" content=\"\u00c0s v\u00e9speras do in\u00edcio do per\u00edodo oficial de campanha pol\u00edtica, o governador Fl\u00e1vio Dino (PCdoB) intensifica as a\u00e7\u00f5es da sua [&hellip;]\" \/>\n<meta property=\"og:url\" content=\"https:\/\/www.blogsoestado.com\/danielmatos\/acoes-eleitoreiras\/\" \/>\n<meta property=\"og:site_name\" content=\"Daniel Matos\" \/>\n<meta property=\"article:published_time\" content=\"2018-06-14T13:19:14+00:00\" \/>\n<meta property=\"og:image\" content=\"https:\/\/www.blogsoestado.com\/danielmatos\/files\/2018\/06\/eleitoreiro.jpg\" \/>\n<meta name=\"twitter:card\" content=\"summary_large_image\" \/>\n<meta name=\"twitter:label1\" content=\"Est. tempo de leitura\" \/>\n\t<meta name=\"twitter:data1\" content=\"4 minutos\" \/>\n<script type=\"application\/ld+json\" class=\"yoast-schema-graph\">{\"@context\":\"https:\/\/schema.org\",\"@graph\":[{\"@type\":\"WebPage\",\"@id\":\"https:\/\/www.blogsoestado.com\/danielmatos\/acoes-eleitoreiras\/\",\"url\":\"https:\/\/www.blogsoestado.com\/danielmatos\/acoes-eleitoreiras\/\",\"name\":\"A\u00e7\u00f5es eleitoreiras - Daniel Matos\",\"isPartOf\":{\"@id\":\"https:\/\/www.blogsoestado.com\/danielmatos\/#website\"},\"primaryImageOfPage\":{\"@id\":\"https:\/\/www.blogsoestado.com\/danielmatos\/acoes-eleitoreiras\/#primaryimage\"},\"image\":{\"@id\":\"https:\/\/www.blogsoestado.com\/danielmatos\/acoes-eleitoreiras\/#primaryimage\"},\"thumbnailUrl\":\"https:\/\/www.blogsoestado.com\/danielmatos\/files\/2018\/06\/eleitoreiro.jpg\",\"datePublished\":\"2018-06-14T13:19:14+00:00\",\"author\":{\"@id\":\"\"},\"breadcrumb\":{\"@id\":\"https:\/\/www.blogsoestado.com\/danielmatos\/acoes-eleitoreiras\/#breadcrumb\"},\"inLanguage\":\"pt-BR\",\"potentialAction\":[{\"@type\":\"ReadAction\",\"target\":[\"https:\/\/www.blogsoestado.com\/danielmatos\/acoes-eleitoreiras\/\"]}]},{\"@type\":\"ImageObject\",\"inLanguage\":\"pt-BR\",\"@id\":\"https:\/\/www.blogsoestado.com\/danielmatos\/acoes-eleitoreiras\/#primaryimage\",\"url\":\"https:\/\/www.blogsoestado.com\/danielmatos\/files\/2018\/06\/eleitoreiro.jpg\",\"contentUrl\":\"https:\/\/www.blogsoestado.com\/danielmatos\/files\/2018\/06\/eleitoreiro.jpg\"},{\"@type\":\"BreadcrumbList\",\"@id\":\"https:\/\/www.blogsoestado.com\/danielmatos\/acoes-eleitoreiras\/#breadcrumb\",\"itemListElement\":[{\"@type\":\"ListItem\",\"position\":1,\"name\":\"In\u00edcio\",\"item\":\"https:\/\/www.blogsoestado.com\/danielmatos\/\"},{\"@type\":\"ListItem\",\"position\":2,\"name\":\"A\u00e7\u00f5es eleitoreiras\"}]},{\"@type\":\"WebSite\",\"@id\":\"https:\/\/www.blogsoestado.com\/danielmatos\/#website\",\"url\":\"https:\/\/www.blogsoestado.com\/danielmatos\/\",\"name\":\"Daniel Matos\",\"description\":\"\",\"potentialAction\":[{\"@type\":\"SearchAction\",\"target\":{\"@type\":\"EntryPoint\",\"urlTemplate\":\"https:\/\/www.blogsoestado.com\/danielmatos\/?s={search_term_string}\"},\"query-input\":{\"@type\":\"PropertyValueSpecification\",\"valueRequired\":true,\"valueName\":\"search_term_string\"}}],\"inLanguage\":\"pt-BR\"}]}<\/script>\n<!-- \/ Yoast SEO plugin. -->","yoast_head_json":{"title":"A\u00e7\u00f5es eleitoreiras - Daniel Matos","robots":{"index":"index","follow":"follow","max-snippet":"max-snippet:-1","max-image-preview":"max-image-preview:large","max-video-preview":"max-video-preview:-1"},"canonical":"https:\/\/www.blogsoestado.com\/danielmatos\/acoes-eleitoreiras\/","og_locale":"pt_BR","og_type":"article","og_title":"A\u00e7\u00f5es eleitoreiras - Daniel Matos","og_description":"\u00c0s v\u00e9speras do in\u00edcio do per\u00edodo oficial de campanha pol\u00edtica, o governador Fl\u00e1vio Dino (PCdoB) intensifica as a\u00e7\u00f5es da sua [&hellip;]","og_url":"https:\/\/www.blogsoestado.com\/danielmatos\/acoes-eleitoreiras\/","og_site_name":"Daniel Matos","article_published_time":"2018-06-14T13:19:14+00:00","og_image":[{"url":"https:\/\/www.blogsoestado.com\/danielmatos\/files\/2018\/06\/eleitoreiro.jpg","type":"","width":"","height":""}],"twitter_card":"summary_large_image","twitter_misc":{"Est. tempo de leitura":"4 minutos"},"schema":{"@context":"https:\/\/schema.org","@graph":[{"@type":"WebPage","@id":"https:\/\/www.blogsoestado.com\/danielmatos\/acoes-eleitoreiras\/","url":"https:\/\/www.blogsoestado.com\/danielmatos\/acoes-eleitoreiras\/","name":"A\u00e7\u00f5es eleitoreiras - Daniel Matos","isPartOf":{"@id":"https:\/\/www.blogsoestado.com\/danielmatos\/#website"},"primaryImageOfPage":{"@id":"https:\/\/www.blogsoestado.com\/danielmatos\/acoes-eleitoreiras\/#primaryimage"},"image":{"@id":"https:\/\/www.blogsoestado.com\/danielmatos\/acoes-eleitoreiras\/#primaryimage"},"thumbnailUrl":"https:\/\/www.blogsoestado.com\/danielmatos\/files\/2018\/06\/eleitoreiro.jpg","datePublished":"2018-06-14T13:19:14+00:00","author":{"@id":""},"breadcrumb":{"@id":"https:\/\/www.blogsoestado.com\/danielmatos\/acoes-eleitoreiras\/#breadcrumb"},"inLanguage":"pt-BR","potentialAction":[{"@type":"ReadAction","target":["https:\/\/www.blogsoestado.com\/danielmatos\/acoes-eleitoreiras\/"]}]},{"@type":"ImageObject","inLanguage":"pt-BR","@id":"https:\/\/www.blogsoestado.com\/danielmatos\/acoes-eleitoreiras\/#primaryimage","url":"https:\/\/www.blogsoestado.com\/danielmatos\/files\/2018\/06\/eleitoreiro.jpg","contentUrl":"https:\/\/www.blogsoestado.com\/danielmatos\/files\/2018\/06\/eleitoreiro.jpg"},{"@type":"BreadcrumbList","@id":"https:\/\/www.blogsoestado.com\/danielmatos\/acoes-eleitoreiras\/#breadcrumb","itemListElement":[{"@type":"ListItem","position":1,"name":"In\u00edcio","item":"https:\/\/www.blogsoestado.com\/danielmatos\/"},{"@type":"ListItem","position":2,"name":"A\u00e7\u00f5es eleitoreiras"}]},{"@type":"WebSite","@id":"https:\/\/www.blogsoestado.com\/danielmatos\/#website","url":"https:\/\/www.blogsoestado.com\/danielmatos\/","name":"Daniel Matos","description":"","potentialAction":[{"@type":"SearchAction","target":{"@type":"EntryPoint","urlTemplate":"https:\/\/www.blogsoestado.com\/danielmatos\/?s={search_term_string}"},"query-input":{"@type":"PropertyValueSpecification","valueRequired":true,"valueName":"search_term_string"}}],"inLanguage":"pt-BR"}]}},"jetpack_featured_media_url":"","_links":{"self":[{"href":"https:\/\/www.blogsoestado.com\/danielmatos\/wp-json\/wp\/v2\/posts\/52275","targetHints":{"allow":["GET"]}}],"collection":[{"href":"https:\/\/www.blogsoestado.com\/danielmatos\/wp-json\/wp\/v2\/posts"}],"about":[{"href":"https:\/\/www.blogsoestado.com\/danielmatos\/wp-json\/wp\/v2\/types\/post"}],"replies":[{"embeddable":true,"href":"https:\/\/www.blogsoestado.com\/danielmatos\/wp-json\/wp\/v2\/comments?post=52275"}],"version-history":[{"count":0,"href":"https:\/\/www.blogsoestado.com\/danielmatos\/wp-json\/wp\/v2\/posts\/52275\/revisions"}],"wp:attachment":[{"href":"https:\/\/www.blogsoestado.com\/danielmatos\/wp-json\/wp\/v2\/media?parent=52275"}],"wp:term":[{"taxonomy":"category","embeddable":true,"href":"https:\/\/www.blogsoestado.com\/danielmatos\/wp-json\/wp\/v2\/categories?post=52275"},{"taxonomy":"post_tag","embeddable":true,"href":"https:\/\/www.blogsoestado.com\/danielmatos\/wp-json\/wp\/v2\/tags?post=52275"}],"curies":[{"name":"wp","href":"https:\/\/api.w.org\/{rel}","templated":true}]}}