{"id":52281,"date":"2018-06-14T10:47:03","date_gmt":"2018-06-14T13:47:03","guid":{"rendered":"https:\/\/www.blogsoestado.com\/danielmatos\/?p=52281"},"modified":"2018-06-14T10:47:03","modified_gmt":"2018-06-14T13:47:03","slug":"fecomercio-ma-promove-forum-empresarial-sobre-o-esocial","status":"publish","type":"post","link":"https:\/\/www.blogsoestado.com\/danielmatos\/fecomercio-ma-promove-forum-empresarial-sobre-o-esocial\/","title":{"rendered":"Fecom\u00e9rcio-MA promove F\u00f3rum Empresarial sobre o eSocial"},"content":{"rendered":"<h2><span style=\"color: #ff0000;\">Sistema passa a valer de forma definitiva para as empresas a partir do m\u00eas de julho deste ano<\/span><\/h2>\n<figure id=\"attachment_52282\" aria-describedby=\"caption-attachment-52282\" style=\"width: 720px\" class=\"wp-caption aligncenter\"><img fetchpriority=\"high\" decoding=\"async\" class=\"wp-image-52282\" src=\"https:\/\/www.blogsoestado.com\/danielmatos\/files\/2018\/06\/forum-fecomercio2.jpg\" alt=\"\" width=\"720\" height=\"480\" \/><figcaption id=\"caption-attachment-52282\" class=\"wp-caption-text\">Auditor Nauro Costa Muniz apresentou os manuais de orienta\u00e7\u00e3o, tabelas e leiautes do eSocial, assim como o cronograma e o processo de implanta\u00e7\u00e3o e de cadastro inicial<\/figcaption><\/figure>\n<p>Considerando a complexidade da implanta\u00e7\u00e3o do eSocial e as altera\u00e7\u00f5es administrativas nas empresas com essa nova obriga\u00e7\u00e3o, que passa a valer de forma definitiva a partir do m\u00eas de julho deste ano, a Federa\u00e7\u00e3o do Com\u00e9rcio de Bens, Servi\u00e7os e Turismo do Estado do Maranh\u00e3o promoveu no dia 12 de junho, o F\u00f3rum Empresarial \u201cMudan\u00e7as na rotina das empresas com o eSocial\u201d, que reuniu cerca de 150 empres\u00e1rios e contadores maranhenses.<\/p>\n<p>De acordo com o vice-presidente da Fecom\u00e9rico-MA, Marcelino Ramos Ara\u00fajo, o evento buscou proporcionar um espa\u00e7o de discuss\u00e3o, orienta\u00e7\u00e3o e esclarecimento de d\u00favidas sobre a nova ferramenta. \u201cSendo um novo sistema de registro digital, o eSocial \u00e9 tamb\u00e9m um novo momento na rela\u00e7\u00e3o entre empregadores, empregados e governo. Entendemos que o eSocial prop\u00f5e facilitar a comunica\u00e7\u00e3o com os entes p\u00fablicos, impedir erros de recolhimento, reduzir obriga\u00e7\u00f5es acess\u00f3rias e diminuir at\u00e9 mesmo os custos das empresas\u201d, destacou o vice-presidente.<\/p>\n<p>Na ocasi\u00e3o, o Auditor Fiscal do Trabalho Nauro Costa Muniz, realizou a palestra \u201cImpactos, desafios e perspectivas do eSocial\u201d, destacando o cen\u00e1rio atual e as mudan\u00e7as com a implanta\u00e7\u00e3o da nova ferramenta, que deve provocar o aumento da exposi\u00e7\u00e3o a situa\u00e7\u00f5es irregulares, o cumprimento dos prazos, a mudan\u00e7a da cultura organizacional e a implementa\u00e7\u00e3o de novas rotinas de governan\u00e7a e compliance.<\/p>\n<figure id=\"attachment_52283\" aria-describedby=\"caption-attachment-52283\" style=\"width: 400px\" class=\"wp-caption alignleft\"><img decoding=\"async\" class=\"wp-image-52283\" src=\"https:\/\/www.blogsoestado.com\/danielmatos\/files\/2018\/06\/forum-fecomercio.jpg\" alt=\"\" width=\"400\" height=\"267\" \/><figcaption id=\"caption-attachment-52283\" class=\"wp-caption-text\">Vice-presidente da Fecom\u00e9rcio, Marelino Ramos Ara\u00fajo, falou em nome da entidade no evento<\/figcaption><\/figure>\n<p>Al\u00e9m disso, o especialista apresentou os manuais de orienta\u00e7\u00e3o, tabelas e leiautes do eSocial, assim como o cronograma e o processo de implanta\u00e7\u00e3o e de cadastro inicial. \u201cA nosso debate foi, principalmente, sobre os desafios das empresas com a implanta\u00e7\u00e3o do eSocial. \u00c9 um processo novo e requer um esfor\u00e7o de compreens\u00e3o das novidades e altera\u00e7\u00f5es. A partir de uma sinergia entre trabalhadores, empres\u00e1rios, recursos humanos e contadores, ser\u00e1 poss\u00edvel atingir a curto e m\u00e9dio prazo o n\u00edvel de satisfa\u00e7\u00e3o proposto por esse sistema\u201d, explicou o Auditor Fiscal do Trabalho.<\/p>\n<p>Ap\u00f3s a palestra, foi aberto o espa\u00e7o para perguntas e debate sobre esse novo momento na rela\u00e7\u00e3o entre empregadores, empregados e governo. De modo geral, essa nova obriga\u00e7\u00e3o visa unificar o envio de informa\u00e7\u00f5es pelo empregador em rela\u00e7\u00e3o aos seus empregados, armazenando no Ambiente Nacional do eSocial, os dados trabalhistas, previdenci\u00e1rios, tribut\u00e1rios, fiscais e do Fundo de Garantia do Tempo de Servi\u00e7o (FGTS).<\/p>\n<p><strong>Mais<\/strong><\/p>\n<p>O eSocial consolida as obriga\u00e7\u00f5es acess\u00f3rias da \u00e1rea trabalhista em uma \u00fanica entrega, eliminando uma s\u00e9rie de informativos enviados atualmente pelas empresas a v\u00e1rios entes do governo, como a GFIP (Guia de Recolhimento do Fundo de Garantia por Tempo de Servi\u00e7o e Informa\u00e7\u00f5es as Previd\u00eancia Social), o CAGED (Cadastro Geral de Empregados e Desempregados), a RAIS (Rela\u00e7\u00e3o Anual de Informa\u00e7\u00f5es Sociais), a GPS (Guia de Previd\u00eancia Social) e a DIRF (Declara\u00e7\u00e3o do Imposto de Renda Retido na Fonte). Assim, possibilita aos \u00f3rg\u00e3os participantes do eSocial, a sua efetiva utiliza\u00e7\u00e3o para fins previdenci\u00e1rios, fiscais e de apura\u00e7\u00e3o de tributos.<\/p>\n<p>Idealizado para simplificar as informa\u00e7\u00f5es que s\u00e3o prestadas atualmente, o eSocial busca garantir o direito dos trabalhadores, dinamizar o cumprimento das obriga\u00e7\u00f5es pelos empregadores, reduzindo custos e a informalidade, al\u00e9m de qualificar as informa\u00e7\u00f5es prestadas ao estado. Estima-se que o sistema ter\u00e1 a participa\u00e7\u00e3o de mais de 8 milh\u00f5es de empresas, al\u00e9m de 80 mil escrit\u00f3rios de contabilidade.<\/p>\n","protected":false},"excerpt":{"rendered":"<p>Sistema passa a valer de forma definitiva para as empresas a partir do m\u00eas de julho deste ano Considerando a [&hellip;]<\/p>\n","protected":false},"author":0,"featured_media":0,"comment_status":"open","ping_status":"open","sticky":false,"template":"","format":"standard","meta":{"site-sidebar-layout":"default","site-content-layout":"","ast-site-content-layout":"default","site-content-style":"default","site-sidebar-style":"default","ast-global-header-display":"","ast-banner-title-visibility":"","ast-main-header-display":"","ast-hfb-above-header-display":"","ast-hfb-below-header-display":"","ast-hfb-mobile-header-display":"","site-post-title":"","ast-breadcrumbs-content":"","ast-featured-img":"","footer-sml-layout":"","ast-disable-related-posts":"","theme-transparent-header-meta":"","adv-header-id-meta":"","stick-header-meta":"","header-above-stick-meta":"","header-main-stick-meta":"","header-below-stick-meta":"","astra-migrate-meta-layouts":"default","ast-page-background-enabled":"default","ast-page-background-meta":{"desktop":{"background-color":"var(--ast-global-color-5)","background-image":"","background-repeat":"repeat","background-position":"center center","background-size":"auto","background-attachment":"scroll","background-type":"","background-media":"","overlay-type":"","overlay-color":"","overlay-opacity":"","overlay-gradient":""},"tablet":{"background-color":"","background-image":"","background-repeat":"repeat","background-position":"center center","background-size":"auto","background-attachment":"scroll","background-type":"","background-media":"","overlay-type":"","overlay-color":"","overlay-opacity":"","overlay-gradient":""},"mobile":{"background-color":"","background-image":"","background-repeat":"repeat","background-position":"center center","background-size":"auto","background-attachment":"scroll","background-type":"","background-media":"","overlay-type":"","overlay-color":"","overlay-opacity":"","overlay-gradient":""}},"ast-content-background-meta":{"desktop":{"background-color":"var(--ast-global-color-4)","background-image":"","background-repeat":"repeat","background-position":"center center","background-size":"auto","background-attachment":"scroll","background-type":"","background-media":"","overlay-type":"","overlay-color":"","overlay-opacity":"","overlay-gradient":""},"tablet":{"background-color":"var(--ast-global-color-4)","background-image":"","background-repeat":"repeat","background-position":"center center","background-size":"auto","background-attachment":"scroll","background-type":"","background-media":"","overlay-type":"","overlay-color":"","overlay-opacity":"","overlay-gradient":""},"mobile":{"background-color":"var(--ast-global-color-4)","background-image":"","background-repeat":"repeat","background-position":"center center","background-size":"auto","background-attachment":"scroll","background-type":"","background-media":"","overlay-type":"","overlay-color":"","overlay-opacity":"","overlay-gradient":""}},"footnotes":""},"categories":[1],"tags":[],"class_list":["post-52281","post","type-post","status-publish","format-standard","hentry","category-sem-categoria"],"yoast_head":"<!-- This site is optimized with the Yoast SEO plugin v26.6 - https:\/\/yoast.com\/wordpress\/plugins\/seo\/ -->\n<title>Fecom\u00e9rcio-MA promove F\u00f3rum Empresarial sobre o eSocial - Daniel Matos<\/title>\n<meta name=\"robots\" content=\"index, follow, max-snippet:-1, max-image-preview:large, max-video-preview:-1\" \/>\n<link rel=\"canonical\" href=\"https:\/\/www.blogsoestado.com\/danielmatos\/fecomercio-ma-promove-forum-empresarial-sobre-o-esocial\/\" \/>\n<meta property=\"og:locale\" content=\"pt_BR\" \/>\n<meta property=\"og:type\" content=\"article\" \/>\n<meta property=\"og:title\" content=\"Fecom\u00e9rcio-MA promove F\u00f3rum Empresarial sobre o eSocial - Daniel Matos\" \/>\n<meta property=\"og:description\" content=\"Sistema passa a valer de forma definitiva para as empresas a partir do m\u00eas de julho deste ano Considerando a [&hellip;]\" \/>\n<meta property=\"og:url\" content=\"https:\/\/www.blogsoestado.com\/danielmatos\/fecomercio-ma-promove-forum-empresarial-sobre-o-esocial\/\" \/>\n<meta property=\"og:site_name\" content=\"Daniel Matos\" \/>\n<meta property=\"article:published_time\" content=\"2018-06-14T13:47:03+00:00\" \/>\n<meta property=\"og:image\" content=\"https:\/\/www.blogsoestado.com\/danielmatos\/files\/2018\/06\/forum-fecomercio2.jpg\" \/>\n<meta name=\"twitter:card\" content=\"summary_large_image\" \/>\n<meta name=\"twitter:label1\" content=\"Est. tempo de leitura\" \/>\n\t<meta name=\"twitter:data1\" content=\"3 minutos\" \/>\n<script type=\"application\/ld+json\" class=\"yoast-schema-graph\">{\"@context\":\"https:\/\/schema.org\",\"@graph\":[{\"@type\":\"WebPage\",\"@id\":\"https:\/\/www.blogsoestado.com\/danielmatos\/fecomercio-ma-promove-forum-empresarial-sobre-o-esocial\/\",\"url\":\"https:\/\/www.blogsoestado.com\/danielmatos\/fecomercio-ma-promove-forum-empresarial-sobre-o-esocial\/\",\"name\":\"Fecom\u00e9rcio-MA promove F\u00f3rum Empresarial sobre o eSocial - Daniel Matos\",\"isPartOf\":{\"@id\":\"https:\/\/www.blogsoestado.com\/danielmatos\/#website\"},\"primaryImageOfPage\":{\"@id\":\"https:\/\/www.blogsoestado.com\/danielmatos\/fecomercio-ma-promove-forum-empresarial-sobre-o-esocial\/#primaryimage\"},\"image\":{\"@id\":\"https:\/\/www.blogsoestado.com\/danielmatos\/fecomercio-ma-promove-forum-empresarial-sobre-o-esocial\/#primaryimage\"},\"thumbnailUrl\":\"https:\/\/www.blogsoestado.com\/danielmatos\/files\/2018\/06\/forum-fecomercio2.jpg\",\"datePublished\":\"2018-06-14T13:47:03+00:00\",\"author\":{\"@id\":\"\"},\"breadcrumb\":{\"@id\":\"https:\/\/www.blogsoestado.com\/danielmatos\/fecomercio-ma-promove-forum-empresarial-sobre-o-esocial\/#breadcrumb\"},\"inLanguage\":\"pt-BR\",\"potentialAction\":[{\"@type\":\"ReadAction\",\"target\":[\"https:\/\/www.blogsoestado.com\/danielmatos\/fecomercio-ma-promove-forum-empresarial-sobre-o-esocial\/\"]}]},{\"@type\":\"ImageObject\",\"inLanguage\":\"pt-BR\",\"@id\":\"https:\/\/www.blogsoestado.com\/danielmatos\/fecomercio-ma-promove-forum-empresarial-sobre-o-esocial\/#primaryimage\",\"url\":\"https:\/\/www.blogsoestado.com\/danielmatos\/files\/2018\/06\/forum-fecomercio2.jpg\",\"contentUrl\":\"https:\/\/www.blogsoestado.com\/danielmatos\/files\/2018\/06\/forum-fecomercio2.jpg\"},{\"@type\":\"BreadcrumbList\",\"@id\":\"https:\/\/www.blogsoestado.com\/danielmatos\/fecomercio-ma-promove-forum-empresarial-sobre-o-esocial\/#breadcrumb\",\"itemListElement\":[{\"@type\":\"ListItem\",\"position\":1,\"name\":\"In\u00edcio\",\"item\":\"https:\/\/www.blogsoestado.com\/danielmatos\/\"},{\"@type\":\"ListItem\",\"position\":2,\"name\":\"Fecom\u00e9rcio-MA promove F\u00f3rum Empresarial sobre o eSocial\"}]},{\"@type\":\"WebSite\",\"@id\":\"https:\/\/www.blogsoestado.com\/danielmatos\/#website\",\"url\":\"https:\/\/www.blogsoestado.com\/danielmatos\/\",\"name\":\"Daniel Matos\",\"description\":\"\",\"potentialAction\":[{\"@type\":\"SearchAction\",\"target\":{\"@type\":\"EntryPoint\",\"urlTemplate\":\"https:\/\/www.blogsoestado.com\/danielmatos\/?s={search_term_string}\"},\"query-input\":{\"@type\":\"PropertyValueSpecification\",\"valueRequired\":true,\"valueName\":\"search_term_string\"}}],\"inLanguage\":\"pt-BR\"}]}<\/script>\n<!-- \/ Yoast SEO plugin. -->","yoast_head_json":{"title":"Fecom\u00e9rcio-MA promove F\u00f3rum Empresarial sobre o eSocial - Daniel Matos","robots":{"index":"index","follow":"follow","max-snippet":"max-snippet:-1","max-image-preview":"max-image-preview:large","max-video-preview":"max-video-preview:-1"},"canonical":"https:\/\/www.blogsoestado.com\/danielmatos\/fecomercio-ma-promove-forum-empresarial-sobre-o-esocial\/","og_locale":"pt_BR","og_type":"article","og_title":"Fecom\u00e9rcio-MA promove F\u00f3rum Empresarial sobre o eSocial - Daniel Matos","og_description":"Sistema passa a valer de forma definitiva para as empresas a partir do m\u00eas de julho deste ano Considerando a [&hellip;]","og_url":"https:\/\/www.blogsoestado.com\/danielmatos\/fecomercio-ma-promove-forum-empresarial-sobre-o-esocial\/","og_site_name":"Daniel Matos","article_published_time":"2018-06-14T13:47:03+00:00","og_image":[{"url":"https:\/\/www.blogsoestado.com\/danielmatos\/files\/2018\/06\/forum-fecomercio2.jpg","type":"","width":"","height":""}],"twitter_card":"summary_large_image","twitter_misc":{"Est. tempo de leitura":"3 minutos"},"schema":{"@context":"https:\/\/schema.org","@graph":[{"@type":"WebPage","@id":"https:\/\/www.blogsoestado.com\/danielmatos\/fecomercio-ma-promove-forum-empresarial-sobre-o-esocial\/","url":"https:\/\/www.blogsoestado.com\/danielmatos\/fecomercio-ma-promove-forum-empresarial-sobre-o-esocial\/","name":"Fecom\u00e9rcio-MA promove F\u00f3rum Empresarial sobre o eSocial - Daniel Matos","isPartOf":{"@id":"https:\/\/www.blogsoestado.com\/danielmatos\/#website"},"primaryImageOfPage":{"@id":"https:\/\/www.blogsoestado.com\/danielmatos\/fecomercio-ma-promove-forum-empresarial-sobre-o-esocial\/#primaryimage"},"image":{"@id":"https:\/\/www.blogsoestado.com\/danielmatos\/fecomercio-ma-promove-forum-empresarial-sobre-o-esocial\/#primaryimage"},"thumbnailUrl":"https:\/\/www.blogsoestado.com\/danielmatos\/files\/2018\/06\/forum-fecomercio2.jpg","datePublished":"2018-06-14T13:47:03+00:00","author":{"@id":""},"breadcrumb":{"@id":"https:\/\/www.blogsoestado.com\/danielmatos\/fecomercio-ma-promove-forum-empresarial-sobre-o-esocial\/#breadcrumb"},"inLanguage":"pt-BR","potentialAction":[{"@type":"ReadAction","target":["https:\/\/www.blogsoestado.com\/danielmatos\/fecomercio-ma-promove-forum-empresarial-sobre-o-esocial\/"]}]},{"@type":"ImageObject","inLanguage":"pt-BR","@id":"https:\/\/www.blogsoestado.com\/danielmatos\/fecomercio-ma-promove-forum-empresarial-sobre-o-esocial\/#primaryimage","url":"https:\/\/www.blogsoestado.com\/danielmatos\/files\/2018\/06\/forum-fecomercio2.jpg","contentUrl":"https:\/\/www.blogsoestado.com\/danielmatos\/files\/2018\/06\/forum-fecomercio2.jpg"},{"@type":"BreadcrumbList","@id":"https:\/\/www.blogsoestado.com\/danielmatos\/fecomercio-ma-promove-forum-empresarial-sobre-o-esocial\/#breadcrumb","itemListElement":[{"@type":"ListItem","position":1,"name":"In\u00edcio","item":"https:\/\/www.blogsoestado.com\/danielmatos\/"},{"@type":"ListItem","position":2,"name":"Fecom\u00e9rcio-MA promove F\u00f3rum Empresarial sobre o eSocial"}]},{"@type":"WebSite","@id":"https:\/\/www.blogsoestado.com\/danielmatos\/#website","url":"https:\/\/www.blogsoestado.com\/danielmatos\/","name":"Daniel Matos","description":"","potentialAction":[{"@type":"SearchAction","target":{"@type":"EntryPoint","urlTemplate":"https:\/\/www.blogsoestado.com\/danielmatos\/?s={search_term_string}"},"query-input":{"@type":"PropertyValueSpecification","valueRequired":true,"valueName":"search_term_string"}}],"inLanguage":"pt-BR"}]}},"jetpack_featured_media_url":"","_links":{"self":[{"href":"https:\/\/www.blogsoestado.com\/danielmatos\/wp-json\/wp\/v2\/posts\/52281","targetHints":{"allow":["GET"]}}],"collection":[{"href":"https:\/\/www.blogsoestado.com\/danielmatos\/wp-json\/wp\/v2\/posts"}],"about":[{"href":"https:\/\/www.blogsoestado.com\/danielmatos\/wp-json\/wp\/v2\/types\/post"}],"replies":[{"embeddable":true,"href":"https:\/\/www.blogsoestado.com\/danielmatos\/wp-json\/wp\/v2\/comments?post=52281"}],"version-history":[{"count":0,"href":"https:\/\/www.blogsoestado.com\/danielmatos\/wp-json\/wp\/v2\/posts\/52281\/revisions"}],"wp:attachment":[{"href":"https:\/\/www.blogsoestado.com\/danielmatos\/wp-json\/wp\/v2\/media?parent=52281"}],"wp:term":[{"taxonomy":"category","embeddable":true,"href":"https:\/\/www.blogsoestado.com\/danielmatos\/wp-json\/wp\/v2\/categories?post=52281"},{"taxonomy":"post_tag","embeddable":true,"href":"https:\/\/www.blogsoestado.com\/danielmatos\/wp-json\/wp\/v2\/tags?post=52281"}],"curies":[{"name":"wp","href":"https:\/\/api.w.org\/{rel}","templated":true}]}}