{"id":52289,"date":"2018-06-14T11:48:42","date_gmt":"2018-06-14T14:48:42","guid":{"rendered":"https:\/\/www.blogsoestado.com\/danielmatos\/?p=52289"},"modified":"2018-06-14T11:48:42","modified_gmt":"2018-06-14T14:48:42","slug":"apos-audiencias-e-acoes-do-deputado-wellington-aprovados-no-concurso-de-barreirinhas-sao-convocados","status":"publish","type":"post","link":"https:\/\/www.blogsoestado.com\/danielmatos\/apos-audiencias-e-acoes-do-deputado-wellington-aprovados-no-concurso-de-barreirinhas-sao-convocados\/","title":{"rendered":"Ap\u00f3s audi\u00eancias e a\u00e7\u00f5es do deputado Wellington, aprovados no concurso de Barreirinhas s\u00e3o convocados"},"content":{"rendered":"<figure id=\"attachment_52290\" aria-describedby=\"caption-attachment-52290\" style=\"width: 489px\" class=\"wp-caption alignleft\"><img fetchpriority=\"high\" decoding=\"async\" class=\"size-full wp-image-52290\" src=\"https:\/\/www.blogsoestado.com\/danielmatos\/files\/2018\/06\/w-convocados.jpg\" alt=\"\" width=\"489\" height=\"286\" \/><figcaption id=\"caption-attachment-52290\" class=\"wp-caption-text\">Wellington em uma das reuni\u00f5es com MP que resultaram na convoca\u00e7\u00e3o dos aprovados no concurso<\/figcaption><\/figure>\n<p>O deputado estadual Wellington do Curso (PSDB) destacou,\u00a0na manh\u00e3 dessa quarta-feira (13), mais uma conquista em defesa de aprovados em concurso p\u00fablico no Maranh\u00e3o. Dessa vez, ap\u00f3s audi\u00eancias, articula\u00e7\u00f5es e a\u00e7\u00f5es na Justi\u00e7a que foram realizadas pelo deputado Wellington no munic\u00edpio de Barreirinhas desde fevereiro de 2017, a Prefeitura convocou os aprovados no \u00faltimo concurso realizado.<\/p>\n<p>A convoca\u00e7\u00e3o \u00e9 resultado de muita luta do deputado Wellington, que desde 2017, se reuniu com os aprovados, realizou audi\u00eancia e, ap\u00f3s isso, contou tamb\u00e9m com a posi\u00e7\u00e3o ativa do Minist\u00e9rio P\u00fablico para garantir as convoca\u00e7\u00f5es.<\/p>\n<p>\u201cAp\u00f3s muita luta, conseguimos a convoca\u00e7\u00e3o dos aprovados no concurso de Barreirinhas. Gra\u00e7as \u00e0 posi\u00e7\u00e3o ativa do Minist\u00e9rio P\u00fablico, que tamb\u00e9m foi crucial para esse momento. Nos reunimos desde fevereiro de 2017, quando os aprovados realizaram manifesta\u00e7\u00f5es e ocuparam a sede da Prefeitura como forma de protesto. Ouvimos as solicita\u00e7\u00f5es de cada aprovado, realizamos audi\u00eancias e, agora, estamos diante da convoca\u00e7\u00e3o. Continuamos firmes em defesa de cada concursado e servidor p\u00fablico do Maranh\u00e3o\u201d, disse o professor e deputado Wellington.<\/p>\n<p>Wellington \u00e9 o deputado que j\u00e1 realizou audi\u00eancias em defesa dos concursados e acionou a Justi\u00e7a para que aprovados de diversos de diversos munic\u00edpios, a exemplo de Barreirinhas, Anapurus, Lago A\u00e7\u00fa, Paraibano, Mat\u00f5es do Norte, Pindar\u00e9 Mirim, Pa\u00e7o do Lumiar e S\u00e3o Lu\u00eds.<\/p>\n<p>Segue lista de convoca\u00e7\u00e3o publicada no Di\u00e1rio Oficial do Munic\u00edpio:<\/p>\n<p><img decoding=\"async\" class=\"aligncenter wp-image-52291 size-full\" src=\"https:\/\/www.blogsoestado.com\/danielmatos\/files\/2018\/06\/diario-barreirinhas.jpg\" alt=\"\" width=\"694\" height=\"960\" \/><\/p>\n<p><img decoding=\"async\" class=\"aligncenter size-full wp-image-52292\" src=\"https:\/\/www.blogsoestado.com\/danielmatos\/files\/2018\/06\/diario-barreirinhas2.jpg\" alt=\"\" width=\"695\" height=\"960\" \/><\/p>\n<p><img loading=\"lazy\" decoding=\"async\" class=\"aligncenter size-full wp-image-52293\" src=\"https:\/\/www.blogsoestado.com\/danielmatos\/files\/2018\/06\/diario-barreirinhas3.jpg\" alt=\"\" width=\"702\" height=\"960\" \/><\/p>\n<p><img loading=\"lazy\" decoding=\"async\" class=\"aligncenter size-full wp-image-52294\" src=\"https:\/\/www.blogsoestado.com\/danielmatos\/files\/2018\/06\/diario-barreirinhas4.jpg\" alt=\"\" width=\"696\" height=\"960\" \/><\/p>\n<p><strong>Retrospecto da luta do deputado Wellington pela convoca\u00e7\u00e3o dos aprovados no concurso:<\/strong><\/p>\n<p><img loading=\"lazy\" decoding=\"async\" class=\"aligncenter wp-image-52295 size-full\" src=\"https:\/\/www.blogsoestado.com\/danielmatos\/files\/2018\/06\/barreirinhas-hst.jpg\" alt=\"\" width=\"484\" height=\"960\" \/><\/p>\n<p><img loading=\"lazy\" decoding=\"async\" class=\"aligncenter wp-image-52296\" src=\"https:\/\/www.blogsoestado.com\/danielmatos\/files\/2018\/06\/barreirinhas-hst2.jpg\" alt=\"\" width=\"494\" height=\"513\" \/><\/p>\n<p>&nbsp;<\/p>\n","protected":false},"excerpt":{"rendered":"<p>O deputado estadual Wellington do Curso (PSDB) destacou,\u00a0na manh\u00e3 dessa quarta-feira (13), mais uma conquista em defesa de aprovados em [&hellip;]<\/p>\n","protected":false},"author":0,"featured_media":0,"comment_status":"open","ping_status":"open","sticky":false,"template":"","format":"standard","meta":{"site-sidebar-layout":"default","site-content-layout":"","ast-site-content-layout":"default","site-content-style":"default","site-sidebar-style":"default","ast-global-header-display":"","ast-banner-title-visibility":"","ast-main-header-display":"","ast-hfb-above-header-display":"","ast-hfb-below-header-display":"","ast-hfb-mobile-header-display":"","site-post-title":"","ast-breadcrumbs-content":"","ast-featured-img":"","footer-sml-layout":"","ast-disable-related-posts":"","theme-transparent-header-meta":"","adv-header-id-meta":"","stick-header-meta":"","header-above-stick-meta":"","header-main-stick-meta":"","header-below-stick-meta":"","astra-migrate-meta-layouts":"default","ast-page-background-enabled":"default","ast-page-background-meta":{"desktop":{"background-color":"var(--ast-global-color-5)","background-image":"","background-repeat":"repeat","background-position":"center center","background-size":"auto","background-attachment":"scroll","background-type":"","background-media":"","overlay-type":"","overlay-color":"","overlay-opacity":"","overlay-gradient":""},"tablet":{"background-color":"","background-image":"","background-repeat":"repeat","background-position":"center center","background-size":"auto","background-attachment":"scroll","background-type":"","background-media":"","overlay-type":"","overlay-color":"","overlay-opacity":"","overlay-gradient":""},"mobile":{"background-color":"","background-image":"","background-repeat":"repeat","background-position":"center center","background-size":"auto","background-attachment":"scroll","background-type":"","background-media":"","overlay-type":"","overlay-color":"","overlay-opacity":"","overlay-gradient":""}},"ast-content-background-meta":{"desktop":{"background-color":"var(--ast-global-color-4)","background-image":"","background-repeat":"repeat","background-position":"center center","background-size":"auto","background-attachment":"scroll","background-type":"","background-media":"","overlay-type":"","overlay-color":"","overlay-opacity":"","overlay-gradient":""},"tablet":{"background-color":"var(--ast-global-color-4)","background-image":"","background-repeat":"repeat","background-position":"center center","background-size":"auto","background-attachment":"scroll","background-type":"","background-media":"","overlay-type":"","overlay-color":"","overlay-opacity":"","overlay-gradient":""},"mobile":{"background-color":"var(--ast-global-color-4)","background-image":"","background-repeat":"repeat","background-position":"center center","background-size":"auto","background-attachment":"scroll","background-type":"","background-media":"","overlay-type":"","overlay-color":"","overlay-opacity":"","overlay-gradient":""}},"footnotes":""},"categories":[1],"tags":[],"class_list":["post-52289","post","type-post","status-publish","format-standard","hentry","category-sem-categoria"],"yoast_head":"<!-- This site is optimized with the Yoast SEO plugin v26.6 - https:\/\/yoast.com\/wordpress\/plugins\/seo\/ -->\n<title>Ap\u00f3s audi\u00eancias e a\u00e7\u00f5es do deputado Wellington, aprovados no concurso de Barreirinhas s\u00e3o convocados - Daniel Matos<\/title>\n<meta name=\"robots\" content=\"index, follow, max-snippet:-1, max-image-preview:large, max-video-preview:-1\" \/>\n<link rel=\"canonical\" href=\"https:\/\/www.blogsoestado.com\/danielmatos\/apos-audiencias-e-acoes-do-deputado-wellington-aprovados-no-concurso-de-barreirinhas-sao-convocados\/\" \/>\n<meta property=\"og:locale\" content=\"pt_BR\" \/>\n<meta property=\"og:type\" content=\"article\" \/>\n<meta property=\"og:title\" content=\"Ap\u00f3s audi\u00eancias e a\u00e7\u00f5es do deputado Wellington, aprovados no concurso de Barreirinhas s\u00e3o convocados - Daniel Matos\" \/>\n<meta property=\"og:description\" content=\"O deputado estadual Wellington do Curso (PSDB) destacou,\u00a0na manh\u00e3 dessa quarta-feira (13), mais uma conquista em defesa de aprovados em [&hellip;]\" \/>\n<meta property=\"og:url\" content=\"https:\/\/www.blogsoestado.com\/danielmatos\/apos-audiencias-e-acoes-do-deputado-wellington-aprovados-no-concurso-de-barreirinhas-sao-convocados\/\" \/>\n<meta property=\"og:site_name\" content=\"Daniel Matos\" \/>\n<meta property=\"article:published_time\" content=\"2018-06-14T14:48:42+00:00\" \/>\n<meta property=\"og:image\" content=\"https:\/\/www.blogsoestado.com\/danielmatos\/files\/2018\/06\/w-convocados.jpg\" \/>\n<meta name=\"twitter:card\" content=\"summary_large_image\" \/>\n<meta name=\"twitter:label1\" content=\"Est. tempo de leitura\" \/>\n\t<meta name=\"twitter:data1\" content=\"1 minuto\" \/>\n<script type=\"application\/ld+json\" class=\"yoast-schema-graph\">{\"@context\":\"https:\/\/schema.org\",\"@graph\":[{\"@type\":\"WebPage\",\"@id\":\"https:\/\/www.blogsoestado.com\/danielmatos\/apos-audiencias-e-acoes-do-deputado-wellington-aprovados-no-concurso-de-barreirinhas-sao-convocados\/\",\"url\":\"https:\/\/www.blogsoestado.com\/danielmatos\/apos-audiencias-e-acoes-do-deputado-wellington-aprovados-no-concurso-de-barreirinhas-sao-convocados\/\",\"name\":\"Ap\u00f3s audi\u00eancias e a\u00e7\u00f5es do deputado Wellington, aprovados no concurso de Barreirinhas s\u00e3o convocados - Daniel Matos\",\"isPartOf\":{\"@id\":\"https:\/\/www.blogsoestado.com\/danielmatos\/#website\"},\"primaryImageOfPage\":{\"@id\":\"https:\/\/www.blogsoestado.com\/danielmatos\/apos-audiencias-e-acoes-do-deputado-wellington-aprovados-no-concurso-de-barreirinhas-sao-convocados\/#primaryimage\"},\"image\":{\"@id\":\"https:\/\/www.blogsoestado.com\/danielmatos\/apos-audiencias-e-acoes-do-deputado-wellington-aprovados-no-concurso-de-barreirinhas-sao-convocados\/#primaryimage\"},\"thumbnailUrl\":\"https:\/\/www.blogsoestado.com\/danielmatos\/files\/2018\/06\/w-convocados.jpg\",\"datePublished\":\"2018-06-14T14:48:42+00:00\",\"author\":{\"@id\":\"\"},\"breadcrumb\":{\"@id\":\"https:\/\/www.blogsoestado.com\/danielmatos\/apos-audiencias-e-acoes-do-deputado-wellington-aprovados-no-concurso-de-barreirinhas-sao-convocados\/#breadcrumb\"},\"inLanguage\":\"pt-BR\",\"potentialAction\":[{\"@type\":\"ReadAction\",\"target\":[\"https:\/\/www.blogsoestado.com\/danielmatos\/apos-audiencias-e-acoes-do-deputado-wellington-aprovados-no-concurso-de-barreirinhas-sao-convocados\/\"]}]},{\"@type\":\"ImageObject\",\"inLanguage\":\"pt-BR\",\"@id\":\"https:\/\/www.blogsoestado.com\/danielmatos\/apos-audiencias-e-acoes-do-deputado-wellington-aprovados-no-concurso-de-barreirinhas-sao-convocados\/#primaryimage\",\"url\":\"https:\/\/www.blogsoestado.com\/danielmatos\/files\/2018\/06\/w-convocados.jpg\",\"contentUrl\":\"https:\/\/www.blogsoestado.com\/danielmatos\/files\/2018\/06\/w-convocados.jpg\"},{\"@type\":\"BreadcrumbList\",\"@id\":\"https:\/\/www.blogsoestado.com\/danielmatos\/apos-audiencias-e-acoes-do-deputado-wellington-aprovados-no-concurso-de-barreirinhas-sao-convocados\/#breadcrumb\",\"itemListElement\":[{\"@type\":\"ListItem\",\"position\":1,\"name\":\"In\u00edcio\",\"item\":\"https:\/\/www.blogsoestado.com\/danielmatos\/\"},{\"@type\":\"ListItem\",\"position\":2,\"name\":\"Ap\u00f3s audi\u00eancias e a\u00e7\u00f5es do deputado Wellington, aprovados no concurso de Barreirinhas s\u00e3o convocados\"}]},{\"@type\":\"WebSite\",\"@id\":\"https:\/\/www.blogsoestado.com\/danielmatos\/#website\",\"url\":\"https:\/\/www.blogsoestado.com\/danielmatos\/\",\"name\":\"Daniel Matos\",\"description\":\"\",\"potentialAction\":[{\"@type\":\"SearchAction\",\"target\":{\"@type\":\"EntryPoint\",\"urlTemplate\":\"https:\/\/www.blogsoestado.com\/danielmatos\/?s={search_term_string}\"},\"query-input\":{\"@type\":\"PropertyValueSpecification\",\"valueRequired\":true,\"valueName\":\"search_term_string\"}}],\"inLanguage\":\"pt-BR\"}]}<\/script>\n<!-- \/ Yoast SEO plugin. -->","yoast_head_json":{"title":"Ap\u00f3s audi\u00eancias e a\u00e7\u00f5es do deputado Wellington, aprovados no concurso de Barreirinhas s\u00e3o convocados - Daniel Matos","robots":{"index":"index","follow":"follow","max-snippet":"max-snippet:-1","max-image-preview":"max-image-preview:large","max-video-preview":"max-video-preview:-1"},"canonical":"https:\/\/www.blogsoestado.com\/danielmatos\/apos-audiencias-e-acoes-do-deputado-wellington-aprovados-no-concurso-de-barreirinhas-sao-convocados\/","og_locale":"pt_BR","og_type":"article","og_title":"Ap\u00f3s audi\u00eancias e a\u00e7\u00f5es do deputado Wellington, aprovados no concurso de Barreirinhas s\u00e3o convocados - Daniel Matos","og_description":"O deputado estadual Wellington do Curso (PSDB) destacou,\u00a0na manh\u00e3 dessa quarta-feira (13), mais uma conquista em defesa de aprovados em [&hellip;]","og_url":"https:\/\/www.blogsoestado.com\/danielmatos\/apos-audiencias-e-acoes-do-deputado-wellington-aprovados-no-concurso-de-barreirinhas-sao-convocados\/","og_site_name":"Daniel Matos","article_published_time":"2018-06-14T14:48:42+00:00","og_image":[{"url":"https:\/\/www.blogsoestado.com\/danielmatos\/files\/2018\/06\/w-convocados.jpg","type":"","width":"","height":""}],"twitter_card":"summary_large_image","twitter_misc":{"Est. tempo de leitura":"1 minuto"},"schema":{"@context":"https:\/\/schema.org","@graph":[{"@type":"WebPage","@id":"https:\/\/www.blogsoestado.com\/danielmatos\/apos-audiencias-e-acoes-do-deputado-wellington-aprovados-no-concurso-de-barreirinhas-sao-convocados\/","url":"https:\/\/www.blogsoestado.com\/danielmatos\/apos-audiencias-e-acoes-do-deputado-wellington-aprovados-no-concurso-de-barreirinhas-sao-convocados\/","name":"Ap\u00f3s audi\u00eancias e a\u00e7\u00f5es do deputado Wellington, aprovados no concurso de Barreirinhas s\u00e3o convocados - Daniel Matos","isPartOf":{"@id":"https:\/\/www.blogsoestado.com\/danielmatos\/#website"},"primaryImageOfPage":{"@id":"https:\/\/www.blogsoestado.com\/danielmatos\/apos-audiencias-e-acoes-do-deputado-wellington-aprovados-no-concurso-de-barreirinhas-sao-convocados\/#primaryimage"},"image":{"@id":"https:\/\/www.blogsoestado.com\/danielmatos\/apos-audiencias-e-acoes-do-deputado-wellington-aprovados-no-concurso-de-barreirinhas-sao-convocados\/#primaryimage"},"thumbnailUrl":"https:\/\/www.blogsoestado.com\/danielmatos\/files\/2018\/06\/w-convocados.jpg","datePublished":"2018-06-14T14:48:42+00:00","author":{"@id":""},"breadcrumb":{"@id":"https:\/\/www.blogsoestado.com\/danielmatos\/apos-audiencias-e-acoes-do-deputado-wellington-aprovados-no-concurso-de-barreirinhas-sao-convocados\/#breadcrumb"},"inLanguage":"pt-BR","potentialAction":[{"@type":"ReadAction","target":["https:\/\/www.blogsoestado.com\/danielmatos\/apos-audiencias-e-acoes-do-deputado-wellington-aprovados-no-concurso-de-barreirinhas-sao-convocados\/"]}]},{"@type":"ImageObject","inLanguage":"pt-BR","@id":"https:\/\/www.blogsoestado.com\/danielmatos\/apos-audiencias-e-acoes-do-deputado-wellington-aprovados-no-concurso-de-barreirinhas-sao-convocados\/#primaryimage","url":"https:\/\/www.blogsoestado.com\/danielmatos\/files\/2018\/06\/w-convocados.jpg","contentUrl":"https:\/\/www.blogsoestado.com\/danielmatos\/files\/2018\/06\/w-convocados.jpg"},{"@type":"BreadcrumbList","@id":"https:\/\/www.blogsoestado.com\/danielmatos\/apos-audiencias-e-acoes-do-deputado-wellington-aprovados-no-concurso-de-barreirinhas-sao-convocados\/#breadcrumb","itemListElement":[{"@type":"ListItem","position":1,"name":"In\u00edcio","item":"https:\/\/www.blogsoestado.com\/danielmatos\/"},{"@type":"ListItem","position":2,"name":"Ap\u00f3s audi\u00eancias e a\u00e7\u00f5es do deputado Wellington, aprovados no concurso de Barreirinhas s\u00e3o convocados"}]},{"@type":"WebSite","@id":"https:\/\/www.blogsoestado.com\/danielmatos\/#website","url":"https:\/\/www.blogsoestado.com\/danielmatos\/","name":"Daniel Matos","description":"","potentialAction":[{"@type":"SearchAction","target":{"@type":"EntryPoint","urlTemplate":"https:\/\/www.blogsoestado.com\/danielmatos\/?s={search_term_string}"},"query-input":{"@type":"PropertyValueSpecification","valueRequired":true,"valueName":"search_term_string"}}],"inLanguage":"pt-BR"}]}},"jetpack_featured_media_url":"","_links":{"self":[{"href":"https:\/\/www.blogsoestado.com\/danielmatos\/wp-json\/wp\/v2\/posts\/52289","targetHints":{"allow":["GET"]}}],"collection":[{"href":"https:\/\/www.blogsoestado.com\/danielmatos\/wp-json\/wp\/v2\/posts"}],"about":[{"href":"https:\/\/www.blogsoestado.com\/danielmatos\/wp-json\/wp\/v2\/types\/post"}],"replies":[{"embeddable":true,"href":"https:\/\/www.blogsoestado.com\/danielmatos\/wp-json\/wp\/v2\/comments?post=52289"}],"version-history":[{"count":0,"href":"https:\/\/www.blogsoestado.com\/danielmatos\/wp-json\/wp\/v2\/posts\/52289\/revisions"}],"wp:attachment":[{"href":"https:\/\/www.blogsoestado.com\/danielmatos\/wp-json\/wp\/v2\/media?parent=52289"}],"wp:term":[{"taxonomy":"category","embeddable":true,"href":"https:\/\/www.blogsoestado.com\/danielmatos\/wp-json\/wp\/v2\/categories?post=52289"},{"taxonomy":"post_tag","embeddable":true,"href":"https:\/\/www.blogsoestado.com\/danielmatos\/wp-json\/wp\/v2\/tags?post=52289"}],"curies":[{"name":"wp","href":"https:\/\/api.w.org\/{rel}","templated":true}]}}