{"id":52330,"date":"2018-06-15T17:09:23","date_gmt":"2018-06-15T20:09:23","guid":{"rendered":"https:\/\/www.blogsoestado.com\/danielmatos\/?p=52330"},"modified":"2018-06-15T17:09:23","modified_gmt":"2018-06-15T20:09:23","slug":"encontro-empresarial-com-jair-bolsonaro","status":"publish","type":"post","link":"https:\/\/www.blogsoestado.com\/danielmatos\/encontro-empresarial-com-jair-bolsonaro\/","title":{"rendered":"Encontro empresarial com Jair Bolsonaro"},"content":{"rendered":"<figure id=\"attachment_52331\" aria-describedby=\"caption-attachment-52331\" style=\"width: 650px\" class=\"wp-caption aligncenter\"><img fetchpriority=\"high\" decoding=\"async\" class=\"wp-image-52331\" src=\"https:\/\/www.blogsoestado.com\/danielmatos\/files\/2018\/06\/bolsonaro-acm.jpg\" alt=\"\" width=\"650\" height=\"432\" \/><figcaption id=\"caption-attachment-52331\" class=\"wp-caption-text\">Bolsonaro destacou a a import\u00e2ncia da realiza\u00e7\u00e3o das reformas, preocupa\u00e7\u00e3o com a prote\u00e7\u00e3o das divisas brasileiras, do MST, e, principalmente da maior aten\u00e7\u00e3o com o cen\u00e1rio econ\u00f4mico do pa\u00eds<\/figcaption><\/figure>\n<p>A classe empresarial esteve reunida para ouvir as propostas do pr\u00e9-candidato \u00e0 presid\u00eancia da rep\u00fablica, Jair Bolsonaro, durante o Encontro Empresarial que ocorreu no Vila Realle Buffet. O encontro faz parte da a\u00e7\u00e3o realizada pela Associa\u00e7\u00e3o Comercial do Maranh\u00e3o (ACM), C\u00e2mara dos Dirigentes Lojistas de S\u00e3o Lu\u00eds (CDL \u2013 S\u00e3o Lu\u00eds), Federa\u00e7\u00e3o do Com\u00e9rcio de Bens, Servi\u00e7os e Turismo do Estado do Maranh\u00e3o (Fecom\u00e9rcio-MA) e da Federa\u00e7\u00e3o das Ind\u00fastrias do Estado do Maranh\u00e3o (FIEMA), que est\u00e3o recebendo os pr\u00e9-candidatos \u00e0 presid\u00eancia da rep\u00fablica para maior aproxima\u00e7\u00e3o com a classe produtiva do Estado.<\/p>\n<p>Militar de reserva, Jair Bolsonaro, natural de Campinas-SP, confirmou seu discurso forte ao se apresentar \u00e0 classe empresarial de S\u00e3o Lu\u00eds. Na sua fala destaque para a import\u00e2ncia da realiza\u00e7\u00e3o das reformas, preocupa\u00e7\u00e3o com a prote\u00e7\u00e3o das divisas brasileiras, do MST, e, principalmente da maior aten\u00e7\u00e3o com o cen\u00e1rio econ\u00f4mico do pa\u00eds. \u201cVivemos em uma degrada\u00e7\u00e3o econ\u00f4mica. Os brasileiros esperam um perfil de mudan\u00e7a com atitudes diferentes para a constru\u00e7\u00e3o de uma nova realidade\u201d, destacou. Segundo o pr\u00e9-candidato, um dos nomes fortes da sua equipe de governo \u00e9 do economista e PhD, Paulo Guedes, para o Minist\u00e9rio da Fazenda.<\/p>\n<p><strong>Aproxima\u00e7\u00e3o<\/strong><\/p>\n<figure id=\"attachment_52332\" aria-describedby=\"caption-attachment-52332\" style=\"width: 420px\" class=\"wp-caption alignright\"><img decoding=\"async\" class=\"wp-image-52332\" src=\"https:\/\/www.blogsoestado.com\/danielmatos\/files\/2018\/06\/bolsonaro-acm2.jpg\" alt=\"\" width=\"420\" height=\"279\" \/><figcaption id=\"caption-attachment-52332\" class=\"wp-caption-text\">O presidenci\u00e1vel disse que os brasileiros esperam um perfil de mudan\u00e7a com atitudes diferentes para a constru\u00e7\u00e3o de uma nova realidade<\/figcaption><\/figure>\n<p>O presidente da ACM, Felipe Mussal\u00e9m, ratificou que as entidades de classe empresariais tem feito seu papel de aproxima\u00e7\u00e3o dos gestores p\u00fablicos com os empreendedores locais. \u201cO empres\u00e1rio maranhense tem a oportunidade de expor seus pensamentos e levar suas proposi\u00e7\u00f5es \u00e0 classe pol\u00edtica nacional\u201d, enfatizou. Em seu questionamento ao pr\u00e9-candidato, Mussal\u00e9m tratou sobre quais estrat\u00e9gias ele pretende utilizar para que os seus projetos sejam realizados, tendo a aprova\u00e7\u00e3o da C\u00e2mara e do Senado. Bolsonaro aproveitou a pergunta para declarar que, se eleito for, parte do seu minist\u00e9rio ser\u00e1 formado por militares e que n\u00e3o pretende usar pol\u00edtica do \u201ctoma l\u00e1 da c\u00e1\u201d durante o seu mandato.<\/p>\n<p>O presidente da FIEMA, Edilson Baldez das Neves, destacou a import\u00e2ncia para o setor, de conhecer as propostas de todos os candidatos \u00e0 presid\u00eancia e da necessidade do pa\u00eds evoluir em rela\u00e7\u00e3o \u00e0s pr\u00e1ticas pol\u00edticas que tanto prejudicam a economia e o crescimento da na\u00e7\u00e3o. &#8220;Temos recebido um retorno muito positivo do empresariado quanto a esses encontros, pois sabemos do potencial do Maranh\u00e3o e \u00e9 preciso discutir a\u00e7\u00f5es para desenvolver o nosso Estado e nossa regi\u00e3o com quem tem a inten\u00e7\u00e3o de governar o Brasil&#8221;, afirmou.<\/p>\n<p>\u201cEsses encontros com candidatos de partidos diferentes abrem espa\u00e7o para o empresariado conhecer as propostas de gest\u00e3o de cada um e avaliar se atendem \u00e0s reais demandas do setor produtivo. O momento brasileiro exige que sejam eleitos representantes comprometidos e que todos n\u00f3s possamos cobrar deles a\u00e7\u00f5es coerentes com o que foi prometido em campanha\u201d, declarou o Pres. da CDL S\u00e3o Lu\u00eds F\u00e1bio Ribeiro.<\/p>\n<p><strong>Pr\u00f3ximo presidenci\u00e1vel<\/strong><\/p>\n<p>Na agenda das visitas dos presidenci\u00e1veis ao Maranh\u00e3o, est\u00e1 o pr\u00e9-candidato Jo\u00e3o Dionisio Amo\u00eado, que estar\u00e1 em S\u00e3o Lu\u00eds no dia 19 de junho, \u00e0s 19h, no Hotel Blue Tree Towers, para um encontro com a classe empresarial. Amo\u00eado nasceu em 22 de outubro de 1962, na cidade do Rio de Janeiro. Filho de um m\u00e9dico do Par\u00e1 e de uma administradora do Rio Grande do Norte, Jo\u00e3o se formou em engenharia civil pela Universidade Federal do Rio de Janeiro (UFRJ) e em administra\u00e7\u00e3o de empresas pela Pontif\u00edcia Universidade Cat\u00f3lica (PUC-RJ).<\/p>\n<figure id=\"attachment_52333\" aria-describedby=\"caption-attachment-52333\" style=\"width: 650px\" class=\"wp-caption aligncenter\"><img decoding=\"async\" class=\"wp-image-52333\" src=\"https:\/\/www.blogsoestado.com\/danielmatos\/files\/2018\/06\/bolsonaro-acm3.jpg\" alt=\"\" width=\"650\" height=\"432\" \/><figcaption id=\"caption-attachment-52333\" class=\"wp-caption-text\">Empres\u00e1rios, representantes da classe pol\u00edtica e profissionais de imprensa participaram de jantar com Bolsonaro<\/figcaption><\/figure>\n<p>Come\u00e7ou sua carreira como trainee no Banco Citibank, foi diretor executivo do Banco BBA Creditanstalt, presidente da Fina\u00fastria CFI, vice-presidente e membro do conselho de administra\u00e7\u00e3o do Unibanco, membro do conselho de administra\u00e7\u00e3o do Banco Ita\u00fa BBA e membro do conselho de administra\u00e7\u00e3o da empresa Jo\u00e3o Fortes Engenharia.<\/p>\n<p>Em 2011, indignado com a alta carga tribut\u00e1ria e os p\u00e9ssimos servi\u00e7os recebidos do Estado, fundou o NOVO: um partido composto por membros da sociedade civil, que faz processo seletivo para escolher seus candidatos e o \u00fanico que se mant\u00e9m apenas com doa\u00e7\u00f5es volunt\u00e1rias de seus apoiadores e n\u00e3o faz uso de dinheiro p\u00fablico \u2013 Fundo Partid\u00e1rio e Eleitoral. Em junho de 2017 Jo\u00e3o deixou a presid\u00eancia do partido para apresentar sua candidatura \u00e0 Presid\u00eancia do Brasil.<\/p>\n","protected":false},"excerpt":{"rendered":"<p>A classe empresarial esteve reunida para ouvir as propostas do pr\u00e9-candidato \u00e0 presid\u00eancia da rep\u00fablica, Jair Bolsonaro, durante o Encontro [&hellip;]<\/p>\n","protected":false},"author":0,"featured_media":0,"comment_status":"open","ping_status":"open","sticky":false,"template":"","format":"standard","meta":{"site-sidebar-layout":"default","site-content-layout":"","ast-site-content-layout":"default","site-content-style":"default","site-sidebar-style":"default","ast-global-header-display":"","ast-banner-title-visibility":"","ast-main-header-display":"","ast-hfb-above-header-display":"","ast-hfb-below-header-display":"","ast-hfb-mobile-header-display":"","site-post-title":"","ast-breadcrumbs-content":"","ast-featured-img":"","footer-sml-layout":"","ast-disable-related-posts":"","theme-transparent-header-meta":"","adv-header-id-meta":"","stick-header-meta":"","header-above-stick-meta":"","header-main-stick-meta":"","header-below-stick-meta":"","astra-migrate-meta-layouts":"default","ast-page-background-enabled":"default","ast-page-background-meta":{"desktop":{"background-color":"var(--ast-global-color-5)","background-image":"","background-repeat":"repeat","background-position":"center center","background-size":"auto","background-attachment":"scroll","background-type":"","background-media":"","overlay-type":"","overlay-color":"","overlay-opacity":"","overlay-gradient":""},"tablet":{"background-color":"","background-image":"","background-repeat":"repeat","background-position":"center center","background-size":"auto","background-attachment":"scroll","background-type":"","background-media":"","overlay-type":"","overlay-color":"","overlay-opacity":"","overlay-gradient":""},"mobile":{"background-color":"","background-image":"","background-repeat":"repeat","background-position":"center center","background-size":"auto","background-attachment":"scroll","background-type":"","background-media":"","overlay-type":"","overlay-color":"","overlay-opacity":"","overlay-gradient":""}},"ast-content-background-meta":{"desktop":{"background-color":"var(--ast-global-color-4)","background-image":"","background-repeat":"repeat","background-position":"center center","background-size":"auto","background-attachment":"scroll","background-type":"","background-media":"","overlay-type":"","overlay-color":"","overlay-opacity":"","overlay-gradient":""},"tablet":{"background-color":"var(--ast-global-color-4)","background-image":"","background-repeat":"repeat","background-position":"center center","background-size":"auto","background-attachment":"scroll","background-type":"","background-media":"","overlay-type":"","overlay-color":"","overlay-opacity":"","overlay-gradient":""},"mobile":{"background-color":"var(--ast-global-color-4)","background-image":"","background-repeat":"repeat","background-position":"center center","background-size":"auto","background-attachment":"scroll","background-type":"","background-media":"","overlay-type":"","overlay-color":"","overlay-opacity":"","overlay-gradient":""}},"footnotes":""},"categories":[1],"tags":[],"class_list":["post-52330","post","type-post","status-publish","format-standard","hentry","category-sem-categoria"],"yoast_head":"<!-- This site is optimized with the Yoast SEO plugin v26.6 - https:\/\/yoast.com\/wordpress\/plugins\/seo\/ -->\n<title>Encontro empresarial com Jair Bolsonaro - Daniel Matos<\/title>\n<meta name=\"robots\" content=\"index, follow, max-snippet:-1, max-image-preview:large, max-video-preview:-1\" \/>\n<link rel=\"canonical\" href=\"https:\/\/www.blogsoestado.com\/danielmatos\/encontro-empresarial-com-jair-bolsonaro\/\" \/>\n<meta property=\"og:locale\" content=\"pt_BR\" \/>\n<meta property=\"og:type\" content=\"article\" \/>\n<meta property=\"og:title\" content=\"Encontro empresarial com Jair Bolsonaro - Daniel Matos\" \/>\n<meta property=\"og:description\" content=\"A classe empresarial esteve reunida para ouvir as propostas do pr\u00e9-candidato \u00e0 presid\u00eancia da rep\u00fablica, Jair Bolsonaro, durante o Encontro [&hellip;]\" \/>\n<meta property=\"og:url\" content=\"https:\/\/www.blogsoestado.com\/danielmatos\/encontro-empresarial-com-jair-bolsonaro\/\" \/>\n<meta property=\"og:site_name\" content=\"Daniel Matos\" \/>\n<meta property=\"article:published_time\" content=\"2018-06-15T20:09:23+00:00\" \/>\n<meta property=\"og:image\" content=\"https:\/\/www.blogsoestado.com\/danielmatos\/files\/2018\/06\/bolsonaro-acm.jpg\" \/>\n<meta name=\"twitter:card\" content=\"summary_large_image\" \/>\n<meta name=\"twitter:label1\" content=\"Est. tempo de leitura\" \/>\n\t<meta name=\"twitter:data1\" content=\"4 minutos\" \/>\n<script type=\"application\/ld+json\" class=\"yoast-schema-graph\">{\"@context\":\"https:\/\/schema.org\",\"@graph\":[{\"@type\":\"WebPage\",\"@id\":\"https:\/\/www.blogsoestado.com\/danielmatos\/encontro-empresarial-com-jair-bolsonaro\/\",\"url\":\"https:\/\/www.blogsoestado.com\/danielmatos\/encontro-empresarial-com-jair-bolsonaro\/\",\"name\":\"Encontro empresarial com Jair Bolsonaro - Daniel Matos\",\"isPartOf\":{\"@id\":\"https:\/\/www.blogsoestado.com\/danielmatos\/#website\"},\"primaryImageOfPage\":{\"@id\":\"https:\/\/www.blogsoestado.com\/danielmatos\/encontro-empresarial-com-jair-bolsonaro\/#primaryimage\"},\"image\":{\"@id\":\"https:\/\/www.blogsoestado.com\/danielmatos\/encontro-empresarial-com-jair-bolsonaro\/#primaryimage\"},\"thumbnailUrl\":\"https:\/\/www.blogsoestado.com\/danielmatos\/files\/2018\/06\/bolsonaro-acm.jpg\",\"datePublished\":\"2018-06-15T20:09:23+00:00\",\"author\":{\"@id\":\"\"},\"breadcrumb\":{\"@id\":\"https:\/\/www.blogsoestado.com\/danielmatos\/encontro-empresarial-com-jair-bolsonaro\/#breadcrumb\"},\"inLanguage\":\"pt-BR\",\"potentialAction\":[{\"@type\":\"ReadAction\",\"target\":[\"https:\/\/www.blogsoestado.com\/danielmatos\/encontro-empresarial-com-jair-bolsonaro\/\"]}]},{\"@type\":\"ImageObject\",\"inLanguage\":\"pt-BR\",\"@id\":\"https:\/\/www.blogsoestado.com\/danielmatos\/encontro-empresarial-com-jair-bolsonaro\/#primaryimage\",\"url\":\"https:\/\/www.blogsoestado.com\/danielmatos\/files\/2018\/06\/bolsonaro-acm.jpg\",\"contentUrl\":\"https:\/\/www.blogsoestado.com\/danielmatos\/files\/2018\/06\/bolsonaro-acm.jpg\"},{\"@type\":\"BreadcrumbList\",\"@id\":\"https:\/\/www.blogsoestado.com\/danielmatos\/encontro-empresarial-com-jair-bolsonaro\/#breadcrumb\",\"itemListElement\":[{\"@type\":\"ListItem\",\"position\":1,\"name\":\"In\u00edcio\",\"item\":\"https:\/\/www.blogsoestado.com\/danielmatos\/\"},{\"@type\":\"ListItem\",\"position\":2,\"name\":\"Encontro empresarial com Jair Bolsonaro\"}]},{\"@type\":\"WebSite\",\"@id\":\"https:\/\/www.blogsoestado.com\/danielmatos\/#website\",\"url\":\"https:\/\/www.blogsoestado.com\/danielmatos\/\",\"name\":\"Daniel Matos\",\"description\":\"\",\"potentialAction\":[{\"@type\":\"SearchAction\",\"target\":{\"@type\":\"EntryPoint\",\"urlTemplate\":\"https:\/\/www.blogsoestado.com\/danielmatos\/?s={search_term_string}\"},\"query-input\":{\"@type\":\"PropertyValueSpecification\",\"valueRequired\":true,\"valueName\":\"search_term_string\"}}],\"inLanguage\":\"pt-BR\"}]}<\/script>\n<!-- \/ Yoast SEO plugin. -->","yoast_head_json":{"title":"Encontro empresarial com Jair Bolsonaro - Daniel Matos","robots":{"index":"index","follow":"follow","max-snippet":"max-snippet:-1","max-image-preview":"max-image-preview:large","max-video-preview":"max-video-preview:-1"},"canonical":"https:\/\/www.blogsoestado.com\/danielmatos\/encontro-empresarial-com-jair-bolsonaro\/","og_locale":"pt_BR","og_type":"article","og_title":"Encontro empresarial com Jair Bolsonaro - Daniel Matos","og_description":"A classe empresarial esteve reunida para ouvir as propostas do pr\u00e9-candidato \u00e0 presid\u00eancia da rep\u00fablica, Jair Bolsonaro, durante o Encontro [&hellip;]","og_url":"https:\/\/www.blogsoestado.com\/danielmatos\/encontro-empresarial-com-jair-bolsonaro\/","og_site_name":"Daniel Matos","article_published_time":"2018-06-15T20:09:23+00:00","og_image":[{"url":"https:\/\/www.blogsoestado.com\/danielmatos\/files\/2018\/06\/bolsonaro-acm.jpg","type":"","width":"","height":""}],"twitter_card":"summary_large_image","twitter_misc":{"Est. tempo de leitura":"4 minutos"},"schema":{"@context":"https:\/\/schema.org","@graph":[{"@type":"WebPage","@id":"https:\/\/www.blogsoestado.com\/danielmatos\/encontro-empresarial-com-jair-bolsonaro\/","url":"https:\/\/www.blogsoestado.com\/danielmatos\/encontro-empresarial-com-jair-bolsonaro\/","name":"Encontro empresarial com Jair Bolsonaro - Daniel Matos","isPartOf":{"@id":"https:\/\/www.blogsoestado.com\/danielmatos\/#website"},"primaryImageOfPage":{"@id":"https:\/\/www.blogsoestado.com\/danielmatos\/encontro-empresarial-com-jair-bolsonaro\/#primaryimage"},"image":{"@id":"https:\/\/www.blogsoestado.com\/danielmatos\/encontro-empresarial-com-jair-bolsonaro\/#primaryimage"},"thumbnailUrl":"https:\/\/www.blogsoestado.com\/danielmatos\/files\/2018\/06\/bolsonaro-acm.jpg","datePublished":"2018-06-15T20:09:23+00:00","author":{"@id":""},"breadcrumb":{"@id":"https:\/\/www.blogsoestado.com\/danielmatos\/encontro-empresarial-com-jair-bolsonaro\/#breadcrumb"},"inLanguage":"pt-BR","potentialAction":[{"@type":"ReadAction","target":["https:\/\/www.blogsoestado.com\/danielmatos\/encontro-empresarial-com-jair-bolsonaro\/"]}]},{"@type":"ImageObject","inLanguage":"pt-BR","@id":"https:\/\/www.blogsoestado.com\/danielmatos\/encontro-empresarial-com-jair-bolsonaro\/#primaryimage","url":"https:\/\/www.blogsoestado.com\/danielmatos\/files\/2018\/06\/bolsonaro-acm.jpg","contentUrl":"https:\/\/www.blogsoestado.com\/danielmatos\/files\/2018\/06\/bolsonaro-acm.jpg"},{"@type":"BreadcrumbList","@id":"https:\/\/www.blogsoestado.com\/danielmatos\/encontro-empresarial-com-jair-bolsonaro\/#breadcrumb","itemListElement":[{"@type":"ListItem","position":1,"name":"In\u00edcio","item":"https:\/\/www.blogsoestado.com\/danielmatos\/"},{"@type":"ListItem","position":2,"name":"Encontro empresarial com Jair Bolsonaro"}]},{"@type":"WebSite","@id":"https:\/\/www.blogsoestado.com\/danielmatos\/#website","url":"https:\/\/www.blogsoestado.com\/danielmatos\/","name":"Daniel Matos","description":"","potentialAction":[{"@type":"SearchAction","target":{"@type":"EntryPoint","urlTemplate":"https:\/\/www.blogsoestado.com\/danielmatos\/?s={search_term_string}"},"query-input":{"@type":"PropertyValueSpecification","valueRequired":true,"valueName":"search_term_string"}}],"inLanguage":"pt-BR"}]}},"jetpack_featured_media_url":"","_links":{"self":[{"href":"https:\/\/www.blogsoestado.com\/danielmatos\/wp-json\/wp\/v2\/posts\/52330","targetHints":{"allow":["GET"]}}],"collection":[{"href":"https:\/\/www.blogsoestado.com\/danielmatos\/wp-json\/wp\/v2\/posts"}],"about":[{"href":"https:\/\/www.blogsoestado.com\/danielmatos\/wp-json\/wp\/v2\/types\/post"}],"replies":[{"embeddable":true,"href":"https:\/\/www.blogsoestado.com\/danielmatos\/wp-json\/wp\/v2\/comments?post=52330"}],"version-history":[{"count":0,"href":"https:\/\/www.blogsoestado.com\/danielmatos\/wp-json\/wp\/v2\/posts\/52330\/revisions"}],"wp:attachment":[{"href":"https:\/\/www.blogsoestado.com\/danielmatos\/wp-json\/wp\/v2\/media?parent=52330"}],"wp:term":[{"taxonomy":"category","embeddable":true,"href":"https:\/\/www.blogsoestado.com\/danielmatos\/wp-json\/wp\/v2\/categories?post=52330"},{"taxonomy":"post_tag","embeddable":true,"href":"https:\/\/www.blogsoestado.com\/danielmatos\/wp-json\/wp\/v2\/tags?post=52330"}],"curies":[{"name":"wp","href":"https:\/\/api.w.org\/{rel}","templated":true}]}}