{"id":52335,"date":"2018-06-15T18:12:18","date_gmt":"2018-06-15T21:12:18","guid":{"rendered":"https:\/\/www.blogsoestado.com\/danielmatos\/?p=52335"},"modified":"2018-06-15T18:12:18","modified_gmt":"2018-06-15T21:12:18","slug":"marcial-lima-comenta-crise-economica-infraestrutura-transporte-educacao-e-cultura-em-entrevista-ao-camara-em-destaque","status":"publish","type":"post","link":"https:\/\/www.blogsoestado.com\/danielmatos\/marcial-lima-comenta-crise-economica-infraestrutura-transporte-educacao-e-cultura-em-entrevista-ao-camara-em-destaque\/","title":{"rendered":"Marcial Lima comenta desemprego, infraestrutura, transporte, educa\u00e7\u00e3o e cultura em entrevista ao C\u00e2mara em Destaque"},"content":{"rendered":"<figure id=\"attachment_52337\" aria-describedby=\"caption-attachment-52337\" style=\"width: 420px\" class=\"wp-caption alignleft\"><img fetchpriority=\"high\" decoding=\"async\" class=\"wp-image-52337\" src=\"https:\/\/www.blogsoestado.com\/danielmatos\/files\/2018\/06\/marcial-educadora.jpg\" alt=\"\" width=\"420\" height=\"218\" \/><figcaption id=\"caption-attachment-52337\" class=\"wp-caption-text\">Marcial Lima criticou falta de autonomia de secret\u00e1rios municipais da capital<\/figcaption><\/figure>\n<p>Em entrevista concedida ao programa &#8220;C\u00e2mara em Destaque&#8221;, na manh\u00e3 dessa quinta-feira (14\/06), o vereador Marcial Lima (PRTB) comentou a crise econ\u00f4mica que assola o Brasil, com consequ\u00eancias lament\u00e1veis no Maranh\u00e3o. Bem ao seu estilo sincero, ele revelou que 90% das pessoas que visitam seu gabinete o procuram para pedir emprego.<\/p>\n<p>O vereador voltou a fazer duras cr\u00edticas \u00e0 infraestrutura de S\u00e3o Lu\u00eds, citando exemplos de ruas esburacadas, como uma das principais avenidas que interliga os bairros Maranh\u00e3o Novo e Bequim\u00e3o. Marcial enalteceu o empenho das comunidades para a\u00a0 realiza\u00e7\u00e3o arraiais juninos dentro dos bairros e citou uma recente visita que fez ao Cohajap, onde uma multid\u00e3o se aglomerou para assistir a uma apresenta\u00e7\u00e3o do Boi de Nina Rodrigues, um dos mais representativos do estado no sotaque de orquestra.<\/p>\n<p>Ao comentar os problemas da educa\u00e7\u00e3o p\u00fablica, ele atribuiu tais dificuldades \u00e0 falta de gest\u00e3o. Marcial teceu elogios ao atual titular da pasta em S\u00e3o Lu\u00eds, professor Moacir Feitosa, que, em sua opini\u00e3o, n\u00e3o tem autonomia para trabalhar. Ele citou um protesto realizado na \u00faltima quarta-feira (13) por alunos de uma escola comunit\u00e1ria do Coaroado, que est\u00e1 h\u00e1 tr\u00eas meses sem aula. Mencionou ainda a escola Ronald Carvalho, no p\u00f3lo Turu, que passou por uma reforma recentemente, que n\u00e3o contemplo a ilumina\u00e7\u00e3o do gin\u00e1sio poliesportivo. &#8220;Em um evento promovido por uma entidade empresarial, foi preciso fazer gambiarras para iluminar o espa\u00e7o&#8221;, relembrou.<\/p>\n<p>Marcial Lima tamb\u00e9m fez considera\u00e7\u00f5es sobre a atua\u00e7\u00e3o da Secretaria Municipal de Transportes (SMTT). Segundo o vereador, o titular da pasta, Francisco Canind\u00e9 Barros, assim como o secret\u00e1rio municipal de Educa\u00e7\u00e3o, n\u00e3o tem autonomia para exercer o cargo. &#8220;Canind\u00e9 n\u00e3o tem a autonomia que teve em gest\u00f5es passadas&#8221;, assinalou, afirmando que as interven\u00e7\u00f5es de tr\u00e2nsito projetadas pela SMTT s\u00e3o executadas pela Secretaria Municipal de Obras e Servi\u00e7os P\u00fablicos (Semosp), citando como exemplo dessa invers\u00e3o de pap\u00e9is a constru\u00e7\u00e3o do retorno conhecido como funil da Cohab.<\/p>\n<p>Ainda de acordo com Marcial Lima, a licita\u00e7\u00e3o do sistema de transporte p\u00fablico de S\u00e3o Lu\u00eds, realizada em 2016, piorou o servi\u00e7o. &#8220;As pessoas que esperam \u00f4nibus \u00e0 noite j\u00e1 constaram a queda da qualidade do transporte, pois a frota diminuiu&#8221;, acusou.<\/p>\n<p><strong>Assista \u00e0 entrevista:<\/strong><\/p>\n<div class=\"fb-video\" data-allowfullscreen=\"true\" data-href=\"https:\/\/www.facebook.com\/americo.dopaco\/videos\/2048434518713071\/\" style=\"background-color: #fff; display: inline-block;\"><\/div>\n","protected":false},"excerpt":{"rendered":"<p>Em entrevista concedida ao programa &#8220;C\u00e2mara em Destaque&#8221;, na manh\u00e3 dessa quinta-feira (14\/06), o vereador Marcial Lima (PRTB) comentou a [&hellip;]<\/p>\n","protected":false},"author":0,"featured_media":0,"comment_status":"open","ping_status":"open","sticky":false,"template":"","format":"standard","meta":{"site-sidebar-layout":"default","site-content-layout":"","ast-site-content-layout":"default","site-content-style":"default","site-sidebar-style":"default","ast-global-header-display":"","ast-banner-title-visibility":"","ast-main-header-display":"","ast-hfb-above-header-display":"","ast-hfb-below-header-display":"","ast-hfb-mobile-header-display":"","site-post-title":"","ast-breadcrumbs-content":"","ast-featured-img":"","footer-sml-layout":"","ast-disable-related-posts":"","theme-transparent-header-meta":"","adv-header-id-meta":"","stick-header-meta":"","header-above-stick-meta":"","header-main-stick-meta":"","header-below-stick-meta":"","astra-migrate-meta-layouts":"default","ast-page-background-enabled":"default","ast-page-background-meta":{"desktop":{"background-color":"var(--ast-global-color-5)","background-image":"","background-repeat":"repeat","background-position":"center center","background-size":"auto","background-attachment":"scroll","background-type":"","background-media":"","overlay-type":"","overlay-color":"","overlay-opacity":"","overlay-gradient":""},"tablet":{"background-color":"","background-image":"","background-repeat":"repeat","background-position":"center center","background-size":"auto","background-attachment":"scroll","background-type":"","background-media":"","overlay-type":"","overlay-color":"","overlay-opacity":"","overlay-gradient":""},"mobile":{"background-color":"","background-image":"","background-repeat":"repeat","background-position":"center center","background-size":"auto","background-attachment":"scroll","background-type":"","background-media":"","overlay-type":"","overlay-color":"","overlay-opacity":"","overlay-gradient":""}},"ast-content-background-meta":{"desktop":{"background-color":"var(--ast-global-color-4)","background-image":"","background-repeat":"repeat","background-position":"center center","background-size":"auto","background-attachment":"scroll","background-type":"","background-media":"","overlay-type":"","overlay-color":"","overlay-opacity":"","overlay-gradient":""},"tablet":{"background-color":"var(--ast-global-color-4)","background-image":"","background-repeat":"repeat","background-position":"center center","background-size":"auto","background-attachment":"scroll","background-type":"","background-media":"","overlay-type":"","overlay-color":"","overlay-opacity":"","overlay-gradient":""},"mobile":{"background-color":"var(--ast-global-color-4)","background-image":"","background-repeat":"repeat","background-position":"center center","background-size":"auto","background-attachment":"scroll","background-type":"","background-media":"","overlay-type":"","overlay-color":"","overlay-opacity":"","overlay-gradient":""}},"footnotes":""},"categories":[1],"tags":[],"class_list":["post-52335","post","type-post","status-publish","format-standard","hentry","category-sem-categoria"],"yoast_head":"<!-- This site is optimized with the Yoast SEO plugin v26.6 - https:\/\/yoast.com\/wordpress\/plugins\/seo\/ -->\n<title>Marcial Lima comenta desemprego, infraestrutura, transporte, educa\u00e7\u00e3o e cultura em entrevista ao C\u00e2mara em Destaque - Daniel Matos<\/title>\n<meta name=\"robots\" content=\"index, follow, max-snippet:-1, max-image-preview:large, max-video-preview:-1\" \/>\n<link rel=\"canonical\" href=\"https:\/\/www.blogsoestado.com\/danielmatos\/marcial-lima-comenta-crise-economica-infraestrutura-transporte-educacao-e-cultura-em-entrevista-ao-camara-em-destaque\/\" \/>\n<meta property=\"og:locale\" content=\"pt_BR\" \/>\n<meta property=\"og:type\" content=\"article\" \/>\n<meta property=\"og:title\" content=\"Marcial Lima comenta desemprego, infraestrutura, transporte, educa\u00e7\u00e3o e cultura em entrevista ao C\u00e2mara em Destaque - Daniel Matos\" \/>\n<meta property=\"og:description\" content=\"Em entrevista concedida ao programa &#8220;C\u00e2mara em Destaque&#8221;, na manh\u00e3 dessa quinta-feira (14\/06), o vereador Marcial Lima (PRTB) comentou a [&hellip;]\" \/>\n<meta property=\"og:url\" content=\"https:\/\/www.blogsoestado.com\/danielmatos\/marcial-lima-comenta-crise-economica-infraestrutura-transporte-educacao-e-cultura-em-entrevista-ao-camara-em-destaque\/\" \/>\n<meta property=\"og:site_name\" content=\"Daniel Matos\" \/>\n<meta property=\"article:published_time\" content=\"2018-06-15T21:12:18+00:00\" \/>\n<meta property=\"og:image\" content=\"https:\/\/www.blogsoestado.com\/danielmatos\/files\/2018\/06\/marcial-educadora.jpg\" \/>\n<meta name=\"twitter:card\" content=\"summary_large_image\" \/>\n<meta name=\"twitter:label1\" content=\"Est. tempo de leitura\" \/>\n\t<meta name=\"twitter:data1\" content=\"2 minutos\" \/>\n<script type=\"application\/ld+json\" class=\"yoast-schema-graph\">{\"@context\":\"https:\/\/schema.org\",\"@graph\":[{\"@type\":\"WebPage\",\"@id\":\"https:\/\/www.blogsoestado.com\/danielmatos\/marcial-lima-comenta-crise-economica-infraestrutura-transporte-educacao-e-cultura-em-entrevista-ao-camara-em-destaque\/\",\"url\":\"https:\/\/www.blogsoestado.com\/danielmatos\/marcial-lima-comenta-crise-economica-infraestrutura-transporte-educacao-e-cultura-em-entrevista-ao-camara-em-destaque\/\",\"name\":\"Marcial Lima comenta desemprego, infraestrutura, transporte, educa\u00e7\u00e3o e cultura em entrevista ao C\u00e2mara em Destaque - Daniel Matos\",\"isPartOf\":{\"@id\":\"https:\/\/www.blogsoestado.com\/danielmatos\/#website\"},\"primaryImageOfPage\":{\"@id\":\"https:\/\/www.blogsoestado.com\/danielmatos\/marcial-lima-comenta-crise-economica-infraestrutura-transporte-educacao-e-cultura-em-entrevista-ao-camara-em-destaque\/#primaryimage\"},\"image\":{\"@id\":\"https:\/\/www.blogsoestado.com\/danielmatos\/marcial-lima-comenta-crise-economica-infraestrutura-transporte-educacao-e-cultura-em-entrevista-ao-camara-em-destaque\/#primaryimage\"},\"thumbnailUrl\":\"https:\/\/www.blogsoestado.com\/danielmatos\/files\/2018\/06\/marcial-educadora.jpg\",\"datePublished\":\"2018-06-15T21:12:18+00:00\",\"author\":{\"@id\":\"\"},\"breadcrumb\":{\"@id\":\"https:\/\/www.blogsoestado.com\/danielmatos\/marcial-lima-comenta-crise-economica-infraestrutura-transporte-educacao-e-cultura-em-entrevista-ao-camara-em-destaque\/#breadcrumb\"},\"inLanguage\":\"pt-BR\",\"potentialAction\":[{\"@type\":\"ReadAction\",\"target\":[\"https:\/\/www.blogsoestado.com\/danielmatos\/marcial-lima-comenta-crise-economica-infraestrutura-transporte-educacao-e-cultura-em-entrevista-ao-camara-em-destaque\/\"]}]},{\"@type\":\"ImageObject\",\"inLanguage\":\"pt-BR\",\"@id\":\"https:\/\/www.blogsoestado.com\/danielmatos\/marcial-lima-comenta-crise-economica-infraestrutura-transporte-educacao-e-cultura-em-entrevista-ao-camara-em-destaque\/#primaryimage\",\"url\":\"https:\/\/www.blogsoestado.com\/danielmatos\/files\/2018\/06\/marcial-educadora.jpg\",\"contentUrl\":\"https:\/\/www.blogsoestado.com\/danielmatos\/files\/2018\/06\/marcial-educadora.jpg\"},{\"@type\":\"BreadcrumbList\",\"@id\":\"https:\/\/www.blogsoestado.com\/danielmatos\/marcial-lima-comenta-crise-economica-infraestrutura-transporte-educacao-e-cultura-em-entrevista-ao-camara-em-destaque\/#breadcrumb\",\"itemListElement\":[{\"@type\":\"ListItem\",\"position\":1,\"name\":\"In\u00edcio\",\"item\":\"https:\/\/www.blogsoestado.com\/danielmatos\/\"},{\"@type\":\"ListItem\",\"position\":2,\"name\":\"Marcial Lima comenta desemprego, infraestrutura, transporte, educa\u00e7\u00e3o e cultura em entrevista ao C\u00e2mara em Destaque\"}]},{\"@type\":\"WebSite\",\"@id\":\"https:\/\/www.blogsoestado.com\/danielmatos\/#website\",\"url\":\"https:\/\/www.blogsoestado.com\/danielmatos\/\",\"name\":\"Daniel Matos\",\"description\":\"\",\"potentialAction\":[{\"@type\":\"SearchAction\",\"target\":{\"@type\":\"EntryPoint\",\"urlTemplate\":\"https:\/\/www.blogsoestado.com\/danielmatos\/?s={search_term_string}\"},\"query-input\":{\"@type\":\"PropertyValueSpecification\",\"valueRequired\":true,\"valueName\":\"search_term_string\"}}],\"inLanguage\":\"pt-BR\"}]}<\/script>\n<!-- \/ Yoast SEO plugin. -->","yoast_head_json":{"title":"Marcial Lima comenta desemprego, infraestrutura, transporte, educa\u00e7\u00e3o e cultura em entrevista ao C\u00e2mara em Destaque - Daniel Matos","robots":{"index":"index","follow":"follow","max-snippet":"max-snippet:-1","max-image-preview":"max-image-preview:large","max-video-preview":"max-video-preview:-1"},"canonical":"https:\/\/www.blogsoestado.com\/danielmatos\/marcial-lima-comenta-crise-economica-infraestrutura-transporte-educacao-e-cultura-em-entrevista-ao-camara-em-destaque\/","og_locale":"pt_BR","og_type":"article","og_title":"Marcial Lima comenta desemprego, infraestrutura, transporte, educa\u00e7\u00e3o e cultura em entrevista ao C\u00e2mara em Destaque - Daniel Matos","og_description":"Em entrevista concedida ao programa &#8220;C\u00e2mara em Destaque&#8221;, na manh\u00e3 dessa quinta-feira (14\/06), o vereador Marcial Lima (PRTB) comentou a [&hellip;]","og_url":"https:\/\/www.blogsoestado.com\/danielmatos\/marcial-lima-comenta-crise-economica-infraestrutura-transporte-educacao-e-cultura-em-entrevista-ao-camara-em-destaque\/","og_site_name":"Daniel Matos","article_published_time":"2018-06-15T21:12:18+00:00","og_image":[{"url":"https:\/\/www.blogsoestado.com\/danielmatos\/files\/2018\/06\/marcial-educadora.jpg","type":"","width":"","height":""}],"twitter_card":"summary_large_image","twitter_misc":{"Est. tempo de leitura":"2 minutos"},"schema":{"@context":"https:\/\/schema.org","@graph":[{"@type":"WebPage","@id":"https:\/\/www.blogsoestado.com\/danielmatos\/marcial-lima-comenta-crise-economica-infraestrutura-transporte-educacao-e-cultura-em-entrevista-ao-camara-em-destaque\/","url":"https:\/\/www.blogsoestado.com\/danielmatos\/marcial-lima-comenta-crise-economica-infraestrutura-transporte-educacao-e-cultura-em-entrevista-ao-camara-em-destaque\/","name":"Marcial Lima comenta desemprego, infraestrutura, transporte, educa\u00e7\u00e3o e cultura em entrevista ao C\u00e2mara em Destaque - Daniel Matos","isPartOf":{"@id":"https:\/\/www.blogsoestado.com\/danielmatos\/#website"},"primaryImageOfPage":{"@id":"https:\/\/www.blogsoestado.com\/danielmatos\/marcial-lima-comenta-crise-economica-infraestrutura-transporte-educacao-e-cultura-em-entrevista-ao-camara-em-destaque\/#primaryimage"},"image":{"@id":"https:\/\/www.blogsoestado.com\/danielmatos\/marcial-lima-comenta-crise-economica-infraestrutura-transporte-educacao-e-cultura-em-entrevista-ao-camara-em-destaque\/#primaryimage"},"thumbnailUrl":"https:\/\/www.blogsoestado.com\/danielmatos\/files\/2018\/06\/marcial-educadora.jpg","datePublished":"2018-06-15T21:12:18+00:00","author":{"@id":""},"breadcrumb":{"@id":"https:\/\/www.blogsoestado.com\/danielmatos\/marcial-lima-comenta-crise-economica-infraestrutura-transporte-educacao-e-cultura-em-entrevista-ao-camara-em-destaque\/#breadcrumb"},"inLanguage":"pt-BR","potentialAction":[{"@type":"ReadAction","target":["https:\/\/www.blogsoestado.com\/danielmatos\/marcial-lima-comenta-crise-economica-infraestrutura-transporte-educacao-e-cultura-em-entrevista-ao-camara-em-destaque\/"]}]},{"@type":"ImageObject","inLanguage":"pt-BR","@id":"https:\/\/www.blogsoestado.com\/danielmatos\/marcial-lima-comenta-crise-economica-infraestrutura-transporte-educacao-e-cultura-em-entrevista-ao-camara-em-destaque\/#primaryimage","url":"https:\/\/www.blogsoestado.com\/danielmatos\/files\/2018\/06\/marcial-educadora.jpg","contentUrl":"https:\/\/www.blogsoestado.com\/danielmatos\/files\/2018\/06\/marcial-educadora.jpg"},{"@type":"BreadcrumbList","@id":"https:\/\/www.blogsoestado.com\/danielmatos\/marcial-lima-comenta-crise-economica-infraestrutura-transporte-educacao-e-cultura-em-entrevista-ao-camara-em-destaque\/#breadcrumb","itemListElement":[{"@type":"ListItem","position":1,"name":"In\u00edcio","item":"https:\/\/www.blogsoestado.com\/danielmatos\/"},{"@type":"ListItem","position":2,"name":"Marcial Lima comenta desemprego, infraestrutura, transporte, educa\u00e7\u00e3o e cultura em entrevista ao C\u00e2mara em Destaque"}]},{"@type":"WebSite","@id":"https:\/\/www.blogsoestado.com\/danielmatos\/#website","url":"https:\/\/www.blogsoestado.com\/danielmatos\/","name":"Daniel Matos","description":"","potentialAction":[{"@type":"SearchAction","target":{"@type":"EntryPoint","urlTemplate":"https:\/\/www.blogsoestado.com\/danielmatos\/?s={search_term_string}"},"query-input":{"@type":"PropertyValueSpecification","valueRequired":true,"valueName":"search_term_string"}}],"inLanguage":"pt-BR"}]}},"jetpack_featured_media_url":"","_links":{"self":[{"href":"https:\/\/www.blogsoestado.com\/danielmatos\/wp-json\/wp\/v2\/posts\/52335","targetHints":{"allow":["GET"]}}],"collection":[{"href":"https:\/\/www.blogsoestado.com\/danielmatos\/wp-json\/wp\/v2\/posts"}],"about":[{"href":"https:\/\/www.blogsoestado.com\/danielmatos\/wp-json\/wp\/v2\/types\/post"}],"replies":[{"embeddable":true,"href":"https:\/\/www.blogsoestado.com\/danielmatos\/wp-json\/wp\/v2\/comments?post=52335"}],"version-history":[{"count":0,"href":"https:\/\/www.blogsoestado.com\/danielmatos\/wp-json\/wp\/v2\/posts\/52335\/revisions"}],"wp:attachment":[{"href":"https:\/\/www.blogsoestado.com\/danielmatos\/wp-json\/wp\/v2\/media?parent=52335"}],"wp:term":[{"taxonomy":"category","embeddable":true,"href":"https:\/\/www.blogsoestado.com\/danielmatos\/wp-json\/wp\/v2\/categories?post=52335"},{"taxonomy":"post_tag","embeddable":true,"href":"https:\/\/www.blogsoestado.com\/danielmatos\/wp-json\/wp\/v2\/tags?post=52335"}],"curies":[{"name":"wp","href":"https:\/\/api.w.org\/{rel}","templated":true}]}}