{"id":52343,"date":"2018-06-15T20:30:12","date_gmt":"2018-06-15T23:30:12","guid":{"rendered":"https:\/\/www.blogsoestado.com\/danielmatos\/?p=52343"},"modified":"2018-06-15T20:30:12","modified_gmt":"2018-06-15T23:30:12","slug":"wellington-volta-a-defender-a-policia-civil-e-denuncia-descaso-de-flavio-dino-com-a-categoria","status":"publish","type":"post","link":"https:\/\/www.blogsoestado.com\/danielmatos\/wellington-volta-a-defender-a-policia-civil-e-denuncia-descaso-de-flavio-dino-com-a-categoria\/","title":{"rendered":"Wellington volta a defender a Pol\u00edcia Civil e denuncia descaso de Fl\u00e1vio Dino com a categoria"},"content":{"rendered":"<figure id=\"attachment_52344\" aria-describedby=\"caption-attachment-52344\" style=\"width: 420px\" class=\"wp-caption alignright\"><img fetchpriority=\"high\" decoding=\"async\" class=\"wp-image-52344\" src=\"https:\/\/www.blogsoestado.com\/danielmatos\/files\/2018\/06\/w-pcivil.jpg\" alt=\"\" width=\"420\" height=\"280\" \/><figcaption id=\"caption-attachment-52344\" class=\"wp-caption-text\">Wellington recomendou vergonha na cara ao governador Fl\u00e1vio Dino por tratar Pol\u00edcia Civil com descaso<\/figcaption><\/figure>\n<p>Em mais um pronunciamento em defesa dos policiais civis, o Deputado Wellington (PSDB), voltou a denunciar o descaso do Governo Fl\u00e1vio Dino com a categoria na manh\u00e3 desta quarta (13). Atrav\u00e9s de mais uma campanha de valoriza\u00e7\u00e3o da pol\u00edcia civil divulgada em diversos outdoors pela capital, o sindicato da categoria (SINPOL), exp\u00f4s um dado alarmante: mais de 40 policiais civis j\u00e1 morreram durante o atual governo sem alcan\u00e7ar a devida valoriza\u00e7\u00e3o prometida por Fl\u00e1vio Dino.<\/p>\n<p>Nesse sentido, Wellington mais uma vez destacou a falta de condi\u00e7\u00f5es de trabalho e de valoriza\u00e7\u00e3o do policial civil que sempre exerceu o dever de proteger a sociedade mesmo em situa\u00e7\u00f5es desfavor\u00e1veis. Em contrapartida, segundo o Deputado, o Governo investe em numerosas propagandas que iludem a popula\u00e7\u00e3o maranhense sobre a atual situa\u00e7\u00e3o da seguran\u00e7a p\u00fablica do Estado.<\/p>\n<figure id=\"attachment_52345\" aria-describedby=\"caption-attachment-52345\" style=\"width: 700px\" class=\"wp-caption aligncenter\"><img decoding=\"async\" class=\"wp-image-52345\" src=\"https:\/\/www.blogsoestado.com\/danielmatos\/files\/2018\/06\/w-pcivil2.jpg\" alt=\"\" width=\"700\" height=\"259\" \/><figcaption id=\"caption-attachment-52345\" class=\"wp-caption-text\">Nova campanha veiculada em oudoors pelo Sinpol alerta para a morte de 40 policiais civis no atual governo<\/figcaption><\/figure>\n<p>\u201cDurante a \u00faltima campanha para Governo do Estado, Fl\u00e1vio Dino fez uma s\u00e9rie de promessas com objetivo de valorizar a Pol\u00edcia Civil. Por\u00e9m, atualmente, n\u00e3o h\u00e1 qualquer di\u00e1logo com a categoria e o estado abandona desvaloriza os policiais civis com sal\u00e1rios insuficientes. Podemos constatar a indigna\u00e7\u00e3o dos Policiais Civis espalhadas em outdoors pela capital e n\u00e3o podemos admitir que uma institui\u00e7\u00e3o t\u00e3o importante como essa se encontre nessa situa\u00e7\u00e3o de caos e abandono. \u00c9 preciso que haja uma reestrutura\u00e7\u00e3o imediata na Pol\u00edcia Civil, tanto nas condi\u00e7\u00f5es de trabalho, quanto na valoriza\u00e7\u00e3o salarial. Segundo o SINPOL, mais de 40 policiais civis j\u00e1 morreram neste governo sem alcan\u00e7ar a valoriza\u00e7\u00e3o prometida por Fl\u00e1vio Dino, por isso solicitamos que o Governador cumpra suas promessas e respeite e valorize o policial civil do Estado do Maranh\u00e3o\u201d, disse Wellington.<\/p>\n<p><strong>Assista ao pronunciamento de Wellington:<\/strong><\/p>\n<div class=\"ast-oembed-container \" style=\"height: 100%;\"><iframe title=\"Wellington defende policiais civis\" width=\"500\" height=\"281\" src=\"https:\/\/www.youtube.com\/embed\/u38uqHzcgWM?feature=oembed\" frameborder=\"0\" allow=\"accelerometer; autoplay; clipboard-write; encrypted-media; gyroscope; picture-in-picture; web-share\" referrerpolicy=\"strict-origin-when-cross-origin\" allowfullscreen><\/iframe><\/div>\n","protected":false},"excerpt":{"rendered":"<p>Em mais um pronunciamento em defesa dos policiais civis, o Deputado Wellington (PSDB), voltou a denunciar o descaso do Governo [&hellip;]<\/p>\n","protected":false},"author":0,"featured_media":0,"comment_status":"open","ping_status":"open","sticky":false,"template":"","format":"standard","meta":{"site-sidebar-layout":"default","site-content-layout":"","ast-site-content-layout":"default","site-content-style":"default","site-sidebar-style":"default","ast-global-header-display":"","ast-banner-title-visibility":"","ast-main-header-display":"","ast-hfb-above-header-display":"","ast-hfb-below-header-display":"","ast-hfb-mobile-header-display":"","site-post-title":"","ast-breadcrumbs-content":"","ast-featured-img":"","footer-sml-layout":"","ast-disable-related-posts":"","theme-transparent-header-meta":"","adv-header-id-meta":"","stick-header-meta":"","header-above-stick-meta":"","header-main-stick-meta":"","header-below-stick-meta":"","astra-migrate-meta-layouts":"default","ast-page-background-enabled":"default","ast-page-background-meta":{"desktop":{"background-color":"var(--ast-global-color-5)","background-image":"","background-repeat":"repeat","background-position":"center center","background-size":"auto","background-attachment":"scroll","background-type":"","background-media":"","overlay-type":"","overlay-color":"","overlay-opacity":"","overlay-gradient":""},"tablet":{"background-color":"","background-image":"","background-repeat":"repeat","background-position":"center center","background-size":"auto","background-attachment":"scroll","background-type":"","background-media":"","overlay-type":"","overlay-color":"","overlay-opacity":"","overlay-gradient":""},"mobile":{"background-color":"","background-image":"","background-repeat":"repeat","background-position":"center center","background-size":"auto","background-attachment":"scroll","background-type":"","background-media":"","overlay-type":"","overlay-color":"","overlay-opacity":"","overlay-gradient":""}},"ast-content-background-meta":{"desktop":{"background-color":"var(--ast-global-color-4)","background-image":"","background-repeat":"repeat","background-position":"center center","background-size":"auto","background-attachment":"scroll","background-type":"","background-media":"","overlay-type":"","overlay-color":"","overlay-opacity":"","overlay-gradient":""},"tablet":{"background-color":"var(--ast-global-color-4)","background-image":"","background-repeat":"repeat","background-position":"center center","background-size":"auto","background-attachment":"scroll","background-type":"","background-media":"","overlay-type":"","overlay-color":"","overlay-opacity":"","overlay-gradient":""},"mobile":{"background-color":"var(--ast-global-color-4)","background-image":"","background-repeat":"repeat","background-position":"center center","background-size":"auto","background-attachment":"scroll","background-type":"","background-media":"","overlay-type":"","overlay-color":"","overlay-opacity":"","overlay-gradient":""}},"footnotes":""},"categories":[1],"tags":[],"class_list":["post-52343","post","type-post","status-publish","format-standard","hentry","category-sem-categoria"],"yoast_head":"<!-- This site is optimized with the Yoast SEO plugin v26.6 - https:\/\/yoast.com\/wordpress\/plugins\/seo\/ -->\n<title>Wellington volta a defender a Pol\u00edcia Civil e denuncia descaso de Fl\u00e1vio Dino com a categoria - Daniel Matos<\/title>\n<meta name=\"robots\" content=\"index, follow, max-snippet:-1, max-image-preview:large, max-video-preview:-1\" \/>\n<link rel=\"canonical\" href=\"https:\/\/www.blogsoestado.com\/danielmatos\/wellington-volta-a-defender-a-policia-civil-e-denuncia-descaso-de-flavio-dino-com-a-categoria\/\" \/>\n<meta property=\"og:locale\" content=\"pt_BR\" \/>\n<meta property=\"og:type\" content=\"article\" \/>\n<meta property=\"og:title\" content=\"Wellington volta a defender a Pol\u00edcia Civil e denuncia descaso de Fl\u00e1vio Dino com a categoria - Daniel Matos\" \/>\n<meta property=\"og:description\" content=\"Em mais um pronunciamento em defesa dos policiais civis, o Deputado Wellington (PSDB), voltou a denunciar o descaso do Governo [&hellip;]\" \/>\n<meta property=\"og:url\" content=\"https:\/\/www.blogsoestado.com\/danielmatos\/wellington-volta-a-defender-a-policia-civil-e-denuncia-descaso-de-flavio-dino-com-a-categoria\/\" \/>\n<meta property=\"og:site_name\" content=\"Daniel Matos\" \/>\n<meta property=\"article:published_time\" content=\"2018-06-15T23:30:12+00:00\" \/>\n<meta property=\"og:image\" content=\"https:\/\/www.blogsoestado.com\/danielmatos\/files\/2018\/06\/w-pcivil.jpg\" \/>\n<meta name=\"twitter:card\" content=\"summary_large_image\" \/>\n<meta name=\"twitter:label1\" content=\"Est. tempo de leitura\" \/>\n\t<meta name=\"twitter:data1\" content=\"2 minutos\" \/>\n<script type=\"application\/ld+json\" class=\"yoast-schema-graph\">{\"@context\":\"https:\/\/schema.org\",\"@graph\":[{\"@type\":\"WebPage\",\"@id\":\"https:\/\/www.blogsoestado.com\/danielmatos\/wellington-volta-a-defender-a-policia-civil-e-denuncia-descaso-de-flavio-dino-com-a-categoria\/\",\"url\":\"https:\/\/www.blogsoestado.com\/danielmatos\/wellington-volta-a-defender-a-policia-civil-e-denuncia-descaso-de-flavio-dino-com-a-categoria\/\",\"name\":\"Wellington volta a defender a Pol\u00edcia Civil e denuncia descaso de Fl\u00e1vio Dino com a categoria - Daniel Matos\",\"isPartOf\":{\"@id\":\"https:\/\/www.blogsoestado.com\/danielmatos\/#website\"},\"primaryImageOfPage\":{\"@id\":\"https:\/\/www.blogsoestado.com\/danielmatos\/wellington-volta-a-defender-a-policia-civil-e-denuncia-descaso-de-flavio-dino-com-a-categoria\/#primaryimage\"},\"image\":{\"@id\":\"https:\/\/www.blogsoestado.com\/danielmatos\/wellington-volta-a-defender-a-policia-civil-e-denuncia-descaso-de-flavio-dino-com-a-categoria\/#primaryimage\"},\"thumbnailUrl\":\"https:\/\/www.blogsoestado.com\/danielmatos\/files\/2018\/06\/w-pcivil.jpg\",\"datePublished\":\"2018-06-15T23:30:12+00:00\",\"author\":{\"@id\":\"\"},\"breadcrumb\":{\"@id\":\"https:\/\/www.blogsoestado.com\/danielmatos\/wellington-volta-a-defender-a-policia-civil-e-denuncia-descaso-de-flavio-dino-com-a-categoria\/#breadcrumb\"},\"inLanguage\":\"pt-BR\",\"potentialAction\":[{\"@type\":\"ReadAction\",\"target\":[\"https:\/\/www.blogsoestado.com\/danielmatos\/wellington-volta-a-defender-a-policia-civil-e-denuncia-descaso-de-flavio-dino-com-a-categoria\/\"]}]},{\"@type\":\"ImageObject\",\"inLanguage\":\"pt-BR\",\"@id\":\"https:\/\/www.blogsoestado.com\/danielmatos\/wellington-volta-a-defender-a-policia-civil-e-denuncia-descaso-de-flavio-dino-com-a-categoria\/#primaryimage\",\"url\":\"https:\/\/www.blogsoestado.com\/danielmatos\/files\/2018\/06\/w-pcivil.jpg\",\"contentUrl\":\"https:\/\/www.blogsoestado.com\/danielmatos\/files\/2018\/06\/w-pcivil.jpg\"},{\"@type\":\"BreadcrumbList\",\"@id\":\"https:\/\/www.blogsoestado.com\/danielmatos\/wellington-volta-a-defender-a-policia-civil-e-denuncia-descaso-de-flavio-dino-com-a-categoria\/#breadcrumb\",\"itemListElement\":[{\"@type\":\"ListItem\",\"position\":1,\"name\":\"In\u00edcio\",\"item\":\"https:\/\/www.blogsoestado.com\/danielmatos\/\"},{\"@type\":\"ListItem\",\"position\":2,\"name\":\"Wellington volta a defender a Pol\u00edcia Civil e denuncia descaso de Fl\u00e1vio Dino com a categoria\"}]},{\"@type\":\"WebSite\",\"@id\":\"https:\/\/www.blogsoestado.com\/danielmatos\/#website\",\"url\":\"https:\/\/www.blogsoestado.com\/danielmatos\/\",\"name\":\"Daniel Matos\",\"description\":\"\",\"potentialAction\":[{\"@type\":\"SearchAction\",\"target\":{\"@type\":\"EntryPoint\",\"urlTemplate\":\"https:\/\/www.blogsoestado.com\/danielmatos\/?s={search_term_string}\"},\"query-input\":{\"@type\":\"PropertyValueSpecification\",\"valueRequired\":true,\"valueName\":\"search_term_string\"}}],\"inLanguage\":\"pt-BR\"}]}<\/script>\n<!-- \/ Yoast SEO plugin. -->","yoast_head_json":{"title":"Wellington volta a defender a Pol\u00edcia Civil e denuncia descaso de Fl\u00e1vio Dino com a categoria - Daniel Matos","robots":{"index":"index","follow":"follow","max-snippet":"max-snippet:-1","max-image-preview":"max-image-preview:large","max-video-preview":"max-video-preview:-1"},"canonical":"https:\/\/www.blogsoestado.com\/danielmatos\/wellington-volta-a-defender-a-policia-civil-e-denuncia-descaso-de-flavio-dino-com-a-categoria\/","og_locale":"pt_BR","og_type":"article","og_title":"Wellington volta a defender a Pol\u00edcia Civil e denuncia descaso de Fl\u00e1vio Dino com a categoria - Daniel Matos","og_description":"Em mais um pronunciamento em defesa dos policiais civis, o Deputado Wellington (PSDB), voltou a denunciar o descaso do Governo [&hellip;]","og_url":"https:\/\/www.blogsoestado.com\/danielmatos\/wellington-volta-a-defender-a-policia-civil-e-denuncia-descaso-de-flavio-dino-com-a-categoria\/","og_site_name":"Daniel Matos","article_published_time":"2018-06-15T23:30:12+00:00","og_image":[{"url":"https:\/\/www.blogsoestado.com\/danielmatos\/files\/2018\/06\/w-pcivil.jpg","type":"","width":"","height":""}],"twitter_card":"summary_large_image","twitter_misc":{"Est. tempo de leitura":"2 minutos"},"schema":{"@context":"https:\/\/schema.org","@graph":[{"@type":"WebPage","@id":"https:\/\/www.blogsoestado.com\/danielmatos\/wellington-volta-a-defender-a-policia-civil-e-denuncia-descaso-de-flavio-dino-com-a-categoria\/","url":"https:\/\/www.blogsoestado.com\/danielmatos\/wellington-volta-a-defender-a-policia-civil-e-denuncia-descaso-de-flavio-dino-com-a-categoria\/","name":"Wellington volta a defender a Pol\u00edcia Civil e denuncia descaso de Fl\u00e1vio Dino com a categoria - Daniel Matos","isPartOf":{"@id":"https:\/\/www.blogsoestado.com\/danielmatos\/#website"},"primaryImageOfPage":{"@id":"https:\/\/www.blogsoestado.com\/danielmatos\/wellington-volta-a-defender-a-policia-civil-e-denuncia-descaso-de-flavio-dino-com-a-categoria\/#primaryimage"},"image":{"@id":"https:\/\/www.blogsoestado.com\/danielmatos\/wellington-volta-a-defender-a-policia-civil-e-denuncia-descaso-de-flavio-dino-com-a-categoria\/#primaryimage"},"thumbnailUrl":"https:\/\/www.blogsoestado.com\/danielmatos\/files\/2018\/06\/w-pcivil.jpg","datePublished":"2018-06-15T23:30:12+00:00","author":{"@id":""},"breadcrumb":{"@id":"https:\/\/www.blogsoestado.com\/danielmatos\/wellington-volta-a-defender-a-policia-civil-e-denuncia-descaso-de-flavio-dino-com-a-categoria\/#breadcrumb"},"inLanguage":"pt-BR","potentialAction":[{"@type":"ReadAction","target":["https:\/\/www.blogsoestado.com\/danielmatos\/wellington-volta-a-defender-a-policia-civil-e-denuncia-descaso-de-flavio-dino-com-a-categoria\/"]}]},{"@type":"ImageObject","inLanguage":"pt-BR","@id":"https:\/\/www.blogsoestado.com\/danielmatos\/wellington-volta-a-defender-a-policia-civil-e-denuncia-descaso-de-flavio-dino-com-a-categoria\/#primaryimage","url":"https:\/\/www.blogsoestado.com\/danielmatos\/files\/2018\/06\/w-pcivil.jpg","contentUrl":"https:\/\/www.blogsoestado.com\/danielmatos\/files\/2018\/06\/w-pcivil.jpg"},{"@type":"BreadcrumbList","@id":"https:\/\/www.blogsoestado.com\/danielmatos\/wellington-volta-a-defender-a-policia-civil-e-denuncia-descaso-de-flavio-dino-com-a-categoria\/#breadcrumb","itemListElement":[{"@type":"ListItem","position":1,"name":"In\u00edcio","item":"https:\/\/www.blogsoestado.com\/danielmatos\/"},{"@type":"ListItem","position":2,"name":"Wellington volta a defender a Pol\u00edcia Civil e denuncia descaso de Fl\u00e1vio Dino com a categoria"}]},{"@type":"WebSite","@id":"https:\/\/www.blogsoestado.com\/danielmatos\/#website","url":"https:\/\/www.blogsoestado.com\/danielmatos\/","name":"Daniel Matos","description":"","potentialAction":[{"@type":"SearchAction","target":{"@type":"EntryPoint","urlTemplate":"https:\/\/www.blogsoestado.com\/danielmatos\/?s={search_term_string}"},"query-input":{"@type":"PropertyValueSpecification","valueRequired":true,"valueName":"search_term_string"}}],"inLanguage":"pt-BR"}]}},"jetpack_featured_media_url":"","_links":{"self":[{"href":"https:\/\/www.blogsoestado.com\/danielmatos\/wp-json\/wp\/v2\/posts\/52343","targetHints":{"allow":["GET"]}}],"collection":[{"href":"https:\/\/www.blogsoestado.com\/danielmatos\/wp-json\/wp\/v2\/posts"}],"about":[{"href":"https:\/\/www.blogsoestado.com\/danielmatos\/wp-json\/wp\/v2\/types\/post"}],"replies":[{"embeddable":true,"href":"https:\/\/www.blogsoestado.com\/danielmatos\/wp-json\/wp\/v2\/comments?post=52343"}],"version-history":[{"count":0,"href":"https:\/\/www.blogsoestado.com\/danielmatos\/wp-json\/wp\/v2\/posts\/52343\/revisions"}],"wp:attachment":[{"href":"https:\/\/www.blogsoestado.com\/danielmatos\/wp-json\/wp\/v2\/media?parent=52343"}],"wp:term":[{"taxonomy":"category","embeddable":true,"href":"https:\/\/www.blogsoestado.com\/danielmatos\/wp-json\/wp\/v2\/categories?post=52343"},{"taxonomy":"post_tag","embeddable":true,"href":"https:\/\/www.blogsoestado.com\/danielmatos\/wp-json\/wp\/v2\/tags?post=52343"}],"curies":[{"name":"wp","href":"https:\/\/api.w.org\/{rel}","templated":true}]}}