{"id":52347,"date":"2018-06-15T20:22:29","date_gmt":"2018-06-15T23:22:29","guid":{"rendered":"https:\/\/www.blogsoestado.com\/danielmatos\/?p=52347"},"modified":"2018-06-15T20:22:29","modified_gmt":"2018-06-15T23:22:29","slug":"clemilson-viana-e-reeleito-presidente-do-sindicato-dos-servidores-publicos-de-peritoro","status":"publish","type":"post","link":"https:\/\/www.blogsoestado.com\/danielmatos\/clemilson-viana-e-reeleito-presidente-do-sindicato-dos-servidores-publicos-de-peritoro\/","title":{"rendered":"Clemilson Viana \u00e9 reeleito presidente do Sindicato dos Servidores P\u00fablicos de Peritor\u00f3"},"content":{"rendered":"<figure id=\"attachment_52348\" aria-describedby=\"caption-attachment-52348\" style=\"width: 600px\" class=\"wp-caption aligncenter\"><img fetchpriority=\"high\" decoding=\"async\" class=\"wp-image-52348\" src=\"https:\/\/www.blogsoestado.com\/danielmatos\/files\/2018\/06\/IMG-20180615-WA0309.jpg\" alt=\"\" width=\"600\" height=\"450\" \/><figcaption id=\"caption-attachment-52348\" class=\"wp-caption-text\">Clemilson Viana e membros da diretoria eleita do sindicato<\/figcaption><\/figure>\n<p>A Diretoria do SINDSERPE foi eleita com o lema &#8220;Avan\u00e7ar na Luta&#8221;, em vota\u00e7\u00e3o ocorrida, hoje, 15\/06\/2018, e ser\u00e1 empossada automaticamente no dia 17\/07\/2018 para mandato e quadri\u00eanio de 17\/07\/2018 \u00e0 16\/07\/2022, sob a presid\u00eancia de Clemilson Viana, ent\u00e3o, Vereador, L\u00edder da Oposi\u00e7\u00e3o na C\u00e2mara, o parlamentar e Sindicalista est\u00e1 \u00e0 frente da Categoria desde de 2009.<\/p>\n<p>O resultado da elei\u00e7\u00e3o comprovou a aprova\u00e7\u00e3o e o reconhecimento dos servidores p\u00fablicos da cidade de Peritor\u00f3 \u00e0 CAPACIDADE e BRAVURA de Clemilson Viana frente \u00e0s lutas sociais no munic\u00edpio.<\/p>\n<p><strong>Composi\u00e7\u00e3o da Diretoria Eleita:<\/strong><\/p>\n<p>Presidente: Clemilson Alves Viana<br \/>\nVice-Presidente: Leonilson da Concei\u00e7\u00e3o Silva<br \/>\nSecret\u00e1rio: Raimundo Nonato Borja Batista<br \/>\nTesoureiro: Juranice Suassuna Alves<br \/>\nDiretor de Assuntos Jur\u00eddicos: Ant\u00f4nio Eraldo Alves Viana<br \/>\nConselheiro Fiscal: Magno Alves da Silva<br \/>\nConselheiro Fiscal: Isabel Cristina Machado Rodrigues Pereira<br \/>\nConselheiro Fiscal: Maria das Dores de Sousa Oliveira<br \/>\nSuplente: K\u00e1tia Gardenia Brand\u00e3o Santana<br \/>\nSuplente: Ingrid Xavier.<\/p>\n<figure id=\"attachment_52349\" aria-describedby=\"caption-attachment-52349\" style=\"width: 650px\" class=\"wp-caption aligncenter\"><img decoding=\"async\" class=\"wp-image-52349\" src=\"https:\/\/www.blogsoestado.com\/danielmatos\/files\/2018\/06\/IMG-20180615-WA0304.jpg\" alt=\"\" width=\"650\" height=\"488\" \/><figcaption id=\"caption-attachment-52349\" class=\"wp-caption-text\">Comiss\u00e3o eleita pela categoria para conduzir o pleito<\/figcaption><\/figure>\n<p>A Comiss\u00e3o Eleitoral Sindserpe, publica o Edital de apura\u00e7\u00e3o dos votos, oficializando eleita a chapa &#8220;Avan\u00e7ar na Luta&#8221; .<br \/>\nPresidente da Comiss\u00e3o Eleitoral: Matusal\u00e9m Santos de Oliveira<br \/>\nSecret\u00e1ria: Katiane Martins Azevedo<br \/>\nMes\u00e1rio: Ant\u00f4nio Carlos Sousa de Jesus.<\/p>\n<figure id=\"attachment_52350\" aria-describedby=\"caption-attachment-52350\" style=\"width: 600px\" class=\"wp-caption aligncenter\"><img decoding=\"async\" class=\"wp-image-52350\" src=\"https:\/\/www.blogsoestado.com\/danielmatos\/files\/2018\/06\/IMG-20180615-WA0306.jpg\" alt=\"\" width=\"600\" height=\"828\" \/><figcaption id=\"caption-attachment-52350\" class=\"wp-caption-text\">Resultado final da apura\u00e7\u00e3o dos votos publicado pela comiss\u00e3o eleitoralK<\/figcaption><\/figure>\n","protected":false},"excerpt":{"rendered":"<p>A Diretoria do SINDSERPE foi eleita com o lema &#8220;Avan\u00e7ar na Luta&#8221;, em vota\u00e7\u00e3o ocorrida, hoje, 15\/06\/2018, e ser\u00e1 empossada [&hellip;]<\/p>\n","protected":false},"author":0,"featured_media":0,"comment_status":"open","ping_status":"open","sticky":false,"template":"","format":"standard","meta":{"site-sidebar-layout":"default","site-content-layout":"","ast-site-content-layout":"default","site-content-style":"default","site-sidebar-style":"default","ast-global-header-display":"","ast-banner-title-visibility":"","ast-main-header-display":"","ast-hfb-above-header-display":"","ast-hfb-below-header-display":"","ast-hfb-mobile-header-display":"","site-post-title":"","ast-breadcrumbs-content":"","ast-featured-img":"","footer-sml-layout":"","ast-disable-related-posts":"","theme-transparent-header-meta":"","adv-header-id-meta":"","stick-header-meta":"","header-above-stick-meta":"","header-main-stick-meta":"","header-below-stick-meta":"","astra-migrate-meta-layouts":"default","ast-page-background-enabled":"default","ast-page-background-meta":{"desktop":{"background-color":"var(--ast-global-color-5)","background-image":"","background-repeat":"repeat","background-position":"center center","background-size":"auto","background-attachment":"scroll","background-type":"","background-media":"","overlay-type":"","overlay-color":"","overlay-opacity":"","overlay-gradient":""},"tablet":{"background-color":"","background-image":"","background-repeat":"repeat","background-position":"center center","background-size":"auto","background-attachment":"scroll","background-type":"","background-media":"","overlay-type":"","overlay-color":"","overlay-opacity":"","overlay-gradient":""},"mobile":{"background-color":"","background-image":"","background-repeat":"repeat","background-position":"center center","background-size":"auto","background-attachment":"scroll","background-type":"","background-media":"","overlay-type":"","overlay-color":"","overlay-opacity":"","overlay-gradient":""}},"ast-content-background-meta":{"desktop":{"background-color":"var(--ast-global-color-4)","background-image":"","background-repeat":"repeat","background-position":"center center","background-size":"auto","background-attachment":"scroll","background-type":"","background-media":"","overlay-type":"","overlay-color":"","overlay-opacity":"","overlay-gradient":""},"tablet":{"background-color":"var(--ast-global-color-4)","background-image":"","background-repeat":"repeat","background-position":"center center","background-size":"auto","background-attachment":"scroll","background-type":"","background-media":"","overlay-type":"","overlay-color":"","overlay-opacity":"","overlay-gradient":""},"mobile":{"background-color":"var(--ast-global-color-4)","background-image":"","background-repeat":"repeat","background-position":"center center","background-size":"auto","background-attachment":"scroll","background-type":"","background-media":"","overlay-type":"","overlay-color":"","overlay-opacity":"","overlay-gradient":""}},"footnotes":""},"categories":[1],"tags":[],"class_list":["post-52347","post","type-post","status-publish","format-standard","hentry","category-sem-categoria"],"yoast_head":"<!-- This site is optimized with the Yoast SEO plugin v26.6 - https:\/\/yoast.com\/wordpress\/plugins\/seo\/ -->\n<title>Clemilson Viana \u00e9 reeleito presidente do Sindicato dos Servidores P\u00fablicos de Peritor\u00f3 - Daniel Matos<\/title>\n<meta name=\"robots\" content=\"index, follow, max-snippet:-1, max-image-preview:large, max-video-preview:-1\" \/>\n<link rel=\"canonical\" href=\"https:\/\/www.blogsoestado.com\/danielmatos\/clemilson-viana-e-reeleito-presidente-do-sindicato-dos-servidores-publicos-de-peritoro\/\" \/>\n<meta property=\"og:locale\" content=\"pt_BR\" \/>\n<meta property=\"og:type\" content=\"article\" \/>\n<meta property=\"og:title\" content=\"Clemilson Viana \u00e9 reeleito presidente do Sindicato dos Servidores P\u00fablicos de Peritor\u00f3 - Daniel Matos\" \/>\n<meta property=\"og:description\" content=\"A Diretoria do SINDSERPE foi eleita com o lema &#8220;Avan\u00e7ar na Luta&#8221;, em vota\u00e7\u00e3o ocorrida, hoje, 15\/06\/2018, e ser\u00e1 empossada [&hellip;]\" \/>\n<meta property=\"og:url\" content=\"https:\/\/www.blogsoestado.com\/danielmatos\/clemilson-viana-e-reeleito-presidente-do-sindicato-dos-servidores-publicos-de-peritoro\/\" \/>\n<meta property=\"og:site_name\" content=\"Daniel Matos\" \/>\n<meta property=\"article:published_time\" content=\"2018-06-15T23:22:29+00:00\" \/>\n<meta property=\"og:image\" content=\"https:\/\/www.blogsoestado.com\/danielmatos\/files\/2018\/06\/IMG-20180615-WA0309.jpg\" \/>\n<meta name=\"twitter:card\" content=\"summary_large_image\" \/>\n<meta name=\"twitter:label1\" content=\"Est. tempo de leitura\" \/>\n\t<meta name=\"twitter:data1\" content=\"1 minuto\" \/>\n<script type=\"application\/ld+json\" class=\"yoast-schema-graph\">{\"@context\":\"https:\/\/schema.org\",\"@graph\":[{\"@type\":\"WebPage\",\"@id\":\"https:\/\/www.blogsoestado.com\/danielmatos\/clemilson-viana-e-reeleito-presidente-do-sindicato-dos-servidores-publicos-de-peritoro\/\",\"url\":\"https:\/\/www.blogsoestado.com\/danielmatos\/clemilson-viana-e-reeleito-presidente-do-sindicato-dos-servidores-publicos-de-peritoro\/\",\"name\":\"Clemilson Viana \u00e9 reeleito presidente do Sindicato dos Servidores P\u00fablicos de Peritor\u00f3 - Daniel Matos\",\"isPartOf\":{\"@id\":\"https:\/\/www.blogsoestado.com\/danielmatos\/#website\"},\"primaryImageOfPage\":{\"@id\":\"https:\/\/www.blogsoestado.com\/danielmatos\/clemilson-viana-e-reeleito-presidente-do-sindicato-dos-servidores-publicos-de-peritoro\/#primaryimage\"},\"image\":{\"@id\":\"https:\/\/www.blogsoestado.com\/danielmatos\/clemilson-viana-e-reeleito-presidente-do-sindicato-dos-servidores-publicos-de-peritoro\/#primaryimage\"},\"thumbnailUrl\":\"https:\/\/www.blogsoestado.com\/danielmatos\/files\/2018\/06\/IMG-20180615-WA0309.jpg\",\"datePublished\":\"2018-06-15T23:22:29+00:00\",\"author\":{\"@id\":\"\"},\"breadcrumb\":{\"@id\":\"https:\/\/www.blogsoestado.com\/danielmatos\/clemilson-viana-e-reeleito-presidente-do-sindicato-dos-servidores-publicos-de-peritoro\/#breadcrumb\"},\"inLanguage\":\"pt-BR\",\"potentialAction\":[{\"@type\":\"ReadAction\",\"target\":[\"https:\/\/www.blogsoestado.com\/danielmatos\/clemilson-viana-e-reeleito-presidente-do-sindicato-dos-servidores-publicos-de-peritoro\/\"]}]},{\"@type\":\"ImageObject\",\"inLanguage\":\"pt-BR\",\"@id\":\"https:\/\/www.blogsoestado.com\/danielmatos\/clemilson-viana-e-reeleito-presidente-do-sindicato-dos-servidores-publicos-de-peritoro\/#primaryimage\",\"url\":\"https:\/\/www.blogsoestado.com\/danielmatos\/files\/2018\/06\/IMG-20180615-WA0309.jpg\",\"contentUrl\":\"https:\/\/www.blogsoestado.com\/danielmatos\/files\/2018\/06\/IMG-20180615-WA0309.jpg\"},{\"@type\":\"BreadcrumbList\",\"@id\":\"https:\/\/www.blogsoestado.com\/danielmatos\/clemilson-viana-e-reeleito-presidente-do-sindicato-dos-servidores-publicos-de-peritoro\/#breadcrumb\",\"itemListElement\":[{\"@type\":\"ListItem\",\"position\":1,\"name\":\"In\u00edcio\",\"item\":\"https:\/\/www.blogsoestado.com\/danielmatos\/\"},{\"@type\":\"ListItem\",\"position\":2,\"name\":\"Clemilson Viana \u00e9 reeleito presidente do Sindicato dos Servidores P\u00fablicos de Peritor\u00f3\"}]},{\"@type\":\"WebSite\",\"@id\":\"https:\/\/www.blogsoestado.com\/danielmatos\/#website\",\"url\":\"https:\/\/www.blogsoestado.com\/danielmatos\/\",\"name\":\"Daniel Matos\",\"description\":\"\",\"potentialAction\":[{\"@type\":\"SearchAction\",\"target\":{\"@type\":\"EntryPoint\",\"urlTemplate\":\"https:\/\/www.blogsoestado.com\/danielmatos\/?s={search_term_string}\"},\"query-input\":{\"@type\":\"PropertyValueSpecification\",\"valueRequired\":true,\"valueName\":\"search_term_string\"}}],\"inLanguage\":\"pt-BR\"}]}<\/script>\n<!-- \/ Yoast SEO plugin. -->","yoast_head_json":{"title":"Clemilson Viana \u00e9 reeleito presidente do Sindicato dos Servidores P\u00fablicos de Peritor\u00f3 - Daniel Matos","robots":{"index":"index","follow":"follow","max-snippet":"max-snippet:-1","max-image-preview":"max-image-preview:large","max-video-preview":"max-video-preview:-1"},"canonical":"https:\/\/www.blogsoestado.com\/danielmatos\/clemilson-viana-e-reeleito-presidente-do-sindicato-dos-servidores-publicos-de-peritoro\/","og_locale":"pt_BR","og_type":"article","og_title":"Clemilson Viana \u00e9 reeleito presidente do Sindicato dos Servidores P\u00fablicos de Peritor\u00f3 - Daniel Matos","og_description":"A Diretoria do SINDSERPE foi eleita com o lema &#8220;Avan\u00e7ar na Luta&#8221;, em vota\u00e7\u00e3o ocorrida, hoje, 15\/06\/2018, e ser\u00e1 empossada [&hellip;]","og_url":"https:\/\/www.blogsoestado.com\/danielmatos\/clemilson-viana-e-reeleito-presidente-do-sindicato-dos-servidores-publicos-de-peritoro\/","og_site_name":"Daniel Matos","article_published_time":"2018-06-15T23:22:29+00:00","og_image":[{"url":"https:\/\/www.blogsoestado.com\/danielmatos\/files\/2018\/06\/IMG-20180615-WA0309.jpg","type":"","width":"","height":""}],"twitter_card":"summary_large_image","twitter_misc":{"Est. tempo de leitura":"1 minuto"},"schema":{"@context":"https:\/\/schema.org","@graph":[{"@type":"WebPage","@id":"https:\/\/www.blogsoestado.com\/danielmatos\/clemilson-viana-e-reeleito-presidente-do-sindicato-dos-servidores-publicos-de-peritoro\/","url":"https:\/\/www.blogsoestado.com\/danielmatos\/clemilson-viana-e-reeleito-presidente-do-sindicato-dos-servidores-publicos-de-peritoro\/","name":"Clemilson Viana \u00e9 reeleito presidente do Sindicato dos Servidores P\u00fablicos de Peritor\u00f3 - Daniel Matos","isPartOf":{"@id":"https:\/\/www.blogsoestado.com\/danielmatos\/#website"},"primaryImageOfPage":{"@id":"https:\/\/www.blogsoestado.com\/danielmatos\/clemilson-viana-e-reeleito-presidente-do-sindicato-dos-servidores-publicos-de-peritoro\/#primaryimage"},"image":{"@id":"https:\/\/www.blogsoestado.com\/danielmatos\/clemilson-viana-e-reeleito-presidente-do-sindicato-dos-servidores-publicos-de-peritoro\/#primaryimage"},"thumbnailUrl":"https:\/\/www.blogsoestado.com\/danielmatos\/files\/2018\/06\/IMG-20180615-WA0309.jpg","datePublished":"2018-06-15T23:22:29+00:00","author":{"@id":""},"breadcrumb":{"@id":"https:\/\/www.blogsoestado.com\/danielmatos\/clemilson-viana-e-reeleito-presidente-do-sindicato-dos-servidores-publicos-de-peritoro\/#breadcrumb"},"inLanguage":"pt-BR","potentialAction":[{"@type":"ReadAction","target":["https:\/\/www.blogsoestado.com\/danielmatos\/clemilson-viana-e-reeleito-presidente-do-sindicato-dos-servidores-publicos-de-peritoro\/"]}]},{"@type":"ImageObject","inLanguage":"pt-BR","@id":"https:\/\/www.blogsoestado.com\/danielmatos\/clemilson-viana-e-reeleito-presidente-do-sindicato-dos-servidores-publicos-de-peritoro\/#primaryimage","url":"https:\/\/www.blogsoestado.com\/danielmatos\/files\/2018\/06\/IMG-20180615-WA0309.jpg","contentUrl":"https:\/\/www.blogsoestado.com\/danielmatos\/files\/2018\/06\/IMG-20180615-WA0309.jpg"},{"@type":"BreadcrumbList","@id":"https:\/\/www.blogsoestado.com\/danielmatos\/clemilson-viana-e-reeleito-presidente-do-sindicato-dos-servidores-publicos-de-peritoro\/#breadcrumb","itemListElement":[{"@type":"ListItem","position":1,"name":"In\u00edcio","item":"https:\/\/www.blogsoestado.com\/danielmatos\/"},{"@type":"ListItem","position":2,"name":"Clemilson Viana \u00e9 reeleito presidente do Sindicato dos Servidores P\u00fablicos de Peritor\u00f3"}]},{"@type":"WebSite","@id":"https:\/\/www.blogsoestado.com\/danielmatos\/#website","url":"https:\/\/www.blogsoestado.com\/danielmatos\/","name":"Daniel Matos","description":"","potentialAction":[{"@type":"SearchAction","target":{"@type":"EntryPoint","urlTemplate":"https:\/\/www.blogsoestado.com\/danielmatos\/?s={search_term_string}"},"query-input":{"@type":"PropertyValueSpecification","valueRequired":true,"valueName":"search_term_string"}}],"inLanguage":"pt-BR"}]}},"jetpack_featured_media_url":"","_links":{"self":[{"href":"https:\/\/www.blogsoestado.com\/danielmatos\/wp-json\/wp\/v2\/posts\/52347","targetHints":{"allow":["GET"]}}],"collection":[{"href":"https:\/\/www.blogsoestado.com\/danielmatos\/wp-json\/wp\/v2\/posts"}],"about":[{"href":"https:\/\/www.blogsoestado.com\/danielmatos\/wp-json\/wp\/v2\/types\/post"}],"replies":[{"embeddable":true,"href":"https:\/\/www.blogsoestado.com\/danielmatos\/wp-json\/wp\/v2\/comments?post=52347"}],"version-history":[{"count":0,"href":"https:\/\/www.blogsoestado.com\/danielmatos\/wp-json\/wp\/v2\/posts\/52347\/revisions"}],"wp:attachment":[{"href":"https:\/\/www.blogsoestado.com\/danielmatos\/wp-json\/wp\/v2\/media?parent=52347"}],"wp:term":[{"taxonomy":"category","embeddable":true,"href":"https:\/\/www.blogsoestado.com\/danielmatos\/wp-json\/wp\/v2\/categories?post=52347"},{"taxonomy":"post_tag","embeddable":true,"href":"https:\/\/www.blogsoestado.com\/danielmatos\/wp-json\/wp\/v2\/tags?post=52347"}],"curies":[{"name":"wp","href":"https:\/\/api.w.org\/{rel}","templated":true}]}}