{"id":52364,"date":"2018-06-17T10:42:11","date_gmt":"2018-06-17T13:42:11","guid":{"rendered":"https:\/\/www.blogsoestado.com\/danielmatos\/?p=52364"},"modified":"2018-06-17T10:42:11","modified_gmt":"2018-06-17T13:42:11","slug":"cezar-bombeiro-faz-homenagem-postuma-na-camara-a-torcedora-simbolo-do-mac","status":"publish","type":"post","link":"https:\/\/www.blogsoestado.com\/danielmatos\/cezar-bombeiro-faz-homenagem-postuma-na-camara-a-torcedora-simbolo-do-mac\/","title":{"rendered":"C\u00e9zar Bombeiro faz homenagem p\u00f3stuma na C\u00e2mara a torcedora s\u00edmbolo do MAC"},"content":{"rendered":"<figure id=\"attachment_52366\" aria-describedby=\"caption-attachment-52366\" style=\"width: 600px\" class=\"wp-caption aligncenter\"><img fetchpriority=\"high\" decoding=\"async\" class=\"wp-image-52366\" src=\"https:\/\/www.blogsoestado.com\/danielmatos\/files\/2018\/06\/Screenshot_20180617-103129.png\" alt=\"\" width=\"600\" height=\"535\" \/><figcaption id=\"caption-attachment-52366\" class=\"wp-caption-text\">Dona Sebastiana comemora t\u00edtulos com jogadores do Maranh\u00e3o Atl\u00e9tico Clube<\/figcaption><\/figure>\n<p>Por solicita\u00e7\u00e3o do vereador C\u00e9zar Bombeiro (PSD) e acompanhada por todos os demais parlamentares presentes ao plen\u00e1rio, foi feito um minuto de silencio na C\u00e2mara Municipal de S\u00e3o Lu\u00eds, em pesar ao falecimento da senhora Sebastiana Costa Leite Dias, torcedora do Maranh\u00e3o Atl\u00e9tico Clube e pessoa bem presente nas pra\u00e7as esportivas em que o clube viesse a disputar qualquer competi\u00e7\u00e3o e em qualquer modalidade.<\/p>\n<p>Ao fazer esse ato como uma homenagem o a Dona Sebastiana, o vereador registrou a abnega\u00e7\u00e3o e o amor da torcedora ao clube que come\u00e7ou a admirar desde crian\u00e7a e que ao longo da vida se transformou em um dos seus grandes amores, expressados na alegria e na tristeza, o que significa na vit\u00f3ria e na derrota.<\/p>\n<p>C\u00e9zar Bombeiro tamb\u00e9m registrou a solidariedade do Maranh\u00e3o Atl\u00e9tico Clube com a sua torcedora s\u00edmbolo e que aos 90 anos era presen\u00e7a marcante nos est\u00e1dios vibrando como torcedora da agremia\u00e7\u00e3o.<\/p>\n","protected":false},"excerpt":{"rendered":"<p>Por solicita\u00e7\u00e3o do vereador C\u00e9zar Bombeiro (PSD) e acompanhada por todos os demais parlamentares presentes ao plen\u00e1rio, foi feito um [&hellip;]<\/p>\n","protected":false},"author":0,"featured_media":0,"comment_status":"open","ping_status":"open","sticky":false,"template":"","format":"standard","meta":{"site-sidebar-layout":"default","site-content-layout":"","ast-site-content-layout":"default","site-content-style":"default","site-sidebar-style":"default","ast-global-header-display":"","ast-banner-title-visibility":"","ast-main-header-display":"","ast-hfb-above-header-display":"","ast-hfb-below-header-display":"","ast-hfb-mobile-header-display":"","site-post-title":"","ast-breadcrumbs-content":"","ast-featured-img":"","footer-sml-layout":"","ast-disable-related-posts":"","theme-transparent-header-meta":"","adv-header-id-meta":"","stick-header-meta":"","header-above-stick-meta":"","header-main-stick-meta":"","header-below-stick-meta":"","astra-migrate-meta-layouts":"default","ast-page-background-enabled":"default","ast-page-background-meta":{"desktop":{"background-color":"var(--ast-global-color-5)","background-image":"","background-repeat":"repeat","background-position":"center center","background-size":"auto","background-attachment":"scroll","background-type":"","background-media":"","overlay-type":"","overlay-color":"","overlay-opacity":"","overlay-gradient":""},"tablet":{"background-color":"","background-image":"","background-repeat":"repeat","background-position":"center center","background-size":"auto","background-attachment":"scroll","background-type":"","background-media":"","overlay-type":"","overlay-color":"","overlay-opacity":"","overlay-gradient":""},"mobile":{"background-color":"","background-image":"","background-repeat":"repeat","background-position":"center center","background-size":"auto","background-attachment":"scroll","background-type":"","background-media":"","overlay-type":"","overlay-color":"","overlay-opacity":"","overlay-gradient":""}},"ast-content-background-meta":{"desktop":{"background-color":"var(--ast-global-color-4)","background-image":"","background-repeat":"repeat","background-position":"center center","background-size":"auto","background-attachment":"scroll","background-type":"","background-media":"","overlay-type":"","overlay-color":"","overlay-opacity":"","overlay-gradient":""},"tablet":{"background-color":"var(--ast-global-color-4)","background-image":"","background-repeat":"repeat","background-position":"center center","background-size":"auto","background-attachment":"scroll","background-type":"","background-media":"","overlay-type":"","overlay-color":"","overlay-opacity":"","overlay-gradient":""},"mobile":{"background-color":"var(--ast-global-color-4)","background-image":"","background-repeat":"repeat","background-position":"center center","background-size":"auto","background-attachment":"scroll","background-type":"","background-media":"","overlay-type":"","overlay-color":"","overlay-opacity":"","overlay-gradient":""}},"footnotes":""},"categories":[1],"tags":[],"class_list":["post-52364","post","type-post","status-publish","format-standard","hentry","category-sem-categoria"],"yoast_head":"<!-- This site is optimized with the Yoast SEO plugin v26.6 - https:\/\/yoast.com\/wordpress\/plugins\/seo\/ -->\n<title>C\u00e9zar Bombeiro faz homenagem p\u00f3stuma na C\u00e2mara a torcedora s\u00edmbolo do MAC - Daniel Matos<\/title>\n<meta name=\"robots\" content=\"index, follow, max-snippet:-1, max-image-preview:large, max-video-preview:-1\" \/>\n<link rel=\"canonical\" href=\"https:\/\/www.blogsoestado.com\/danielmatos\/cezar-bombeiro-faz-homenagem-postuma-na-camara-a-torcedora-simbolo-do-mac\/\" \/>\n<meta property=\"og:locale\" content=\"pt_BR\" \/>\n<meta property=\"og:type\" content=\"article\" \/>\n<meta property=\"og:title\" content=\"C\u00e9zar Bombeiro faz homenagem p\u00f3stuma na C\u00e2mara a torcedora s\u00edmbolo do MAC - Daniel Matos\" \/>\n<meta property=\"og:description\" content=\"Por solicita\u00e7\u00e3o do vereador C\u00e9zar Bombeiro (PSD) e acompanhada por todos os demais parlamentares presentes ao plen\u00e1rio, foi feito um [&hellip;]\" \/>\n<meta property=\"og:url\" content=\"https:\/\/www.blogsoestado.com\/danielmatos\/cezar-bombeiro-faz-homenagem-postuma-na-camara-a-torcedora-simbolo-do-mac\/\" \/>\n<meta property=\"og:site_name\" content=\"Daniel Matos\" \/>\n<meta property=\"article:published_time\" content=\"2018-06-17T13:42:11+00:00\" \/>\n<meta property=\"og:image\" content=\"https:\/\/www.blogsoestado.com\/danielmatos\/files\/2018\/06\/Screenshot_20180617-103129.png\" \/>\n<meta name=\"twitter:card\" content=\"summary_large_image\" \/>\n<meta name=\"twitter:label1\" content=\"Est. tempo de leitura\" \/>\n\t<meta name=\"twitter:data1\" content=\"1 minuto\" \/>\n<script type=\"application\/ld+json\" class=\"yoast-schema-graph\">{\"@context\":\"https:\/\/schema.org\",\"@graph\":[{\"@type\":\"WebPage\",\"@id\":\"https:\/\/www.blogsoestado.com\/danielmatos\/cezar-bombeiro-faz-homenagem-postuma-na-camara-a-torcedora-simbolo-do-mac\/\",\"url\":\"https:\/\/www.blogsoestado.com\/danielmatos\/cezar-bombeiro-faz-homenagem-postuma-na-camara-a-torcedora-simbolo-do-mac\/\",\"name\":\"C\u00e9zar Bombeiro faz homenagem p\u00f3stuma na C\u00e2mara a torcedora s\u00edmbolo do MAC - Daniel Matos\",\"isPartOf\":{\"@id\":\"https:\/\/www.blogsoestado.com\/danielmatos\/#website\"},\"primaryImageOfPage\":{\"@id\":\"https:\/\/www.blogsoestado.com\/danielmatos\/cezar-bombeiro-faz-homenagem-postuma-na-camara-a-torcedora-simbolo-do-mac\/#primaryimage\"},\"image\":{\"@id\":\"https:\/\/www.blogsoestado.com\/danielmatos\/cezar-bombeiro-faz-homenagem-postuma-na-camara-a-torcedora-simbolo-do-mac\/#primaryimage\"},\"thumbnailUrl\":\"https:\/\/www.blogsoestado.com\/danielmatos\/files\/2018\/06\/Screenshot_20180617-103129.png\",\"datePublished\":\"2018-06-17T13:42:11+00:00\",\"author\":{\"@id\":\"\"},\"breadcrumb\":{\"@id\":\"https:\/\/www.blogsoestado.com\/danielmatos\/cezar-bombeiro-faz-homenagem-postuma-na-camara-a-torcedora-simbolo-do-mac\/#breadcrumb\"},\"inLanguage\":\"pt-BR\",\"potentialAction\":[{\"@type\":\"ReadAction\",\"target\":[\"https:\/\/www.blogsoestado.com\/danielmatos\/cezar-bombeiro-faz-homenagem-postuma-na-camara-a-torcedora-simbolo-do-mac\/\"]}]},{\"@type\":\"ImageObject\",\"inLanguage\":\"pt-BR\",\"@id\":\"https:\/\/www.blogsoestado.com\/danielmatos\/cezar-bombeiro-faz-homenagem-postuma-na-camara-a-torcedora-simbolo-do-mac\/#primaryimage\",\"url\":\"https:\/\/www.blogsoestado.com\/danielmatos\/files\/2018\/06\/Screenshot_20180617-103129.png\",\"contentUrl\":\"https:\/\/www.blogsoestado.com\/danielmatos\/files\/2018\/06\/Screenshot_20180617-103129.png\"},{\"@type\":\"BreadcrumbList\",\"@id\":\"https:\/\/www.blogsoestado.com\/danielmatos\/cezar-bombeiro-faz-homenagem-postuma-na-camara-a-torcedora-simbolo-do-mac\/#breadcrumb\",\"itemListElement\":[{\"@type\":\"ListItem\",\"position\":1,\"name\":\"In\u00edcio\",\"item\":\"https:\/\/www.blogsoestado.com\/danielmatos\/\"},{\"@type\":\"ListItem\",\"position\":2,\"name\":\"C\u00e9zar Bombeiro faz homenagem p\u00f3stuma na C\u00e2mara a torcedora s\u00edmbolo do MAC\"}]},{\"@type\":\"WebSite\",\"@id\":\"https:\/\/www.blogsoestado.com\/danielmatos\/#website\",\"url\":\"https:\/\/www.blogsoestado.com\/danielmatos\/\",\"name\":\"Daniel Matos\",\"description\":\"\",\"potentialAction\":[{\"@type\":\"SearchAction\",\"target\":{\"@type\":\"EntryPoint\",\"urlTemplate\":\"https:\/\/www.blogsoestado.com\/danielmatos\/?s={search_term_string}\"},\"query-input\":{\"@type\":\"PropertyValueSpecification\",\"valueRequired\":true,\"valueName\":\"search_term_string\"}}],\"inLanguage\":\"pt-BR\"}]}<\/script>\n<!-- \/ Yoast SEO plugin. -->","yoast_head_json":{"title":"C\u00e9zar Bombeiro faz homenagem p\u00f3stuma na C\u00e2mara a torcedora s\u00edmbolo do MAC - Daniel Matos","robots":{"index":"index","follow":"follow","max-snippet":"max-snippet:-1","max-image-preview":"max-image-preview:large","max-video-preview":"max-video-preview:-1"},"canonical":"https:\/\/www.blogsoestado.com\/danielmatos\/cezar-bombeiro-faz-homenagem-postuma-na-camara-a-torcedora-simbolo-do-mac\/","og_locale":"pt_BR","og_type":"article","og_title":"C\u00e9zar Bombeiro faz homenagem p\u00f3stuma na C\u00e2mara a torcedora s\u00edmbolo do MAC - Daniel Matos","og_description":"Por solicita\u00e7\u00e3o do vereador C\u00e9zar Bombeiro (PSD) e acompanhada por todos os demais parlamentares presentes ao plen\u00e1rio, foi feito um [&hellip;]","og_url":"https:\/\/www.blogsoestado.com\/danielmatos\/cezar-bombeiro-faz-homenagem-postuma-na-camara-a-torcedora-simbolo-do-mac\/","og_site_name":"Daniel Matos","article_published_time":"2018-06-17T13:42:11+00:00","og_image":[{"url":"https:\/\/www.blogsoestado.com\/danielmatos\/files\/2018\/06\/Screenshot_20180617-103129.png","type":"","width":"","height":""}],"twitter_card":"summary_large_image","twitter_misc":{"Est. tempo de leitura":"1 minuto"},"schema":{"@context":"https:\/\/schema.org","@graph":[{"@type":"WebPage","@id":"https:\/\/www.blogsoestado.com\/danielmatos\/cezar-bombeiro-faz-homenagem-postuma-na-camara-a-torcedora-simbolo-do-mac\/","url":"https:\/\/www.blogsoestado.com\/danielmatos\/cezar-bombeiro-faz-homenagem-postuma-na-camara-a-torcedora-simbolo-do-mac\/","name":"C\u00e9zar Bombeiro faz homenagem p\u00f3stuma na C\u00e2mara a torcedora s\u00edmbolo do MAC - Daniel Matos","isPartOf":{"@id":"https:\/\/www.blogsoestado.com\/danielmatos\/#website"},"primaryImageOfPage":{"@id":"https:\/\/www.blogsoestado.com\/danielmatos\/cezar-bombeiro-faz-homenagem-postuma-na-camara-a-torcedora-simbolo-do-mac\/#primaryimage"},"image":{"@id":"https:\/\/www.blogsoestado.com\/danielmatos\/cezar-bombeiro-faz-homenagem-postuma-na-camara-a-torcedora-simbolo-do-mac\/#primaryimage"},"thumbnailUrl":"https:\/\/www.blogsoestado.com\/danielmatos\/files\/2018\/06\/Screenshot_20180617-103129.png","datePublished":"2018-06-17T13:42:11+00:00","author":{"@id":""},"breadcrumb":{"@id":"https:\/\/www.blogsoestado.com\/danielmatos\/cezar-bombeiro-faz-homenagem-postuma-na-camara-a-torcedora-simbolo-do-mac\/#breadcrumb"},"inLanguage":"pt-BR","potentialAction":[{"@type":"ReadAction","target":["https:\/\/www.blogsoestado.com\/danielmatos\/cezar-bombeiro-faz-homenagem-postuma-na-camara-a-torcedora-simbolo-do-mac\/"]}]},{"@type":"ImageObject","inLanguage":"pt-BR","@id":"https:\/\/www.blogsoestado.com\/danielmatos\/cezar-bombeiro-faz-homenagem-postuma-na-camara-a-torcedora-simbolo-do-mac\/#primaryimage","url":"https:\/\/www.blogsoestado.com\/danielmatos\/files\/2018\/06\/Screenshot_20180617-103129.png","contentUrl":"https:\/\/www.blogsoestado.com\/danielmatos\/files\/2018\/06\/Screenshot_20180617-103129.png"},{"@type":"BreadcrumbList","@id":"https:\/\/www.blogsoestado.com\/danielmatos\/cezar-bombeiro-faz-homenagem-postuma-na-camara-a-torcedora-simbolo-do-mac\/#breadcrumb","itemListElement":[{"@type":"ListItem","position":1,"name":"In\u00edcio","item":"https:\/\/www.blogsoestado.com\/danielmatos\/"},{"@type":"ListItem","position":2,"name":"C\u00e9zar Bombeiro faz homenagem p\u00f3stuma na C\u00e2mara a torcedora s\u00edmbolo do MAC"}]},{"@type":"WebSite","@id":"https:\/\/www.blogsoestado.com\/danielmatos\/#website","url":"https:\/\/www.blogsoestado.com\/danielmatos\/","name":"Daniel Matos","description":"","potentialAction":[{"@type":"SearchAction","target":{"@type":"EntryPoint","urlTemplate":"https:\/\/www.blogsoestado.com\/danielmatos\/?s={search_term_string}"},"query-input":{"@type":"PropertyValueSpecification","valueRequired":true,"valueName":"search_term_string"}}],"inLanguage":"pt-BR"}]}},"jetpack_featured_media_url":"","_links":{"self":[{"href":"https:\/\/www.blogsoestado.com\/danielmatos\/wp-json\/wp\/v2\/posts\/52364","targetHints":{"allow":["GET"]}}],"collection":[{"href":"https:\/\/www.blogsoestado.com\/danielmatos\/wp-json\/wp\/v2\/posts"}],"about":[{"href":"https:\/\/www.blogsoestado.com\/danielmatos\/wp-json\/wp\/v2\/types\/post"}],"replies":[{"embeddable":true,"href":"https:\/\/www.blogsoestado.com\/danielmatos\/wp-json\/wp\/v2\/comments?post=52364"}],"version-history":[{"count":0,"href":"https:\/\/www.blogsoestado.com\/danielmatos\/wp-json\/wp\/v2\/posts\/52364\/revisions"}],"wp:attachment":[{"href":"https:\/\/www.blogsoestado.com\/danielmatos\/wp-json\/wp\/v2\/media?parent=52364"}],"wp:term":[{"taxonomy":"category","embeddable":true,"href":"https:\/\/www.blogsoestado.com\/danielmatos\/wp-json\/wp\/v2\/categories?post=52364"},{"taxonomy":"post_tag","embeddable":true,"href":"https:\/\/www.blogsoestado.com\/danielmatos\/wp-json\/wp\/v2\/tags?post=52364"}],"curies":[{"name":"wp","href":"https:\/\/api.w.org\/{rel}","templated":true}]}}