{"id":52373,"date":"2018-06-18T10:46:38","date_gmt":"2018-06-18T13:46:38","guid":{"rendered":"https:\/\/www.blogsoestado.com\/danielmatos\/?p=52373"},"modified":"2018-06-18T10:46:38","modified_gmt":"2018-06-18T13:46:38","slug":"deputado-ze-inacio-se-reune-com-liderancas-da-regiao-do-alto-turi-e-gurupi","status":"publish","type":"post","link":"https:\/\/www.blogsoestado.com\/danielmatos\/deputado-ze-inacio-se-reune-com-liderancas-da-regiao-do-alto-turi-e-gurupi\/","title":{"rendered":"Deputado Z\u00e9 In\u00e1cio se re\u00fane com lideran\u00e7as da regi\u00e3o do Alto Turi e Gurupi"},"content":{"rendered":"<figure id=\"attachment_52374\" aria-describedby=\"caption-attachment-52374\" style=\"width: 640px\" class=\"wp-caption aligncenter\"><img fetchpriority=\"high\" decoding=\"async\" class=\"size-full wp-image-52374\" src=\"https:\/\/www.blogsoestado.com\/danielmatos\/files\/2018\/06\/reuniao-inacio.jpg\" alt=\"\" width=\"640\" height=\"471\" \/><figcaption id=\"caption-attachment-52374\" class=\"wp-caption-text\">Deputado Z\u00e9 In\u00e1cio com dirigentes do PT e filiados ao partido no munic\u00edpio de Santa Luzia do Paru\u00e1<\/figcaption><\/figure>\n<p>O deputado estadual Z\u00e9 In\u00e1cio (PT) se reuniu, no\u00a0\u00faltimo s\u00e1bado (16), com lideran\u00e7as dos munic\u00edpios de Santa Luzia do Paru\u00e1 e de Centro Novo do Maranh\u00e3o.<\/p>\n<p>Em Santa Luzia do Paru\u00e1, a reuni\u00e3o foi realizada a convite do presidente do diret\u00f3rio municipal do Partido dos Trabalhadores, Nego Dilson, e petistas do munic\u00edpio.<\/p>\n<figure id=\"attachment_52375\" aria-describedby=\"caption-attachment-52375\" style=\"width: 640px\" class=\"wp-caption aligncenter\"><img decoding=\"async\" class=\"size-full wp-image-52375\" src=\"https:\/\/www.blogsoestado.com\/danielmatos\/files\/2018\/06\/reuniao-inacio2.jpg\" alt=\"\" width=\"640\" height=\"363\" \/><figcaption id=\"caption-attachment-52375\" class=\"wp-caption-text\">Z\u00e9 In\u00e1cio informou aos petistas o registro da candidatura de Lula a presidente, marcada para 15 de agosto<\/figcaption><\/figure>\n<p>O segundo encontro foi com os trabalhadores e trabalhadoras do Sindicato Rural de Centro Novo do Maranh\u00e3o, a convite do Vereador Nego (PT), Cosme, presidente do Partido dos Trabalhadores, e Z\u00e9 Arimar, presidente do sindicato.<\/p>\n<p>Nos encontros, foi informado sobre o registro da candidatura do ex-presidente Luiz In\u00e1cio Lula da Silva, dia 15 de agosto, um debate sobre a situa\u00e7\u00e3o pol\u00edtica em que o pa\u00eds se encontra e sobre as elei\u00e7\u00f5es no estado.<\/p>\n<figure id=\"attachment_52376\" aria-describedby=\"caption-attachment-52376\" style=\"width: 640px\" class=\"wp-caption aligncenter\"><img decoding=\"async\" class=\"size-full wp-image-52376\" src=\"https:\/\/www.blogsoestado.com\/danielmatos\/files\/2018\/06\/reuniao-inacio3.jpg\" alt=\"\" width=\"640\" height=\"471\" \/><figcaption id=\"caption-attachment-52376\" class=\"wp-caption-text\">O parlamentar tamb\u00e9m debateu com os colegas petistas a conjuntura pol\u00edtica do Brasil e as elei\u00e7\u00f5es deste ano no Maranh\u00e3o<\/figcaption><\/figure>\n<p>\u201cNosso pa\u00eds est\u00e1 em uma situa\u00e7\u00e3o muito dif\u00edcil que n\u00e3o presenci\u00e1vamos nos governos do Partido dos Trabalhadores, estamos lutando para elegermos a maior bancada do partido nestas elei\u00e7\u00f5es, mas nosso objetivo principal \u00e9 a candidatura de Lula, que ser\u00e1 candidato e eleito em primeiro turno como todas as pesquisas confirmam\u201d, disse Z\u00e9 In\u00e1cio.<\/p>\n","protected":false},"excerpt":{"rendered":"<p>O deputado estadual Z\u00e9 In\u00e1cio (PT) se reuniu, no\u00a0\u00faltimo s\u00e1bado (16), com lideran\u00e7as dos munic\u00edpios de Santa Luzia do Paru\u00e1 [&hellip;]<\/p>\n","protected":false},"author":0,"featured_media":0,"comment_status":"open","ping_status":"open","sticky":false,"template":"","format":"standard","meta":{"site-sidebar-layout":"default","site-content-layout":"","ast-site-content-layout":"default","site-content-style":"default","site-sidebar-style":"default","ast-global-header-display":"","ast-banner-title-visibility":"","ast-main-header-display":"","ast-hfb-above-header-display":"","ast-hfb-below-header-display":"","ast-hfb-mobile-header-display":"","site-post-title":"","ast-breadcrumbs-content":"","ast-featured-img":"","footer-sml-layout":"","ast-disable-related-posts":"","theme-transparent-header-meta":"","adv-header-id-meta":"","stick-header-meta":"","header-above-stick-meta":"","header-main-stick-meta":"","header-below-stick-meta":"","astra-migrate-meta-layouts":"default","ast-page-background-enabled":"default","ast-page-background-meta":{"desktop":{"background-color":"var(--ast-global-color-5)","background-image":"","background-repeat":"repeat","background-position":"center center","background-size":"auto","background-attachment":"scroll","background-type":"","background-media":"","overlay-type":"","overlay-color":"","overlay-opacity":"","overlay-gradient":""},"tablet":{"background-color":"","background-image":"","background-repeat":"repeat","background-position":"center center","background-size":"auto","background-attachment":"scroll","background-type":"","background-media":"","overlay-type":"","overlay-color":"","overlay-opacity":"","overlay-gradient":""},"mobile":{"background-color":"","background-image":"","background-repeat":"repeat","background-position":"center center","background-size":"auto","background-attachment":"scroll","background-type":"","background-media":"","overlay-type":"","overlay-color":"","overlay-opacity":"","overlay-gradient":""}},"ast-content-background-meta":{"desktop":{"background-color":"var(--ast-global-color-4)","background-image":"","background-repeat":"repeat","background-position":"center center","background-size":"auto","background-attachment":"scroll","background-type":"","background-media":"","overlay-type":"","overlay-color":"","overlay-opacity":"","overlay-gradient":""},"tablet":{"background-color":"var(--ast-global-color-4)","background-image":"","background-repeat":"repeat","background-position":"center center","background-size":"auto","background-attachment":"scroll","background-type":"","background-media":"","overlay-type":"","overlay-color":"","overlay-opacity":"","overlay-gradient":""},"mobile":{"background-color":"var(--ast-global-color-4)","background-image":"","background-repeat":"repeat","background-position":"center center","background-size":"auto","background-attachment":"scroll","background-type":"","background-media":"","overlay-type":"","overlay-color":"","overlay-opacity":"","overlay-gradient":""}},"footnotes":""},"categories":[1],"tags":[],"class_list":["post-52373","post","type-post","status-publish","format-standard","hentry","category-sem-categoria"],"yoast_head":"<!-- This site is optimized with the Yoast SEO plugin v26.6 - https:\/\/yoast.com\/wordpress\/plugins\/seo\/ -->\n<title>Deputado Z\u00e9 In\u00e1cio se re\u00fane com lideran\u00e7as da regi\u00e3o do Alto Turi e Gurupi - Daniel Matos<\/title>\n<meta name=\"robots\" content=\"index, follow, max-snippet:-1, max-image-preview:large, max-video-preview:-1\" \/>\n<link rel=\"canonical\" href=\"https:\/\/www.blogsoestado.com\/danielmatos\/deputado-ze-inacio-se-reune-com-liderancas-da-regiao-do-alto-turi-e-gurupi\/\" \/>\n<meta property=\"og:locale\" content=\"pt_BR\" \/>\n<meta property=\"og:type\" content=\"article\" \/>\n<meta property=\"og:title\" content=\"Deputado Z\u00e9 In\u00e1cio se re\u00fane com lideran\u00e7as da regi\u00e3o do Alto Turi e Gurupi - Daniel Matos\" \/>\n<meta property=\"og:description\" content=\"O deputado estadual Z\u00e9 In\u00e1cio (PT) se reuniu, no\u00a0\u00faltimo s\u00e1bado (16), com lideran\u00e7as dos munic\u00edpios de Santa Luzia do Paru\u00e1 [&hellip;]\" \/>\n<meta property=\"og:url\" content=\"https:\/\/www.blogsoestado.com\/danielmatos\/deputado-ze-inacio-se-reune-com-liderancas-da-regiao-do-alto-turi-e-gurupi\/\" \/>\n<meta property=\"og:site_name\" content=\"Daniel Matos\" \/>\n<meta property=\"article:published_time\" content=\"2018-06-18T13:46:38+00:00\" \/>\n<meta property=\"og:image\" content=\"https:\/\/www.blogsoestado.com\/danielmatos\/files\/2018\/06\/reuniao-inacio.jpg\" \/>\n<meta name=\"twitter:card\" content=\"summary_large_image\" \/>\n<meta name=\"twitter:label1\" content=\"Est. tempo de leitura\" \/>\n\t<meta name=\"twitter:data1\" content=\"1 minuto\" \/>\n<script type=\"application\/ld+json\" class=\"yoast-schema-graph\">{\"@context\":\"https:\/\/schema.org\",\"@graph\":[{\"@type\":\"WebPage\",\"@id\":\"https:\/\/www.blogsoestado.com\/danielmatos\/deputado-ze-inacio-se-reune-com-liderancas-da-regiao-do-alto-turi-e-gurupi\/\",\"url\":\"https:\/\/www.blogsoestado.com\/danielmatos\/deputado-ze-inacio-se-reune-com-liderancas-da-regiao-do-alto-turi-e-gurupi\/\",\"name\":\"Deputado Z\u00e9 In\u00e1cio se re\u00fane com lideran\u00e7as da regi\u00e3o do Alto Turi e Gurupi - Daniel Matos\",\"isPartOf\":{\"@id\":\"https:\/\/www.blogsoestado.com\/danielmatos\/#website\"},\"primaryImageOfPage\":{\"@id\":\"https:\/\/www.blogsoestado.com\/danielmatos\/deputado-ze-inacio-se-reune-com-liderancas-da-regiao-do-alto-turi-e-gurupi\/#primaryimage\"},\"image\":{\"@id\":\"https:\/\/www.blogsoestado.com\/danielmatos\/deputado-ze-inacio-se-reune-com-liderancas-da-regiao-do-alto-turi-e-gurupi\/#primaryimage\"},\"thumbnailUrl\":\"https:\/\/www.blogsoestado.com\/danielmatos\/files\/2018\/06\/reuniao-inacio.jpg\",\"datePublished\":\"2018-06-18T13:46:38+00:00\",\"author\":{\"@id\":\"\"},\"breadcrumb\":{\"@id\":\"https:\/\/www.blogsoestado.com\/danielmatos\/deputado-ze-inacio-se-reune-com-liderancas-da-regiao-do-alto-turi-e-gurupi\/#breadcrumb\"},\"inLanguage\":\"pt-BR\",\"potentialAction\":[{\"@type\":\"ReadAction\",\"target\":[\"https:\/\/www.blogsoestado.com\/danielmatos\/deputado-ze-inacio-se-reune-com-liderancas-da-regiao-do-alto-turi-e-gurupi\/\"]}]},{\"@type\":\"ImageObject\",\"inLanguage\":\"pt-BR\",\"@id\":\"https:\/\/www.blogsoestado.com\/danielmatos\/deputado-ze-inacio-se-reune-com-liderancas-da-regiao-do-alto-turi-e-gurupi\/#primaryimage\",\"url\":\"https:\/\/www.blogsoestado.com\/danielmatos\/files\/2018\/06\/reuniao-inacio.jpg\",\"contentUrl\":\"https:\/\/www.blogsoestado.com\/danielmatos\/files\/2018\/06\/reuniao-inacio.jpg\"},{\"@type\":\"BreadcrumbList\",\"@id\":\"https:\/\/www.blogsoestado.com\/danielmatos\/deputado-ze-inacio-se-reune-com-liderancas-da-regiao-do-alto-turi-e-gurupi\/#breadcrumb\",\"itemListElement\":[{\"@type\":\"ListItem\",\"position\":1,\"name\":\"In\u00edcio\",\"item\":\"https:\/\/www.blogsoestado.com\/danielmatos\/\"},{\"@type\":\"ListItem\",\"position\":2,\"name\":\"Deputado Z\u00e9 In\u00e1cio se re\u00fane com lideran\u00e7as da regi\u00e3o do Alto Turi e Gurupi\"}]},{\"@type\":\"WebSite\",\"@id\":\"https:\/\/www.blogsoestado.com\/danielmatos\/#website\",\"url\":\"https:\/\/www.blogsoestado.com\/danielmatos\/\",\"name\":\"Daniel Matos\",\"description\":\"\",\"potentialAction\":[{\"@type\":\"SearchAction\",\"target\":{\"@type\":\"EntryPoint\",\"urlTemplate\":\"https:\/\/www.blogsoestado.com\/danielmatos\/?s={search_term_string}\"},\"query-input\":{\"@type\":\"PropertyValueSpecification\",\"valueRequired\":true,\"valueName\":\"search_term_string\"}}],\"inLanguage\":\"pt-BR\"}]}<\/script>\n<!-- \/ Yoast SEO plugin. -->","yoast_head_json":{"title":"Deputado Z\u00e9 In\u00e1cio se re\u00fane com lideran\u00e7as da regi\u00e3o do Alto Turi e Gurupi - Daniel Matos","robots":{"index":"index","follow":"follow","max-snippet":"max-snippet:-1","max-image-preview":"max-image-preview:large","max-video-preview":"max-video-preview:-1"},"canonical":"https:\/\/www.blogsoestado.com\/danielmatos\/deputado-ze-inacio-se-reune-com-liderancas-da-regiao-do-alto-turi-e-gurupi\/","og_locale":"pt_BR","og_type":"article","og_title":"Deputado Z\u00e9 In\u00e1cio se re\u00fane com lideran\u00e7as da regi\u00e3o do Alto Turi e Gurupi - Daniel Matos","og_description":"O deputado estadual Z\u00e9 In\u00e1cio (PT) se reuniu, no\u00a0\u00faltimo s\u00e1bado (16), com lideran\u00e7as dos munic\u00edpios de Santa Luzia do Paru\u00e1 [&hellip;]","og_url":"https:\/\/www.blogsoestado.com\/danielmatos\/deputado-ze-inacio-se-reune-com-liderancas-da-regiao-do-alto-turi-e-gurupi\/","og_site_name":"Daniel Matos","article_published_time":"2018-06-18T13:46:38+00:00","og_image":[{"url":"https:\/\/www.blogsoestado.com\/danielmatos\/files\/2018\/06\/reuniao-inacio.jpg","type":"","width":"","height":""}],"twitter_card":"summary_large_image","twitter_misc":{"Est. tempo de leitura":"1 minuto"},"schema":{"@context":"https:\/\/schema.org","@graph":[{"@type":"WebPage","@id":"https:\/\/www.blogsoestado.com\/danielmatos\/deputado-ze-inacio-se-reune-com-liderancas-da-regiao-do-alto-turi-e-gurupi\/","url":"https:\/\/www.blogsoestado.com\/danielmatos\/deputado-ze-inacio-se-reune-com-liderancas-da-regiao-do-alto-turi-e-gurupi\/","name":"Deputado Z\u00e9 In\u00e1cio se re\u00fane com lideran\u00e7as da regi\u00e3o do Alto Turi e Gurupi - Daniel Matos","isPartOf":{"@id":"https:\/\/www.blogsoestado.com\/danielmatos\/#website"},"primaryImageOfPage":{"@id":"https:\/\/www.blogsoestado.com\/danielmatos\/deputado-ze-inacio-se-reune-com-liderancas-da-regiao-do-alto-turi-e-gurupi\/#primaryimage"},"image":{"@id":"https:\/\/www.blogsoestado.com\/danielmatos\/deputado-ze-inacio-se-reune-com-liderancas-da-regiao-do-alto-turi-e-gurupi\/#primaryimage"},"thumbnailUrl":"https:\/\/www.blogsoestado.com\/danielmatos\/files\/2018\/06\/reuniao-inacio.jpg","datePublished":"2018-06-18T13:46:38+00:00","author":{"@id":""},"breadcrumb":{"@id":"https:\/\/www.blogsoestado.com\/danielmatos\/deputado-ze-inacio-se-reune-com-liderancas-da-regiao-do-alto-turi-e-gurupi\/#breadcrumb"},"inLanguage":"pt-BR","potentialAction":[{"@type":"ReadAction","target":["https:\/\/www.blogsoestado.com\/danielmatos\/deputado-ze-inacio-se-reune-com-liderancas-da-regiao-do-alto-turi-e-gurupi\/"]}]},{"@type":"ImageObject","inLanguage":"pt-BR","@id":"https:\/\/www.blogsoestado.com\/danielmatos\/deputado-ze-inacio-se-reune-com-liderancas-da-regiao-do-alto-turi-e-gurupi\/#primaryimage","url":"https:\/\/www.blogsoestado.com\/danielmatos\/files\/2018\/06\/reuniao-inacio.jpg","contentUrl":"https:\/\/www.blogsoestado.com\/danielmatos\/files\/2018\/06\/reuniao-inacio.jpg"},{"@type":"BreadcrumbList","@id":"https:\/\/www.blogsoestado.com\/danielmatos\/deputado-ze-inacio-se-reune-com-liderancas-da-regiao-do-alto-turi-e-gurupi\/#breadcrumb","itemListElement":[{"@type":"ListItem","position":1,"name":"In\u00edcio","item":"https:\/\/www.blogsoestado.com\/danielmatos\/"},{"@type":"ListItem","position":2,"name":"Deputado Z\u00e9 In\u00e1cio se re\u00fane com lideran\u00e7as da regi\u00e3o do Alto Turi e Gurupi"}]},{"@type":"WebSite","@id":"https:\/\/www.blogsoestado.com\/danielmatos\/#website","url":"https:\/\/www.blogsoestado.com\/danielmatos\/","name":"Daniel Matos","description":"","potentialAction":[{"@type":"SearchAction","target":{"@type":"EntryPoint","urlTemplate":"https:\/\/www.blogsoestado.com\/danielmatos\/?s={search_term_string}"},"query-input":{"@type":"PropertyValueSpecification","valueRequired":true,"valueName":"search_term_string"}}],"inLanguage":"pt-BR"}]}},"jetpack_featured_media_url":"","_links":{"self":[{"href":"https:\/\/www.blogsoestado.com\/danielmatos\/wp-json\/wp\/v2\/posts\/52373","targetHints":{"allow":["GET"]}}],"collection":[{"href":"https:\/\/www.blogsoestado.com\/danielmatos\/wp-json\/wp\/v2\/posts"}],"about":[{"href":"https:\/\/www.blogsoestado.com\/danielmatos\/wp-json\/wp\/v2\/types\/post"}],"replies":[{"embeddable":true,"href":"https:\/\/www.blogsoestado.com\/danielmatos\/wp-json\/wp\/v2\/comments?post=52373"}],"version-history":[{"count":0,"href":"https:\/\/www.blogsoestado.com\/danielmatos\/wp-json\/wp\/v2\/posts\/52373\/revisions"}],"wp:attachment":[{"href":"https:\/\/www.blogsoestado.com\/danielmatos\/wp-json\/wp\/v2\/media?parent=52373"}],"wp:term":[{"taxonomy":"category","embeddable":true,"href":"https:\/\/www.blogsoestado.com\/danielmatos\/wp-json\/wp\/v2\/categories?post=52373"},{"taxonomy":"post_tag","embeddable":true,"href":"https:\/\/www.blogsoestado.com\/danielmatos\/wp-json\/wp\/v2\/tags?post=52373"}],"curies":[{"name":"wp","href":"https:\/\/api.w.org\/{rel}","templated":true}]}}