{"id":52378,"date":"2018-06-18T11:00:23","date_gmt":"2018-06-18T14:00:23","guid":{"rendered":"https:\/\/www.blogsoestado.com\/danielmatos\/?p=52378"},"modified":"2018-06-18T11:00:23","modified_gmt":"2018-06-18T14:00:23","slug":"municipio-de-sao-vicente-de-ferrer-e-condenado-a-se-adequar-a-lei-de-acesso-a-informacao","status":"publish","type":"post","link":"https:\/\/www.blogsoestado.com\/danielmatos\/municipio-de-sao-vicente-de-ferrer-e-condenado-a-se-adequar-a-lei-de-acesso-a-informacao\/","title":{"rendered":"Munic\u00edpio de S\u00e3o Vicente de F\u00e9rrer \u00e9 condenado a se adequar \u00e0 Lei de Acesso \u00e0 Informa\u00e7\u00e3o"},"content":{"rendered":"<p><img fetchpriority=\"high\" decoding=\"async\" class=\"alignleft wp-image-52379\" src=\"https:\/\/www.blogsoestado.com\/danielmatos\/files\/2018\/06\/lei-de-acesso.jpg\" alt=\"\" width=\"420\" height=\"315\" \/>Por determina\u00e7\u00e3o do Poder Judici\u00e1rio, a pedido do Minist\u00e9rio P\u00fablico do Maranh\u00e3o, o Munic\u00edpio de S\u00e3o Vicente F\u00e9rrer \u00e9 obrigado a adequar, no prazo de 180 dias, o Portal da Transpar\u00eancia \u00e0 Lei de Responsabilidade Fiscal e \u00e0 Lei de Acesso \u00e0 Informa\u00e7\u00e3o.<\/p>\n<p>O Poder Executivo tamb\u00e9m \u00e9 obrigado a criar o servi\u00e7o de atendimento ao cidad\u00e3o, nos \u00f3rg\u00e3os e entidades do poder p\u00fablico, em local com condi\u00e7\u00f5es apropriadas para atendimento e orienta\u00e7\u00e3o do p\u00fablico, presta\u00e7\u00e3o de informa\u00e7\u00f5es, tramita\u00e7\u00e3o de documentos, protocolo e requerimentos de acesso a informa\u00e7\u00f5es.<\/p>\n<p>A senten\u00e7a \u00e9 de 18 de maio deste ano e a A\u00e7\u00e3o Civil P\u00fablica de obriga\u00e7\u00e3o de fazer, com pedido de tutela antecipada, foi ajuizada pela Promotoria de Justi\u00e7a em agosto de 2016. O prazo final para organizar e instalar o Portal da Transpar\u00eancia expirou em 30 de maio de 2013.<\/p>\n<p>Ao analisar o site que deveria reunir as informa\u00e7\u00f5es da administra\u00e7\u00e3o municipal, o Minist\u00e9rio P\u00fablico constatou a aus\u00eancia de dados do Plano Plurianual, Lei de Diretrizes Or\u00e7ament\u00e1rias, Lei Or\u00e7ament\u00e1ria Anual, execu\u00e7\u00e3o or\u00e7ament\u00e1ria e financeira, publica\u00e7\u00e3o de informa\u00e7\u00f5es de pessoal e licita\u00e7\u00f5es.<\/p>\n<p>\u201cDessa forma, informa\u00e7\u00f5es que devem ser prestadas espontaneamente pela prefeitura, conforme determina a lei, n\u00e3o est\u00e3o acess\u00edveis aos cidad\u00e3os, nem mesmo diante de provoca\u00e7\u00e3o por parte da popula\u00e7\u00e3o, uma vez que n\u00e3o h\u00e1 na prefeitura um servi\u00e7o de informa\u00e7\u00e3o ao cidad\u00e3o\u201d, afirmou a promotora de justi\u00e7a Alessandra Darub Alves.<\/p>\n<p>Segundo a titular da Promotoria de Justi\u00e7a de S\u00e3o Vicente F\u00e9rrer, a falta de acesso aos dados p\u00fablicos prejudicam a fiscaliza\u00e7\u00e3o dos atos administrativos pelo cidad\u00e3o comum, como tamb\u00e9m aos \u00f3rg\u00e3os fiscalizadores, a exemplo do Tribunal de Contas, C\u00e2mara de Vereadores e Minist\u00e9rio P\u00fablico Estadual, no que se refere a atos n\u00e3o sujeitos a qualquer sigilo, como relativos a folha de pagamento, informa\u00e7\u00f5es sobre poss\u00edveis parentescos entre funcion\u00e1rios p\u00fablicos, escala de profissionais da \u00e1rea de sa\u00fade, dentre outros.<\/p>\n<p><strong>Exig\u00eancias<\/strong><\/p>\n<p>O Munic\u00edpio de S\u00e3o Vicente F\u00e9rrer deve disponibilizar os seguintes dados: planos, or\u00e7amentos e leis de diretrizes or\u00e7ament\u00e1rias; Relat\u00f3rio Resumido da Execu\u00e7\u00e3o Or\u00e7ament\u00e1ria e Relat\u00f3rio de Gest\u00e3o Fiscal; informa\u00e7\u00f5es detalhadas, em tempo real, sobre execu\u00e7\u00e3o or\u00e7ament\u00e1ria e financeira; lan\u00e7amento e recebimento de todas as receitas do Munic\u00edpio, inclusive referentes a recursos extraordin\u00e1rios; registro das compet\u00eancias e estrutura organizacional, endere\u00e7os e telefones das respectivas unidades e hor\u00e1rios de atendimento ao p\u00fablico; repasses ou transfer\u00eancias de recursos financeiros; procedimentos licitat\u00f3rios, editais, resultados e contratos celebrados; dados gerais de programas, a\u00e7\u00f5es, projetos e obras de \u00f3rg\u00e3os e entidades; respostas a perguntas mais frequentes da sociedade; ferramenta de pesquisa de conte\u00fado; possibilitar a grava\u00e7\u00e3o de relat\u00f3rios em diversos formatos eletr\u00f4nicos; indicar local e instru\u00e7\u00f5es que permitam ao interessado comunicar-se, por via eletr\u00f4nica ou telefone, com o \u00f3rg\u00e3o ou entidade; e adaptar o conte\u00fado para permitir o acesso \u00e0s pessoas com defici\u00eancia.<\/p>\n<p>A senten\u00e7a \u00e9 do juiz Francisco Bezerra Sim\u00f5es.<\/p>\n<p><strong>Fonte:<\/strong> Minist\u00e9rio P\u00fablico do Maranh\u00e3o<\/p>\n","protected":false},"excerpt":{"rendered":"<p>Por determina\u00e7\u00e3o do Poder Judici\u00e1rio, a pedido do Minist\u00e9rio P\u00fablico do Maranh\u00e3o, o Munic\u00edpio de S\u00e3o Vicente F\u00e9rrer \u00e9 obrigado [&hellip;]<\/p>\n","protected":false},"author":0,"featured_media":0,"comment_status":"open","ping_status":"open","sticky":false,"template":"","format":"standard","meta":{"site-sidebar-layout":"default","site-content-layout":"","ast-site-content-layout":"default","site-content-style":"default","site-sidebar-style":"default","ast-global-header-display":"","ast-banner-title-visibility":"","ast-main-header-display":"","ast-hfb-above-header-display":"","ast-hfb-below-header-display":"","ast-hfb-mobile-header-display":"","site-post-title":"","ast-breadcrumbs-content":"","ast-featured-img":"","footer-sml-layout":"","ast-disable-related-posts":"","theme-transparent-header-meta":"","adv-header-id-meta":"","stick-header-meta":"","header-above-stick-meta":"","header-main-stick-meta":"","header-below-stick-meta":"","astra-migrate-meta-layouts":"default","ast-page-background-enabled":"default","ast-page-background-meta":{"desktop":{"background-color":"var(--ast-global-color-5)","background-image":"","background-repeat":"repeat","background-position":"center center","background-size":"auto","background-attachment":"scroll","background-type":"","background-media":"","overlay-type":"","overlay-color":"","overlay-opacity":"","overlay-gradient":""},"tablet":{"background-color":"","background-image":"","background-repeat":"repeat","background-position":"center center","background-size":"auto","background-attachment":"scroll","background-type":"","background-media":"","overlay-type":"","overlay-color":"","overlay-opacity":"","overlay-gradient":""},"mobile":{"background-color":"","background-image":"","background-repeat":"repeat","background-position":"center center","background-size":"auto","background-attachment":"scroll","background-type":"","background-media":"","overlay-type":"","overlay-color":"","overlay-opacity":"","overlay-gradient":""}},"ast-content-background-meta":{"desktop":{"background-color":"var(--ast-global-color-4)","background-image":"","background-repeat":"repeat","background-position":"center center","background-size":"auto","background-attachment":"scroll","background-type":"","background-media":"","overlay-type":"","overlay-color":"","overlay-opacity":"","overlay-gradient":""},"tablet":{"background-color":"var(--ast-global-color-4)","background-image":"","background-repeat":"repeat","background-position":"center center","background-size":"auto","background-attachment":"scroll","background-type":"","background-media":"","overlay-type":"","overlay-color":"","overlay-opacity":"","overlay-gradient":""},"mobile":{"background-color":"var(--ast-global-color-4)","background-image":"","background-repeat":"repeat","background-position":"center center","background-size":"auto","background-attachment":"scroll","background-type":"","background-media":"","overlay-type":"","overlay-color":"","overlay-opacity":"","overlay-gradient":""}},"footnotes":""},"categories":[1],"tags":[],"class_list":["post-52378","post","type-post","status-publish","format-standard","hentry","category-sem-categoria"],"yoast_head":"<!-- This site is optimized with the Yoast SEO plugin v26.6 - https:\/\/yoast.com\/wordpress\/plugins\/seo\/ -->\n<title>Munic\u00edpio de S\u00e3o Vicente de F\u00e9rrer \u00e9 condenado a se adequar \u00e0 Lei de Acesso \u00e0 Informa\u00e7\u00e3o - Daniel Matos<\/title>\n<meta name=\"robots\" content=\"index, follow, max-snippet:-1, max-image-preview:large, max-video-preview:-1\" \/>\n<link rel=\"canonical\" href=\"https:\/\/www.blogsoestado.com\/danielmatos\/municipio-de-sao-vicente-de-ferrer-e-condenado-a-se-adequar-a-lei-de-acesso-a-informacao\/\" \/>\n<meta property=\"og:locale\" content=\"pt_BR\" \/>\n<meta property=\"og:type\" content=\"article\" \/>\n<meta property=\"og:title\" content=\"Munic\u00edpio de S\u00e3o Vicente de F\u00e9rrer \u00e9 condenado a se adequar \u00e0 Lei de Acesso \u00e0 Informa\u00e7\u00e3o - Daniel Matos\" \/>\n<meta property=\"og:description\" content=\"Por determina\u00e7\u00e3o do Poder Judici\u00e1rio, a pedido do Minist\u00e9rio P\u00fablico do Maranh\u00e3o, o Munic\u00edpio de S\u00e3o Vicente F\u00e9rrer \u00e9 obrigado [&hellip;]\" \/>\n<meta property=\"og:url\" content=\"https:\/\/www.blogsoestado.com\/danielmatos\/municipio-de-sao-vicente-de-ferrer-e-condenado-a-se-adequar-a-lei-de-acesso-a-informacao\/\" \/>\n<meta property=\"og:site_name\" content=\"Daniel Matos\" \/>\n<meta property=\"article:published_time\" content=\"2018-06-18T14:00:23+00:00\" \/>\n<meta property=\"og:image\" content=\"https:\/\/www.blogsoestado.com\/danielmatos\/files\/2018\/06\/lei-de-acesso.jpg\" \/>\n<meta name=\"twitter:card\" content=\"summary_large_image\" \/>\n<meta name=\"twitter:label1\" content=\"Est. tempo de leitura\" \/>\n\t<meta name=\"twitter:data1\" content=\"3 minutos\" \/>\n<script type=\"application\/ld+json\" class=\"yoast-schema-graph\">{\"@context\":\"https:\/\/schema.org\",\"@graph\":[{\"@type\":\"WebPage\",\"@id\":\"https:\/\/www.blogsoestado.com\/danielmatos\/municipio-de-sao-vicente-de-ferrer-e-condenado-a-se-adequar-a-lei-de-acesso-a-informacao\/\",\"url\":\"https:\/\/www.blogsoestado.com\/danielmatos\/municipio-de-sao-vicente-de-ferrer-e-condenado-a-se-adequar-a-lei-de-acesso-a-informacao\/\",\"name\":\"Munic\u00edpio de S\u00e3o Vicente de F\u00e9rrer \u00e9 condenado a se adequar \u00e0 Lei de Acesso \u00e0 Informa\u00e7\u00e3o - Daniel Matos\",\"isPartOf\":{\"@id\":\"https:\/\/www.blogsoestado.com\/danielmatos\/#website\"},\"primaryImageOfPage\":{\"@id\":\"https:\/\/www.blogsoestado.com\/danielmatos\/municipio-de-sao-vicente-de-ferrer-e-condenado-a-se-adequar-a-lei-de-acesso-a-informacao\/#primaryimage\"},\"image\":{\"@id\":\"https:\/\/www.blogsoestado.com\/danielmatos\/municipio-de-sao-vicente-de-ferrer-e-condenado-a-se-adequar-a-lei-de-acesso-a-informacao\/#primaryimage\"},\"thumbnailUrl\":\"https:\/\/www.blogsoestado.com\/danielmatos\/files\/2018\/06\/lei-de-acesso.jpg\",\"datePublished\":\"2018-06-18T14:00:23+00:00\",\"author\":{\"@id\":\"\"},\"breadcrumb\":{\"@id\":\"https:\/\/www.blogsoestado.com\/danielmatos\/municipio-de-sao-vicente-de-ferrer-e-condenado-a-se-adequar-a-lei-de-acesso-a-informacao\/#breadcrumb\"},\"inLanguage\":\"pt-BR\",\"potentialAction\":[{\"@type\":\"ReadAction\",\"target\":[\"https:\/\/www.blogsoestado.com\/danielmatos\/municipio-de-sao-vicente-de-ferrer-e-condenado-a-se-adequar-a-lei-de-acesso-a-informacao\/\"]}]},{\"@type\":\"ImageObject\",\"inLanguage\":\"pt-BR\",\"@id\":\"https:\/\/www.blogsoestado.com\/danielmatos\/municipio-de-sao-vicente-de-ferrer-e-condenado-a-se-adequar-a-lei-de-acesso-a-informacao\/#primaryimage\",\"url\":\"https:\/\/www.blogsoestado.com\/danielmatos\/files\/2018\/06\/lei-de-acesso.jpg\",\"contentUrl\":\"https:\/\/www.blogsoestado.com\/danielmatos\/files\/2018\/06\/lei-de-acesso.jpg\"},{\"@type\":\"BreadcrumbList\",\"@id\":\"https:\/\/www.blogsoestado.com\/danielmatos\/municipio-de-sao-vicente-de-ferrer-e-condenado-a-se-adequar-a-lei-de-acesso-a-informacao\/#breadcrumb\",\"itemListElement\":[{\"@type\":\"ListItem\",\"position\":1,\"name\":\"In\u00edcio\",\"item\":\"https:\/\/www.blogsoestado.com\/danielmatos\/\"},{\"@type\":\"ListItem\",\"position\":2,\"name\":\"Munic\u00edpio de S\u00e3o Vicente de F\u00e9rrer \u00e9 condenado a se adequar \u00e0 Lei de Acesso \u00e0 Informa\u00e7\u00e3o\"}]},{\"@type\":\"WebSite\",\"@id\":\"https:\/\/www.blogsoestado.com\/danielmatos\/#website\",\"url\":\"https:\/\/www.blogsoestado.com\/danielmatos\/\",\"name\":\"Daniel Matos\",\"description\":\"\",\"potentialAction\":[{\"@type\":\"SearchAction\",\"target\":{\"@type\":\"EntryPoint\",\"urlTemplate\":\"https:\/\/www.blogsoestado.com\/danielmatos\/?s={search_term_string}\"},\"query-input\":{\"@type\":\"PropertyValueSpecification\",\"valueRequired\":true,\"valueName\":\"search_term_string\"}}],\"inLanguage\":\"pt-BR\"}]}<\/script>\n<!-- \/ Yoast SEO plugin. -->","yoast_head_json":{"title":"Munic\u00edpio de S\u00e3o Vicente de F\u00e9rrer \u00e9 condenado a se adequar \u00e0 Lei de Acesso \u00e0 Informa\u00e7\u00e3o - Daniel Matos","robots":{"index":"index","follow":"follow","max-snippet":"max-snippet:-1","max-image-preview":"max-image-preview:large","max-video-preview":"max-video-preview:-1"},"canonical":"https:\/\/www.blogsoestado.com\/danielmatos\/municipio-de-sao-vicente-de-ferrer-e-condenado-a-se-adequar-a-lei-de-acesso-a-informacao\/","og_locale":"pt_BR","og_type":"article","og_title":"Munic\u00edpio de S\u00e3o Vicente de F\u00e9rrer \u00e9 condenado a se adequar \u00e0 Lei de Acesso \u00e0 Informa\u00e7\u00e3o - Daniel Matos","og_description":"Por determina\u00e7\u00e3o do Poder Judici\u00e1rio, a pedido do Minist\u00e9rio P\u00fablico do Maranh\u00e3o, o Munic\u00edpio de S\u00e3o Vicente F\u00e9rrer \u00e9 obrigado [&hellip;]","og_url":"https:\/\/www.blogsoestado.com\/danielmatos\/municipio-de-sao-vicente-de-ferrer-e-condenado-a-se-adequar-a-lei-de-acesso-a-informacao\/","og_site_name":"Daniel Matos","article_published_time":"2018-06-18T14:00:23+00:00","og_image":[{"url":"https:\/\/www.blogsoestado.com\/danielmatos\/files\/2018\/06\/lei-de-acesso.jpg","type":"","width":"","height":""}],"twitter_card":"summary_large_image","twitter_misc":{"Est. tempo de leitura":"3 minutos"},"schema":{"@context":"https:\/\/schema.org","@graph":[{"@type":"WebPage","@id":"https:\/\/www.blogsoestado.com\/danielmatos\/municipio-de-sao-vicente-de-ferrer-e-condenado-a-se-adequar-a-lei-de-acesso-a-informacao\/","url":"https:\/\/www.blogsoestado.com\/danielmatos\/municipio-de-sao-vicente-de-ferrer-e-condenado-a-se-adequar-a-lei-de-acesso-a-informacao\/","name":"Munic\u00edpio de S\u00e3o Vicente de F\u00e9rrer \u00e9 condenado a se adequar \u00e0 Lei de Acesso \u00e0 Informa\u00e7\u00e3o - Daniel Matos","isPartOf":{"@id":"https:\/\/www.blogsoestado.com\/danielmatos\/#website"},"primaryImageOfPage":{"@id":"https:\/\/www.blogsoestado.com\/danielmatos\/municipio-de-sao-vicente-de-ferrer-e-condenado-a-se-adequar-a-lei-de-acesso-a-informacao\/#primaryimage"},"image":{"@id":"https:\/\/www.blogsoestado.com\/danielmatos\/municipio-de-sao-vicente-de-ferrer-e-condenado-a-se-adequar-a-lei-de-acesso-a-informacao\/#primaryimage"},"thumbnailUrl":"https:\/\/www.blogsoestado.com\/danielmatos\/files\/2018\/06\/lei-de-acesso.jpg","datePublished":"2018-06-18T14:00:23+00:00","author":{"@id":""},"breadcrumb":{"@id":"https:\/\/www.blogsoestado.com\/danielmatos\/municipio-de-sao-vicente-de-ferrer-e-condenado-a-se-adequar-a-lei-de-acesso-a-informacao\/#breadcrumb"},"inLanguage":"pt-BR","potentialAction":[{"@type":"ReadAction","target":["https:\/\/www.blogsoestado.com\/danielmatos\/municipio-de-sao-vicente-de-ferrer-e-condenado-a-se-adequar-a-lei-de-acesso-a-informacao\/"]}]},{"@type":"ImageObject","inLanguage":"pt-BR","@id":"https:\/\/www.blogsoestado.com\/danielmatos\/municipio-de-sao-vicente-de-ferrer-e-condenado-a-se-adequar-a-lei-de-acesso-a-informacao\/#primaryimage","url":"https:\/\/www.blogsoestado.com\/danielmatos\/files\/2018\/06\/lei-de-acesso.jpg","contentUrl":"https:\/\/www.blogsoestado.com\/danielmatos\/files\/2018\/06\/lei-de-acesso.jpg"},{"@type":"BreadcrumbList","@id":"https:\/\/www.blogsoestado.com\/danielmatos\/municipio-de-sao-vicente-de-ferrer-e-condenado-a-se-adequar-a-lei-de-acesso-a-informacao\/#breadcrumb","itemListElement":[{"@type":"ListItem","position":1,"name":"In\u00edcio","item":"https:\/\/www.blogsoestado.com\/danielmatos\/"},{"@type":"ListItem","position":2,"name":"Munic\u00edpio de S\u00e3o Vicente de F\u00e9rrer \u00e9 condenado a se adequar \u00e0 Lei de Acesso \u00e0 Informa\u00e7\u00e3o"}]},{"@type":"WebSite","@id":"https:\/\/www.blogsoestado.com\/danielmatos\/#website","url":"https:\/\/www.blogsoestado.com\/danielmatos\/","name":"Daniel Matos","description":"","potentialAction":[{"@type":"SearchAction","target":{"@type":"EntryPoint","urlTemplate":"https:\/\/www.blogsoestado.com\/danielmatos\/?s={search_term_string}"},"query-input":{"@type":"PropertyValueSpecification","valueRequired":true,"valueName":"search_term_string"}}],"inLanguage":"pt-BR"}]}},"jetpack_featured_media_url":"","_links":{"self":[{"href":"https:\/\/www.blogsoestado.com\/danielmatos\/wp-json\/wp\/v2\/posts\/52378","targetHints":{"allow":["GET"]}}],"collection":[{"href":"https:\/\/www.blogsoestado.com\/danielmatos\/wp-json\/wp\/v2\/posts"}],"about":[{"href":"https:\/\/www.blogsoestado.com\/danielmatos\/wp-json\/wp\/v2\/types\/post"}],"replies":[{"embeddable":true,"href":"https:\/\/www.blogsoestado.com\/danielmatos\/wp-json\/wp\/v2\/comments?post=52378"}],"version-history":[{"count":0,"href":"https:\/\/www.blogsoestado.com\/danielmatos\/wp-json\/wp\/v2\/posts\/52378\/revisions"}],"wp:attachment":[{"href":"https:\/\/www.blogsoestado.com\/danielmatos\/wp-json\/wp\/v2\/media?parent=52378"}],"wp:term":[{"taxonomy":"category","embeddable":true,"href":"https:\/\/www.blogsoestado.com\/danielmatos\/wp-json\/wp\/v2\/categories?post=52378"},{"taxonomy":"post_tag","embeddable":true,"href":"https:\/\/www.blogsoestado.com\/danielmatos\/wp-json\/wp\/v2\/tags?post=52378"}],"curies":[{"name":"wp","href":"https:\/\/api.w.org\/{rel}","templated":true}]}}