{"id":52381,"date":"2018-06-18T12:41:07","date_gmt":"2018-06-18T15:41:07","guid":{"rendered":"https:\/\/www.blogsoestado.com\/danielmatos\/?p=52381"},"modified":"2018-06-18T12:41:07","modified_gmt":"2018-06-18T15:41:07","slug":"weverton-pega-carona-na-midia-do-governo-flavio-dino-para-tentar-fortalecer-seu-nome-ao-senado","status":"publish","type":"post","link":"https:\/\/www.blogsoestado.com\/danielmatos\/weverton-pega-carona-na-midia-do-governo-flavio-dino-para-tentar-fortalecer-seu-nome-ao-senado\/","title":{"rendered":"Weverton pega carona na m\u00eddia do governo Fl\u00e1vio Dino para tentar fortalecer seu nome ao Senado"},"content":{"rendered":"<figure id=\"attachment_52383\" aria-describedby=\"caption-attachment-52383\" style=\"width: 467px\" class=\"wp-caption alignright\"><img fetchpriority=\"high\" decoding=\"async\" class=\"size-full wp-image-52383\" src=\"https:\/\/www.blogsoestado.com\/danielmatos\/files\/2018\/06\/weverton-favorecido.jpg\" alt=\"\" width=\"467\" height=\"606\" \/><figcaption id=\"caption-attachment-52383\" class=\"wp-caption-text\">Presen\u00e7a de Weverton no ato simb\u00f3lico de entrega das chaves das m\u00e1quinas agr\u00edcolas foi devidamente registrada pela comunica\u00e7\u00e3o palaciana<\/figcaption><\/figure>\n<p>Em tempos de pr\u00e9-campanha pol\u00edtica, a m\u00eddia patrocinada pelo governo Fl\u00e1vio Dino (PCdoB) vem favorecendo de forma escancarada o pr\u00e9-candidato a senador ungido pelo Pal\u00e1cio dos Le\u00f5es, deputado federal Weverton, do PDT (que excluiu o sobrenome Rocha da sua identifica\u00e7\u00e3o na vida p\u00fablica). Nos conte\u00fados publicados e distribu\u00eddos \u00e0 imprensa pela Secretaria de Estado da Comunica\u00e7\u00e3o e Assuntos Pol\u00edticos (Secap), o pedetista tem aparecido em destaque, quase sempre ao lado de Fl\u00e1vio Dino, que demonstra estar realmente disposto a eleger o aliado.<\/p>\n<p>Em janeiro deste ano, a presen\u00e7a de Weverton na solenidade de 10 patrulhas agr\u00edcolas e quatro retroescavadeiras a prefeituras maranhenses ganhou destaque na m\u00e1quina de divulga\u00e7\u00e3o governista. O pr\u00e9-candidato ao Senado apareceu ao lado de Fl\u00e1vio Dino, do ex-titular da Secap, M\u00e1rcio Jerry; do presidente da Assembleia Legislativa, Othelino Neto, e do ex-secret\u00e1rio de Estado da Agricultura, Pecu\u00e1ria e Pesca M\u00e1rcio Honaiser no ato simb\u00f3lico que marcou a entrega das m\u00e1quinas aos gestores municipais.<\/p>\n<p>Na cobertura jornal\u00edstica feita pela Secap da reinaugura\u00e7\u00e3o da 15\u00aa Circunscri\u00e7\u00e3o Regional de Tr\u00e2nsito (Ciretrwan), em S\u00e3o Jo\u00e3o dos Patos, no \u00faltimo dia 13, Weverton foi figura de destaque, com direito a apari\u00e7\u00e3o com Fl\u00e1vio Dino e a diretora-geral do Detran, Larissa Abdalla Britto, na foto principal que ilustra a <a href=\"http:\/\/www.ma.gov.br\/governo-do-estado-entrega-novas-instalacoes-da-15a-ciretran-de-sao-joao-dos-patos\/\">mat\u00e9ria publicada no site do governo<\/a>, e disseminada aos meios de comunica\u00e7\u00e3o.<\/p>\n<p>Fl\u00e1vio banca, como pode, o projeto de Weverton de eleger-se senador, colocando \u00e0 disposi\u00e7\u00e3o do aliado toda a estrutura do governo, o que inclui a destina\u00e7\u00e3o mensal de uma verba publicit\u00e1ria milion\u00e1ria ao Sistema Difusora, arrendado ao pededista para dar suporte de comunica\u00e7\u00e3o ao grupo governista e, sobretudo, ao plano pessoal do parlamentar de migrar da C\u00e2mara Federal para o Senado.<\/p>\n<figure id=\"attachment_52384\" aria-describedby=\"caption-attachment-52384\" style=\"width: 650px\" class=\"wp-caption aligncenter\"><img decoding=\"async\" class=\"wp-image-52384\" src=\"https:\/\/www.blogsoestado.com\/danielmatos\/files\/2018\/06\/weverton-governo.jpg\" alt=\"\" width=\"650\" height=\"370\" \/><figcaption id=\"caption-attachment-52384\" class=\"wp-caption-text\">Weverton com Fl\u00e1vio Dino e Larissa Abdalla na reinaugura\u00e7\u00e3o da Ciretran de S\u00e3o Jo\u00e3o dos Patos<\/figcaption><\/figure>\n<p>Favorecimento \u00e0 parte, n\u00e3o h\u00e1 qualquer certeza de que o empenho do governador em ajudar Weverton trar\u00e1 o resultado esperado pelos dois aliados nas urnas, j\u00e1 que pesquisas de inten\u00e7\u00e3o de votos feitas fora do campo de influ\u00eancia palaciano indicam que a aceita\u00e7\u00e3o popular a ambos est\u00e1 muito aqu\u00e9m do que eles imaginam.<\/p>\n","protected":false},"excerpt":{"rendered":"<p>Em tempos de pr\u00e9-campanha pol\u00edtica, a m\u00eddia patrocinada pelo governo Fl\u00e1vio Dino (PCdoB) vem favorecendo de forma escancarada o pr\u00e9-candidato [&hellip;]<\/p>\n","protected":false},"author":0,"featured_media":0,"comment_status":"open","ping_status":"open","sticky":false,"template":"","format":"standard","meta":{"site-sidebar-layout":"default","site-content-layout":"","ast-site-content-layout":"default","site-content-style":"default","site-sidebar-style":"default","ast-global-header-display":"","ast-banner-title-visibility":"","ast-main-header-display":"","ast-hfb-above-header-display":"","ast-hfb-below-header-display":"","ast-hfb-mobile-header-display":"","site-post-title":"","ast-breadcrumbs-content":"","ast-featured-img":"","footer-sml-layout":"","ast-disable-related-posts":"","theme-transparent-header-meta":"","adv-header-id-meta":"","stick-header-meta":"","header-above-stick-meta":"","header-main-stick-meta":"","header-below-stick-meta":"","astra-migrate-meta-layouts":"default","ast-page-background-enabled":"default","ast-page-background-meta":{"desktop":{"background-color":"var(--ast-global-color-5)","background-image":"","background-repeat":"repeat","background-position":"center center","background-size":"auto","background-attachment":"scroll","background-type":"","background-media":"","overlay-type":"","overlay-color":"","overlay-opacity":"","overlay-gradient":""},"tablet":{"background-color":"","background-image":"","background-repeat":"repeat","background-position":"center center","background-size":"auto","background-attachment":"scroll","background-type":"","background-media":"","overlay-type":"","overlay-color":"","overlay-opacity":"","overlay-gradient":""},"mobile":{"background-color":"","background-image":"","background-repeat":"repeat","background-position":"center center","background-size":"auto","background-attachment":"scroll","background-type":"","background-media":"","overlay-type":"","overlay-color":"","overlay-opacity":"","overlay-gradient":""}},"ast-content-background-meta":{"desktop":{"background-color":"var(--ast-global-color-4)","background-image":"","background-repeat":"repeat","background-position":"center center","background-size":"auto","background-attachment":"scroll","background-type":"","background-media":"","overlay-type":"","overlay-color":"","overlay-opacity":"","overlay-gradient":""},"tablet":{"background-color":"var(--ast-global-color-4)","background-image":"","background-repeat":"repeat","background-position":"center center","background-size":"auto","background-attachment":"scroll","background-type":"","background-media":"","overlay-type":"","overlay-color":"","overlay-opacity":"","overlay-gradient":""},"mobile":{"background-color":"var(--ast-global-color-4)","background-image":"","background-repeat":"repeat","background-position":"center center","background-size":"auto","background-attachment":"scroll","background-type":"","background-media":"","overlay-type":"","overlay-color":"","overlay-opacity":"","overlay-gradient":""}},"footnotes":""},"categories":[1],"tags":[],"class_list":["post-52381","post","type-post","status-publish","format-standard","hentry","category-sem-categoria"],"yoast_head":"<!-- This site is optimized with the Yoast SEO plugin v26.6 - https:\/\/yoast.com\/wordpress\/plugins\/seo\/ -->\n<title>Weverton pega carona na m\u00eddia do governo Fl\u00e1vio Dino para tentar fortalecer seu nome ao Senado - Daniel Matos<\/title>\n<meta name=\"robots\" content=\"index, follow, max-snippet:-1, max-image-preview:large, max-video-preview:-1\" \/>\n<link rel=\"canonical\" href=\"https:\/\/www.blogsoestado.com\/danielmatos\/weverton-pega-carona-na-midia-do-governo-flavio-dino-para-tentar-fortalecer-seu-nome-ao-senado\/\" \/>\n<meta property=\"og:locale\" content=\"pt_BR\" \/>\n<meta property=\"og:type\" content=\"article\" \/>\n<meta property=\"og:title\" content=\"Weverton pega carona na m\u00eddia do governo Fl\u00e1vio Dino para tentar fortalecer seu nome ao Senado - Daniel Matos\" \/>\n<meta property=\"og:description\" content=\"Em tempos de pr\u00e9-campanha pol\u00edtica, a m\u00eddia patrocinada pelo governo Fl\u00e1vio Dino (PCdoB) vem favorecendo de forma escancarada o pr\u00e9-candidato [&hellip;]\" \/>\n<meta property=\"og:url\" content=\"https:\/\/www.blogsoestado.com\/danielmatos\/weverton-pega-carona-na-midia-do-governo-flavio-dino-para-tentar-fortalecer-seu-nome-ao-senado\/\" \/>\n<meta property=\"og:site_name\" content=\"Daniel Matos\" \/>\n<meta property=\"article:published_time\" content=\"2018-06-18T15:41:07+00:00\" \/>\n<meta property=\"og:image\" content=\"https:\/\/www.blogsoestado.com\/danielmatos\/files\/2018\/06\/weverton-favorecido.jpg\" \/>\n<meta name=\"twitter:card\" content=\"summary_large_image\" \/>\n<meta name=\"twitter:label1\" content=\"Est. tempo de leitura\" \/>\n\t<meta name=\"twitter:data1\" content=\"2 minutos\" \/>\n<script type=\"application\/ld+json\" class=\"yoast-schema-graph\">{\"@context\":\"https:\/\/schema.org\",\"@graph\":[{\"@type\":\"WebPage\",\"@id\":\"https:\/\/www.blogsoestado.com\/danielmatos\/weverton-pega-carona-na-midia-do-governo-flavio-dino-para-tentar-fortalecer-seu-nome-ao-senado\/\",\"url\":\"https:\/\/www.blogsoestado.com\/danielmatos\/weverton-pega-carona-na-midia-do-governo-flavio-dino-para-tentar-fortalecer-seu-nome-ao-senado\/\",\"name\":\"Weverton pega carona na m\u00eddia do governo Fl\u00e1vio Dino para tentar fortalecer seu nome ao Senado - Daniel Matos\",\"isPartOf\":{\"@id\":\"https:\/\/www.blogsoestado.com\/danielmatos\/#website\"},\"primaryImageOfPage\":{\"@id\":\"https:\/\/www.blogsoestado.com\/danielmatos\/weverton-pega-carona-na-midia-do-governo-flavio-dino-para-tentar-fortalecer-seu-nome-ao-senado\/#primaryimage\"},\"image\":{\"@id\":\"https:\/\/www.blogsoestado.com\/danielmatos\/weverton-pega-carona-na-midia-do-governo-flavio-dino-para-tentar-fortalecer-seu-nome-ao-senado\/#primaryimage\"},\"thumbnailUrl\":\"https:\/\/www.blogsoestado.com\/danielmatos\/files\/2018\/06\/weverton-favorecido.jpg\",\"datePublished\":\"2018-06-18T15:41:07+00:00\",\"author\":{\"@id\":\"\"},\"breadcrumb\":{\"@id\":\"https:\/\/www.blogsoestado.com\/danielmatos\/weverton-pega-carona-na-midia-do-governo-flavio-dino-para-tentar-fortalecer-seu-nome-ao-senado\/#breadcrumb\"},\"inLanguage\":\"pt-BR\",\"potentialAction\":[{\"@type\":\"ReadAction\",\"target\":[\"https:\/\/www.blogsoestado.com\/danielmatos\/weverton-pega-carona-na-midia-do-governo-flavio-dino-para-tentar-fortalecer-seu-nome-ao-senado\/\"]}]},{\"@type\":\"ImageObject\",\"inLanguage\":\"pt-BR\",\"@id\":\"https:\/\/www.blogsoestado.com\/danielmatos\/weverton-pega-carona-na-midia-do-governo-flavio-dino-para-tentar-fortalecer-seu-nome-ao-senado\/#primaryimage\",\"url\":\"https:\/\/www.blogsoestado.com\/danielmatos\/files\/2018\/06\/weverton-favorecido.jpg\",\"contentUrl\":\"https:\/\/www.blogsoestado.com\/danielmatos\/files\/2018\/06\/weverton-favorecido.jpg\"},{\"@type\":\"BreadcrumbList\",\"@id\":\"https:\/\/www.blogsoestado.com\/danielmatos\/weverton-pega-carona-na-midia-do-governo-flavio-dino-para-tentar-fortalecer-seu-nome-ao-senado\/#breadcrumb\",\"itemListElement\":[{\"@type\":\"ListItem\",\"position\":1,\"name\":\"In\u00edcio\",\"item\":\"https:\/\/www.blogsoestado.com\/danielmatos\/\"},{\"@type\":\"ListItem\",\"position\":2,\"name\":\"Weverton pega carona na m\u00eddia do governo Fl\u00e1vio Dino para tentar fortalecer seu nome ao Senado\"}]},{\"@type\":\"WebSite\",\"@id\":\"https:\/\/www.blogsoestado.com\/danielmatos\/#website\",\"url\":\"https:\/\/www.blogsoestado.com\/danielmatos\/\",\"name\":\"Daniel Matos\",\"description\":\"\",\"potentialAction\":[{\"@type\":\"SearchAction\",\"target\":{\"@type\":\"EntryPoint\",\"urlTemplate\":\"https:\/\/www.blogsoestado.com\/danielmatos\/?s={search_term_string}\"},\"query-input\":{\"@type\":\"PropertyValueSpecification\",\"valueRequired\":true,\"valueName\":\"search_term_string\"}}],\"inLanguage\":\"pt-BR\"}]}<\/script>\n<!-- \/ Yoast SEO plugin. -->","yoast_head_json":{"title":"Weverton pega carona na m\u00eddia do governo Fl\u00e1vio Dino para tentar fortalecer seu nome ao Senado - Daniel Matos","robots":{"index":"index","follow":"follow","max-snippet":"max-snippet:-1","max-image-preview":"max-image-preview:large","max-video-preview":"max-video-preview:-1"},"canonical":"https:\/\/www.blogsoestado.com\/danielmatos\/weverton-pega-carona-na-midia-do-governo-flavio-dino-para-tentar-fortalecer-seu-nome-ao-senado\/","og_locale":"pt_BR","og_type":"article","og_title":"Weverton pega carona na m\u00eddia do governo Fl\u00e1vio Dino para tentar fortalecer seu nome ao Senado - Daniel Matos","og_description":"Em tempos de pr\u00e9-campanha pol\u00edtica, a m\u00eddia patrocinada pelo governo Fl\u00e1vio Dino (PCdoB) vem favorecendo de forma escancarada o pr\u00e9-candidato [&hellip;]","og_url":"https:\/\/www.blogsoestado.com\/danielmatos\/weverton-pega-carona-na-midia-do-governo-flavio-dino-para-tentar-fortalecer-seu-nome-ao-senado\/","og_site_name":"Daniel Matos","article_published_time":"2018-06-18T15:41:07+00:00","og_image":[{"url":"https:\/\/www.blogsoestado.com\/danielmatos\/files\/2018\/06\/weverton-favorecido.jpg","type":"","width":"","height":""}],"twitter_card":"summary_large_image","twitter_misc":{"Est. tempo de leitura":"2 minutos"},"schema":{"@context":"https:\/\/schema.org","@graph":[{"@type":"WebPage","@id":"https:\/\/www.blogsoestado.com\/danielmatos\/weverton-pega-carona-na-midia-do-governo-flavio-dino-para-tentar-fortalecer-seu-nome-ao-senado\/","url":"https:\/\/www.blogsoestado.com\/danielmatos\/weverton-pega-carona-na-midia-do-governo-flavio-dino-para-tentar-fortalecer-seu-nome-ao-senado\/","name":"Weverton pega carona na m\u00eddia do governo Fl\u00e1vio Dino para tentar fortalecer seu nome ao Senado - Daniel Matos","isPartOf":{"@id":"https:\/\/www.blogsoestado.com\/danielmatos\/#website"},"primaryImageOfPage":{"@id":"https:\/\/www.blogsoestado.com\/danielmatos\/weverton-pega-carona-na-midia-do-governo-flavio-dino-para-tentar-fortalecer-seu-nome-ao-senado\/#primaryimage"},"image":{"@id":"https:\/\/www.blogsoestado.com\/danielmatos\/weverton-pega-carona-na-midia-do-governo-flavio-dino-para-tentar-fortalecer-seu-nome-ao-senado\/#primaryimage"},"thumbnailUrl":"https:\/\/www.blogsoestado.com\/danielmatos\/files\/2018\/06\/weverton-favorecido.jpg","datePublished":"2018-06-18T15:41:07+00:00","author":{"@id":""},"breadcrumb":{"@id":"https:\/\/www.blogsoestado.com\/danielmatos\/weverton-pega-carona-na-midia-do-governo-flavio-dino-para-tentar-fortalecer-seu-nome-ao-senado\/#breadcrumb"},"inLanguage":"pt-BR","potentialAction":[{"@type":"ReadAction","target":["https:\/\/www.blogsoestado.com\/danielmatos\/weverton-pega-carona-na-midia-do-governo-flavio-dino-para-tentar-fortalecer-seu-nome-ao-senado\/"]}]},{"@type":"ImageObject","inLanguage":"pt-BR","@id":"https:\/\/www.blogsoestado.com\/danielmatos\/weverton-pega-carona-na-midia-do-governo-flavio-dino-para-tentar-fortalecer-seu-nome-ao-senado\/#primaryimage","url":"https:\/\/www.blogsoestado.com\/danielmatos\/files\/2018\/06\/weverton-favorecido.jpg","contentUrl":"https:\/\/www.blogsoestado.com\/danielmatos\/files\/2018\/06\/weverton-favorecido.jpg"},{"@type":"BreadcrumbList","@id":"https:\/\/www.blogsoestado.com\/danielmatos\/weverton-pega-carona-na-midia-do-governo-flavio-dino-para-tentar-fortalecer-seu-nome-ao-senado\/#breadcrumb","itemListElement":[{"@type":"ListItem","position":1,"name":"In\u00edcio","item":"https:\/\/www.blogsoestado.com\/danielmatos\/"},{"@type":"ListItem","position":2,"name":"Weverton pega carona na m\u00eddia do governo Fl\u00e1vio Dino para tentar fortalecer seu nome ao Senado"}]},{"@type":"WebSite","@id":"https:\/\/www.blogsoestado.com\/danielmatos\/#website","url":"https:\/\/www.blogsoestado.com\/danielmatos\/","name":"Daniel Matos","description":"","potentialAction":[{"@type":"SearchAction","target":{"@type":"EntryPoint","urlTemplate":"https:\/\/www.blogsoestado.com\/danielmatos\/?s={search_term_string}"},"query-input":{"@type":"PropertyValueSpecification","valueRequired":true,"valueName":"search_term_string"}}],"inLanguage":"pt-BR"}]}},"jetpack_featured_media_url":"","_links":{"self":[{"href":"https:\/\/www.blogsoestado.com\/danielmatos\/wp-json\/wp\/v2\/posts\/52381","targetHints":{"allow":["GET"]}}],"collection":[{"href":"https:\/\/www.blogsoestado.com\/danielmatos\/wp-json\/wp\/v2\/posts"}],"about":[{"href":"https:\/\/www.blogsoestado.com\/danielmatos\/wp-json\/wp\/v2\/types\/post"}],"replies":[{"embeddable":true,"href":"https:\/\/www.blogsoestado.com\/danielmatos\/wp-json\/wp\/v2\/comments?post=52381"}],"version-history":[{"count":0,"href":"https:\/\/www.blogsoestado.com\/danielmatos\/wp-json\/wp\/v2\/posts\/52381\/revisions"}],"wp:attachment":[{"href":"https:\/\/www.blogsoestado.com\/danielmatos\/wp-json\/wp\/v2\/media?parent=52381"}],"wp:term":[{"taxonomy":"category","embeddable":true,"href":"https:\/\/www.blogsoestado.com\/danielmatos\/wp-json\/wp\/v2\/categories?post=52381"},{"taxonomy":"post_tag","embeddable":true,"href":"https:\/\/www.blogsoestado.com\/danielmatos\/wp-json\/wp\/v2\/tags?post=52381"}],"curies":[{"name":"wp","href":"https:\/\/api.w.org\/{rel}","templated":true}]}}