{"id":52391,"date":"2018-06-18T15:26:49","date_gmt":"2018-06-18T18:26:49","guid":{"rendered":"https:\/\/www.blogsoestado.com\/danielmatos\/?p=52391"},"modified":"2018-06-18T15:26:49","modified_gmt":"2018-06-18T18:26:49","slug":"roseana-e-sarney-filhio-visitam-tres-municipios-na-baixada-maranhense","status":"publish","type":"post","link":"https:\/\/www.blogsoestado.com\/danielmatos\/roseana-e-sarney-filhio-visitam-tres-municipios-na-baixada-maranhense\/","title":{"rendered":"Roseana e Sarney Filho visitam tr\u00eas munic\u00edpios na Baixada Maranhense"},"content":{"rendered":"<h2><span style=\"color: #ff0000;\">\u201cVolta Roseana\u201d foi o pedido do povo que acompanhou de perto a guerreira<\/span><\/h2>\n<figure id=\"attachment_52392\" aria-describedby=\"caption-attachment-52392\" style=\"width: 650px\" class=\"wp-caption aligncenter\"><img fetchpriority=\"high\" decoding=\"async\" class=\"wp-image-52392\" src=\"https:\/\/www.blogsoestado.com\/danielmatos\/files\/2018\/06\/roseana-baixada2.jpg\" alt=\"\" width=\"650\" height=\"433\" \/><figcaption id=\"caption-attachment-52392\" class=\"wp-caption-text\">Roseana Sarney faz selfie com Sarney Filho e adeptos da sua pr\u00e9-candidatura ao governo<\/figcaption><\/figure>\n<p>Em visita aos munic\u00edpios de Mirinzal, Central do Maranh\u00e3o e Pinheiro, a pr\u00e9-candidata ao governo Roseana Sarney (MDB), juntamente com o deputado federal e pr\u00e9-candidato ao senado Sarney Filho (PV) foram recepcionados por lideran\u00e7as para apresentar as novas propostas e pela popula\u00e7\u00e3o com pedido especial de \u201cVolta Roseana\u201d, nos dias 15 e 16 de junho.<\/p>\n<figure id=\"attachment_52393\" aria-describedby=\"caption-attachment-52393\" style=\"width: 650px\" class=\"wp-caption aligncenter\"><img decoding=\"async\" class=\"wp-image-52393\" src=\"https:\/\/www.blogsoestado.com\/danielmatos\/files\/2018\/06\/roseana-baixada3.jpg\" alt=\"\" width=\"650\" height=\"433\" \/><figcaption id=\"caption-attachment-52393\" class=\"wp-caption-text\">Roseana pediu apoio a correligion\u00e1rios da Baixada Maranhense na corrida eleitoral rumo ao Pal\u00e1cio dos Le\u00f5es<\/figcaption><\/figure>\n<p>\u201cN\u00f3s tivemos a oportunidade de visitar os nossos amigos, onde todos eles nos trataram com muito carinho e est\u00e3o dispostos a entrar em nossa luta. Fomos bem recebidos porque temos muita coisa para apresentar. Avalio como positiva esta nossa viagem\u201d, declarou Roseana.<\/p>\n<figure id=\"attachment_52395\" aria-describedby=\"caption-attachment-52395\" style=\"width: 650px\" class=\"wp-caption aligncenter\"><img decoding=\"async\" class=\"wp-image-52395\" src=\"https:\/\/www.blogsoestado.com\/danielmatos\/files\/2018\/06\/roseana-baixada7.jpg\" alt=\"\" width=\"650\" height=\"433\" \/><figcaption id=\"caption-attachment-52395\" class=\"wp-caption-text\">Mesmo em plena Copa do Mundo, a popula\u00e7\u00e3o fez quest\u00e3o de recepcionar a guerreira, que esbanjou simpatia por onde passou<\/figcaption><\/figure>\n<p>As visitas foram na cidade de Mirinzal, na casa do ex-prefeito Amaury Santos (PDT) para apresentar novas propostas. A segunda visita ao ex-prefeito Ivaldo Almeida Ferreira (PDT) conhecido como \u201cBrasil\u201d. A terceira visita foi na casa do vereador Ricardo Amorim (PSD) com seu irm\u00e3o Rubens Amorim. Estiveram presentes tamb\u00e9m em evento na Congrega\u00e7\u00e3o Madureira, da Assembleia de Deus. J\u00e1 em Central do Maranh\u00e3o participaram de um evento especial no Sal\u00e3o Paroquial com vereadores da oposi\u00e7\u00e3o e ex-candidatos a prefeitos, na sexta-feira.<\/p>\n<figure id=\"attachment_52396\" aria-describedby=\"caption-attachment-52396\" style=\"width: 650px\" class=\"wp-caption aligncenter\"><img loading=\"lazy\" decoding=\"async\" class=\"wp-image-52396\" src=\"https:\/\/www.blogsoestado.com\/danielmatos\/files\/2018\/06\/roseana-baixada5.jpg\" alt=\"\" width=\"650\" height=\"433\" \/><figcaption id=\"caption-attachment-52396\" class=\"wp-caption-text\">Roseana esbanjou charme e simpatia ao lado do irm\u00e3o Sarney Filho, pr\u00e9-candidato ao Senado,<\/figcaption><\/figure>\n<p>Mesmo em plena copa do mundo, a popula\u00e7\u00e3o fez quest\u00e3o de recepcionar a guerreira que esbanjou simpatia por onde passou. No s\u00e1bado encerraram as visitas em Pinheiro, com um caf\u00e9 da manh\u00e3 na companhia de lideran\u00e7as e amigos como o deputado estadual Victor Mendes (MDB) e com o representante do Senador Edison Lob\u00e3o (MDB).<\/p>\n","protected":false},"excerpt":{"rendered":"<p>\u201cVolta Roseana\u201d foi o pedido do povo que acompanhou de perto a guerreira Em visita aos munic\u00edpios de Mirinzal, Central [&hellip;]<\/p>\n","protected":false},"author":0,"featured_media":0,"comment_status":"open","ping_status":"open","sticky":false,"template":"","format":"standard","meta":{"site-sidebar-layout":"default","site-content-layout":"","ast-site-content-layout":"default","site-content-style":"default","site-sidebar-style":"default","ast-global-header-display":"","ast-banner-title-visibility":"","ast-main-header-display":"","ast-hfb-above-header-display":"","ast-hfb-below-header-display":"","ast-hfb-mobile-header-display":"","site-post-title":"","ast-breadcrumbs-content":"","ast-featured-img":"","footer-sml-layout":"","ast-disable-related-posts":"","theme-transparent-header-meta":"","adv-header-id-meta":"","stick-header-meta":"","header-above-stick-meta":"","header-main-stick-meta":"","header-below-stick-meta":"","astra-migrate-meta-layouts":"default","ast-page-background-enabled":"default","ast-page-background-meta":{"desktop":{"background-color":"var(--ast-global-color-5)","background-image":"","background-repeat":"repeat","background-position":"center center","background-size":"auto","background-attachment":"scroll","background-type":"","background-media":"","overlay-type":"","overlay-color":"","overlay-opacity":"","overlay-gradient":""},"tablet":{"background-color":"","background-image":"","background-repeat":"repeat","background-position":"center center","background-size":"auto","background-attachment":"scroll","background-type":"","background-media":"","overlay-type":"","overlay-color":"","overlay-opacity":"","overlay-gradient":""},"mobile":{"background-color":"","background-image":"","background-repeat":"repeat","background-position":"center center","background-size":"auto","background-attachment":"scroll","background-type":"","background-media":"","overlay-type":"","overlay-color":"","overlay-opacity":"","overlay-gradient":""}},"ast-content-background-meta":{"desktop":{"background-color":"var(--ast-global-color-4)","background-image":"","background-repeat":"repeat","background-position":"center center","background-size":"auto","background-attachment":"scroll","background-type":"","background-media":"","overlay-type":"","overlay-color":"","overlay-opacity":"","overlay-gradient":""},"tablet":{"background-color":"var(--ast-global-color-4)","background-image":"","background-repeat":"repeat","background-position":"center center","background-size":"auto","background-attachment":"scroll","background-type":"","background-media":"","overlay-type":"","overlay-color":"","overlay-opacity":"","overlay-gradient":""},"mobile":{"background-color":"var(--ast-global-color-4)","background-image":"","background-repeat":"repeat","background-position":"center center","background-size":"auto","background-attachment":"scroll","background-type":"","background-media":"","overlay-type":"","overlay-color":"","overlay-opacity":"","overlay-gradient":""}},"footnotes":""},"categories":[1],"tags":[],"class_list":["post-52391","post","type-post","status-publish","format-standard","hentry","category-sem-categoria"],"yoast_head":"<!-- This site is optimized with the Yoast SEO plugin v26.6 - https:\/\/yoast.com\/wordpress\/plugins\/seo\/ -->\n<title>Roseana e Sarney Filho visitam tr\u00eas munic\u00edpios na Baixada Maranhense - Daniel Matos<\/title>\n<meta name=\"robots\" content=\"index, follow, max-snippet:-1, max-image-preview:large, max-video-preview:-1\" \/>\n<link rel=\"canonical\" href=\"https:\/\/www.blogsoestado.com\/danielmatos\/roseana-e-sarney-filhio-visitam-tres-municipios-na-baixada-maranhense\/\" \/>\n<meta property=\"og:locale\" content=\"pt_BR\" \/>\n<meta property=\"og:type\" content=\"article\" \/>\n<meta property=\"og:title\" content=\"Roseana e Sarney Filho visitam tr\u00eas munic\u00edpios na Baixada Maranhense - Daniel Matos\" \/>\n<meta property=\"og:description\" content=\"\u201cVolta Roseana\u201d foi o pedido do povo que acompanhou de perto a guerreira Em visita aos munic\u00edpios de Mirinzal, Central [&hellip;]\" \/>\n<meta property=\"og:url\" content=\"https:\/\/www.blogsoestado.com\/danielmatos\/roseana-e-sarney-filhio-visitam-tres-municipios-na-baixada-maranhense\/\" \/>\n<meta property=\"og:site_name\" content=\"Daniel Matos\" \/>\n<meta property=\"article:published_time\" content=\"2018-06-18T18:26:49+00:00\" \/>\n<meta property=\"og:image\" content=\"https:\/\/www.blogsoestado.com\/danielmatos\/files\/2018\/06\/roseana-baixada2.jpg\" \/>\n<meta name=\"twitter:card\" content=\"summary_large_image\" \/>\n<meta name=\"twitter:label1\" content=\"Est. tempo de leitura\" \/>\n\t<meta name=\"twitter:data1\" content=\"2 minutos\" \/>\n<script type=\"application\/ld+json\" class=\"yoast-schema-graph\">{\"@context\":\"https:\/\/schema.org\",\"@graph\":[{\"@type\":\"WebPage\",\"@id\":\"https:\/\/www.blogsoestado.com\/danielmatos\/roseana-e-sarney-filhio-visitam-tres-municipios-na-baixada-maranhense\/\",\"url\":\"https:\/\/www.blogsoestado.com\/danielmatos\/roseana-e-sarney-filhio-visitam-tres-municipios-na-baixada-maranhense\/\",\"name\":\"Roseana e Sarney Filho visitam tr\u00eas munic\u00edpios na Baixada Maranhense - Daniel Matos\",\"isPartOf\":{\"@id\":\"https:\/\/www.blogsoestado.com\/danielmatos\/#website\"},\"primaryImageOfPage\":{\"@id\":\"https:\/\/www.blogsoestado.com\/danielmatos\/roseana-e-sarney-filhio-visitam-tres-municipios-na-baixada-maranhense\/#primaryimage\"},\"image\":{\"@id\":\"https:\/\/www.blogsoestado.com\/danielmatos\/roseana-e-sarney-filhio-visitam-tres-municipios-na-baixada-maranhense\/#primaryimage\"},\"thumbnailUrl\":\"https:\/\/www.blogsoestado.com\/danielmatos\/files\/2018\/06\/roseana-baixada2.jpg\",\"datePublished\":\"2018-06-18T18:26:49+00:00\",\"author\":{\"@id\":\"\"},\"breadcrumb\":{\"@id\":\"https:\/\/www.blogsoestado.com\/danielmatos\/roseana-e-sarney-filhio-visitam-tres-municipios-na-baixada-maranhense\/#breadcrumb\"},\"inLanguage\":\"pt-BR\",\"potentialAction\":[{\"@type\":\"ReadAction\",\"target\":[\"https:\/\/www.blogsoestado.com\/danielmatos\/roseana-e-sarney-filhio-visitam-tres-municipios-na-baixada-maranhense\/\"]}]},{\"@type\":\"ImageObject\",\"inLanguage\":\"pt-BR\",\"@id\":\"https:\/\/www.blogsoestado.com\/danielmatos\/roseana-e-sarney-filhio-visitam-tres-municipios-na-baixada-maranhense\/#primaryimage\",\"url\":\"https:\/\/www.blogsoestado.com\/danielmatos\/files\/2018\/06\/roseana-baixada2.jpg\",\"contentUrl\":\"https:\/\/www.blogsoestado.com\/danielmatos\/files\/2018\/06\/roseana-baixada2.jpg\"},{\"@type\":\"BreadcrumbList\",\"@id\":\"https:\/\/www.blogsoestado.com\/danielmatos\/roseana-e-sarney-filhio-visitam-tres-municipios-na-baixada-maranhense\/#breadcrumb\",\"itemListElement\":[{\"@type\":\"ListItem\",\"position\":1,\"name\":\"In\u00edcio\",\"item\":\"https:\/\/www.blogsoestado.com\/danielmatos\/\"},{\"@type\":\"ListItem\",\"position\":2,\"name\":\"Roseana e Sarney Filho visitam tr\u00eas munic\u00edpios na Baixada Maranhense\"}]},{\"@type\":\"WebSite\",\"@id\":\"https:\/\/www.blogsoestado.com\/danielmatos\/#website\",\"url\":\"https:\/\/www.blogsoestado.com\/danielmatos\/\",\"name\":\"Daniel Matos\",\"description\":\"\",\"potentialAction\":[{\"@type\":\"SearchAction\",\"target\":{\"@type\":\"EntryPoint\",\"urlTemplate\":\"https:\/\/www.blogsoestado.com\/danielmatos\/?s={search_term_string}\"},\"query-input\":{\"@type\":\"PropertyValueSpecification\",\"valueRequired\":true,\"valueName\":\"search_term_string\"}}],\"inLanguage\":\"pt-BR\"}]}<\/script>\n<!-- \/ Yoast SEO plugin. -->","yoast_head_json":{"title":"Roseana e Sarney Filho visitam tr\u00eas munic\u00edpios na Baixada Maranhense - Daniel Matos","robots":{"index":"index","follow":"follow","max-snippet":"max-snippet:-1","max-image-preview":"max-image-preview:large","max-video-preview":"max-video-preview:-1"},"canonical":"https:\/\/www.blogsoestado.com\/danielmatos\/roseana-e-sarney-filhio-visitam-tres-municipios-na-baixada-maranhense\/","og_locale":"pt_BR","og_type":"article","og_title":"Roseana e Sarney Filho visitam tr\u00eas munic\u00edpios na Baixada Maranhense - Daniel Matos","og_description":"\u201cVolta Roseana\u201d foi o pedido do povo que acompanhou de perto a guerreira Em visita aos munic\u00edpios de Mirinzal, Central [&hellip;]","og_url":"https:\/\/www.blogsoestado.com\/danielmatos\/roseana-e-sarney-filhio-visitam-tres-municipios-na-baixada-maranhense\/","og_site_name":"Daniel Matos","article_published_time":"2018-06-18T18:26:49+00:00","og_image":[{"url":"https:\/\/www.blogsoestado.com\/danielmatos\/files\/2018\/06\/roseana-baixada2.jpg","type":"","width":"","height":""}],"twitter_card":"summary_large_image","twitter_misc":{"Est. tempo de leitura":"2 minutos"},"schema":{"@context":"https:\/\/schema.org","@graph":[{"@type":"WebPage","@id":"https:\/\/www.blogsoestado.com\/danielmatos\/roseana-e-sarney-filhio-visitam-tres-municipios-na-baixada-maranhense\/","url":"https:\/\/www.blogsoestado.com\/danielmatos\/roseana-e-sarney-filhio-visitam-tres-municipios-na-baixada-maranhense\/","name":"Roseana e Sarney Filho visitam tr\u00eas munic\u00edpios na Baixada Maranhense - Daniel Matos","isPartOf":{"@id":"https:\/\/www.blogsoestado.com\/danielmatos\/#website"},"primaryImageOfPage":{"@id":"https:\/\/www.blogsoestado.com\/danielmatos\/roseana-e-sarney-filhio-visitam-tres-municipios-na-baixada-maranhense\/#primaryimage"},"image":{"@id":"https:\/\/www.blogsoestado.com\/danielmatos\/roseana-e-sarney-filhio-visitam-tres-municipios-na-baixada-maranhense\/#primaryimage"},"thumbnailUrl":"https:\/\/www.blogsoestado.com\/danielmatos\/files\/2018\/06\/roseana-baixada2.jpg","datePublished":"2018-06-18T18:26:49+00:00","author":{"@id":""},"breadcrumb":{"@id":"https:\/\/www.blogsoestado.com\/danielmatos\/roseana-e-sarney-filhio-visitam-tres-municipios-na-baixada-maranhense\/#breadcrumb"},"inLanguage":"pt-BR","potentialAction":[{"@type":"ReadAction","target":["https:\/\/www.blogsoestado.com\/danielmatos\/roseana-e-sarney-filhio-visitam-tres-municipios-na-baixada-maranhense\/"]}]},{"@type":"ImageObject","inLanguage":"pt-BR","@id":"https:\/\/www.blogsoestado.com\/danielmatos\/roseana-e-sarney-filhio-visitam-tres-municipios-na-baixada-maranhense\/#primaryimage","url":"https:\/\/www.blogsoestado.com\/danielmatos\/files\/2018\/06\/roseana-baixada2.jpg","contentUrl":"https:\/\/www.blogsoestado.com\/danielmatos\/files\/2018\/06\/roseana-baixada2.jpg"},{"@type":"BreadcrumbList","@id":"https:\/\/www.blogsoestado.com\/danielmatos\/roseana-e-sarney-filhio-visitam-tres-municipios-na-baixada-maranhense\/#breadcrumb","itemListElement":[{"@type":"ListItem","position":1,"name":"In\u00edcio","item":"https:\/\/www.blogsoestado.com\/danielmatos\/"},{"@type":"ListItem","position":2,"name":"Roseana e Sarney Filho visitam tr\u00eas munic\u00edpios na Baixada Maranhense"}]},{"@type":"WebSite","@id":"https:\/\/www.blogsoestado.com\/danielmatos\/#website","url":"https:\/\/www.blogsoestado.com\/danielmatos\/","name":"Daniel Matos","description":"","potentialAction":[{"@type":"SearchAction","target":{"@type":"EntryPoint","urlTemplate":"https:\/\/www.blogsoestado.com\/danielmatos\/?s={search_term_string}"},"query-input":{"@type":"PropertyValueSpecification","valueRequired":true,"valueName":"search_term_string"}}],"inLanguage":"pt-BR"}]}},"jetpack_featured_media_url":"","_links":{"self":[{"href":"https:\/\/www.blogsoestado.com\/danielmatos\/wp-json\/wp\/v2\/posts\/52391","targetHints":{"allow":["GET"]}}],"collection":[{"href":"https:\/\/www.blogsoestado.com\/danielmatos\/wp-json\/wp\/v2\/posts"}],"about":[{"href":"https:\/\/www.blogsoestado.com\/danielmatos\/wp-json\/wp\/v2\/types\/post"}],"replies":[{"embeddable":true,"href":"https:\/\/www.blogsoestado.com\/danielmatos\/wp-json\/wp\/v2\/comments?post=52391"}],"version-history":[{"count":0,"href":"https:\/\/www.blogsoestado.com\/danielmatos\/wp-json\/wp\/v2\/posts\/52391\/revisions"}],"wp:attachment":[{"href":"https:\/\/www.blogsoestado.com\/danielmatos\/wp-json\/wp\/v2\/media?parent=52391"}],"wp:term":[{"taxonomy":"category","embeddable":true,"href":"https:\/\/www.blogsoestado.com\/danielmatos\/wp-json\/wp\/v2\/categories?post=52391"},{"taxonomy":"post_tag","embeddable":true,"href":"https:\/\/www.blogsoestado.com\/danielmatos\/wp-json\/wp\/v2\/tags?post=52391"}],"curies":[{"name":"wp","href":"https:\/\/api.w.org\/{rel}","templated":true}]}}