{"id":52400,"date":"2018-06-18T16:02:08","date_gmt":"2018-06-18T19:02:08","guid":{"rendered":"https:\/\/www.blogsoestado.com\/danielmatos\/?p=52400"},"modified":"2018-06-18T16:02:08","modified_gmt":"2018-06-18T19:02:08","slug":"sala-do-empreendedor-de-caxias-participa-do-fomenta-em-sao-luis","status":"publish","type":"post","link":"https:\/\/www.blogsoestado.com\/danielmatos\/sala-do-empreendedor-de-caxias-participa-do-fomenta-em-sao-luis\/","title":{"rendered":"Sala do Empreendedor de Caxias participa do Fomenta, em S\u00e3o Lu\u00eds"},"content":{"rendered":"<figure id=\"attachment_52401\" aria-describedby=\"caption-attachment-52401\" style=\"width: 450px\" class=\"wp-caption alignright\"><img fetchpriority=\"high\" decoding=\"async\" class=\"wp-image-52401\" src=\"https:\/\/www.blogsoestado.com\/danielmatos\/files\/2018\/06\/fomenta.jpeg\" alt=\"\" width=\"450\" height=\"253\" \/><figcaption id=\"caption-attachment-52401\" class=\"wp-caption-text\">O gerente da unidade regional do Sebrae em Caxias, C\u00e9sar Augusto, com a agente de desenvolvimento da Sala do Empreendedor de Caxias, Adriana Val\u00e9ria<\/figcaption><\/figure>\n<p>Nos \u00faltimos dias 11 e 12 de junho, a Sala do Empreendedor de Caxias, ligada \u00e0 Secretaria Municipal de Ind\u00fastria e Com\u00e9rcio, foi representada em S\u00e3o Lu\u00eds (MA) pela agente de desenvolvimento Adriana Val\u00e9ria em mais uma edi\u00e7\u00e3o do Fomenta, evento promovido pelo SEBRAE.<\/p>\n<p>O Fomenta \u00e9 um encontro de oportunidades para Micro e Pequenas Empresas nas Compras Governamentais, que propicia o encontro com grandes compradores da administra\u00e7\u00e3o direta e indireta, al\u00e9m de apontar como se tornar um fornecedor da administra\u00e7\u00e3o p\u00fablica.<\/p>\n<p>\u201c\u00c9 uma grande iniciativa do SEBRAE, um grande evento, onde voc\u00ea \u00e9 capacitado a fornecer para o governo. Um evento onde o micro e pequeno empres\u00e1rio s\u00e3o estimulados a vender para o governo\u201d, destacou Adriana Val\u00e9ria, agente de desenvolvimento da Sala do Empreendedor de Caxias.<\/p>\n<p>O evento tamb\u00e9m oportunizou a dissemina\u00e7\u00e3o de conhecimentos, boas pr\u00e1ticas p\u00fablicas e exposi\u00e7\u00e3o de cases de sucesso, sendo utilizado para promover a inclus\u00e3o dos pequenos neg\u00f3cios nas licita\u00e7\u00f5es p\u00fablicas e privadas, constituindo-se como um grande evento de capacita\u00e7\u00e3o.<\/p>\n<p>\u201cO Fomenta \u00e9 um evento do SEBRAE de car\u00e1ter estadual, onde tivemos mais de 1.000 pessoas capacitadas em dois dias (empres\u00e1rios, agentes de desenvolvimento, secret\u00e1rios municipais, representantes de institui\u00e7\u00f5es p\u00fablicas, prefeitos) que aproximou as compras p\u00fablicas dos empres\u00e1rios dos mais diversos munic\u00edpios\u201d, disse C\u00e9sar Augusto, gerente da unidade regional do SEBRAE\/Caxias.<\/p>\n","protected":false},"excerpt":{"rendered":"<p>Nos \u00faltimos dias 11 e 12 de junho, a Sala do Empreendedor de Caxias, ligada \u00e0 Secretaria Municipal de Ind\u00fastria [&hellip;]<\/p>\n","protected":false},"author":0,"featured_media":0,"comment_status":"open","ping_status":"open","sticky":false,"template":"","format":"standard","meta":{"site-sidebar-layout":"default","site-content-layout":"","ast-site-content-layout":"default","site-content-style":"default","site-sidebar-style":"default","ast-global-header-display":"","ast-banner-title-visibility":"","ast-main-header-display":"","ast-hfb-above-header-display":"","ast-hfb-below-header-display":"","ast-hfb-mobile-header-display":"","site-post-title":"","ast-breadcrumbs-content":"","ast-featured-img":"","footer-sml-layout":"","ast-disable-related-posts":"","theme-transparent-header-meta":"","adv-header-id-meta":"","stick-header-meta":"","header-above-stick-meta":"","header-main-stick-meta":"","header-below-stick-meta":"","astra-migrate-meta-layouts":"default","ast-page-background-enabled":"default","ast-page-background-meta":{"desktop":{"background-color":"var(--ast-global-color-5)","background-image":"","background-repeat":"repeat","background-position":"center center","background-size":"auto","background-attachment":"scroll","background-type":"","background-media":"","overlay-type":"","overlay-color":"","overlay-opacity":"","overlay-gradient":""},"tablet":{"background-color":"","background-image":"","background-repeat":"repeat","background-position":"center center","background-size":"auto","background-attachment":"scroll","background-type":"","background-media":"","overlay-type":"","overlay-color":"","overlay-opacity":"","overlay-gradient":""},"mobile":{"background-color":"","background-image":"","background-repeat":"repeat","background-position":"center center","background-size":"auto","background-attachment":"scroll","background-type":"","background-media":"","overlay-type":"","overlay-color":"","overlay-opacity":"","overlay-gradient":""}},"ast-content-background-meta":{"desktop":{"background-color":"var(--ast-global-color-4)","background-image":"","background-repeat":"repeat","background-position":"center center","background-size":"auto","background-attachment":"scroll","background-type":"","background-media":"","overlay-type":"","overlay-color":"","overlay-opacity":"","overlay-gradient":""},"tablet":{"background-color":"var(--ast-global-color-4)","background-image":"","background-repeat":"repeat","background-position":"center center","background-size":"auto","background-attachment":"scroll","background-type":"","background-media":"","overlay-type":"","overlay-color":"","overlay-opacity":"","overlay-gradient":""},"mobile":{"background-color":"var(--ast-global-color-4)","background-image":"","background-repeat":"repeat","background-position":"center center","background-size":"auto","background-attachment":"scroll","background-type":"","background-media":"","overlay-type":"","overlay-color":"","overlay-opacity":"","overlay-gradient":""}},"footnotes":""},"categories":[1],"tags":[],"class_list":["post-52400","post","type-post","status-publish","format-standard","hentry","category-sem-categoria"],"yoast_head":"<!-- This site is optimized with the Yoast SEO plugin v26.6 - https:\/\/yoast.com\/wordpress\/plugins\/seo\/ -->\n<title>Sala do Empreendedor de Caxias participa do Fomenta, em S\u00e3o Lu\u00eds - Daniel Matos<\/title>\n<meta name=\"robots\" content=\"index, follow, max-snippet:-1, max-image-preview:large, max-video-preview:-1\" \/>\n<link rel=\"canonical\" href=\"https:\/\/www.blogsoestado.com\/danielmatos\/sala-do-empreendedor-de-caxias-participa-do-fomenta-em-sao-luis\/\" \/>\n<meta property=\"og:locale\" content=\"pt_BR\" \/>\n<meta property=\"og:type\" content=\"article\" \/>\n<meta property=\"og:title\" content=\"Sala do Empreendedor de Caxias participa do Fomenta, em S\u00e3o Lu\u00eds - Daniel Matos\" \/>\n<meta property=\"og:description\" content=\"Nos \u00faltimos dias 11 e 12 de junho, a Sala do Empreendedor de Caxias, ligada \u00e0 Secretaria Municipal de Ind\u00fastria [&hellip;]\" \/>\n<meta property=\"og:url\" content=\"https:\/\/www.blogsoestado.com\/danielmatos\/sala-do-empreendedor-de-caxias-participa-do-fomenta-em-sao-luis\/\" \/>\n<meta property=\"og:site_name\" content=\"Daniel Matos\" \/>\n<meta property=\"article:published_time\" content=\"2018-06-18T19:02:08+00:00\" \/>\n<meta property=\"og:image\" content=\"https:\/\/www.blogsoestado.com\/danielmatos\/files\/2018\/06\/fomenta.jpeg\" \/>\n<meta name=\"twitter:card\" content=\"summary_large_image\" \/>\n<meta name=\"twitter:label1\" content=\"Est. tempo de leitura\" \/>\n\t<meta name=\"twitter:data1\" content=\"1 minuto\" \/>\n<script type=\"application\/ld+json\" class=\"yoast-schema-graph\">{\"@context\":\"https:\/\/schema.org\",\"@graph\":[{\"@type\":\"WebPage\",\"@id\":\"https:\/\/www.blogsoestado.com\/danielmatos\/sala-do-empreendedor-de-caxias-participa-do-fomenta-em-sao-luis\/\",\"url\":\"https:\/\/www.blogsoestado.com\/danielmatos\/sala-do-empreendedor-de-caxias-participa-do-fomenta-em-sao-luis\/\",\"name\":\"Sala do Empreendedor de Caxias participa do Fomenta, em S\u00e3o Lu\u00eds - Daniel Matos\",\"isPartOf\":{\"@id\":\"https:\/\/www.blogsoestado.com\/danielmatos\/#website\"},\"primaryImageOfPage\":{\"@id\":\"https:\/\/www.blogsoestado.com\/danielmatos\/sala-do-empreendedor-de-caxias-participa-do-fomenta-em-sao-luis\/#primaryimage\"},\"image\":{\"@id\":\"https:\/\/www.blogsoestado.com\/danielmatos\/sala-do-empreendedor-de-caxias-participa-do-fomenta-em-sao-luis\/#primaryimage\"},\"thumbnailUrl\":\"https:\/\/www.blogsoestado.com\/danielmatos\/files\/2018\/06\/fomenta.jpeg\",\"datePublished\":\"2018-06-18T19:02:08+00:00\",\"author\":{\"@id\":\"\"},\"breadcrumb\":{\"@id\":\"https:\/\/www.blogsoestado.com\/danielmatos\/sala-do-empreendedor-de-caxias-participa-do-fomenta-em-sao-luis\/#breadcrumb\"},\"inLanguage\":\"pt-BR\",\"potentialAction\":[{\"@type\":\"ReadAction\",\"target\":[\"https:\/\/www.blogsoestado.com\/danielmatos\/sala-do-empreendedor-de-caxias-participa-do-fomenta-em-sao-luis\/\"]}]},{\"@type\":\"ImageObject\",\"inLanguage\":\"pt-BR\",\"@id\":\"https:\/\/www.blogsoestado.com\/danielmatos\/sala-do-empreendedor-de-caxias-participa-do-fomenta-em-sao-luis\/#primaryimage\",\"url\":\"https:\/\/www.blogsoestado.com\/danielmatos\/files\/2018\/06\/fomenta.jpeg\",\"contentUrl\":\"https:\/\/www.blogsoestado.com\/danielmatos\/files\/2018\/06\/fomenta.jpeg\"},{\"@type\":\"BreadcrumbList\",\"@id\":\"https:\/\/www.blogsoestado.com\/danielmatos\/sala-do-empreendedor-de-caxias-participa-do-fomenta-em-sao-luis\/#breadcrumb\",\"itemListElement\":[{\"@type\":\"ListItem\",\"position\":1,\"name\":\"In\u00edcio\",\"item\":\"https:\/\/www.blogsoestado.com\/danielmatos\/\"},{\"@type\":\"ListItem\",\"position\":2,\"name\":\"Sala do Empreendedor de Caxias participa do Fomenta, em S\u00e3o Lu\u00eds\"}]},{\"@type\":\"WebSite\",\"@id\":\"https:\/\/www.blogsoestado.com\/danielmatos\/#website\",\"url\":\"https:\/\/www.blogsoestado.com\/danielmatos\/\",\"name\":\"Daniel Matos\",\"description\":\"\",\"potentialAction\":[{\"@type\":\"SearchAction\",\"target\":{\"@type\":\"EntryPoint\",\"urlTemplate\":\"https:\/\/www.blogsoestado.com\/danielmatos\/?s={search_term_string}\"},\"query-input\":{\"@type\":\"PropertyValueSpecification\",\"valueRequired\":true,\"valueName\":\"search_term_string\"}}],\"inLanguage\":\"pt-BR\"}]}<\/script>\n<!-- \/ Yoast SEO plugin. -->","yoast_head_json":{"title":"Sala do Empreendedor de Caxias participa do Fomenta, em S\u00e3o Lu\u00eds - Daniel Matos","robots":{"index":"index","follow":"follow","max-snippet":"max-snippet:-1","max-image-preview":"max-image-preview:large","max-video-preview":"max-video-preview:-1"},"canonical":"https:\/\/www.blogsoestado.com\/danielmatos\/sala-do-empreendedor-de-caxias-participa-do-fomenta-em-sao-luis\/","og_locale":"pt_BR","og_type":"article","og_title":"Sala do Empreendedor de Caxias participa do Fomenta, em S\u00e3o Lu\u00eds - Daniel Matos","og_description":"Nos \u00faltimos dias 11 e 12 de junho, a Sala do Empreendedor de Caxias, ligada \u00e0 Secretaria Municipal de Ind\u00fastria [&hellip;]","og_url":"https:\/\/www.blogsoestado.com\/danielmatos\/sala-do-empreendedor-de-caxias-participa-do-fomenta-em-sao-luis\/","og_site_name":"Daniel Matos","article_published_time":"2018-06-18T19:02:08+00:00","og_image":[{"url":"https:\/\/www.blogsoestado.com\/danielmatos\/files\/2018\/06\/fomenta.jpeg","type":"","width":"","height":""}],"twitter_card":"summary_large_image","twitter_misc":{"Est. tempo de leitura":"1 minuto"},"schema":{"@context":"https:\/\/schema.org","@graph":[{"@type":"WebPage","@id":"https:\/\/www.blogsoestado.com\/danielmatos\/sala-do-empreendedor-de-caxias-participa-do-fomenta-em-sao-luis\/","url":"https:\/\/www.blogsoestado.com\/danielmatos\/sala-do-empreendedor-de-caxias-participa-do-fomenta-em-sao-luis\/","name":"Sala do Empreendedor de Caxias participa do Fomenta, em S\u00e3o Lu\u00eds - Daniel Matos","isPartOf":{"@id":"https:\/\/www.blogsoestado.com\/danielmatos\/#website"},"primaryImageOfPage":{"@id":"https:\/\/www.blogsoestado.com\/danielmatos\/sala-do-empreendedor-de-caxias-participa-do-fomenta-em-sao-luis\/#primaryimage"},"image":{"@id":"https:\/\/www.blogsoestado.com\/danielmatos\/sala-do-empreendedor-de-caxias-participa-do-fomenta-em-sao-luis\/#primaryimage"},"thumbnailUrl":"https:\/\/www.blogsoestado.com\/danielmatos\/files\/2018\/06\/fomenta.jpeg","datePublished":"2018-06-18T19:02:08+00:00","author":{"@id":""},"breadcrumb":{"@id":"https:\/\/www.blogsoestado.com\/danielmatos\/sala-do-empreendedor-de-caxias-participa-do-fomenta-em-sao-luis\/#breadcrumb"},"inLanguage":"pt-BR","potentialAction":[{"@type":"ReadAction","target":["https:\/\/www.blogsoestado.com\/danielmatos\/sala-do-empreendedor-de-caxias-participa-do-fomenta-em-sao-luis\/"]}]},{"@type":"ImageObject","inLanguage":"pt-BR","@id":"https:\/\/www.blogsoestado.com\/danielmatos\/sala-do-empreendedor-de-caxias-participa-do-fomenta-em-sao-luis\/#primaryimage","url":"https:\/\/www.blogsoestado.com\/danielmatos\/files\/2018\/06\/fomenta.jpeg","contentUrl":"https:\/\/www.blogsoestado.com\/danielmatos\/files\/2018\/06\/fomenta.jpeg"},{"@type":"BreadcrumbList","@id":"https:\/\/www.blogsoestado.com\/danielmatos\/sala-do-empreendedor-de-caxias-participa-do-fomenta-em-sao-luis\/#breadcrumb","itemListElement":[{"@type":"ListItem","position":1,"name":"In\u00edcio","item":"https:\/\/www.blogsoestado.com\/danielmatos\/"},{"@type":"ListItem","position":2,"name":"Sala do Empreendedor de Caxias participa do Fomenta, em S\u00e3o Lu\u00eds"}]},{"@type":"WebSite","@id":"https:\/\/www.blogsoestado.com\/danielmatos\/#website","url":"https:\/\/www.blogsoestado.com\/danielmatos\/","name":"Daniel Matos","description":"","potentialAction":[{"@type":"SearchAction","target":{"@type":"EntryPoint","urlTemplate":"https:\/\/www.blogsoestado.com\/danielmatos\/?s={search_term_string}"},"query-input":{"@type":"PropertyValueSpecification","valueRequired":true,"valueName":"search_term_string"}}],"inLanguage":"pt-BR"}]}},"jetpack_featured_media_url":"","_links":{"self":[{"href":"https:\/\/www.blogsoestado.com\/danielmatos\/wp-json\/wp\/v2\/posts\/52400","targetHints":{"allow":["GET"]}}],"collection":[{"href":"https:\/\/www.blogsoestado.com\/danielmatos\/wp-json\/wp\/v2\/posts"}],"about":[{"href":"https:\/\/www.blogsoestado.com\/danielmatos\/wp-json\/wp\/v2\/types\/post"}],"replies":[{"embeddable":true,"href":"https:\/\/www.blogsoestado.com\/danielmatos\/wp-json\/wp\/v2\/comments?post=52400"}],"version-history":[{"count":0,"href":"https:\/\/www.blogsoestado.com\/danielmatos\/wp-json\/wp\/v2\/posts\/52400\/revisions"}],"wp:attachment":[{"href":"https:\/\/www.blogsoestado.com\/danielmatos\/wp-json\/wp\/v2\/media?parent=52400"}],"wp:term":[{"taxonomy":"category","embeddable":true,"href":"https:\/\/www.blogsoestado.com\/danielmatos\/wp-json\/wp\/v2\/categories?post=52400"},{"taxonomy":"post_tag","embeddable":true,"href":"https:\/\/www.blogsoestado.com\/danielmatos\/wp-json\/wp\/v2\/tags?post=52400"}],"curies":[{"name":"wp","href":"https:\/\/api.w.org\/{rel}","templated":true}]}}