{"id":52413,"date":"2018-06-18T20:30:13","date_gmt":"2018-06-18T23:30:13","guid":{"rendered":"https:\/\/www.blogsoestado.com\/danielmatos\/?p=52413"},"modified":"2018-06-18T20:30:13","modified_gmt":"2018-06-18T23:30:13","slug":"deputado-wellington-visita-familia-de-adolescente-vitima-de-violencia-psicologica-por-prefeita-em-anapurus","status":"publish","type":"post","link":"https:\/\/www.blogsoestado.com\/danielmatos\/deputado-wellington-visita-familia-de-adolescente-vitima-de-violencia-psicologica-por-prefeita-em-anapurus\/","title":{"rendered":"Deputado Wellington visita fam\u00edlia de adolescente v\u00edtima de viol\u00eancia psicol\u00f3gica por prefeita em Anapurus"},"content":{"rendered":"<figure id=\"attachment_52414\" aria-describedby=\"caption-attachment-52414\" style=\"width: 650px\" class=\"wp-caption aligncenter\"><img fetchpriority=\"high\" decoding=\"async\" class=\"wp-image-52414\" src=\"https:\/\/www.blogsoestado.com\/danielmatos\/files\/2018\/06\/w-visita-anapurus.jpg\" alt=\"\" width=\"650\" height=\"488\" \/><figcaption id=\"caption-attachment-52414\" class=\"wp-caption-text\">Deputado Wellington foi a Anapurus conversar com adolescente que sofreu viol\u00eancia e com a m\u00e3e da v\u00edtima<\/figcaption><\/figure>\n<p>Na condi\u00e7\u00e3o de presidente da Comiss\u00e3o de Direitos Humanos da Assembleia Legislativa do Maranh\u00e3o, o deputado estadual Wellington do Curso esteve na cidade de Anapurus, ap\u00f3s receber solicita\u00e7\u00e3o de diversas pessoas que se solidarizaram \u00e0 fam\u00edlia de uma menor de apenas 13 anos, que foi supostamente acusada de pr\u00e1tica de ato infracional an\u00e1logo ao crime de furto pela prefeita de Anapurus, Wanderly, seu marido, Ivanildo, e pela sua filha, Carol Monteles.<\/p>\n<p>Na ocasi\u00e3o, o deputado Wellington esteve pessoalmente em contato com Elida Cristina Alves Corr\u00eaa, m\u00e3e da adolescente, que pediu socorro diante das amea\u00e7as que vem sofrendo no munic\u00edpio.<\/p>\n<p>\u201cTrancaram a minha filha em um quarto. Ela sofreu agress\u00f5es f\u00edsicas e psicol\u00f3gicas. Agora, a gente tem medo at\u00e9 de sair de casa com tanta amea\u00e7a. N\u00e3o sei mais o que fazer\u201d, desabafou a m\u00e3e da adolescente.<\/p>\n<p>Sobre a situa\u00e7\u00e3o, o deputado Wellington cobrou que provid\u00eancias fossem adotadas pela Comiss\u00e3o de Direitos Humanos, tanto da Assembleia Legislativa e OAB, a fim de que se investigue a situa\u00e7\u00e3o e que se responsabilize os excessos.<\/p>\n<p>\u201cFamiliares e amigos solicitaram que n\u00f3s visit\u00e1ssemos a m\u00e3e da adolescente que foi acusada de praticar ato infracional an\u00e1logo ao crime de furto pela prefeita de Anapurus. Ter esse contato com a m\u00e3e e com a adolescente nos faz ver, em cada l\u00e1grima por elas derramada, a dor e o sofrimento dessa fam\u00edlia. Recebemos essas den\u00fancias e solicitamos que a Comiss\u00e3o de Direitos Humanos da Assembleia, em que eu sou presidente, a Comiss\u00e3o de Direitos Humanos da OAB, promotoria da inf\u00e2ncia e Minist\u00e9rio P\u00fablico da comarca de Brejo, que abrange a cidade de Anapurus. Os excessos devem ser punidos e, em nome da confian\u00e7a que a popula\u00e7\u00e3o de Anapurus deposita em mim, continuarei \u00e0 disposi\u00e7\u00e3o dos familiares da adolescente para que a justi\u00e7a seja feita\u201d, disse Wellington.<\/p>\n","protected":false},"excerpt":{"rendered":"<p>Na condi\u00e7\u00e3o de presidente da Comiss\u00e3o de Direitos Humanos da Assembleia Legislativa do Maranh\u00e3o, o deputado estadual Wellington do Curso [&hellip;]<\/p>\n","protected":false},"author":0,"featured_media":0,"comment_status":"open","ping_status":"open","sticky":false,"template":"","format":"standard","meta":{"site-sidebar-layout":"default","site-content-layout":"","ast-site-content-layout":"default","site-content-style":"default","site-sidebar-style":"default","ast-global-header-display":"","ast-banner-title-visibility":"","ast-main-header-display":"","ast-hfb-above-header-display":"","ast-hfb-below-header-display":"","ast-hfb-mobile-header-display":"","site-post-title":"","ast-breadcrumbs-content":"","ast-featured-img":"","footer-sml-layout":"","ast-disable-related-posts":"","theme-transparent-header-meta":"","adv-header-id-meta":"","stick-header-meta":"","header-above-stick-meta":"","header-main-stick-meta":"","header-below-stick-meta":"","astra-migrate-meta-layouts":"default","ast-page-background-enabled":"default","ast-page-background-meta":{"desktop":{"background-color":"var(--ast-global-color-5)","background-image":"","background-repeat":"repeat","background-position":"center center","background-size":"auto","background-attachment":"scroll","background-type":"","background-media":"","overlay-type":"","overlay-color":"","overlay-opacity":"","overlay-gradient":""},"tablet":{"background-color":"","background-image":"","background-repeat":"repeat","background-position":"center center","background-size":"auto","background-attachment":"scroll","background-type":"","background-media":"","overlay-type":"","overlay-color":"","overlay-opacity":"","overlay-gradient":""},"mobile":{"background-color":"","background-image":"","background-repeat":"repeat","background-position":"center center","background-size":"auto","background-attachment":"scroll","background-type":"","background-media":"","overlay-type":"","overlay-color":"","overlay-opacity":"","overlay-gradient":""}},"ast-content-background-meta":{"desktop":{"background-color":"var(--ast-global-color-4)","background-image":"","background-repeat":"repeat","background-position":"center center","background-size":"auto","background-attachment":"scroll","background-type":"","background-media":"","overlay-type":"","overlay-color":"","overlay-opacity":"","overlay-gradient":""},"tablet":{"background-color":"var(--ast-global-color-4)","background-image":"","background-repeat":"repeat","background-position":"center center","background-size":"auto","background-attachment":"scroll","background-type":"","background-media":"","overlay-type":"","overlay-color":"","overlay-opacity":"","overlay-gradient":""},"mobile":{"background-color":"var(--ast-global-color-4)","background-image":"","background-repeat":"repeat","background-position":"center center","background-size":"auto","background-attachment":"scroll","background-type":"","background-media":"","overlay-type":"","overlay-color":"","overlay-opacity":"","overlay-gradient":""}},"footnotes":""},"categories":[1],"tags":[],"class_list":["post-52413","post","type-post","status-publish","format-standard","hentry","category-sem-categoria"],"yoast_head":"<!-- This site is optimized with the Yoast SEO plugin v26.6 - https:\/\/yoast.com\/wordpress\/plugins\/seo\/ -->\n<title>Deputado Wellington visita fam\u00edlia de adolescente v\u00edtima de viol\u00eancia psicol\u00f3gica por prefeita em Anapurus - Daniel Matos<\/title>\n<meta name=\"robots\" content=\"index, follow, max-snippet:-1, max-image-preview:large, max-video-preview:-1\" \/>\n<link rel=\"canonical\" href=\"https:\/\/www.blogsoestado.com\/danielmatos\/deputado-wellington-visita-familia-de-adolescente-vitima-de-violencia-psicologica-por-prefeita-em-anapurus\/\" \/>\n<meta property=\"og:locale\" content=\"pt_BR\" \/>\n<meta property=\"og:type\" content=\"article\" \/>\n<meta property=\"og:title\" content=\"Deputado Wellington visita fam\u00edlia de adolescente v\u00edtima de viol\u00eancia psicol\u00f3gica por prefeita em Anapurus - Daniel Matos\" \/>\n<meta property=\"og:description\" content=\"Na condi\u00e7\u00e3o de presidente da Comiss\u00e3o de Direitos Humanos da Assembleia Legislativa do Maranh\u00e3o, o deputado estadual Wellington do Curso [&hellip;]\" \/>\n<meta property=\"og:url\" content=\"https:\/\/www.blogsoestado.com\/danielmatos\/deputado-wellington-visita-familia-de-adolescente-vitima-de-violencia-psicologica-por-prefeita-em-anapurus\/\" \/>\n<meta property=\"og:site_name\" content=\"Daniel Matos\" \/>\n<meta property=\"article:published_time\" content=\"2018-06-18T23:30:13+00:00\" \/>\n<meta property=\"og:image\" content=\"https:\/\/www.blogsoestado.com\/danielmatos\/files\/2018\/06\/w-visita-anapurus.jpg\" \/>\n<meta name=\"twitter:card\" content=\"summary_large_image\" \/>\n<meta name=\"twitter:label1\" content=\"Est. tempo de leitura\" \/>\n\t<meta name=\"twitter:data1\" content=\"2 minutos\" \/>\n<script type=\"application\/ld+json\" class=\"yoast-schema-graph\">{\"@context\":\"https:\/\/schema.org\",\"@graph\":[{\"@type\":\"WebPage\",\"@id\":\"https:\/\/www.blogsoestado.com\/danielmatos\/deputado-wellington-visita-familia-de-adolescente-vitima-de-violencia-psicologica-por-prefeita-em-anapurus\/\",\"url\":\"https:\/\/www.blogsoestado.com\/danielmatos\/deputado-wellington-visita-familia-de-adolescente-vitima-de-violencia-psicologica-por-prefeita-em-anapurus\/\",\"name\":\"Deputado Wellington visita fam\u00edlia de adolescente v\u00edtima de viol\u00eancia psicol\u00f3gica por prefeita em Anapurus - Daniel Matos\",\"isPartOf\":{\"@id\":\"https:\/\/www.blogsoestado.com\/danielmatos\/#website\"},\"primaryImageOfPage\":{\"@id\":\"https:\/\/www.blogsoestado.com\/danielmatos\/deputado-wellington-visita-familia-de-adolescente-vitima-de-violencia-psicologica-por-prefeita-em-anapurus\/#primaryimage\"},\"image\":{\"@id\":\"https:\/\/www.blogsoestado.com\/danielmatos\/deputado-wellington-visita-familia-de-adolescente-vitima-de-violencia-psicologica-por-prefeita-em-anapurus\/#primaryimage\"},\"thumbnailUrl\":\"https:\/\/www.blogsoestado.com\/danielmatos\/files\/2018\/06\/w-visita-anapurus.jpg\",\"datePublished\":\"2018-06-18T23:30:13+00:00\",\"author\":{\"@id\":\"\"},\"breadcrumb\":{\"@id\":\"https:\/\/www.blogsoestado.com\/danielmatos\/deputado-wellington-visita-familia-de-adolescente-vitima-de-violencia-psicologica-por-prefeita-em-anapurus\/#breadcrumb\"},\"inLanguage\":\"pt-BR\",\"potentialAction\":[{\"@type\":\"ReadAction\",\"target\":[\"https:\/\/www.blogsoestado.com\/danielmatos\/deputado-wellington-visita-familia-de-adolescente-vitima-de-violencia-psicologica-por-prefeita-em-anapurus\/\"]}]},{\"@type\":\"ImageObject\",\"inLanguage\":\"pt-BR\",\"@id\":\"https:\/\/www.blogsoestado.com\/danielmatos\/deputado-wellington-visita-familia-de-adolescente-vitima-de-violencia-psicologica-por-prefeita-em-anapurus\/#primaryimage\",\"url\":\"https:\/\/www.blogsoestado.com\/danielmatos\/files\/2018\/06\/w-visita-anapurus.jpg\",\"contentUrl\":\"https:\/\/www.blogsoestado.com\/danielmatos\/files\/2018\/06\/w-visita-anapurus.jpg\"},{\"@type\":\"BreadcrumbList\",\"@id\":\"https:\/\/www.blogsoestado.com\/danielmatos\/deputado-wellington-visita-familia-de-adolescente-vitima-de-violencia-psicologica-por-prefeita-em-anapurus\/#breadcrumb\",\"itemListElement\":[{\"@type\":\"ListItem\",\"position\":1,\"name\":\"In\u00edcio\",\"item\":\"https:\/\/www.blogsoestado.com\/danielmatos\/\"},{\"@type\":\"ListItem\",\"position\":2,\"name\":\"Deputado Wellington visita fam\u00edlia de adolescente v\u00edtima de viol\u00eancia psicol\u00f3gica por prefeita em Anapurus\"}]},{\"@type\":\"WebSite\",\"@id\":\"https:\/\/www.blogsoestado.com\/danielmatos\/#website\",\"url\":\"https:\/\/www.blogsoestado.com\/danielmatos\/\",\"name\":\"Daniel Matos\",\"description\":\"\",\"potentialAction\":[{\"@type\":\"SearchAction\",\"target\":{\"@type\":\"EntryPoint\",\"urlTemplate\":\"https:\/\/www.blogsoestado.com\/danielmatos\/?s={search_term_string}\"},\"query-input\":{\"@type\":\"PropertyValueSpecification\",\"valueRequired\":true,\"valueName\":\"search_term_string\"}}],\"inLanguage\":\"pt-BR\"}]}<\/script>\n<!-- \/ Yoast SEO plugin. -->","yoast_head_json":{"title":"Deputado Wellington visita fam\u00edlia de adolescente v\u00edtima de viol\u00eancia psicol\u00f3gica por prefeita em Anapurus - Daniel Matos","robots":{"index":"index","follow":"follow","max-snippet":"max-snippet:-1","max-image-preview":"max-image-preview:large","max-video-preview":"max-video-preview:-1"},"canonical":"https:\/\/www.blogsoestado.com\/danielmatos\/deputado-wellington-visita-familia-de-adolescente-vitima-de-violencia-psicologica-por-prefeita-em-anapurus\/","og_locale":"pt_BR","og_type":"article","og_title":"Deputado Wellington visita fam\u00edlia de adolescente v\u00edtima de viol\u00eancia psicol\u00f3gica por prefeita em Anapurus - Daniel Matos","og_description":"Na condi\u00e7\u00e3o de presidente da Comiss\u00e3o de Direitos Humanos da Assembleia Legislativa do Maranh\u00e3o, o deputado estadual Wellington do Curso [&hellip;]","og_url":"https:\/\/www.blogsoestado.com\/danielmatos\/deputado-wellington-visita-familia-de-adolescente-vitima-de-violencia-psicologica-por-prefeita-em-anapurus\/","og_site_name":"Daniel Matos","article_published_time":"2018-06-18T23:30:13+00:00","og_image":[{"url":"https:\/\/www.blogsoestado.com\/danielmatos\/files\/2018\/06\/w-visita-anapurus.jpg","type":"","width":"","height":""}],"twitter_card":"summary_large_image","twitter_misc":{"Est. tempo de leitura":"2 minutos"},"schema":{"@context":"https:\/\/schema.org","@graph":[{"@type":"WebPage","@id":"https:\/\/www.blogsoestado.com\/danielmatos\/deputado-wellington-visita-familia-de-adolescente-vitima-de-violencia-psicologica-por-prefeita-em-anapurus\/","url":"https:\/\/www.blogsoestado.com\/danielmatos\/deputado-wellington-visita-familia-de-adolescente-vitima-de-violencia-psicologica-por-prefeita-em-anapurus\/","name":"Deputado Wellington visita fam\u00edlia de adolescente v\u00edtima de viol\u00eancia psicol\u00f3gica por prefeita em Anapurus - Daniel Matos","isPartOf":{"@id":"https:\/\/www.blogsoestado.com\/danielmatos\/#website"},"primaryImageOfPage":{"@id":"https:\/\/www.blogsoestado.com\/danielmatos\/deputado-wellington-visita-familia-de-adolescente-vitima-de-violencia-psicologica-por-prefeita-em-anapurus\/#primaryimage"},"image":{"@id":"https:\/\/www.blogsoestado.com\/danielmatos\/deputado-wellington-visita-familia-de-adolescente-vitima-de-violencia-psicologica-por-prefeita-em-anapurus\/#primaryimage"},"thumbnailUrl":"https:\/\/www.blogsoestado.com\/danielmatos\/files\/2018\/06\/w-visita-anapurus.jpg","datePublished":"2018-06-18T23:30:13+00:00","author":{"@id":""},"breadcrumb":{"@id":"https:\/\/www.blogsoestado.com\/danielmatos\/deputado-wellington-visita-familia-de-adolescente-vitima-de-violencia-psicologica-por-prefeita-em-anapurus\/#breadcrumb"},"inLanguage":"pt-BR","potentialAction":[{"@type":"ReadAction","target":["https:\/\/www.blogsoestado.com\/danielmatos\/deputado-wellington-visita-familia-de-adolescente-vitima-de-violencia-psicologica-por-prefeita-em-anapurus\/"]}]},{"@type":"ImageObject","inLanguage":"pt-BR","@id":"https:\/\/www.blogsoestado.com\/danielmatos\/deputado-wellington-visita-familia-de-adolescente-vitima-de-violencia-psicologica-por-prefeita-em-anapurus\/#primaryimage","url":"https:\/\/www.blogsoestado.com\/danielmatos\/files\/2018\/06\/w-visita-anapurus.jpg","contentUrl":"https:\/\/www.blogsoestado.com\/danielmatos\/files\/2018\/06\/w-visita-anapurus.jpg"},{"@type":"BreadcrumbList","@id":"https:\/\/www.blogsoestado.com\/danielmatos\/deputado-wellington-visita-familia-de-adolescente-vitima-de-violencia-psicologica-por-prefeita-em-anapurus\/#breadcrumb","itemListElement":[{"@type":"ListItem","position":1,"name":"In\u00edcio","item":"https:\/\/www.blogsoestado.com\/danielmatos\/"},{"@type":"ListItem","position":2,"name":"Deputado Wellington visita fam\u00edlia de adolescente v\u00edtima de viol\u00eancia psicol\u00f3gica por prefeita em Anapurus"}]},{"@type":"WebSite","@id":"https:\/\/www.blogsoestado.com\/danielmatos\/#website","url":"https:\/\/www.blogsoestado.com\/danielmatos\/","name":"Daniel Matos","description":"","potentialAction":[{"@type":"SearchAction","target":{"@type":"EntryPoint","urlTemplate":"https:\/\/www.blogsoestado.com\/danielmatos\/?s={search_term_string}"},"query-input":{"@type":"PropertyValueSpecification","valueRequired":true,"valueName":"search_term_string"}}],"inLanguage":"pt-BR"}]}},"jetpack_featured_media_url":"","_links":{"self":[{"href":"https:\/\/www.blogsoestado.com\/danielmatos\/wp-json\/wp\/v2\/posts\/52413","targetHints":{"allow":["GET"]}}],"collection":[{"href":"https:\/\/www.blogsoestado.com\/danielmatos\/wp-json\/wp\/v2\/posts"}],"about":[{"href":"https:\/\/www.blogsoestado.com\/danielmatos\/wp-json\/wp\/v2\/types\/post"}],"replies":[{"embeddable":true,"href":"https:\/\/www.blogsoestado.com\/danielmatos\/wp-json\/wp\/v2\/comments?post=52413"}],"version-history":[{"count":0,"href":"https:\/\/www.blogsoestado.com\/danielmatos\/wp-json\/wp\/v2\/posts\/52413\/revisions"}],"wp:attachment":[{"href":"https:\/\/www.blogsoestado.com\/danielmatos\/wp-json\/wp\/v2\/media?parent=52413"}],"wp:term":[{"taxonomy":"category","embeddable":true,"href":"https:\/\/www.blogsoestado.com\/danielmatos\/wp-json\/wp\/v2\/categories?post=52413"},{"taxonomy":"post_tag","embeddable":true,"href":"https:\/\/www.blogsoestado.com\/danielmatos\/wp-json\/wp\/v2\/tags?post=52413"}],"curies":[{"name":"wp","href":"https:\/\/api.w.org\/{rel}","templated":true}]}}