{"id":52433,"date":"2018-06-19T14:53:26","date_gmt":"2018-06-19T17:53:26","guid":{"rendered":"https:\/\/www.blogsoestado.com\/danielmatos\/?p=52433"},"modified":"2018-06-19T14:53:26","modified_gmt":"2018-06-19T17:53:26","slug":"osmar-filho-diz-que-procurador-geral-tem-dado-total-autonomia-ao-mpe","status":"publish","type":"post","link":"https:\/\/www.blogsoestado.com\/danielmatos\/osmar-filho-diz-que-procurador-geral-tem-dado-total-autonomia-ao-mpe\/","title":{"rendered":"Osmar Filho diz que procurador-geral tem dado total autonomia ao MPE"},"content":{"rendered":"<figure id=\"attachment_52434\" aria-describedby=\"caption-attachment-52434\" style=\"width: 650px\" class=\"wp-caption aligncenter\"><img fetchpriority=\"high\" decoding=\"async\" class=\"wp-image-52434\" src=\"https:\/\/www.blogsoestado.com\/danielmatos\/files\/2018\/06\/osmar-mp.jpg\" alt=\"\" width=\"650\" height=\"433\" \/><figcaption id=\"caption-attachment-52434\" class=\"wp-caption-text\">O presidente eleito da C\u00e2mara Municipal, Osmar Filho, e o prefeito Edivaldo Holanda Jr. prestigiaram posse do procurador Luiz Gonzaga Coelho<\/figcaption><\/figure>\n<p>\u201cO procurador-geral tem feito um grande trabalho, tem dado total autonomia ao Minist\u00e9rio P\u00fablico Estadual (MPE) para que o \u00f3rg\u00e3o possa atuar em benef\u00edcio da sociedade, como aut\u00eantico guardi\u00e3o das leis\u201d. A afirma\u00e7\u00e3o \u00e9 do presidente eleito da C\u00e2mara Municipal de S\u00e3o Lu\u00eds, vereador Osmar Filho (PDT), ao participar da mesa diretora dos trabalhos da solenidade que empossou o procurador geral de Justi\u00e7a, Luiz Gonzaga Martins Coelho para o seu segundo mandato consecutivo.<\/p>\n<p>Luiz Gonzaga foi eleito em chapa \u00fanica para o bi\u00eanio 2018\/2020 e destacou que continua a mesma luta de combate \u00e0 corrup\u00e7\u00e3o e de orienta\u00e7\u00e3o aos gestores p\u00fablicos, para que n\u00e3o incorram em irregularidades.<\/p>\n<p>Conforme Osmar Filho, o Minist\u00e9rio P\u00fablico n\u00e3o age apenas como um \u00f3rg\u00e3o repressor, enfatizando que ele atua tamb\u00e9m na orienta\u00e7\u00e3o, atrav\u00e9s de semin\u00e1rios, palestras e outros eventos, que auxiliam os gestores quanto a aplica\u00e7\u00e3o de recursos e processos licitat\u00f3rios, al\u00e9m de outras a\u00e7\u00f5es administrativas.<\/p>\n<p>Afirma ainda o presidente eleito do Legislativo de S\u00e3o Lu\u00eds, que o trabalho desenvolvido pelo procurador Luis Gonzaga \u00e9 reconhecido tanto pela sociedade maranhense como pelos seus colegas do Minist\u00e9rio P\u00fablico, ressaltando que isso justifica o fato de ter sido em chapa \u00fanica.<\/p>\n","protected":false},"excerpt":{"rendered":"<p>\u201cO procurador-geral tem feito um grande trabalho, tem dado total autonomia ao Minist\u00e9rio P\u00fablico Estadual (MPE) para que o \u00f3rg\u00e3o [&hellip;]<\/p>\n","protected":false},"author":0,"featured_media":0,"comment_status":"open","ping_status":"open","sticky":false,"template":"","format":"standard","meta":{"site-sidebar-layout":"default","site-content-layout":"","ast-site-content-layout":"default","site-content-style":"default","site-sidebar-style":"default","ast-global-header-display":"","ast-banner-title-visibility":"","ast-main-header-display":"","ast-hfb-above-header-display":"","ast-hfb-below-header-display":"","ast-hfb-mobile-header-display":"","site-post-title":"","ast-breadcrumbs-content":"","ast-featured-img":"","footer-sml-layout":"","ast-disable-related-posts":"","theme-transparent-header-meta":"","adv-header-id-meta":"","stick-header-meta":"","header-above-stick-meta":"","header-main-stick-meta":"","header-below-stick-meta":"","astra-migrate-meta-layouts":"default","ast-page-background-enabled":"default","ast-page-background-meta":{"desktop":{"background-color":"var(--ast-global-color-5)","background-image":"","background-repeat":"repeat","background-position":"center center","background-size":"auto","background-attachment":"scroll","background-type":"","background-media":"","overlay-type":"","overlay-color":"","overlay-opacity":"","overlay-gradient":""},"tablet":{"background-color":"","background-image":"","background-repeat":"repeat","background-position":"center center","background-size":"auto","background-attachment":"scroll","background-type":"","background-media":"","overlay-type":"","overlay-color":"","overlay-opacity":"","overlay-gradient":""},"mobile":{"background-color":"","background-image":"","background-repeat":"repeat","background-position":"center center","background-size":"auto","background-attachment":"scroll","background-type":"","background-media":"","overlay-type":"","overlay-color":"","overlay-opacity":"","overlay-gradient":""}},"ast-content-background-meta":{"desktop":{"background-color":"var(--ast-global-color-4)","background-image":"","background-repeat":"repeat","background-position":"center center","background-size":"auto","background-attachment":"scroll","background-type":"","background-media":"","overlay-type":"","overlay-color":"","overlay-opacity":"","overlay-gradient":""},"tablet":{"background-color":"var(--ast-global-color-4)","background-image":"","background-repeat":"repeat","background-position":"center center","background-size":"auto","background-attachment":"scroll","background-type":"","background-media":"","overlay-type":"","overlay-color":"","overlay-opacity":"","overlay-gradient":""},"mobile":{"background-color":"var(--ast-global-color-4)","background-image":"","background-repeat":"repeat","background-position":"center center","background-size":"auto","background-attachment":"scroll","background-type":"","background-media":"","overlay-type":"","overlay-color":"","overlay-opacity":"","overlay-gradient":""}},"footnotes":""},"categories":[1],"tags":[],"class_list":["post-52433","post","type-post","status-publish","format-standard","hentry","category-sem-categoria"],"yoast_head":"<!-- This site is optimized with the Yoast SEO plugin v26.6 - https:\/\/yoast.com\/wordpress\/plugins\/seo\/ -->\n<title>Osmar Filho diz que procurador-geral tem dado total autonomia ao MPE - Daniel Matos<\/title>\n<meta name=\"robots\" content=\"index, follow, max-snippet:-1, max-image-preview:large, max-video-preview:-1\" \/>\n<link rel=\"canonical\" href=\"https:\/\/www.blogsoestado.com\/danielmatos\/osmar-filho-diz-que-procurador-geral-tem-dado-total-autonomia-ao-mpe\/\" \/>\n<meta property=\"og:locale\" content=\"pt_BR\" \/>\n<meta property=\"og:type\" content=\"article\" \/>\n<meta property=\"og:title\" content=\"Osmar Filho diz que procurador-geral tem dado total autonomia ao MPE - Daniel Matos\" \/>\n<meta property=\"og:description\" content=\"\u201cO procurador-geral tem feito um grande trabalho, tem dado total autonomia ao Minist\u00e9rio P\u00fablico Estadual (MPE) para que o \u00f3rg\u00e3o [&hellip;]\" \/>\n<meta property=\"og:url\" content=\"https:\/\/www.blogsoestado.com\/danielmatos\/osmar-filho-diz-que-procurador-geral-tem-dado-total-autonomia-ao-mpe\/\" \/>\n<meta property=\"og:site_name\" content=\"Daniel Matos\" \/>\n<meta property=\"article:published_time\" content=\"2018-06-19T17:53:26+00:00\" \/>\n<meta property=\"og:image\" content=\"https:\/\/www.blogsoestado.com\/danielmatos\/files\/2018\/06\/osmar-mp.jpg\" \/>\n<meta name=\"twitter:card\" content=\"summary_large_image\" \/>\n<meta name=\"twitter:label1\" content=\"Est. tempo de leitura\" \/>\n\t<meta name=\"twitter:data1\" content=\"1 minuto\" \/>\n<script type=\"application\/ld+json\" class=\"yoast-schema-graph\">{\"@context\":\"https:\/\/schema.org\",\"@graph\":[{\"@type\":\"WebPage\",\"@id\":\"https:\/\/www.blogsoestado.com\/danielmatos\/osmar-filho-diz-que-procurador-geral-tem-dado-total-autonomia-ao-mpe\/\",\"url\":\"https:\/\/www.blogsoestado.com\/danielmatos\/osmar-filho-diz-que-procurador-geral-tem-dado-total-autonomia-ao-mpe\/\",\"name\":\"Osmar Filho diz que procurador-geral tem dado total autonomia ao MPE - Daniel Matos\",\"isPartOf\":{\"@id\":\"https:\/\/www.blogsoestado.com\/danielmatos\/#website\"},\"primaryImageOfPage\":{\"@id\":\"https:\/\/www.blogsoestado.com\/danielmatos\/osmar-filho-diz-que-procurador-geral-tem-dado-total-autonomia-ao-mpe\/#primaryimage\"},\"image\":{\"@id\":\"https:\/\/www.blogsoestado.com\/danielmatos\/osmar-filho-diz-que-procurador-geral-tem-dado-total-autonomia-ao-mpe\/#primaryimage\"},\"thumbnailUrl\":\"https:\/\/www.blogsoestado.com\/danielmatos\/files\/2018\/06\/osmar-mp.jpg\",\"datePublished\":\"2018-06-19T17:53:26+00:00\",\"author\":{\"@id\":\"\"},\"breadcrumb\":{\"@id\":\"https:\/\/www.blogsoestado.com\/danielmatos\/osmar-filho-diz-que-procurador-geral-tem-dado-total-autonomia-ao-mpe\/#breadcrumb\"},\"inLanguage\":\"pt-BR\",\"potentialAction\":[{\"@type\":\"ReadAction\",\"target\":[\"https:\/\/www.blogsoestado.com\/danielmatos\/osmar-filho-diz-que-procurador-geral-tem-dado-total-autonomia-ao-mpe\/\"]}]},{\"@type\":\"ImageObject\",\"inLanguage\":\"pt-BR\",\"@id\":\"https:\/\/www.blogsoestado.com\/danielmatos\/osmar-filho-diz-que-procurador-geral-tem-dado-total-autonomia-ao-mpe\/#primaryimage\",\"url\":\"https:\/\/www.blogsoestado.com\/danielmatos\/files\/2018\/06\/osmar-mp.jpg\",\"contentUrl\":\"https:\/\/www.blogsoestado.com\/danielmatos\/files\/2018\/06\/osmar-mp.jpg\"},{\"@type\":\"BreadcrumbList\",\"@id\":\"https:\/\/www.blogsoestado.com\/danielmatos\/osmar-filho-diz-que-procurador-geral-tem-dado-total-autonomia-ao-mpe\/#breadcrumb\",\"itemListElement\":[{\"@type\":\"ListItem\",\"position\":1,\"name\":\"In\u00edcio\",\"item\":\"https:\/\/www.blogsoestado.com\/danielmatos\/\"},{\"@type\":\"ListItem\",\"position\":2,\"name\":\"Osmar Filho diz que procurador-geral tem dado total autonomia ao MPE\"}]},{\"@type\":\"WebSite\",\"@id\":\"https:\/\/www.blogsoestado.com\/danielmatos\/#website\",\"url\":\"https:\/\/www.blogsoestado.com\/danielmatos\/\",\"name\":\"Daniel Matos\",\"description\":\"\",\"potentialAction\":[{\"@type\":\"SearchAction\",\"target\":{\"@type\":\"EntryPoint\",\"urlTemplate\":\"https:\/\/www.blogsoestado.com\/danielmatos\/?s={search_term_string}\"},\"query-input\":{\"@type\":\"PropertyValueSpecification\",\"valueRequired\":true,\"valueName\":\"search_term_string\"}}],\"inLanguage\":\"pt-BR\"}]}<\/script>\n<!-- \/ Yoast SEO plugin. -->","yoast_head_json":{"title":"Osmar Filho diz que procurador-geral tem dado total autonomia ao MPE - Daniel Matos","robots":{"index":"index","follow":"follow","max-snippet":"max-snippet:-1","max-image-preview":"max-image-preview:large","max-video-preview":"max-video-preview:-1"},"canonical":"https:\/\/www.blogsoestado.com\/danielmatos\/osmar-filho-diz-que-procurador-geral-tem-dado-total-autonomia-ao-mpe\/","og_locale":"pt_BR","og_type":"article","og_title":"Osmar Filho diz que procurador-geral tem dado total autonomia ao MPE - Daniel Matos","og_description":"\u201cO procurador-geral tem feito um grande trabalho, tem dado total autonomia ao Minist\u00e9rio P\u00fablico Estadual (MPE) para que o \u00f3rg\u00e3o [&hellip;]","og_url":"https:\/\/www.blogsoestado.com\/danielmatos\/osmar-filho-diz-que-procurador-geral-tem-dado-total-autonomia-ao-mpe\/","og_site_name":"Daniel Matos","article_published_time":"2018-06-19T17:53:26+00:00","og_image":[{"url":"https:\/\/www.blogsoestado.com\/danielmatos\/files\/2018\/06\/osmar-mp.jpg","type":"","width":"","height":""}],"twitter_card":"summary_large_image","twitter_misc":{"Est. tempo de leitura":"1 minuto"},"schema":{"@context":"https:\/\/schema.org","@graph":[{"@type":"WebPage","@id":"https:\/\/www.blogsoestado.com\/danielmatos\/osmar-filho-diz-que-procurador-geral-tem-dado-total-autonomia-ao-mpe\/","url":"https:\/\/www.blogsoestado.com\/danielmatos\/osmar-filho-diz-que-procurador-geral-tem-dado-total-autonomia-ao-mpe\/","name":"Osmar Filho diz que procurador-geral tem dado total autonomia ao MPE - Daniel Matos","isPartOf":{"@id":"https:\/\/www.blogsoestado.com\/danielmatos\/#website"},"primaryImageOfPage":{"@id":"https:\/\/www.blogsoestado.com\/danielmatos\/osmar-filho-diz-que-procurador-geral-tem-dado-total-autonomia-ao-mpe\/#primaryimage"},"image":{"@id":"https:\/\/www.blogsoestado.com\/danielmatos\/osmar-filho-diz-que-procurador-geral-tem-dado-total-autonomia-ao-mpe\/#primaryimage"},"thumbnailUrl":"https:\/\/www.blogsoestado.com\/danielmatos\/files\/2018\/06\/osmar-mp.jpg","datePublished":"2018-06-19T17:53:26+00:00","author":{"@id":""},"breadcrumb":{"@id":"https:\/\/www.blogsoestado.com\/danielmatos\/osmar-filho-diz-que-procurador-geral-tem-dado-total-autonomia-ao-mpe\/#breadcrumb"},"inLanguage":"pt-BR","potentialAction":[{"@type":"ReadAction","target":["https:\/\/www.blogsoestado.com\/danielmatos\/osmar-filho-diz-que-procurador-geral-tem-dado-total-autonomia-ao-mpe\/"]}]},{"@type":"ImageObject","inLanguage":"pt-BR","@id":"https:\/\/www.blogsoestado.com\/danielmatos\/osmar-filho-diz-que-procurador-geral-tem-dado-total-autonomia-ao-mpe\/#primaryimage","url":"https:\/\/www.blogsoestado.com\/danielmatos\/files\/2018\/06\/osmar-mp.jpg","contentUrl":"https:\/\/www.blogsoestado.com\/danielmatos\/files\/2018\/06\/osmar-mp.jpg"},{"@type":"BreadcrumbList","@id":"https:\/\/www.blogsoestado.com\/danielmatos\/osmar-filho-diz-que-procurador-geral-tem-dado-total-autonomia-ao-mpe\/#breadcrumb","itemListElement":[{"@type":"ListItem","position":1,"name":"In\u00edcio","item":"https:\/\/www.blogsoestado.com\/danielmatos\/"},{"@type":"ListItem","position":2,"name":"Osmar Filho diz que procurador-geral tem dado total autonomia ao MPE"}]},{"@type":"WebSite","@id":"https:\/\/www.blogsoestado.com\/danielmatos\/#website","url":"https:\/\/www.blogsoestado.com\/danielmatos\/","name":"Daniel Matos","description":"","potentialAction":[{"@type":"SearchAction","target":{"@type":"EntryPoint","urlTemplate":"https:\/\/www.blogsoestado.com\/danielmatos\/?s={search_term_string}"},"query-input":{"@type":"PropertyValueSpecification","valueRequired":true,"valueName":"search_term_string"}}],"inLanguage":"pt-BR"}]}},"jetpack_featured_media_url":"","_links":{"self":[{"href":"https:\/\/www.blogsoestado.com\/danielmatos\/wp-json\/wp\/v2\/posts\/52433","targetHints":{"allow":["GET"]}}],"collection":[{"href":"https:\/\/www.blogsoestado.com\/danielmatos\/wp-json\/wp\/v2\/posts"}],"about":[{"href":"https:\/\/www.blogsoestado.com\/danielmatos\/wp-json\/wp\/v2\/types\/post"}],"replies":[{"embeddable":true,"href":"https:\/\/www.blogsoestado.com\/danielmatos\/wp-json\/wp\/v2\/comments?post=52433"}],"version-history":[{"count":0,"href":"https:\/\/www.blogsoestado.com\/danielmatos\/wp-json\/wp\/v2\/posts\/52433\/revisions"}],"wp:attachment":[{"href":"https:\/\/www.blogsoestado.com\/danielmatos\/wp-json\/wp\/v2\/media?parent=52433"}],"wp:term":[{"taxonomy":"category","embeddable":true,"href":"https:\/\/www.blogsoestado.com\/danielmatos\/wp-json\/wp\/v2\/categories?post=52433"},{"taxonomy":"post_tag","embeddable":true,"href":"https:\/\/www.blogsoestado.com\/danielmatos\/wp-json\/wp\/v2\/tags?post=52433"}],"curies":[{"name":"wp","href":"https:\/\/api.w.org\/{rel}","templated":true}]}}