{"id":52438,"date":"2018-06-19T16:30:07","date_gmt":"2018-06-19T19:30:07","guid":{"rendered":"https:\/\/www.blogsoestado.com\/danielmatos\/?p=52438"},"modified":"2018-06-19T16:30:07","modified_gmt":"2018-06-19T19:30:07","slug":"sarney-filho-confirma-clovis-fecury-como-primeiro-suplente-em-sua-chapa-na-eleicao-ao-senado","status":"publish","type":"post","link":"https:\/\/www.blogsoestado.com\/danielmatos\/sarney-filho-confirma-clovis-fecury-como-primeiro-suplente-em-sua-chapa-na-eleicao-ao-senado\/","title":{"rendered":"Sarney Filho confirma Cl\u00f3vis Fecury como primeiro suplente em sua chapa na elei\u00e7\u00e3o ao Senado"},"content":{"rendered":"<figure id=\"attachment_52443\" aria-describedby=\"caption-attachment-52443\" style=\"width: 640px\" class=\"wp-caption aligncenter\"><img fetchpriority=\"high\" decoding=\"async\" class=\"size-full wp-image-52443\" src=\"https:\/\/www.blogsoestado.com\/danielmatos\/files\/2018\/06\/clovis-zequinha.jpeg\" alt=\"\" width=\"640\" height=\"378\" \/><figcaption id=\"caption-attachment-52443\" class=\"wp-caption-text\">Sarney Filho aprovou indica\u00e7\u00e3o do nome de Cl\u00f3vis Fecury para compor sua chapa ao Senado cono primeiro suplente<\/figcaption><\/figure>\n<p>O ex-deputado federal Cl\u00f3vis Fecury foi foi indicado para compor como primeiro suplente a pela qual o ex-ministro do Meio Ambiente e atual deputado federal Sarney Filho (PV) disputar\u00e1 a elei\u00e7\u00e3o ao Senado. O martelo est\u00e1 batido desde o m\u00eas de abril \u00faltimo, quando Fecury se filiou ao Partido Social Democr\u00e1tico (PSD).<\/p>\n<p>Fecury soma credibilidade \u00e0 chapa e tem experiencia pol\u00edtica. \u201cContinuarei, se Deus permitir, contribuindo com o povo do Maranh\u00e3o, mas, dessa vez, na chapa de senador do deputado Sarney Filho. Ele \u00e9 um excelente parlamentar e tem forte atua\u00e7\u00e3o em nosso estado\u201d, declarou Cl\u00f3vis Fecury.<\/p>\n<p>Autoridade reconhecida no setor da educa\u00e7\u00e3o por j\u00e1 ter sido membro titular da Comiss\u00e3o Permanente de Educa\u00e7\u00e3o e Cultura da C\u00e2mara Federal; e ainda de Trabalho, Administra\u00e7\u00e3o e Servi\u00e7o P\u00fablico, deu valorosa contribui\u00e7\u00e3o ao setor em seus dois mandatos parlamentares (2003 a 2006 e 2007 a 2010) , em Bras\u00edlia. O ex-deputado tamb\u00e9m chegou a assumir, por um ano, entre 2012 e 2013, o mandato de senador, em substitui\u00e7\u00e3o a Jo\u00e3o Alberto, que tirou licen\u00e7a na \u00e9poca.<\/p>\n<p>A participa\u00e7\u00e3o de Cl\u00f3vis Fecury na chapa como primeiro suplente \u00e9 resultado de um acordo firmado com o presidente Nacional do PSD, Gilberto Kassab. \u201cCl\u00f3vis \u00e9 um bom quadro para nossa chapa. Tenho certeza que a experi\u00eancia pol\u00edtica do ex-deputado e ex-senador e o reconhecimento no setor educacional engrandecer\u00e3o nossa chapa \u201d, elogiou Sarney Filho.<\/p>\n<p><strong>Com informa\u00e7\u00f5es do <a href=\"https:\/\/luiscardoso.com.br\/politica\/2018\/06\/clovis-fecury-e-o-indicado-do-psd-para-1a-suplencia-de-sarney-filho-ao-senado\/\">Blog do Lu\u00eds Cardoso<\/a><\/strong><\/p>\n","protected":false},"excerpt":{"rendered":"<p>O ex-deputado federal Cl\u00f3vis Fecury foi foi indicado para compor como primeiro suplente a pela qual o ex-ministro do Meio [&hellip;]<\/p>\n","protected":false},"author":0,"featured_media":0,"comment_status":"open","ping_status":"open","sticky":false,"template":"","format":"standard","meta":{"site-sidebar-layout":"default","site-content-layout":"","ast-site-content-layout":"default","site-content-style":"default","site-sidebar-style":"default","ast-global-header-display":"","ast-banner-title-visibility":"","ast-main-header-display":"","ast-hfb-above-header-display":"","ast-hfb-below-header-display":"","ast-hfb-mobile-header-display":"","site-post-title":"","ast-breadcrumbs-content":"","ast-featured-img":"","footer-sml-layout":"","ast-disable-related-posts":"","theme-transparent-header-meta":"","adv-header-id-meta":"","stick-header-meta":"","header-above-stick-meta":"","header-main-stick-meta":"","header-below-stick-meta":"","astra-migrate-meta-layouts":"default","ast-page-background-enabled":"default","ast-page-background-meta":{"desktop":{"background-color":"var(--ast-global-color-5)","background-image":"","background-repeat":"repeat","background-position":"center center","background-size":"auto","background-attachment":"scroll","background-type":"","background-media":"","overlay-type":"","overlay-color":"","overlay-opacity":"","overlay-gradient":""},"tablet":{"background-color":"","background-image":"","background-repeat":"repeat","background-position":"center center","background-size":"auto","background-attachment":"scroll","background-type":"","background-media":"","overlay-type":"","overlay-color":"","overlay-opacity":"","overlay-gradient":""},"mobile":{"background-color":"","background-image":"","background-repeat":"repeat","background-position":"center center","background-size":"auto","background-attachment":"scroll","background-type":"","background-media":"","overlay-type":"","overlay-color":"","overlay-opacity":"","overlay-gradient":""}},"ast-content-background-meta":{"desktop":{"background-color":"var(--ast-global-color-4)","background-image":"","background-repeat":"repeat","background-position":"center center","background-size":"auto","background-attachment":"scroll","background-type":"","background-media":"","overlay-type":"","overlay-color":"","overlay-opacity":"","overlay-gradient":""},"tablet":{"background-color":"var(--ast-global-color-4)","background-image":"","background-repeat":"repeat","background-position":"center center","background-size":"auto","background-attachment":"scroll","background-type":"","background-media":"","overlay-type":"","overlay-color":"","overlay-opacity":"","overlay-gradient":""},"mobile":{"background-color":"var(--ast-global-color-4)","background-image":"","background-repeat":"repeat","background-position":"center center","background-size":"auto","background-attachment":"scroll","background-type":"","background-media":"","overlay-type":"","overlay-color":"","overlay-opacity":"","overlay-gradient":""}},"footnotes":""},"categories":[1],"tags":[],"class_list":["post-52438","post","type-post","status-publish","format-standard","hentry","category-sem-categoria"],"yoast_head":"<!-- This site is optimized with the Yoast SEO plugin v26.6 - https:\/\/yoast.com\/wordpress\/plugins\/seo\/ -->\n<title>Sarney Filho confirma Cl\u00f3vis Fecury como primeiro suplente em sua chapa na elei\u00e7\u00e3o ao Senado - Daniel Matos<\/title>\n<meta name=\"robots\" content=\"index, follow, max-snippet:-1, max-image-preview:large, max-video-preview:-1\" \/>\n<link rel=\"canonical\" href=\"https:\/\/www.blogsoestado.com\/danielmatos\/sarney-filho-confirma-clovis-fecury-como-primeiro-suplente-em-sua-chapa-na-eleicao-ao-senado\/\" \/>\n<meta property=\"og:locale\" content=\"pt_BR\" \/>\n<meta property=\"og:type\" content=\"article\" \/>\n<meta property=\"og:title\" content=\"Sarney Filho confirma Cl\u00f3vis Fecury como primeiro suplente em sua chapa na elei\u00e7\u00e3o ao Senado - Daniel Matos\" \/>\n<meta property=\"og:description\" content=\"O ex-deputado federal Cl\u00f3vis Fecury foi foi indicado para compor como primeiro suplente a pela qual o ex-ministro do Meio [&hellip;]\" \/>\n<meta property=\"og:url\" content=\"https:\/\/www.blogsoestado.com\/danielmatos\/sarney-filho-confirma-clovis-fecury-como-primeiro-suplente-em-sua-chapa-na-eleicao-ao-senado\/\" \/>\n<meta property=\"og:site_name\" content=\"Daniel Matos\" \/>\n<meta property=\"article:published_time\" content=\"2018-06-19T19:30:07+00:00\" \/>\n<meta property=\"og:image\" content=\"https:\/\/www.blogsoestado.com\/danielmatos\/files\/2018\/06\/clovis-zequinha.jpeg\" \/>\n<meta name=\"twitter:card\" content=\"summary_large_image\" \/>\n<meta name=\"twitter:label1\" content=\"Est. tempo de leitura\" \/>\n\t<meta name=\"twitter:data1\" content=\"1 minuto\" \/>\n<script type=\"application\/ld+json\" class=\"yoast-schema-graph\">{\"@context\":\"https:\/\/schema.org\",\"@graph\":[{\"@type\":\"WebPage\",\"@id\":\"https:\/\/www.blogsoestado.com\/danielmatos\/sarney-filho-confirma-clovis-fecury-como-primeiro-suplente-em-sua-chapa-na-eleicao-ao-senado\/\",\"url\":\"https:\/\/www.blogsoestado.com\/danielmatos\/sarney-filho-confirma-clovis-fecury-como-primeiro-suplente-em-sua-chapa-na-eleicao-ao-senado\/\",\"name\":\"Sarney Filho confirma Cl\u00f3vis Fecury como primeiro suplente em sua chapa na elei\u00e7\u00e3o ao Senado - Daniel Matos\",\"isPartOf\":{\"@id\":\"https:\/\/www.blogsoestado.com\/danielmatos\/#website\"},\"primaryImageOfPage\":{\"@id\":\"https:\/\/www.blogsoestado.com\/danielmatos\/sarney-filho-confirma-clovis-fecury-como-primeiro-suplente-em-sua-chapa-na-eleicao-ao-senado\/#primaryimage\"},\"image\":{\"@id\":\"https:\/\/www.blogsoestado.com\/danielmatos\/sarney-filho-confirma-clovis-fecury-como-primeiro-suplente-em-sua-chapa-na-eleicao-ao-senado\/#primaryimage\"},\"thumbnailUrl\":\"https:\/\/www.blogsoestado.com\/danielmatos\/files\/2018\/06\/clovis-zequinha.jpeg\",\"datePublished\":\"2018-06-19T19:30:07+00:00\",\"author\":{\"@id\":\"\"},\"breadcrumb\":{\"@id\":\"https:\/\/www.blogsoestado.com\/danielmatos\/sarney-filho-confirma-clovis-fecury-como-primeiro-suplente-em-sua-chapa-na-eleicao-ao-senado\/#breadcrumb\"},\"inLanguage\":\"pt-BR\",\"potentialAction\":[{\"@type\":\"ReadAction\",\"target\":[\"https:\/\/www.blogsoestado.com\/danielmatos\/sarney-filho-confirma-clovis-fecury-como-primeiro-suplente-em-sua-chapa-na-eleicao-ao-senado\/\"]}]},{\"@type\":\"ImageObject\",\"inLanguage\":\"pt-BR\",\"@id\":\"https:\/\/www.blogsoestado.com\/danielmatos\/sarney-filho-confirma-clovis-fecury-como-primeiro-suplente-em-sua-chapa-na-eleicao-ao-senado\/#primaryimage\",\"url\":\"https:\/\/www.blogsoestado.com\/danielmatos\/files\/2018\/06\/clovis-zequinha.jpeg\",\"contentUrl\":\"https:\/\/www.blogsoestado.com\/danielmatos\/files\/2018\/06\/clovis-zequinha.jpeg\"},{\"@type\":\"BreadcrumbList\",\"@id\":\"https:\/\/www.blogsoestado.com\/danielmatos\/sarney-filho-confirma-clovis-fecury-como-primeiro-suplente-em-sua-chapa-na-eleicao-ao-senado\/#breadcrumb\",\"itemListElement\":[{\"@type\":\"ListItem\",\"position\":1,\"name\":\"In\u00edcio\",\"item\":\"https:\/\/www.blogsoestado.com\/danielmatos\/\"},{\"@type\":\"ListItem\",\"position\":2,\"name\":\"Sarney Filho confirma Cl\u00f3vis Fecury como primeiro suplente em sua chapa na elei\u00e7\u00e3o ao Senado\"}]},{\"@type\":\"WebSite\",\"@id\":\"https:\/\/www.blogsoestado.com\/danielmatos\/#website\",\"url\":\"https:\/\/www.blogsoestado.com\/danielmatos\/\",\"name\":\"Daniel Matos\",\"description\":\"\",\"potentialAction\":[{\"@type\":\"SearchAction\",\"target\":{\"@type\":\"EntryPoint\",\"urlTemplate\":\"https:\/\/www.blogsoestado.com\/danielmatos\/?s={search_term_string}\"},\"query-input\":{\"@type\":\"PropertyValueSpecification\",\"valueRequired\":true,\"valueName\":\"search_term_string\"}}],\"inLanguage\":\"pt-BR\"}]}<\/script>\n<!-- \/ Yoast SEO plugin. -->","yoast_head_json":{"title":"Sarney Filho confirma Cl\u00f3vis Fecury como primeiro suplente em sua chapa na elei\u00e7\u00e3o ao Senado - Daniel Matos","robots":{"index":"index","follow":"follow","max-snippet":"max-snippet:-1","max-image-preview":"max-image-preview:large","max-video-preview":"max-video-preview:-1"},"canonical":"https:\/\/www.blogsoestado.com\/danielmatos\/sarney-filho-confirma-clovis-fecury-como-primeiro-suplente-em-sua-chapa-na-eleicao-ao-senado\/","og_locale":"pt_BR","og_type":"article","og_title":"Sarney Filho confirma Cl\u00f3vis Fecury como primeiro suplente em sua chapa na elei\u00e7\u00e3o ao Senado - Daniel Matos","og_description":"O ex-deputado federal Cl\u00f3vis Fecury foi foi indicado para compor como primeiro suplente a pela qual o ex-ministro do Meio [&hellip;]","og_url":"https:\/\/www.blogsoestado.com\/danielmatos\/sarney-filho-confirma-clovis-fecury-como-primeiro-suplente-em-sua-chapa-na-eleicao-ao-senado\/","og_site_name":"Daniel Matos","article_published_time":"2018-06-19T19:30:07+00:00","og_image":[{"url":"https:\/\/www.blogsoestado.com\/danielmatos\/files\/2018\/06\/clovis-zequinha.jpeg","type":"","width":"","height":""}],"twitter_card":"summary_large_image","twitter_misc":{"Est. tempo de leitura":"1 minuto"},"schema":{"@context":"https:\/\/schema.org","@graph":[{"@type":"WebPage","@id":"https:\/\/www.blogsoestado.com\/danielmatos\/sarney-filho-confirma-clovis-fecury-como-primeiro-suplente-em-sua-chapa-na-eleicao-ao-senado\/","url":"https:\/\/www.blogsoestado.com\/danielmatos\/sarney-filho-confirma-clovis-fecury-como-primeiro-suplente-em-sua-chapa-na-eleicao-ao-senado\/","name":"Sarney Filho confirma Cl\u00f3vis Fecury como primeiro suplente em sua chapa na elei\u00e7\u00e3o ao Senado - Daniel Matos","isPartOf":{"@id":"https:\/\/www.blogsoestado.com\/danielmatos\/#website"},"primaryImageOfPage":{"@id":"https:\/\/www.blogsoestado.com\/danielmatos\/sarney-filho-confirma-clovis-fecury-como-primeiro-suplente-em-sua-chapa-na-eleicao-ao-senado\/#primaryimage"},"image":{"@id":"https:\/\/www.blogsoestado.com\/danielmatos\/sarney-filho-confirma-clovis-fecury-como-primeiro-suplente-em-sua-chapa-na-eleicao-ao-senado\/#primaryimage"},"thumbnailUrl":"https:\/\/www.blogsoestado.com\/danielmatos\/files\/2018\/06\/clovis-zequinha.jpeg","datePublished":"2018-06-19T19:30:07+00:00","author":{"@id":""},"breadcrumb":{"@id":"https:\/\/www.blogsoestado.com\/danielmatos\/sarney-filho-confirma-clovis-fecury-como-primeiro-suplente-em-sua-chapa-na-eleicao-ao-senado\/#breadcrumb"},"inLanguage":"pt-BR","potentialAction":[{"@type":"ReadAction","target":["https:\/\/www.blogsoestado.com\/danielmatos\/sarney-filho-confirma-clovis-fecury-como-primeiro-suplente-em-sua-chapa-na-eleicao-ao-senado\/"]}]},{"@type":"ImageObject","inLanguage":"pt-BR","@id":"https:\/\/www.blogsoestado.com\/danielmatos\/sarney-filho-confirma-clovis-fecury-como-primeiro-suplente-em-sua-chapa-na-eleicao-ao-senado\/#primaryimage","url":"https:\/\/www.blogsoestado.com\/danielmatos\/files\/2018\/06\/clovis-zequinha.jpeg","contentUrl":"https:\/\/www.blogsoestado.com\/danielmatos\/files\/2018\/06\/clovis-zequinha.jpeg"},{"@type":"BreadcrumbList","@id":"https:\/\/www.blogsoestado.com\/danielmatos\/sarney-filho-confirma-clovis-fecury-como-primeiro-suplente-em-sua-chapa-na-eleicao-ao-senado\/#breadcrumb","itemListElement":[{"@type":"ListItem","position":1,"name":"In\u00edcio","item":"https:\/\/www.blogsoestado.com\/danielmatos\/"},{"@type":"ListItem","position":2,"name":"Sarney Filho confirma Cl\u00f3vis Fecury como primeiro suplente em sua chapa na elei\u00e7\u00e3o ao Senado"}]},{"@type":"WebSite","@id":"https:\/\/www.blogsoestado.com\/danielmatos\/#website","url":"https:\/\/www.blogsoestado.com\/danielmatos\/","name":"Daniel Matos","description":"","potentialAction":[{"@type":"SearchAction","target":{"@type":"EntryPoint","urlTemplate":"https:\/\/www.blogsoestado.com\/danielmatos\/?s={search_term_string}"},"query-input":{"@type":"PropertyValueSpecification","valueRequired":true,"valueName":"search_term_string"}}],"inLanguage":"pt-BR"}]}},"jetpack_featured_media_url":"","_links":{"self":[{"href":"https:\/\/www.blogsoestado.com\/danielmatos\/wp-json\/wp\/v2\/posts\/52438","targetHints":{"allow":["GET"]}}],"collection":[{"href":"https:\/\/www.blogsoestado.com\/danielmatos\/wp-json\/wp\/v2\/posts"}],"about":[{"href":"https:\/\/www.blogsoestado.com\/danielmatos\/wp-json\/wp\/v2\/types\/post"}],"replies":[{"embeddable":true,"href":"https:\/\/www.blogsoestado.com\/danielmatos\/wp-json\/wp\/v2\/comments?post=52438"}],"version-history":[{"count":0,"href":"https:\/\/www.blogsoestado.com\/danielmatos\/wp-json\/wp\/v2\/posts\/52438\/revisions"}],"wp:attachment":[{"href":"https:\/\/www.blogsoestado.com\/danielmatos\/wp-json\/wp\/v2\/media?parent=52438"}],"wp:term":[{"taxonomy":"category","embeddable":true,"href":"https:\/\/www.blogsoestado.com\/danielmatos\/wp-json\/wp\/v2\/categories?post=52438"},{"taxonomy":"post_tag","embeddable":true,"href":"https:\/\/www.blogsoestado.com\/danielmatos\/wp-json\/wp\/v2\/tags?post=52438"}],"curies":[{"name":"wp","href":"https:\/\/api.w.org\/{rel}","templated":true}]}}